{"id":38,"name":"espigol","url":"","description":"","link":"https:\/\/www.cavallcartro.cat\/escoles\/llim-espigol-sant-pere-de-ribes\/author\/espigol\/","slug":"espigol","avatar_urls":{"24":"https:\/\/secure.gravatar.com\/avatar\/8049507e371e32dc3eac8f11a03c16656080b1dc31d10d5ee212000c1542c1c5?s=24&d=mm&r=g","48":"https:\/\/secure.gravatar.com\/avatar\/8049507e371e32dc3eac8f11a03c16656080b1dc31d10d5ee212000c1542c1c5?s=48&d=mm&r=g","96":"https:\/\/secure.gravatar.com\/avatar\/8049507e371e32dc3eac8f11a03c16656080b1dc31d10d5ee212000c1542c1c5?s=96&d=mm&r=g"},"meta":[],"yoast_head":"<!-- This site is optimized with the Yoast SEO plugin v27.5 - https:\/\/yoast.com\/product\/yoast-seo-wordpress\/ -->\n<title>Esp\u00edgol<\/title>\n<meta name=\"robots\" content=\"noindex, follow\" \/>\n<meta property=\"og:locale\" content=\"ca_ES\" \/>\n<meta property=\"og:type\" content=\"profile\" \/>\n<meta property=\"og:title\" content=\"Esp\u00edgol\" \/>\n<meta property=\"og:url\" content=\"https:\/\/www.cavallcartro.cat\/escoles\/llim-espigol-sant-pere-de-ribes\/author\/espigol\/\" \/>\n<meta property=\"og:site_name\" content=\"LLIM L&#039;ESP\u00cdGOL. Llar d&#039;Infants Municipal de Sant Pere de Ribes\" \/>\n<meta property=\"og:image\" content=\"https:\/\/secure.gravatar.com\/avatar\/9c3ec8e14222fc3067b9fa31e6ffe9a0?s=500&d=mm&r=g\" \/>\n<meta name=\"twitter:card\" content=\"summary_large_image\" \/>\n<script type=\"application\/ld+json\" class=\"yoast-schema-graph\">{\"@context\":\"https:\\\/\\\/schema.org\",\"@graph\":[{\"@type\":\"ProfilePage\",\"@id\":\"https:\\\/\\\/www.cavallcartro.cat\\\/escoles\\\/llim-espigol-sant-pere-de-ribes\\\/author\\\/espigol\\\/\",\"url\":\"https:\\\/\\\/www.cavallcartro.cat\\\/escoles\\\/llim-espigol-sant-pere-de-ribes\\\/author\\\/espigol\\\/\",\"name\":\"Esp\u00edgol\",\"isPartOf\":{\"@id\":\"https:\\\/\\\/www.cavallcartro.cat\\\/escoles\\\/llim-espigol-sant-pere-de-ribes\\\/#website\"},\"breadcrumb\":{\"@id\":\"https:\\\/\\\/www.cavallcartro.cat\\\/escoles\\\/llim-espigol-sant-pere-de-ribes\\\/author\\\/espigol\\\/#breadcrumb\"},\"inLanguage\":\"ca\",\"potentialAction\":[{\"@type\":\"ReadAction\",\"target\":[\"https:\\\/\\\/www.cavallcartro.cat\\\/escoles\\\/llim-espigol-sant-pere-de-ribes\\\/author\\\/espigol\\\/\"]}]},{\"@type\":\"BreadcrumbList\",\"@id\":\"https:\\\/\\\/www.cavallcartro.cat\\\/escoles\\\/llim-espigol-sant-pere-de-ribes\\\/author\\\/espigol\\\/#breadcrumb\",\"itemListElement\":[{\"@type\":\"ListItem\",\"position\":1,\"name\":\"Portada\",\"item\":\"https:\\\/\\\/www.cavallcartro.cat\\\/escoles\\\/llim-espigol-sant-pere-de-ribes\\\/\"},{\"@type\":\"ListItem\",\"position\":2,\"name\":\"Archivo de espigol\"}]},{\"@type\":\"WebSite\",\"@id\":\"https:\\\/\\\/www.cavallcartro.cat\\\/escoles\\\/llim-espigol-sant-pere-de-ribes\\\/#website\",\"url\":\"https:\\\/\\\/www.cavallcartro.cat\\\/escoles\\\/llim-espigol-sant-pere-de-ribes\\\/\",\"name\":\"LLIM L&#039;ESP\u00cdGOL. Llar d&#039;Infants Municipal de Sant Pere de Ribes\",\"description\":\"Llar d&#039;Infants Municipal L&#039;Esp\u00edgol, de Sant Pere de Ribes. Creem espais i situacions on l&#039;infant se senti c\u00f2mode per a desenvolupar les seves capacitats.\",\"potentialAction\":[{\"@type\":\"SearchAction\",\"target\":{\"@type\":\"EntryPoint\",\"urlTemplate\":\"https:\\\/\\\/www.cavallcartro.cat\\\/escoles\\\/llim-espigol-sant-pere-de-ribes\\\/?s={search_term_string}\"},\"query-input\":{\"@type\":\"PropertyValueSpecification\",\"valueRequired\":true,\"valueName\":\"search_term_string\"}}],\"inLanguage\":\"ca\"},{\"@type\":\"Person\",\"@id\":\"https:\\\/\\\/www.cavallcartro.cat\\\/escoles\\\/llim-espigol-sant-pere-de-ribes\\\/#\\\/schema\\\/person\\\/835b25a19111e27c1a8bccbca39a08f4\",\"name\":\"espigol\",\"image\":{\"@type\":\"ImageObject\",\"inLanguage\":\"ca\",\"@id\":\"https:\\\/\\\/secure.gravatar.com\\\/avatar\\\/8049507e371e32dc3eac8f11a03c16656080b1dc31d10d5ee212000c1542c1c5?s=96&d=mm&r=g\",\"url\":\"https:\\\/\\\/secure.gravatar.com\\\/avatar\\\/8049507e371e32dc3eac8f11a03c16656080b1dc31d10d5ee212000c1542c1c5?s=96&d=mm&r=g\",\"contentUrl\":\"https:\\\/\\\/secure.gravatar.com\\\/avatar\\\/8049507e371e32dc3eac8f11a03c16656080b1dc31d10d5ee212000c1542c1c5?s=96&d=mm&r=g\",\"caption\":\"espigol\"},\"mainEntityOfPage\":{\"@id\":\"https:\\\/\\\/www.cavallcartro.cat\\\/escoles\\\/llim-espigol-sant-pere-de-ribes\\\/author\\\/espigol\\\/\"}}]}<\/script>\n<!-- \/ Yoast SEO plugin. -->","yoast_head_json":{"title":"Esp\u00edgol","robots":{"index":"noindex","follow":"follow"},"og_locale":"ca_ES","og_type":"profile","og_title":"Esp\u00edgol","og_url":"https:\/\/www.cavallcartro.cat\/escoles\/llim-espigol-sant-pere-de-ribes\/author\/espigol\/","og_site_name":"LLIM L&#039;ESP\u00cdGOL. Llar d&#039;Infants Municipal de Sant Pere de Ribes","og_image":[{"url":"https:\/\/secure.gravatar.com\/avatar\/9c3ec8e14222fc3067b9fa31e6ffe9a0?s=500&d=mm&r=g","type":"","width":"","height":""}],"twitter_card":"summary_large_image","schema":{"@context":"https:\/\/schema.org","@graph":[{"@type":"ProfilePage","@id":"https:\/\/www.cavallcartro.cat\/escoles\/llim-espigol-sant-pere-de-ribes\/author\/espigol\/","url":"https:\/\/www.cavallcartro.cat\/escoles\/llim-espigol-sant-pere-de-ribes\/author\/espigol\/","name":"Esp\u00edgol","isPartOf":{"@id":"https:\/\/www.cavallcartro.cat\/escoles\/llim-espigol-sant-pere-de-ribes\/#website"},"breadcrumb":{"@id":"https:\/\/www.cavallcartro.cat\/escoles\/llim-espigol-sant-pere-de-ribes\/author\/espigol\/#breadcrumb"},"inLanguage":"ca","potentialAction":[{"@type":"ReadAction","target":["https:\/\/www.cavallcartro.cat\/escoles\/llim-espigol-sant-pere-de-ribes\/author\/espigol\/"]}]},{"@type":"BreadcrumbList","@id":"https:\/\/www.cavallcartro.cat\/escoles\/llim-espigol-sant-pere-de-ribes\/author\/espigol\/#breadcrumb","itemListElement":[{"@type":"ListItem","position":1,"name":"Portada","item":"https:\/\/www.cavallcartro.cat\/escoles\/llim-espigol-sant-pere-de-ribes\/"},{"@type":"ListItem","position":2,"name":"Archivo de espigol"}]},{"@type":"WebSite","@id":"https:\/\/www.cavallcartro.cat\/escoles\/llim-espigol-sant-pere-de-ribes\/#website","url":"https:\/\/www.cavallcartro.cat\/escoles\/llim-espigol-sant-pere-de-ribes\/","name":"LLIM L&#039;ESP\u00cdGOL. Llar d&#039;Infants Municipal de Sant Pere de Ribes","description":"Llar d&#039;Infants Municipal L&#039;Esp\u00edgol, de Sant Pere de Ribes. Creem espais i situacions on l&#039;infant se senti c\u00f2mode per a desenvolupar les seves capacitats.","potentialAction":[{"@type":"SearchAction","target":{"@type":"EntryPoint","urlTemplate":"https:\/\/www.cavallcartro.cat\/escoles\/llim-espigol-sant-pere-de-ribes\/?s={search_term_string}"},"query-input":{"@type":"PropertyValueSpecification","valueRequired":true,"valueName":"search_term_string"}}],"inLanguage":"ca"},{"@type":"Person","@id":"https:\/\/www.cavallcartro.cat\/escoles\/llim-espigol-sant-pere-de-ribes\/#\/schema\/person\/835b25a19111e27c1a8bccbca39a08f4","name":"espigol","image":{"@type":"ImageObject","inLanguage":"ca","@id":"https:\/\/secure.gravatar.com\/avatar\/8049507e371e32dc3eac8f11a03c16656080b1dc31d10d5ee212000c1542c1c5?s=96&d=mm&r=g","url":"https:\/\/secure.gravatar.com\/avatar\/8049507e371e32dc3eac8f11a03c16656080b1dc31d10d5ee212000c1542c1c5?s=96&d=mm&r=g","contentUrl":"https:\/\/secure.gravatar.com\/avatar\/8049507e371e32dc3eac8f11a03c16656080b1dc31d10d5ee212000c1542c1c5?s=96&d=mm&r=g","caption":"espigol"},"mainEntityOfPage":{"@id":"https:\/\/www.cavallcartro.cat\/escoles\/llim-espigol-sant-pere-de-ribes\/author\/espigol\/"}}]}},"_links":{"self":[{"href":"https:\/\/www.cavallcartro.cat\/escoles\/llim-espigol-sant-pere-de-ribes\/wp-json\/wp\/v2\/users\/38","targetHints":{"allow":["GET"]}}],"collection":[{"href":"https:\/\/www.cavallcartro.cat\/escoles\/llim-espigol-sant-pere-de-ribes\/wp-json\/wp\/v2\/users"}]}}