{"id":713,"date":"2026-03-26T14:24:31","date_gmt":"2026-03-26T14:24:31","guid":{"rendered":"https:\/\/www.cavallcartro.cat\/escoles\/llim-espigol-sant-pere-de-ribes\/?p=713"},"modified":"2026-03-26T14:28:13","modified_gmt":"2026-03-26T14:28:13","slug":"portes-obertes-25-abril-en-dos-torns-9h-i-1030h-amb-cita-previa","status":"publish","type":"post","link":"https:\/\/www.cavallcartro.cat\/escoles\/llim-espigol-sant-pere-de-ribes\/2026\/03\/26\/portes-obertes-25-abril-en-dos-torns-9h-i-1030h-amb-cita-previa\/","title":{"rendered":"PORTES OBERTES CURS 26-27 DIA 25 ABRIL EN DOS TORNS: 9H I 10:30H AMB CITA PR\u00c8VIA"},"content":{"rendered":"<p><img loading=\"lazy\" decoding=\"async\" class=\"aligncenter size-full wp-image-714\" src=\"https:\/\/www.cavallcartro.cat\/escoles\/llim-espigol-sant-pere-de-ribes\/wp-content\/uploads\/sites\/33\/2026\/03\/portes-obertes.jpg\" alt=\"\" width=\"1080\" height=\"810\" srcset=\"https:\/\/www.cavallcartro.cat\/escoles\/llim-espigol-sant-pere-de-ribes\/wp-content\/uploads\/sites\/33\/2026\/03\/portes-obertes.jpg 1080w, https:\/\/www.cavallcartro.cat\/escoles\/llim-espigol-sant-pere-de-ribes\/wp-content\/uploads\/sites\/33\/2026\/03\/portes-obertes-300x225.jpg 300w, https:\/\/www.cavallcartro.cat\/escoles\/llim-espigol-sant-pere-de-ribes\/wp-content\/uploads\/sites\/33\/2026\/03\/portes-obertes-1024x768.jpg 1024w, https:\/\/www.cavallcartro.cat\/escoles\/llim-espigol-sant-pere-de-ribes\/wp-content\/uploads\/sites\/33\/2026\/03\/portes-obertes-768x576.jpg 768w, https:\/\/www.cavallcartro.cat\/escoles\/llim-espigol-sant-pere-de-ribes\/wp-content\/uploads\/sites\/33\/2026\/03\/portes-obertes-100x75.jpg 100w\" sizes=\"auto, (max-width: 1080px) 100vw, 1080px\" \/><\/p>\n","protected":false},"excerpt":{"rendered":"","protected":false},"author":1,"featured_media":714,"comment_status":"open","ping_status":"open","sticky":false,"template":"","format":"standard","meta":{"footnotes":""},"categories":[1],"tags":[],"class_list":["post-713","post","type-post","status-publish","format-standard","has-post-thumbnail","hentry","category-sin-categoria"],"yoast_head":"<!-- This site is optimized with the Yoast SEO plugin v27.5 - https:\/\/yoast.com\/product\/yoast-seo-wordpress\/ -->\n<title>PORTES OBERTES CURS 26-27 DIA 25 ABRIL EN DOS TORNS: 9H I 10:30H AMB CITA PR\u00c8VIA - LLIM L&#039;ESP\u00cdGOL. Llar d&#039;Infants Municipal de Sant Pere de Ribes<\/title>\n<meta name=\"robots\" content=\"index, follow, max-snippet:-1, max-image-preview:large, max-video-preview:-1\" \/>\n<link rel=\"canonical\" href=\"https:\/\/www.cavallcartro.cat\/escoles\/llim-espigol-sant-pere-de-ribes\/2026\/03\/26\/portes-obertes-25-abril-en-dos-torns-9h-i-1030h-amb-cita-previa\/\" \/>\n<meta property=\"og:locale\" content=\"ca_ES\" \/>\n<meta property=\"og:type\" content=\"article\" \/>\n<meta property=\"og:title\" content=\"PORTES OBERTES CURS 26-27 DIA 25 ABRIL EN DOS TORNS: 9H I 10:30H AMB CITA PR\u00c8VIA - LLIM L&#039;ESP\u00cdGOL. Llar d&#039;Infants Municipal de Sant Pere de Ribes\" \/>\n<meta property=\"og:url\" content=\"https:\/\/www.cavallcartro.cat\/escoles\/llim-espigol-sant-pere-de-ribes\/2026\/03\/26\/portes-obertes-25-abril-en-dos-torns-9h-i-1030h-amb-cita-previa\/\" \/>\n<meta property=\"og:site_name\" content=\"LLIM L&#039;ESP\u00cdGOL. Llar d&#039;Infants Municipal de Sant Pere de Ribes\" \/>\n<meta property=\"article:published_time\" content=\"2026-03-26T14:24:31+00:00\" \/>\n<meta property=\"article:modified_time\" content=\"2026-03-26T14:28:13+00:00\" \/>\n<meta property=\"og:image\" content=\"https:\/\/www.cavallcartro.cat\/escoles\/llim-espigol-sant-pere-de-ribes\/wp-content\/uploads\/sites\/33\/2026\/03\/portes-obertes.jpg\" \/>\n\t<meta property=\"og:image:width\" content=\"1080\" \/>\n\t<meta property=\"og:image:height\" content=\"810\" \/>\n\t<meta property=\"og:image:type\" content=\"image\/jpeg\" \/>\n<meta name=\"author\" content=\"cgarcia\" \/>\n<meta name=\"twitter:card\" content=\"summary_large_image\" \/>\n<meta name=\"twitter:label1\" content=\"Escrit per\" \/>\n\t<meta name=\"twitter:data1\" content=\"cgarcia\" \/>\n\t<meta name=\"twitter:label2\" content=\"Temps estimat de lectura\" \/>\n\t<meta name=\"twitter:data2\" content=\"1 minut\" \/>\n<script type=\"application\/ld+json\" class=\"yoast-schema-graph\">{\"@context\":\"https:\\\/\\\/schema.org\",\"@graph\":[{\"@type\":\"Article\",\"@id\":\"https:\\\/\\\/www.cavallcartro.cat\\\/escoles\\\/llim-espigol-sant-pere-de-ribes\\\/2026\\\/03\\\/26\\\/portes-obertes-25-abril-en-dos-torns-9h-i-1030h-amb-cita-previa\\\/#article\",\"isPartOf\":{\"@id\":\"https:\\\/\\\/www.cavallcartro.cat\\\/escoles\\\/llim-espigol-sant-pere-de-ribes\\\/2026\\\/03\\\/26\\\/portes-obertes-25-abril-en-dos-torns-9h-i-1030h-amb-cita-previa\\\/\"},\"author\":{\"name\":\"cgarcia\",\"@id\":\"https:\\\/\\\/www.cavallcartro.cat\\\/escoles\\\/llim-espigol-sant-pere-de-ribes\\\/#\\\/schema\\\/person\\\/3b972af5d9eab406fc74cf186c32899f\"},\"headline\":\"PORTES OBERTES CURS 26-27 DIA 25 ABRIL EN DOS TORNS: 9H I 10:30H AMB CITA PR\u00c8VIA\",\"datePublished\":\"2026-03-26T14:24:31+00:00\",\"dateModified\":\"2026-03-26T14:28:13+00:00\",\"mainEntityOfPage\":{\"@id\":\"https:\\\/\\\/www.cavallcartro.cat\\\/escoles\\\/llim-espigol-sant-pere-de-ribes\\\/2026\\\/03\\\/26\\\/portes-obertes-25-abril-en-dos-torns-9h-i-1030h-amb-cita-previa\\\/\"},\"wordCount\":16,\"commentCount\":0,\"image\":{\"@id\":\"https:\\\/\\\/www.cavallcartro.cat\\\/escoles\\\/llim-espigol-sant-pere-de-ribes\\\/2026\\\/03\\\/26\\\/portes-obertes-25-abril-en-dos-torns-9h-i-1030h-amb-cita-previa\\\/#primaryimage\"},\"thumbnailUrl\":\"https:\\\/\\\/www.cavallcartro.cat\\\/escoles\\\/llim-espigol-sant-pere-de-ribes\\\/wp-content\\\/uploads\\\/sites\\\/33\\\/2026\\\/03\\\/portes-obertes.jpg\",\"articleSection\":[\"Sin categor\u00eda\"],\"inLanguage\":\"ca\",\"potentialAction\":[{\"@type\":\"CommentAction\",\"name\":\"Comment\",\"target\":[\"https:\\\/\\\/www.cavallcartro.cat\\\/escoles\\\/llim-espigol-sant-pere-de-ribes\\\/2026\\\/03\\\/26\\\/portes-obertes-25-abril-en-dos-torns-9h-i-1030h-amb-cita-previa\\\/#respond\"]}]},{\"@type\":\"WebPage\",\"@id\":\"https:\\\/\\\/www.cavallcartro.cat\\\/escoles\\\/llim-espigol-sant-pere-de-ribes\\\/2026\\\/03\\\/26\\\/portes-obertes-25-abril-en-dos-torns-9h-i-1030h-amb-cita-previa\\\/\",\"url\":\"https:\\\/\\\/www.cavallcartro.cat\\\/escoles\\\/llim-espigol-sant-pere-de-ribes\\\/2026\\\/03\\\/26\\\/portes-obertes-25-abril-en-dos-torns-9h-i-1030h-amb-cita-previa\\\/\",\"name\":\"PORTES OBERTES CURS 26-27 DIA 25 ABRIL EN DOS TORNS: 9H I 10:30H AMB CITA PR\u00c8VIA - LLIM L&#039;ESP\u00cdGOL. Llar d&#039;Infants Municipal de Sant Pere de Ribes\",\"isPartOf\":{\"@id\":\"https:\\\/\\\/www.cavallcartro.cat\\\/escoles\\\/llim-espigol-sant-pere-de-ribes\\\/#website\"},\"primaryImageOfPage\":{\"@id\":\"https:\\\/\\\/www.cavallcartro.cat\\\/escoles\\\/llim-espigol-sant-pere-de-ribes\\\/2026\\\/03\\\/26\\\/portes-obertes-25-abril-en-dos-torns-9h-i-1030h-amb-cita-previa\\\/#primaryimage\"},\"image\":{\"@id\":\"https:\\\/\\\/www.cavallcartro.cat\\\/escoles\\\/llim-espigol-sant-pere-de-ribes\\\/2026\\\/03\\\/26\\\/portes-obertes-25-abril-en-dos-torns-9h-i-1030h-amb-cita-previa\\\/#primaryimage\"},\"thumbnailUrl\":\"https:\\\/\\\/www.cavallcartro.cat\\\/escoles\\\/llim-espigol-sant-pere-de-ribes\\\/wp-content\\\/uploads\\\/sites\\\/33\\\/2026\\\/03\\\/portes-obertes.jpg\",\"datePublished\":\"2026-03-26T14:24:31+00:00\",\"dateModified\":\"2026-03-26T14:28:13+00:00\",\"author\":{\"@id\":\"https:\\\/\\\/www.cavallcartro.cat\\\/escoles\\\/llim-espigol-sant-pere-de-ribes\\\/#\\\/schema\\\/person\\\/3b972af5d9eab406fc74cf186c32899f\"},\"breadcrumb\":{\"@id\":\"https:\\\/\\\/www.cavallcartro.cat\\\/escoles\\\/llim-espigol-sant-pere-de-ribes\\\/2026\\\/03\\\/26\\\/portes-obertes-25-abril-en-dos-torns-9h-i-1030h-amb-cita-previa\\\/#breadcrumb\"},\"inLanguage\":\"ca\",\"potentialAction\":[{\"@type\":\"ReadAction\",\"target\":[\"https:\\\/\\\/www.cavallcartro.cat\\\/escoles\\\/llim-espigol-sant-pere-de-ribes\\\/2026\\\/03\\\/26\\\/portes-obertes-25-abril-en-dos-torns-9h-i-1030h-amb-cita-previa\\\/\"]}]},{\"@type\":\"ImageObject\",\"inLanguage\":\"ca\",\"@id\":\"https:\\\/\\\/www.cavallcartro.cat\\\/escoles\\\/llim-espigol-sant-pere-de-ribes\\\/2026\\\/03\\\/26\\\/portes-obertes-25-abril-en-dos-torns-9h-i-1030h-amb-cita-previa\\\/#primaryimage\",\"url\":\"https:\\\/\\\/www.cavallcartro.cat\\\/escoles\\\/llim-espigol-sant-pere-de-ribes\\\/wp-content\\\/uploads\\\/sites\\\/33\\\/2026\\\/03\\\/portes-obertes.jpg\",\"contentUrl\":\"https:\\\/\\\/www.cavallcartro.cat\\\/escoles\\\/llim-espigol-sant-pere-de-ribes\\\/wp-content\\\/uploads\\\/sites\\\/33\\\/2026\\\/03\\\/portes-obertes.jpg\",\"width\":1080,\"height\":810},{\"@type\":\"BreadcrumbList\",\"@id\":\"https:\\\/\\\/www.cavallcartro.cat\\\/escoles\\\/llim-espigol-sant-pere-de-ribes\\\/2026\\\/03\\\/26\\\/portes-obertes-25-abril-en-dos-torns-9h-i-1030h-amb-cita-previa\\\/#breadcrumb\",\"itemListElement\":[{\"@type\":\"ListItem\",\"position\":1,\"name\":\"Portada\",\"item\":\"https:\\\/\\\/www.cavallcartro.cat\\\/escoles\\\/llim-espigol-sant-pere-de-ribes\\\/\"},{\"@type\":\"ListItem\",\"position\":2,\"name\":\"PORTES OBERTES CURS 26-27 DIA 25 ABRIL EN DOS TORNS: 9H I 10:30H AMB CITA PR\u00c8VIA\"}]},{\"@type\":\"WebSite\",\"@id\":\"https:\\\/\\\/www.cavallcartro.cat\\\/escoles\\\/llim-espigol-sant-pere-de-ribes\\\/#website\",\"url\":\"https:\\\/\\\/www.cavallcartro.cat\\\/escoles\\\/llim-espigol-sant-pere-de-ribes\\\/\",\"name\":\"LLIM L&#039;ESP\u00cdGOL. Llar d&#039;Infants Municipal de Sant Pere de Ribes\",\"description\":\"Llar d&#039;Infants Municipal L&#039;Esp\u00edgol, de Sant Pere de Ribes. Creem espais i situacions on l&#039;infant se senti c\u00f2mode per a desenvolupar les seves capacitats.\",\"potentialAction\":[{\"@type\":\"SearchAction\",\"target\":{\"@type\":\"EntryPoint\",\"urlTemplate\":\"https:\\\/\\\/www.cavallcartro.cat\\\/escoles\\\/llim-espigol-sant-pere-de-ribes\\\/?s={search_term_string}\"},\"query-input\":{\"@type\":\"PropertyValueSpecification\",\"valueRequired\":true,\"valueName\":\"search_term_string\"}}],\"inLanguage\":\"ca\"},{\"@type\":\"Person\",\"@id\":\"https:\\\/\\\/www.cavallcartro.cat\\\/escoles\\\/llim-espigol-sant-pere-de-ribes\\\/#\\\/schema\\\/person\\\/3b972af5d9eab406fc74cf186c32899f\",\"name\":\"cgarcia\",\"image\":{\"@type\":\"ImageObject\",\"inLanguage\":\"ca\",\"@id\":\"https:\\\/\\\/secure.gravatar.com\\\/avatar\\\/cf7263ded1f97b93114eb056f8fea7536baf333e4c3fd57b7df620fca6f6840d?s=96&d=mm&r=g\",\"url\":\"https:\\\/\\\/secure.gravatar.com\\\/avatar\\\/cf7263ded1f97b93114eb056f8fea7536baf333e4c3fd57b7df620fca6f6840d?s=96&d=mm&r=g\",\"contentUrl\":\"https:\\\/\\\/secure.gravatar.com\\\/avatar\\\/cf7263ded1f97b93114eb056f8fea7536baf333e4c3fd57b7df620fca6f6840d?s=96&d=mm&r=g\",\"caption\":\"cgarcia\"},\"url\":\"https:\\\/\\\/www.cavallcartro.cat\\\/escoles\\\/llim-espigol-sant-pere-de-ribes\\\/author\\\/cgarcia\\\/\"}]}<\/script>\n<!-- \/ Yoast SEO plugin. -->","yoast_head_json":{"title":"PORTES OBERTES CURS 26-27 DIA 25 ABRIL EN DOS TORNS: 9H I 10:30H AMB CITA PR\u00c8VIA - LLIM L&#039;ESP\u00cdGOL. Llar d&#039;Infants Municipal de Sant Pere de Ribes","robots":{"index":"index","follow":"follow","max-snippet":"max-snippet:-1","max-image-preview":"max-image-preview:large","max-video-preview":"max-video-preview:-1"},"canonical":"https:\/\/www.cavallcartro.cat\/escoles\/llim-espigol-sant-pere-de-ribes\/2026\/03\/26\/portes-obertes-25-abril-en-dos-torns-9h-i-1030h-amb-cita-previa\/","og_locale":"ca_ES","og_type":"article","og_title":"PORTES OBERTES CURS 26-27 DIA 25 ABRIL EN DOS TORNS: 9H I 10:30H AMB CITA PR\u00c8VIA - LLIM L&#039;ESP\u00cdGOL. Llar d&#039;Infants Municipal de Sant Pere de Ribes","og_url":"https:\/\/www.cavallcartro.cat\/escoles\/llim-espigol-sant-pere-de-ribes\/2026\/03\/26\/portes-obertes-25-abril-en-dos-torns-9h-i-1030h-amb-cita-previa\/","og_site_name":"LLIM L&#039;ESP\u00cdGOL. Llar d&#039;Infants Municipal de Sant Pere de Ribes","article_published_time":"2026-03-26T14:24:31+00:00","article_modified_time":"2026-03-26T14:28:13+00:00","og_image":[{"width":1080,"height":810,"url":"https:\/\/www.cavallcartro.cat\/escoles\/llim-espigol-sant-pere-de-ribes\/wp-content\/uploads\/sites\/33\/2026\/03\/portes-obertes.jpg","type":"image\/jpeg"}],"author":"cgarcia","twitter_card":"summary_large_image","twitter_misc":{"Escrit per":"cgarcia","Temps estimat de lectura":"1 minut"},"schema":{"@context":"https:\/\/schema.org","@graph":[{"@type":"Article","@id":"https:\/\/www.cavallcartro.cat\/escoles\/llim-espigol-sant-pere-de-ribes\/2026\/03\/26\/portes-obertes-25-abril-en-dos-torns-9h-i-1030h-amb-cita-previa\/#article","isPartOf":{"@id":"https:\/\/www.cavallcartro.cat\/escoles\/llim-espigol-sant-pere-de-ribes\/2026\/03\/26\/portes-obertes-25-abril-en-dos-torns-9h-i-1030h-amb-cita-previa\/"},"author":{"name":"cgarcia","@id":"https:\/\/www.cavallcartro.cat\/escoles\/llim-espigol-sant-pere-de-ribes\/#\/schema\/person\/3b972af5d9eab406fc74cf186c32899f"},"headline":"PORTES OBERTES CURS 26-27 DIA 25 ABRIL EN DOS TORNS: 9H I 10:30H AMB CITA PR\u00c8VIA","datePublished":"2026-03-26T14:24:31+00:00","dateModified":"2026-03-26T14:28:13+00:00","mainEntityOfPage":{"@id":"https:\/\/www.cavallcartro.cat\/escoles\/llim-espigol-sant-pere-de-ribes\/2026\/03\/26\/portes-obertes-25-abril-en-dos-torns-9h-i-1030h-amb-cita-previa\/"},"wordCount":16,"commentCount":0,"image":{"@id":"https:\/\/www.cavallcartro.cat\/escoles\/llim-espigol-sant-pere-de-ribes\/2026\/03\/26\/portes-obertes-25-abril-en-dos-torns-9h-i-1030h-amb-cita-previa\/#primaryimage"},"thumbnailUrl":"https:\/\/www.cavallcartro.cat\/escoles\/llim-espigol-sant-pere-de-ribes\/wp-content\/uploads\/sites\/33\/2026\/03\/portes-obertes.jpg","articleSection":["Sin categor\u00eda"],"inLanguage":"ca","potentialAction":[{"@type":"CommentAction","name":"Comment","target":["https:\/\/www.cavallcartro.cat\/escoles\/llim-espigol-sant-pere-de-ribes\/2026\/03\/26\/portes-obertes-25-abril-en-dos-torns-9h-i-1030h-amb-cita-previa\/#respond"]}]},{"@type":"WebPage","@id":"https:\/\/www.cavallcartro.cat\/escoles\/llim-espigol-sant-pere-de-ribes\/2026\/03\/26\/portes-obertes-25-abril-en-dos-torns-9h-i-1030h-amb-cita-previa\/","url":"https:\/\/www.cavallcartro.cat\/escoles\/llim-espigol-sant-pere-de-ribes\/2026\/03\/26\/portes-obertes-25-abril-en-dos-torns-9h-i-1030h-amb-cita-previa\/","name":"PORTES OBERTES CURS 26-27 DIA 25 ABRIL EN DOS TORNS: 9H I 10:30H AMB CITA PR\u00c8VIA - LLIM L&#039;ESP\u00cdGOL. Llar d&#039;Infants Municipal de Sant Pere de Ribes","isPartOf":{"@id":"https:\/\/www.cavallcartro.cat\/escoles\/llim-espigol-sant-pere-de-ribes\/#website"},"primaryImageOfPage":{"@id":"https:\/\/www.cavallcartro.cat\/escoles\/llim-espigol-sant-pere-de-ribes\/2026\/03\/26\/portes-obertes-25-abril-en-dos-torns-9h-i-1030h-amb-cita-previa\/#primaryimage"},"image":{"@id":"https:\/\/www.cavallcartro.cat\/escoles\/llim-espigol-sant-pere-de-ribes\/2026\/03\/26\/portes-obertes-25-abril-en-dos-torns-9h-i-1030h-amb-cita-previa\/#primaryimage"},"thumbnailUrl":"https:\/\/www.cavallcartro.cat\/escoles\/llim-espigol-sant-pere-de-ribes\/wp-content\/uploads\/sites\/33\/2026\/03\/portes-obertes.jpg","datePublished":"2026-03-26T14:24:31+00:00","dateModified":"2026-03-26T14:28:13+00:00","author":{"@id":"https:\/\/www.cavallcartro.cat\/escoles\/llim-espigol-sant-pere-de-ribes\/#\/schema\/person\/3b972af5d9eab406fc74cf186c32899f"},"breadcrumb":{"@id":"https:\/\/www.cavallcartro.cat\/escoles\/llim-espigol-sant-pere-de-ribes\/2026\/03\/26\/portes-obertes-25-abril-en-dos-torns-9h-i-1030h-amb-cita-previa\/#breadcrumb"},"inLanguage":"ca","potentialAction":[{"@type":"ReadAction","target":["https:\/\/www.cavallcartro.cat\/escoles\/llim-espigol-sant-pere-de-ribes\/2026\/03\/26\/portes-obertes-25-abril-en-dos-torns-9h-i-1030h-amb-cita-previa\/"]}]},{"@type":"ImageObject","inLanguage":"ca","@id":"https:\/\/www.cavallcartro.cat\/escoles\/llim-espigol-sant-pere-de-ribes\/2026\/03\/26\/portes-obertes-25-abril-en-dos-torns-9h-i-1030h-amb-cita-previa\/#primaryimage","url":"https:\/\/www.cavallcartro.cat\/escoles\/llim-espigol-sant-pere-de-ribes\/wp-content\/uploads\/sites\/33\/2026\/03\/portes-obertes.jpg","contentUrl":"https:\/\/www.cavallcartro.cat\/escoles\/llim-espigol-sant-pere-de-ribes\/wp-content\/uploads\/sites\/33\/2026\/03\/portes-obertes.jpg","width":1080,"height":810},{"@type":"BreadcrumbList","@id":"https:\/\/www.cavallcartro.cat\/escoles\/llim-espigol-sant-pere-de-ribes\/2026\/03\/26\/portes-obertes-25-abril-en-dos-torns-9h-i-1030h-amb-cita-previa\/#breadcrumb","itemListElement":[{"@type":"ListItem","position":1,"name":"Portada","item":"https:\/\/www.cavallcartro.cat\/escoles\/llim-espigol-sant-pere-de-ribes\/"},{"@type":"ListItem","position":2,"name":"PORTES OBERTES CURS 26-27 DIA 25 ABRIL EN DOS TORNS: 9H I 10:30H AMB CITA PR\u00c8VIA"}]},{"@type":"WebSite","@id":"https:\/\/www.cavallcartro.cat\/escoles\/llim-espigol-sant-pere-de-ribes\/#website","url":"https:\/\/www.cavallcartro.cat\/escoles\/llim-espigol-sant-pere-de-ribes\/","name":"LLIM L&#039;ESP\u00cdGOL. Llar d&#039;Infants Municipal de Sant Pere de Ribes","description":"Llar d&#039;Infants Municipal L&#039;Esp\u00edgol, de Sant Pere de Ribes. Creem espais i situacions on l&#039;infant se senti c\u00f2mode per a desenvolupar les seves capacitats.","potentialAction":[{"@type":"SearchAction","target":{"@type":"EntryPoint","urlTemplate":"https:\/\/www.cavallcartro.cat\/escoles\/llim-espigol-sant-pere-de-ribes\/?s={search_term_string}"},"query-input":{"@type":"PropertyValueSpecification","valueRequired":true,"valueName":"search_term_string"}}],"inLanguage":"ca"},{"@type":"Person","@id":"https:\/\/www.cavallcartro.cat\/escoles\/llim-espigol-sant-pere-de-ribes\/#\/schema\/person\/3b972af5d9eab406fc74cf186c32899f","name":"cgarcia","image":{"@type":"ImageObject","inLanguage":"ca","@id":"https:\/\/secure.gravatar.com\/avatar\/cf7263ded1f97b93114eb056f8fea7536baf333e4c3fd57b7df620fca6f6840d?s=96&d=mm&r=g","url":"https:\/\/secure.gravatar.com\/avatar\/cf7263ded1f97b93114eb056f8fea7536baf333e4c3fd57b7df620fca6f6840d?s=96&d=mm&r=g","contentUrl":"https:\/\/secure.gravatar.com\/avatar\/cf7263ded1f97b93114eb056f8fea7536baf333e4c3fd57b7df620fca6f6840d?s=96&d=mm&r=g","caption":"cgarcia"},"url":"https:\/\/www.cavallcartro.cat\/escoles\/llim-espigol-sant-pere-de-ribes\/author\/cgarcia\/"}]}},"_links":{"self":[{"href":"https:\/\/www.cavallcartro.cat\/escoles\/llim-espigol-sant-pere-de-ribes\/wp-json\/wp\/v2\/posts\/713","targetHints":{"allow":["GET"]}}],"collection":[{"href":"https:\/\/www.cavallcartro.cat\/escoles\/llim-espigol-sant-pere-de-ribes\/wp-json\/wp\/v2\/posts"}],"about":[{"href":"https:\/\/www.cavallcartro.cat\/escoles\/llim-espigol-sant-pere-de-ribes\/wp-json\/wp\/v2\/types\/post"}],"author":[{"embeddable":true,"href":"https:\/\/www.cavallcartro.cat\/escoles\/llim-espigol-sant-pere-de-ribes\/wp-json\/wp\/v2\/users\/1"}],"replies":[{"embeddable":true,"href":"https:\/\/www.cavallcartro.cat\/escoles\/llim-espigol-sant-pere-de-ribes\/wp-json\/wp\/v2\/comments?post=713"}],"version-history":[{"count":2,"href":"https:\/\/www.cavallcartro.cat\/escoles\/llim-espigol-sant-pere-de-ribes\/wp-json\/wp\/v2\/posts\/713\/revisions"}],"predecessor-version":[{"id":717,"href":"https:\/\/www.cavallcartro.cat\/escoles\/llim-espigol-sant-pere-de-ribes\/wp-json\/wp\/v2\/posts\/713\/revisions\/717"}],"wp:featuredmedia":[{"embeddable":true,"href":"https:\/\/www.cavallcartro.cat\/escoles\/llim-espigol-sant-pere-de-ribes\/wp-json\/wp\/v2\/media\/714"}],"wp:attachment":[{"href":"https:\/\/www.cavallcartro.cat\/escoles\/llim-espigol-sant-pere-de-ribes\/wp-json\/wp\/v2\/media?parent=713"}],"wp:term":[{"taxonomy":"category","embeddable":true,"href":"https:\/\/www.cavallcartro.cat\/escoles\/llim-espigol-sant-pere-de-ribes\/wp-json\/wp\/v2\/categories?post=713"},{"taxonomy":"post_tag","embeddable":true,"href":"https:\/\/www.cavallcartro.cat\/escoles\/llim-espigol-sant-pere-de-ribes\/wp-json\/wp\/v2\/tags?post=713"}],"curies":[{"name":"wp","href":"https:\/\/api.w.org\/{rel}","templated":true}]}}