{"id":172,"date":"2020-05-08T16:59:55","date_gmt":"2020-05-08T16:59:55","guid":{"rendered":"https:\/\/www.cavallcartro.cat\/escoles\/llim-espigol-sant-pere-de-ribes\/?p=172"},"modified":"2020-05-08T17:07:41","modified_gmt":"2020-05-08T17:07:41","slug":"portes-obertes-llar-infants-espigol-sant-pere-ribes","status":"publish","type":"post","link":"https:\/\/www.cavallcartro.cat\/escoles\/llim-espigol-sant-pere-de-ribes\/2020\/05\/08\/portes-obertes-llar-infants-espigol-sant-pere-ribes\/","title":{"rendered":"Portes obertes a la Llar d&#8217;Infants L&#8217;Esp\u00edgol, de Sant Pere de Ribes"},"content":{"rendered":"<p>Fam\u00edlies de Sant Pere de Ribes, benvingudes a L&#8217;Esp\u00edgol, la llar d&#8217;infants municipal. Us espai pensat perqu\u00e8 els infants de 0-3 anys <strong>creixin feli\u00e7os<\/strong>, facin descobertes des del <strong>joc i l&#8217;aprenentatge vivencial<\/strong> i tinguin totes les seves necessitats cobertes.<\/p>\n<p>Us convidem a con\u00e8ixer l&#8217;escola mitjan\u00e7ant una <strong>visita virtual<\/strong>. \u00c9s la nostra forma de fer portes obertes enguany. Gaudiu-la!<\/p>\n<p><iframe loading=\"lazy\" title=\"Portes Obertes 2020 LLIM L&#039;Esp\u00edgol de Sant Pere de Ribes\" width=\"500\" height=\"281\" src=\"https:\/\/www.youtube.com\/embed\/X4Rx_HGG2MY?feature=oembed\" frameborder=\"0\" allow=\"accelerometer; autoplay; clipboard-write; encrypted-media; gyroscope; picture-in-picture; web-share\" referrerpolicy=\"strict-origin-when-cross-origin\" allowfullscreen><\/iframe><\/p>\n<div  class=\"swmsc_horizontal_line\" style=\"padding-top:80px;padding-bottom:80px;\">\n\t\t\t\t\t\t<span class=\"swmsc_horizontal_line_h_line\" style=\"border-color:#99d01b;\"><\/span><span class=\"swmsc_horizontal_line_icon\"><i class=\"fa fa-compass\" style=\"color:#99d01b;\"><\/i><\/span>\n\t\t\t\t\t<div class=\"clear\"><\/div>\n\t\t\t\t\t<\/div>\n<p><iframe loading=\"lazy\" style=\"overflow: hidden; width: 1200px; height: 258px;\" src=\"\/\/www.facebook.com\/plugins\/likebox.php?href=http%3A%2F%2Fwww.facebook.com%2F354052831640272&amp;width=1200&amp;height=258&amp;show_faces=true&amp;colorscheme=light&amp;stream=false&amp;border_color=%23FFF&amp;header=false\" width=\"1200\" height=\"240\" frameborder=\"0\" scrolling=\"no\"><\/iframe><\/p>\n","protected":false},"excerpt":{"rendered":"<p>Fam\u00edlies de Sant Pere de Ribes, benvingudes a L&#8217;Esp\u00edgol, la llar d&#8217;infants municipal. Us espai pensat perqu\u00e8 els infants de 0-3 anys creixin feli\u00e7os, facin descobertes des del joc i l&#8217;aprenentatge vivencial i tinguin totes les seves necessitats cobertes. Us convidem a con\u00e8ixer l&#8217;escola mitjan\u00e7ant una visita virtual. \u00c9s la [&hellip;]<\/p>\n","protected":false},"author":1,"featured_media":0,"comment_status":"closed","ping_status":"closed","sticky":false,"template":"","format":"standard","meta":{"footnotes":""},"categories":[12],"tags":[15,14,13],"class_list":["post-172","post","type-post","status-publish","format-standard","hentry","category-jornades","tag-escola-bressol","tag-llar-dinfants","tag-sant-pere-de-ribes"],"yoast_head":"<!-- This site is optimized with the Yoast SEO plugin v27.5 - https:\/\/yoast.com\/product\/yoast-seo-wordpress\/ -->\n<title>Portes obertes a la Llar d&#039;Infants L&#039;Esp\u00edgol, de Sant Pere de Ribes - LLIM L&#039;ESP\u00cdGOL. Llar d&#039;Infants Municipal de Sant Pere de Ribes<\/title>\n<meta name=\"robots\" content=\"index, follow, max-snippet:-1, max-image-preview:large, max-video-preview:-1\" \/>\n<link rel=\"canonical\" href=\"https:\/\/www.cavallcartro.cat\/escoles\/llim-espigol-sant-pere-de-ribes\/2020\/05\/08\/portes-obertes-llar-infants-espigol-sant-pere-ribes\/\" \/>\n<meta property=\"og:locale\" content=\"ca_ES\" \/>\n<meta property=\"og:type\" content=\"article\" \/>\n<meta property=\"og:title\" content=\"Portes obertes a la Llar d&#039;Infants L&#039;Esp\u00edgol, de Sant Pere de Ribes - LLIM L&#039;ESP\u00cdGOL. Llar d&#039;Infants Municipal de Sant Pere de Ribes\" \/>\n<meta property=\"og:description\" content=\"Fam\u00edlies de Sant Pere de Ribes, benvingudes a L&#8217;Esp\u00edgol, la llar d&#8217;infants municipal. Us espai pensat perqu\u00e8 els infants de 0-3 anys creixin feli\u00e7os, facin descobertes des del joc i l&#8217;aprenentatge vivencial i tinguin totes les seves necessitats cobertes. Us convidem a con\u00e8ixer l&#8217;escola mitjan\u00e7ant una visita virtual. \u00c9s la [&hellip;]\" \/>\n<meta property=\"og:url\" content=\"https:\/\/www.cavallcartro.cat\/escoles\/llim-espigol-sant-pere-de-ribes\/2020\/05\/08\/portes-obertes-llar-infants-espigol-sant-pere-ribes\/\" \/>\n<meta property=\"og:site_name\" content=\"LLIM L&#039;ESP\u00cdGOL. Llar d&#039;Infants Municipal de Sant Pere de Ribes\" \/>\n<meta property=\"article:published_time\" content=\"2020-05-08T16:59:55+00:00\" \/>\n<meta property=\"article:modified_time\" content=\"2020-05-08T17:07:41+00:00\" \/>\n<meta property=\"og:image\" content=\"https:\/\/www.cavallcartro.cat\/escoles\/llim-espigol-sant-pere-de-ribes\/wp-content\/uploads\/sites\/33\/2020\/05\/Portes-obertes-2020-LLIM-LEsp\u00edgol-Sant-Pere-de-Ribes.jpg\" \/>\n\t<meta property=\"og:image:width\" content=\"1200\" \/>\n\t<meta property=\"og:image:height\" content=\"600\" \/>\n\t<meta property=\"og:image:type\" content=\"image\/jpeg\" \/>\n<meta name=\"author\" content=\"cgarcia\" \/>\n<meta name=\"twitter:card\" content=\"summary_large_image\" \/>\n<meta name=\"twitter:label1\" content=\"Escrit per\" \/>\n\t<meta name=\"twitter:data1\" content=\"cgarcia\" \/>\n<script type=\"application\/ld+json\" class=\"yoast-schema-graph\">{\"@context\":\"https:\\\/\\\/schema.org\",\"@graph\":[{\"@type\":\"Article\",\"@id\":\"https:\\\/\\\/www.cavallcartro.cat\\\/escoles\\\/llim-espigol-sant-pere-de-ribes\\\/2020\\\/05\\\/08\\\/portes-obertes-llar-infants-espigol-sant-pere-ribes\\\/#article\",\"isPartOf\":{\"@id\":\"https:\\\/\\\/www.cavallcartro.cat\\\/escoles\\\/llim-espigol-sant-pere-de-ribes\\\/2020\\\/05\\\/08\\\/portes-obertes-llar-infants-espigol-sant-pere-ribes\\\/\"},\"author\":{\"name\":\"cgarcia\",\"@id\":\"https:\\\/\\\/www.cavallcartro.cat\\\/escoles\\\/llim-espigol-sant-pere-de-ribes\\\/#\\\/schema\\\/person\\\/3b972af5d9eab406fc74cf186c32899f\"},\"headline\":\"Portes obertes a la Llar d&#8217;Infants L&#8217;Esp\u00edgol, de Sant Pere de Ribes\",\"datePublished\":\"2020-05-08T16:59:55+00:00\",\"dateModified\":\"2020-05-08T17:07:41+00:00\",\"mainEntityOfPage\":{\"@id\":\"https:\\\/\\\/www.cavallcartro.cat\\\/escoles\\\/llim-espigol-sant-pere-de-ribes\\\/2020\\\/05\\\/08\\\/portes-obertes-llar-infants-espigol-sant-pere-ribes\\\/\"},\"wordCount\":110,\"keywords\":[\"escola bressol\",\"llar d'infants\",\"Sant Pere de Ribes\"],\"articleSection\":[\"Jornades\"],\"inLanguage\":\"ca\"},{\"@type\":\"WebPage\",\"@id\":\"https:\\\/\\\/www.cavallcartro.cat\\\/escoles\\\/llim-espigol-sant-pere-de-ribes\\\/2020\\\/05\\\/08\\\/portes-obertes-llar-infants-espigol-sant-pere-ribes\\\/\",\"url\":\"https:\\\/\\\/www.cavallcartro.cat\\\/escoles\\\/llim-espigol-sant-pere-de-ribes\\\/2020\\\/05\\\/08\\\/portes-obertes-llar-infants-espigol-sant-pere-ribes\\\/\",\"name\":\"Portes obertes a la Llar d'Infants L'Esp\u00edgol, de Sant Pere de Ribes - LLIM L&#039;ESP\u00cdGOL. Llar d&#039;Infants Municipal de Sant Pere de Ribes\",\"isPartOf\":{\"@id\":\"https:\\\/\\\/www.cavallcartro.cat\\\/escoles\\\/llim-espigol-sant-pere-de-ribes\\\/#website\"},\"datePublished\":\"2020-05-08T16:59:55+00:00\",\"dateModified\":\"2020-05-08T17:07:41+00:00\",\"author\":{\"@id\":\"https:\\\/\\\/www.cavallcartro.cat\\\/escoles\\\/llim-espigol-sant-pere-de-ribes\\\/#\\\/schema\\\/person\\\/3b972af5d9eab406fc74cf186c32899f\"},\"breadcrumb\":{\"@id\":\"https:\\\/\\\/www.cavallcartro.cat\\\/escoles\\\/llim-espigol-sant-pere-de-ribes\\\/2020\\\/05\\\/08\\\/portes-obertes-llar-infants-espigol-sant-pere-ribes\\\/#breadcrumb\"},\"inLanguage\":\"ca\",\"potentialAction\":[{\"@type\":\"ReadAction\",\"target\":[\"https:\\\/\\\/www.cavallcartro.cat\\\/escoles\\\/llim-espigol-sant-pere-de-ribes\\\/2020\\\/05\\\/08\\\/portes-obertes-llar-infants-espigol-sant-pere-ribes\\\/\"]}]},{\"@type\":\"BreadcrumbList\",\"@id\":\"https:\\\/\\\/www.cavallcartro.cat\\\/escoles\\\/llim-espigol-sant-pere-de-ribes\\\/2020\\\/05\\\/08\\\/portes-obertes-llar-infants-espigol-sant-pere-ribes\\\/#breadcrumb\",\"itemListElement\":[{\"@type\":\"ListItem\",\"position\":1,\"name\":\"Portada\",\"item\":\"https:\\\/\\\/www.cavallcartro.cat\\\/escoles\\\/llim-espigol-sant-pere-de-ribes\\\/\"},{\"@type\":\"ListItem\",\"position\":2,\"name\":\"Portes obertes a la Llar d&#8217;Infants L&#8217;Esp\u00edgol, de Sant Pere de Ribes\"}]},{\"@type\":\"WebSite\",\"@id\":\"https:\\\/\\\/www.cavallcartro.cat\\\/escoles\\\/llim-espigol-sant-pere-de-ribes\\\/#website\",\"url\":\"https:\\\/\\\/www.cavallcartro.cat\\\/escoles\\\/llim-espigol-sant-pere-de-ribes\\\/\",\"name\":\"LLIM L&#039;ESP\u00cdGOL. Llar d&#039;Infants Municipal de Sant Pere de Ribes\",\"description\":\"Llar d&#039;Infants Municipal L&#039;Esp\u00edgol, de Sant Pere de Ribes. Creem espais i situacions on l&#039;infant se senti c\u00f2mode per a desenvolupar les seves capacitats.\",\"potentialAction\":[{\"@type\":\"SearchAction\",\"target\":{\"@type\":\"EntryPoint\",\"urlTemplate\":\"https:\\\/\\\/www.cavallcartro.cat\\\/escoles\\\/llim-espigol-sant-pere-de-ribes\\\/?s={search_term_string}\"},\"query-input\":{\"@type\":\"PropertyValueSpecification\",\"valueRequired\":true,\"valueName\":\"search_term_string\"}}],\"inLanguage\":\"ca\"},{\"@type\":\"Person\",\"@id\":\"https:\\\/\\\/www.cavallcartro.cat\\\/escoles\\\/llim-espigol-sant-pere-de-ribes\\\/#\\\/schema\\\/person\\\/3b972af5d9eab406fc74cf186c32899f\",\"name\":\"cgarcia\",\"image\":{\"@type\":\"ImageObject\",\"inLanguage\":\"ca\",\"@id\":\"https:\\\/\\\/secure.gravatar.com\\\/avatar\\\/cf7263ded1f97b93114eb056f8fea7536baf333e4c3fd57b7df620fca6f6840d?s=96&d=mm&r=g\",\"url\":\"https:\\\/\\\/secure.gravatar.com\\\/avatar\\\/cf7263ded1f97b93114eb056f8fea7536baf333e4c3fd57b7df620fca6f6840d?s=96&d=mm&r=g\",\"contentUrl\":\"https:\\\/\\\/secure.gravatar.com\\\/avatar\\\/cf7263ded1f97b93114eb056f8fea7536baf333e4c3fd57b7df620fca6f6840d?s=96&d=mm&r=g\",\"caption\":\"cgarcia\"},\"url\":\"https:\\\/\\\/www.cavallcartro.cat\\\/escoles\\\/llim-espigol-sant-pere-de-ribes\\\/author\\\/cgarcia\\\/\"}]}<\/script>\n<!-- \/ Yoast SEO plugin. -->","yoast_head_json":{"title":"Portes obertes a la Llar d'Infants L'Esp\u00edgol, de Sant Pere de Ribes - LLIM L&#039;ESP\u00cdGOL. Llar d&#039;Infants Municipal de Sant Pere de Ribes","robots":{"index":"index","follow":"follow","max-snippet":"max-snippet:-1","max-image-preview":"max-image-preview:large","max-video-preview":"max-video-preview:-1"},"canonical":"https:\/\/www.cavallcartro.cat\/escoles\/llim-espigol-sant-pere-de-ribes\/2020\/05\/08\/portes-obertes-llar-infants-espigol-sant-pere-ribes\/","og_locale":"ca_ES","og_type":"article","og_title":"Portes obertes a la Llar d'Infants L'Esp\u00edgol, de Sant Pere de Ribes - LLIM L&#039;ESP\u00cdGOL. Llar d&#039;Infants Municipal de Sant Pere de Ribes","og_description":"Fam\u00edlies de Sant Pere de Ribes, benvingudes a L&#8217;Esp\u00edgol, la llar d&#8217;infants municipal. Us espai pensat perqu\u00e8 els infants de 0-3 anys creixin feli\u00e7os, facin descobertes des del joc i l&#8217;aprenentatge vivencial i tinguin totes les seves necessitats cobertes. Us convidem a con\u00e8ixer l&#8217;escola mitjan\u00e7ant una visita virtual. \u00c9s la [&hellip;]","og_url":"https:\/\/www.cavallcartro.cat\/escoles\/llim-espigol-sant-pere-de-ribes\/2020\/05\/08\/portes-obertes-llar-infants-espigol-sant-pere-ribes\/","og_site_name":"LLIM L&#039;ESP\u00cdGOL. Llar d&#039;Infants Municipal de Sant Pere de Ribes","article_published_time":"2020-05-08T16:59:55+00:00","article_modified_time":"2020-05-08T17:07:41+00:00","og_image":[{"width":1200,"height":600,"url":"https:\/\/www.cavallcartro.cat\/escoles\/llim-espigol-sant-pere-de-ribes\/wp-content\/uploads\/sites\/33\/2020\/05\/Portes-obertes-2020-LLIM-LEsp\u00edgol-Sant-Pere-de-Ribes.jpg","type":"image\/jpeg"}],"author":"cgarcia","twitter_card":"summary_large_image","twitter_misc":{"Escrit per":"cgarcia"},"schema":{"@context":"https:\/\/schema.org","@graph":[{"@type":"Article","@id":"https:\/\/www.cavallcartro.cat\/escoles\/llim-espigol-sant-pere-de-ribes\/2020\/05\/08\/portes-obertes-llar-infants-espigol-sant-pere-ribes\/#article","isPartOf":{"@id":"https:\/\/www.cavallcartro.cat\/escoles\/llim-espigol-sant-pere-de-ribes\/2020\/05\/08\/portes-obertes-llar-infants-espigol-sant-pere-ribes\/"},"author":{"name":"cgarcia","@id":"https:\/\/www.cavallcartro.cat\/escoles\/llim-espigol-sant-pere-de-ribes\/#\/schema\/person\/3b972af5d9eab406fc74cf186c32899f"},"headline":"Portes obertes a la Llar d&#8217;Infants L&#8217;Esp\u00edgol, de Sant Pere de Ribes","datePublished":"2020-05-08T16:59:55+00:00","dateModified":"2020-05-08T17:07:41+00:00","mainEntityOfPage":{"@id":"https:\/\/www.cavallcartro.cat\/escoles\/llim-espigol-sant-pere-de-ribes\/2020\/05\/08\/portes-obertes-llar-infants-espigol-sant-pere-ribes\/"},"wordCount":110,"keywords":["escola bressol","llar d'infants","Sant Pere de Ribes"],"articleSection":["Jornades"],"inLanguage":"ca"},{"@type":"WebPage","@id":"https:\/\/www.cavallcartro.cat\/escoles\/llim-espigol-sant-pere-de-ribes\/2020\/05\/08\/portes-obertes-llar-infants-espigol-sant-pere-ribes\/","url":"https:\/\/www.cavallcartro.cat\/escoles\/llim-espigol-sant-pere-de-ribes\/2020\/05\/08\/portes-obertes-llar-infants-espigol-sant-pere-ribes\/","name":"Portes obertes a la Llar d'Infants L'Esp\u00edgol, de Sant Pere de Ribes - LLIM L&#039;ESP\u00cdGOL. Llar d&#039;Infants Municipal de Sant Pere de Ribes","isPartOf":{"@id":"https:\/\/www.cavallcartro.cat\/escoles\/llim-espigol-sant-pere-de-ribes\/#website"},"datePublished":"2020-05-08T16:59:55+00:00","dateModified":"2020-05-08T17:07:41+00:00","author":{"@id":"https:\/\/www.cavallcartro.cat\/escoles\/llim-espigol-sant-pere-de-ribes\/#\/schema\/person\/3b972af5d9eab406fc74cf186c32899f"},"breadcrumb":{"@id":"https:\/\/www.cavallcartro.cat\/escoles\/llim-espigol-sant-pere-de-ribes\/2020\/05\/08\/portes-obertes-llar-infants-espigol-sant-pere-ribes\/#breadcrumb"},"inLanguage":"ca","potentialAction":[{"@type":"ReadAction","target":["https:\/\/www.cavallcartro.cat\/escoles\/llim-espigol-sant-pere-de-ribes\/2020\/05\/08\/portes-obertes-llar-infants-espigol-sant-pere-ribes\/"]}]},{"@type":"BreadcrumbList","@id":"https:\/\/www.cavallcartro.cat\/escoles\/llim-espigol-sant-pere-de-ribes\/2020\/05\/08\/portes-obertes-llar-infants-espigol-sant-pere-ribes\/#breadcrumb","itemListElement":[{"@type":"ListItem","position":1,"name":"Portada","item":"https:\/\/www.cavallcartro.cat\/escoles\/llim-espigol-sant-pere-de-ribes\/"},{"@type":"ListItem","position":2,"name":"Portes obertes a la Llar d&#8217;Infants L&#8217;Esp\u00edgol, de Sant Pere de Ribes"}]},{"@type":"WebSite","@id":"https:\/\/www.cavallcartro.cat\/escoles\/llim-espigol-sant-pere-de-ribes\/#website","url":"https:\/\/www.cavallcartro.cat\/escoles\/llim-espigol-sant-pere-de-ribes\/","name":"LLIM L&#039;ESP\u00cdGOL. Llar d&#039;Infants Municipal de Sant Pere de Ribes","description":"Llar d&#039;Infants Municipal L&#039;Esp\u00edgol, de Sant Pere de Ribes. Creem espais i situacions on l&#039;infant se senti c\u00f2mode per a desenvolupar les seves capacitats.","potentialAction":[{"@type":"SearchAction","target":{"@type":"EntryPoint","urlTemplate":"https:\/\/www.cavallcartro.cat\/escoles\/llim-espigol-sant-pere-de-ribes\/?s={search_term_string}"},"query-input":{"@type":"PropertyValueSpecification","valueRequired":true,"valueName":"search_term_string"}}],"inLanguage":"ca"},{"@type":"Person","@id":"https:\/\/www.cavallcartro.cat\/escoles\/llim-espigol-sant-pere-de-ribes\/#\/schema\/person\/3b972af5d9eab406fc74cf186c32899f","name":"cgarcia","image":{"@type":"ImageObject","inLanguage":"ca","@id":"https:\/\/secure.gravatar.com\/avatar\/cf7263ded1f97b93114eb056f8fea7536baf333e4c3fd57b7df620fca6f6840d?s=96&d=mm&r=g","url":"https:\/\/secure.gravatar.com\/avatar\/cf7263ded1f97b93114eb056f8fea7536baf333e4c3fd57b7df620fca6f6840d?s=96&d=mm&r=g","contentUrl":"https:\/\/secure.gravatar.com\/avatar\/cf7263ded1f97b93114eb056f8fea7536baf333e4c3fd57b7df620fca6f6840d?s=96&d=mm&r=g","caption":"cgarcia"},"url":"https:\/\/www.cavallcartro.cat\/escoles\/llim-espigol-sant-pere-de-ribes\/author\/cgarcia\/"}]}},"_links":{"self":[{"href":"https:\/\/www.cavallcartro.cat\/escoles\/llim-espigol-sant-pere-de-ribes\/wp-json\/wp\/v2\/posts\/172","targetHints":{"allow":["GET"]}}],"collection":[{"href":"https:\/\/www.cavallcartro.cat\/escoles\/llim-espigol-sant-pere-de-ribes\/wp-json\/wp\/v2\/posts"}],"about":[{"href":"https:\/\/www.cavallcartro.cat\/escoles\/llim-espigol-sant-pere-de-ribes\/wp-json\/wp\/v2\/types\/post"}],"author":[{"embeddable":true,"href":"https:\/\/www.cavallcartro.cat\/escoles\/llim-espigol-sant-pere-de-ribes\/wp-json\/wp\/v2\/users\/1"}],"replies":[{"embeddable":true,"href":"https:\/\/www.cavallcartro.cat\/escoles\/llim-espigol-sant-pere-de-ribes\/wp-json\/wp\/v2\/comments?post=172"}],"version-history":[{"count":2,"href":"https:\/\/www.cavallcartro.cat\/escoles\/llim-espigol-sant-pere-de-ribes\/wp-json\/wp\/v2\/posts\/172\/revisions"}],"predecessor-version":[{"id":176,"href":"https:\/\/www.cavallcartro.cat\/escoles\/llim-espigol-sant-pere-de-ribes\/wp-json\/wp\/v2\/posts\/172\/revisions\/176"}],"wp:attachment":[{"href":"https:\/\/www.cavallcartro.cat\/escoles\/llim-espigol-sant-pere-de-ribes\/wp-json\/wp\/v2\/media?parent=172"}],"wp:term":[{"taxonomy":"category","embeddable":true,"href":"https:\/\/www.cavallcartro.cat\/escoles\/llim-espigol-sant-pere-de-ribes\/wp-json\/wp\/v2\/categories?post=172"},{"taxonomy":"post_tag","embeddable":true,"href":"https:\/\/www.cavallcartro.cat\/escoles\/llim-espigol-sant-pere-de-ribes\/wp-json\/wp\/v2\/tags?post=172"}],"curies":[{"name":"wp","href":"https:\/\/api.w.org\/{rel}","templated":true}]}}