{"id":140,"date":"2020-02-13T09:59:05","date_gmt":"2020-02-13T09:59:05","guid":{"rendered":"https:\/\/www.cavallcartro.cat\/escoles\/llim-espigol-sant-pere-de-ribes\/?p=140"},"modified":"2020-05-08T16:54:51","modified_gmt":"2020-05-08T16:54:51","slug":"benvingudes-llar-infants-espigol-sant-pere-ribes","status":"publish","type":"post","link":"https:\/\/www.cavallcartro.cat\/escoles\/llim-espigol-sant-pere-de-ribes\/2020\/02\/13\/benvingudes-llar-infants-espigol-sant-pere-ribes\/","title":{"rendered":"Fam\u00edlies, benvingudes a la Llar d&#8217;Infants L&#8217;Esp\u00edgol!"},"content":{"rendered":"<h3>COM TREBALLEM A LA LLAR D&#8217;INFANTS?<\/h3>\n<p>La nostra metodologia est\u00e0 basada en la descoberta i l\u2019experimentaci\u00f3, essent\u00a0<strong>l\u2019infant el protagonista actiu dels seus aprenentatges<\/strong>. Potenciem la imaginaci\u00f3 i la creativitat dels infants, la motivaci\u00f3 i el seu esperit cr\u00edtic.<\/p>\n<p>Donem resposta a les seves necessitats individuals, respectant el seu temps i potenciant les seves capacitats.<\/p>\n<p>&nbsp;<\/p>\n<h3>LA IMPORT\u00c0NCIA DE LA VIDA QUOTIDIANA EN ELS APRENENTATGES DELS M\u00c9S PETITS<\/h3>\n<p>Les activitats de la vida quotidiana tenen un alt component educatiu.\u00a0<strong>Els h\u00e0bits i les rutines<\/strong>\u00a0proporcionen seguretat als infants. Moments com l\u2019alimentaci\u00f3, la higiene o el canvi de bolquers son espais molt especials per desenvolupar\u00a0<strong>capacitats motrius, d\u2019autonomia, de coneixen\u00e7a d\u2019un mateix<\/strong>\u2026 Concretem la quotidianitat de l\u2019aula i de l\u2019escola a trav\u00e9s de propostes adaptades al seu propi benestar, interessos, necessitats i inquietuds.<\/p>\n<p>&nbsp;<\/p>\n<h3>RESPECTEM EL RITME EVOLUTIU DE CADA INFANT<\/h3>\n<p>El respecte a l\u2019infant passa per adequar-nos al seu ritme evolutiu i a les\u00a0<strong>activitats quotidianes d\u2019alimentaci\u00f3, higiene i motricitat<\/strong>, tenint en compte la diversitat i caracter\u00edstiques de cadascun. Acompanyem als infants oferint-los propostes i observant. Facilitem el moviment lliure dels infants, per tal que puguin\u00a0<strong>explorar, descobrir, despla\u00e7ar-se cap all\u00e0 on els porti la seva curiositat<\/strong>\u00a0i com a mitj\u00e0 de coneixement del propi cos, respectant les seves iniciatives.<\/p>\n<div  class=\"swmsc_horizontal_line\" style=\"padding-top:80px;padding-bottom:80px;\">\n\t\t\t\t\t\t<span class=\"swmsc_horizontal_line_h_line\" style=\"border-color:#99d01b;\"><\/span><span class=\"swmsc_horizontal_line_icon\"><i class=\"fa fa-compass\" style=\"color:#99d01b;\"><\/i><\/span>\n\t\t\t\t\t<div class=\"clear\"><\/div>\n\t\t\t\t\t<\/div>\n<p><iframe loading=\"lazy\" style=\"overflow: hidden; width: 1200px; height: 258px;\" src=\"\/\/www.facebook.com\/plugins\/likebox.php?href=http%3A%2F%2Fwww.facebook.com%2F354052831640272&amp;width=1200&amp;height=258&amp;show_faces=true&amp;colorscheme=light&amp;stream=false&amp;border_color=%23FFF&amp;header=false\" width=\"1200\" height=\"240\" frameborder=\"0\" scrolling=\"no\"><\/iframe><\/p>\n","protected":false},"excerpt":{"rendered":"<p>COM TREBALLEM A LA LLAR D&#8217;INFANTS? La nostra metodologia est\u00e0 basada en la descoberta i l\u2019experimentaci\u00f3, essent\u00a0l\u2019infant el protagonista actiu dels seus aprenentatges. Potenciem la imaginaci\u00f3 i la creativitat dels infants, la motivaci\u00f3 i el seu esperit cr\u00edtic. Donem resposta a les seves necessitats individuals, respectant el seu temps i [&hellip;]<\/p>\n","protected":false},"author":1,"featured_media":105,"comment_status":"closed","ping_status":"closed","sticky":false,"template":"","format":"standard","meta":{"footnotes":""},"categories":[12],"tags":[15,14,13],"class_list":["post-140","post","type-post","status-publish","format-standard","has-post-thumbnail","hentry","category-jornades","tag-escola-bressol","tag-llar-dinfants","tag-sant-pere-de-ribes"],"yoast_head":"<!-- This site is optimized with the Yoast SEO plugin v27.5 - https:\/\/yoast.com\/product\/yoast-seo-wordpress\/ -->\n<title>Fam\u00edlies, benvingudes a la Llar d&#039;Infants L&#039;Esp\u00edgol! - LLIM L&#039;ESP\u00cdGOL. Llar d&#039;Infants Municipal de Sant Pere de Ribes<\/title>\n<meta name=\"description\" content=\"La nostra metodologia est\u00e0 basada en la descoberta i l\u2019experimentaci\u00f3, essent\u00a0l\u2019infant el protagonista actiu dels seus aprenentatges\" \/>\n<meta name=\"robots\" content=\"index, follow, max-snippet:-1, max-image-preview:large, max-video-preview:-1\" \/>\n<link rel=\"canonical\" href=\"https:\/\/www.cavallcartro.cat\/escoles\/llim-espigol-sant-pere-de-ribes\/2020\/02\/13\/benvingudes-llar-infants-espigol-sant-pere-ribes\/\" \/>\n<meta property=\"og:locale\" content=\"ca_ES\" \/>\n<meta property=\"og:type\" content=\"article\" \/>\n<meta property=\"og:title\" content=\"Fam\u00edlies, benvingudes a la Llar d&#039;Infants L&#039;Esp\u00edgol! - LLIM L&#039;ESP\u00cdGOL. Llar d&#039;Infants Municipal de Sant Pere de Ribes\" \/>\n<meta property=\"og:description\" content=\"La nostra metodologia est\u00e0 basada en la descoberta i l\u2019experimentaci\u00f3, essent\u00a0l\u2019infant el protagonista actiu dels seus aprenentatges\" \/>\n<meta property=\"og:url\" content=\"https:\/\/www.cavallcartro.cat\/escoles\/llim-espigol-sant-pere-de-ribes\/2020\/02\/13\/benvingudes-llar-infants-espigol-sant-pere-ribes\/\" \/>\n<meta property=\"og:site_name\" content=\"LLIM L&#039;ESP\u00cdGOL. Llar d&#039;Infants Municipal de Sant Pere de Ribes\" \/>\n<meta property=\"article:published_time\" content=\"2020-02-13T09:59:05+00:00\" \/>\n<meta property=\"article:modified_time\" content=\"2020-05-08T16:54:51+00:00\" \/>\n<meta property=\"og:image\" content=\"https:\/\/www.cavallcartro.cat\/escoles\/llim-espigol-sant-pere-de-ribes\/wp-content\/uploads\/sites\/33\/2020\/01\/llim-espigol-sant-pere-de-ribes-pati-petit.jpg\" \/>\n\t<meta property=\"og:image:width\" content=\"1920\" \/>\n\t<meta property=\"og:image:height\" content=\"1458\" \/>\n\t<meta property=\"og:image:type\" content=\"image\/jpeg\" \/>\n<meta name=\"author\" content=\"cgarcia\" \/>\n<meta name=\"twitter:card\" content=\"summary_large_image\" \/>\n<meta name=\"twitter:label1\" content=\"Escrit per\" \/>\n\t<meta name=\"twitter:data1\" content=\"cgarcia\" \/>\n\t<meta name=\"twitter:label2\" content=\"Temps estimat de lectura\" \/>\n\t<meta name=\"twitter:data2\" content=\"1 minut\" \/>\n<script type=\"application\/ld+json\" class=\"yoast-schema-graph\">{\"@context\":\"https:\\\/\\\/schema.org\",\"@graph\":[{\"@type\":\"Article\",\"@id\":\"https:\\\/\\\/www.cavallcartro.cat\\\/escoles\\\/llim-espigol-sant-pere-de-ribes\\\/2020\\\/02\\\/13\\\/benvingudes-llar-infants-espigol-sant-pere-ribes\\\/#article\",\"isPartOf\":{\"@id\":\"https:\\\/\\\/www.cavallcartro.cat\\\/escoles\\\/llim-espigol-sant-pere-de-ribes\\\/2020\\\/02\\\/13\\\/benvingudes-llar-infants-espigol-sant-pere-ribes\\\/\"},\"author\":{\"name\":\"cgarcia\",\"@id\":\"https:\\\/\\\/www.cavallcartro.cat\\\/escoles\\\/llim-espigol-sant-pere-de-ribes\\\/#\\\/schema\\\/person\\\/3b972af5d9eab406fc74cf186c32899f\"},\"headline\":\"Fam\u00edlies, benvingudes a la Llar d&#8217;Infants L&#8217;Esp\u00edgol!\",\"datePublished\":\"2020-02-13T09:59:05+00:00\",\"dateModified\":\"2020-05-08T16:54:51+00:00\",\"mainEntityOfPage\":{\"@id\":\"https:\\\/\\\/www.cavallcartro.cat\\\/escoles\\\/llim-espigol-sant-pere-de-ribes\\\/2020\\\/02\\\/13\\\/benvingudes-llar-infants-espigol-sant-pere-ribes\\\/\"},\"wordCount\":260,\"image\":{\"@id\":\"https:\\\/\\\/www.cavallcartro.cat\\\/escoles\\\/llim-espigol-sant-pere-de-ribes\\\/2020\\\/02\\\/13\\\/benvingudes-llar-infants-espigol-sant-pere-ribes\\\/#primaryimage\"},\"thumbnailUrl\":\"https:\\\/\\\/www.cavallcartro.cat\\\/escoles\\\/llim-espigol-sant-pere-de-ribes\\\/wp-content\\\/uploads\\\/sites\\\/33\\\/2020\\\/01\\\/llim-espigol-sant-pere-de-ribes-pati-petit.jpg\",\"keywords\":[\"escola bressol\",\"llar d'infants\",\"Sant Pere de Ribes\"],\"articleSection\":[\"Jornades\"],\"inLanguage\":\"ca\"},{\"@type\":\"WebPage\",\"@id\":\"https:\\\/\\\/www.cavallcartro.cat\\\/escoles\\\/llim-espigol-sant-pere-de-ribes\\\/2020\\\/02\\\/13\\\/benvingudes-llar-infants-espigol-sant-pere-ribes\\\/\",\"url\":\"https:\\\/\\\/www.cavallcartro.cat\\\/escoles\\\/llim-espigol-sant-pere-de-ribes\\\/2020\\\/02\\\/13\\\/benvingudes-llar-infants-espigol-sant-pere-ribes\\\/\",\"name\":\"Fam\u00edlies, benvingudes a la Llar d'Infants L'Esp\u00edgol! - LLIM L&#039;ESP\u00cdGOL. Llar d&#039;Infants Municipal de Sant Pere de Ribes\",\"isPartOf\":{\"@id\":\"https:\\\/\\\/www.cavallcartro.cat\\\/escoles\\\/llim-espigol-sant-pere-de-ribes\\\/#website\"},\"primaryImageOfPage\":{\"@id\":\"https:\\\/\\\/www.cavallcartro.cat\\\/escoles\\\/llim-espigol-sant-pere-de-ribes\\\/2020\\\/02\\\/13\\\/benvingudes-llar-infants-espigol-sant-pere-ribes\\\/#primaryimage\"},\"image\":{\"@id\":\"https:\\\/\\\/www.cavallcartro.cat\\\/escoles\\\/llim-espigol-sant-pere-de-ribes\\\/2020\\\/02\\\/13\\\/benvingudes-llar-infants-espigol-sant-pere-ribes\\\/#primaryimage\"},\"thumbnailUrl\":\"https:\\\/\\\/www.cavallcartro.cat\\\/escoles\\\/llim-espigol-sant-pere-de-ribes\\\/wp-content\\\/uploads\\\/sites\\\/33\\\/2020\\\/01\\\/llim-espigol-sant-pere-de-ribes-pati-petit.jpg\",\"datePublished\":\"2020-02-13T09:59:05+00:00\",\"dateModified\":\"2020-05-08T16:54:51+00:00\",\"author\":{\"@id\":\"https:\\\/\\\/www.cavallcartro.cat\\\/escoles\\\/llim-espigol-sant-pere-de-ribes\\\/#\\\/schema\\\/person\\\/3b972af5d9eab406fc74cf186c32899f\"},\"description\":\"La nostra metodologia est\u00e0 basada en la descoberta i l\u2019experimentaci\u00f3, essent\u00a0l\u2019infant el protagonista actiu dels seus aprenentatges\",\"breadcrumb\":{\"@id\":\"https:\\\/\\\/www.cavallcartro.cat\\\/escoles\\\/llim-espigol-sant-pere-de-ribes\\\/2020\\\/02\\\/13\\\/benvingudes-llar-infants-espigol-sant-pere-ribes\\\/#breadcrumb\"},\"inLanguage\":\"ca\",\"potentialAction\":[{\"@type\":\"ReadAction\",\"target\":[\"https:\\\/\\\/www.cavallcartro.cat\\\/escoles\\\/llim-espigol-sant-pere-de-ribes\\\/2020\\\/02\\\/13\\\/benvingudes-llar-infants-espigol-sant-pere-ribes\\\/\"]}]},{\"@type\":\"ImageObject\",\"inLanguage\":\"ca\",\"@id\":\"https:\\\/\\\/www.cavallcartro.cat\\\/escoles\\\/llim-espigol-sant-pere-de-ribes\\\/2020\\\/02\\\/13\\\/benvingudes-llar-infants-espigol-sant-pere-ribes\\\/#primaryimage\",\"url\":\"https:\\\/\\\/www.cavallcartro.cat\\\/escoles\\\/llim-espigol-sant-pere-de-ribes\\\/wp-content\\\/uploads\\\/sites\\\/33\\\/2020\\\/01\\\/llim-espigol-sant-pere-de-ribes-pati-petit.jpg\",\"contentUrl\":\"https:\\\/\\\/www.cavallcartro.cat\\\/escoles\\\/llim-espigol-sant-pere-de-ribes\\\/wp-content\\\/uploads\\\/sites\\\/33\\\/2020\\\/01\\\/llim-espigol-sant-pere-de-ribes-pati-petit.jpg\",\"width\":1920,\"height\":1458},{\"@type\":\"BreadcrumbList\",\"@id\":\"https:\\\/\\\/www.cavallcartro.cat\\\/escoles\\\/llim-espigol-sant-pere-de-ribes\\\/2020\\\/02\\\/13\\\/benvingudes-llar-infants-espigol-sant-pere-ribes\\\/#breadcrumb\",\"itemListElement\":[{\"@type\":\"ListItem\",\"position\":1,\"name\":\"Portada\",\"item\":\"https:\\\/\\\/www.cavallcartro.cat\\\/escoles\\\/llim-espigol-sant-pere-de-ribes\\\/\"},{\"@type\":\"ListItem\",\"position\":2,\"name\":\"Fam\u00edlies, benvingudes a la Llar d&#8217;Infants L&#8217;Esp\u00edgol!\"}]},{\"@type\":\"WebSite\",\"@id\":\"https:\\\/\\\/www.cavallcartro.cat\\\/escoles\\\/llim-espigol-sant-pere-de-ribes\\\/#website\",\"url\":\"https:\\\/\\\/www.cavallcartro.cat\\\/escoles\\\/llim-espigol-sant-pere-de-ribes\\\/\",\"name\":\"LLIM L&#039;ESP\u00cdGOL. Llar d&#039;Infants Municipal de Sant Pere de Ribes\",\"description\":\"Llar d&#039;Infants Municipal L&#039;Esp\u00edgol, de Sant Pere de Ribes. Creem espais i situacions on l&#039;infant se senti c\u00f2mode per a desenvolupar les seves capacitats.\",\"potentialAction\":[{\"@type\":\"SearchAction\",\"target\":{\"@type\":\"EntryPoint\",\"urlTemplate\":\"https:\\\/\\\/www.cavallcartro.cat\\\/escoles\\\/llim-espigol-sant-pere-de-ribes\\\/?s={search_term_string}\"},\"query-input\":{\"@type\":\"PropertyValueSpecification\",\"valueRequired\":true,\"valueName\":\"search_term_string\"}}],\"inLanguage\":\"ca\"},{\"@type\":\"Person\",\"@id\":\"https:\\\/\\\/www.cavallcartro.cat\\\/escoles\\\/llim-espigol-sant-pere-de-ribes\\\/#\\\/schema\\\/person\\\/3b972af5d9eab406fc74cf186c32899f\",\"name\":\"cgarcia\",\"image\":{\"@type\":\"ImageObject\",\"inLanguage\":\"ca\",\"@id\":\"https:\\\/\\\/secure.gravatar.com\\\/avatar\\\/cf7263ded1f97b93114eb056f8fea7536baf333e4c3fd57b7df620fca6f6840d?s=96&d=mm&r=g\",\"url\":\"https:\\\/\\\/secure.gravatar.com\\\/avatar\\\/cf7263ded1f97b93114eb056f8fea7536baf333e4c3fd57b7df620fca6f6840d?s=96&d=mm&r=g\",\"contentUrl\":\"https:\\\/\\\/secure.gravatar.com\\\/avatar\\\/cf7263ded1f97b93114eb056f8fea7536baf333e4c3fd57b7df620fca6f6840d?s=96&d=mm&r=g\",\"caption\":\"cgarcia\"},\"url\":\"https:\\\/\\\/www.cavallcartro.cat\\\/escoles\\\/llim-espigol-sant-pere-de-ribes\\\/author\\\/cgarcia\\\/\"}]}<\/script>\n<!-- \/ Yoast SEO plugin. -->","yoast_head_json":{"title":"Fam\u00edlies, benvingudes a la Llar d'Infants L'Esp\u00edgol! - LLIM L&#039;ESP\u00cdGOL. Llar d&#039;Infants Municipal de Sant Pere de Ribes","description":"La nostra metodologia est\u00e0 basada en la descoberta i l\u2019experimentaci\u00f3, essent\u00a0l\u2019infant el protagonista actiu dels seus aprenentatges","robots":{"index":"index","follow":"follow","max-snippet":"max-snippet:-1","max-image-preview":"max-image-preview:large","max-video-preview":"max-video-preview:-1"},"canonical":"https:\/\/www.cavallcartro.cat\/escoles\/llim-espigol-sant-pere-de-ribes\/2020\/02\/13\/benvingudes-llar-infants-espigol-sant-pere-ribes\/","og_locale":"ca_ES","og_type":"article","og_title":"Fam\u00edlies, benvingudes a la Llar d'Infants L'Esp\u00edgol! - LLIM L&#039;ESP\u00cdGOL. Llar d&#039;Infants Municipal de Sant Pere de Ribes","og_description":"La nostra metodologia est\u00e0 basada en la descoberta i l\u2019experimentaci\u00f3, essent\u00a0l\u2019infant el protagonista actiu dels seus aprenentatges","og_url":"https:\/\/www.cavallcartro.cat\/escoles\/llim-espigol-sant-pere-de-ribes\/2020\/02\/13\/benvingudes-llar-infants-espigol-sant-pere-ribes\/","og_site_name":"LLIM L&#039;ESP\u00cdGOL. Llar d&#039;Infants Municipal de Sant Pere de Ribes","article_published_time":"2020-02-13T09:59:05+00:00","article_modified_time":"2020-05-08T16:54:51+00:00","og_image":[{"width":1920,"height":1458,"url":"https:\/\/www.cavallcartro.cat\/escoles\/llim-espigol-sant-pere-de-ribes\/wp-content\/uploads\/sites\/33\/2020\/01\/llim-espigol-sant-pere-de-ribes-pati-petit.jpg","type":"image\/jpeg"}],"author":"cgarcia","twitter_card":"summary_large_image","twitter_misc":{"Escrit per":"cgarcia","Temps estimat de lectura":"1 minut"},"schema":{"@context":"https:\/\/schema.org","@graph":[{"@type":"Article","@id":"https:\/\/www.cavallcartro.cat\/escoles\/llim-espigol-sant-pere-de-ribes\/2020\/02\/13\/benvingudes-llar-infants-espigol-sant-pere-ribes\/#article","isPartOf":{"@id":"https:\/\/www.cavallcartro.cat\/escoles\/llim-espigol-sant-pere-de-ribes\/2020\/02\/13\/benvingudes-llar-infants-espigol-sant-pere-ribes\/"},"author":{"name":"cgarcia","@id":"https:\/\/www.cavallcartro.cat\/escoles\/llim-espigol-sant-pere-de-ribes\/#\/schema\/person\/3b972af5d9eab406fc74cf186c32899f"},"headline":"Fam\u00edlies, benvingudes a la Llar d&#8217;Infants L&#8217;Esp\u00edgol!","datePublished":"2020-02-13T09:59:05+00:00","dateModified":"2020-05-08T16:54:51+00:00","mainEntityOfPage":{"@id":"https:\/\/www.cavallcartro.cat\/escoles\/llim-espigol-sant-pere-de-ribes\/2020\/02\/13\/benvingudes-llar-infants-espigol-sant-pere-ribes\/"},"wordCount":260,"image":{"@id":"https:\/\/www.cavallcartro.cat\/escoles\/llim-espigol-sant-pere-de-ribes\/2020\/02\/13\/benvingudes-llar-infants-espigol-sant-pere-ribes\/#primaryimage"},"thumbnailUrl":"https:\/\/www.cavallcartro.cat\/escoles\/llim-espigol-sant-pere-de-ribes\/wp-content\/uploads\/sites\/33\/2020\/01\/llim-espigol-sant-pere-de-ribes-pati-petit.jpg","keywords":["escola bressol","llar d'infants","Sant Pere de Ribes"],"articleSection":["Jornades"],"inLanguage":"ca"},{"@type":"WebPage","@id":"https:\/\/www.cavallcartro.cat\/escoles\/llim-espigol-sant-pere-de-ribes\/2020\/02\/13\/benvingudes-llar-infants-espigol-sant-pere-ribes\/","url":"https:\/\/www.cavallcartro.cat\/escoles\/llim-espigol-sant-pere-de-ribes\/2020\/02\/13\/benvingudes-llar-infants-espigol-sant-pere-ribes\/","name":"Fam\u00edlies, benvingudes a la Llar d'Infants L'Esp\u00edgol! - LLIM L&#039;ESP\u00cdGOL. Llar d&#039;Infants Municipal de Sant Pere de Ribes","isPartOf":{"@id":"https:\/\/www.cavallcartro.cat\/escoles\/llim-espigol-sant-pere-de-ribes\/#website"},"primaryImageOfPage":{"@id":"https:\/\/www.cavallcartro.cat\/escoles\/llim-espigol-sant-pere-de-ribes\/2020\/02\/13\/benvingudes-llar-infants-espigol-sant-pere-ribes\/#primaryimage"},"image":{"@id":"https:\/\/www.cavallcartro.cat\/escoles\/llim-espigol-sant-pere-de-ribes\/2020\/02\/13\/benvingudes-llar-infants-espigol-sant-pere-ribes\/#primaryimage"},"thumbnailUrl":"https:\/\/www.cavallcartro.cat\/escoles\/llim-espigol-sant-pere-de-ribes\/wp-content\/uploads\/sites\/33\/2020\/01\/llim-espigol-sant-pere-de-ribes-pati-petit.jpg","datePublished":"2020-02-13T09:59:05+00:00","dateModified":"2020-05-08T16:54:51+00:00","author":{"@id":"https:\/\/www.cavallcartro.cat\/escoles\/llim-espigol-sant-pere-de-ribes\/#\/schema\/person\/3b972af5d9eab406fc74cf186c32899f"},"description":"La nostra metodologia est\u00e0 basada en la descoberta i l\u2019experimentaci\u00f3, essent\u00a0l\u2019infant el protagonista actiu dels seus aprenentatges","breadcrumb":{"@id":"https:\/\/www.cavallcartro.cat\/escoles\/llim-espigol-sant-pere-de-ribes\/2020\/02\/13\/benvingudes-llar-infants-espigol-sant-pere-ribes\/#breadcrumb"},"inLanguage":"ca","potentialAction":[{"@type":"ReadAction","target":["https:\/\/www.cavallcartro.cat\/escoles\/llim-espigol-sant-pere-de-ribes\/2020\/02\/13\/benvingudes-llar-infants-espigol-sant-pere-ribes\/"]}]},{"@type":"ImageObject","inLanguage":"ca","@id":"https:\/\/www.cavallcartro.cat\/escoles\/llim-espigol-sant-pere-de-ribes\/2020\/02\/13\/benvingudes-llar-infants-espigol-sant-pere-ribes\/#primaryimage","url":"https:\/\/www.cavallcartro.cat\/escoles\/llim-espigol-sant-pere-de-ribes\/wp-content\/uploads\/sites\/33\/2020\/01\/llim-espigol-sant-pere-de-ribes-pati-petit.jpg","contentUrl":"https:\/\/www.cavallcartro.cat\/escoles\/llim-espigol-sant-pere-de-ribes\/wp-content\/uploads\/sites\/33\/2020\/01\/llim-espigol-sant-pere-de-ribes-pati-petit.jpg","width":1920,"height":1458},{"@type":"BreadcrumbList","@id":"https:\/\/www.cavallcartro.cat\/escoles\/llim-espigol-sant-pere-de-ribes\/2020\/02\/13\/benvingudes-llar-infants-espigol-sant-pere-ribes\/#breadcrumb","itemListElement":[{"@type":"ListItem","position":1,"name":"Portada","item":"https:\/\/www.cavallcartro.cat\/escoles\/llim-espigol-sant-pere-de-ribes\/"},{"@type":"ListItem","position":2,"name":"Fam\u00edlies, benvingudes a la Llar d&#8217;Infants L&#8217;Esp\u00edgol!"}]},{"@type":"WebSite","@id":"https:\/\/www.cavallcartro.cat\/escoles\/llim-espigol-sant-pere-de-ribes\/#website","url":"https:\/\/www.cavallcartro.cat\/escoles\/llim-espigol-sant-pere-de-ribes\/","name":"LLIM L&#039;ESP\u00cdGOL. Llar d&#039;Infants Municipal de Sant Pere de Ribes","description":"Llar d&#039;Infants Municipal L&#039;Esp\u00edgol, de Sant Pere de Ribes. Creem espais i situacions on l&#039;infant se senti c\u00f2mode per a desenvolupar les seves capacitats.","potentialAction":[{"@type":"SearchAction","target":{"@type":"EntryPoint","urlTemplate":"https:\/\/www.cavallcartro.cat\/escoles\/llim-espigol-sant-pere-de-ribes\/?s={search_term_string}"},"query-input":{"@type":"PropertyValueSpecification","valueRequired":true,"valueName":"search_term_string"}}],"inLanguage":"ca"},{"@type":"Person","@id":"https:\/\/www.cavallcartro.cat\/escoles\/llim-espigol-sant-pere-de-ribes\/#\/schema\/person\/3b972af5d9eab406fc74cf186c32899f","name":"cgarcia","image":{"@type":"ImageObject","inLanguage":"ca","@id":"https:\/\/secure.gravatar.com\/avatar\/cf7263ded1f97b93114eb056f8fea7536baf333e4c3fd57b7df620fca6f6840d?s=96&d=mm&r=g","url":"https:\/\/secure.gravatar.com\/avatar\/cf7263ded1f97b93114eb056f8fea7536baf333e4c3fd57b7df620fca6f6840d?s=96&d=mm&r=g","contentUrl":"https:\/\/secure.gravatar.com\/avatar\/cf7263ded1f97b93114eb056f8fea7536baf333e4c3fd57b7df620fca6f6840d?s=96&d=mm&r=g","caption":"cgarcia"},"url":"https:\/\/www.cavallcartro.cat\/escoles\/llim-espigol-sant-pere-de-ribes\/author\/cgarcia\/"}]}},"_links":{"self":[{"href":"https:\/\/www.cavallcartro.cat\/escoles\/llim-espigol-sant-pere-de-ribes\/wp-json\/wp\/v2\/posts\/140","targetHints":{"allow":["GET"]}}],"collection":[{"href":"https:\/\/www.cavallcartro.cat\/escoles\/llim-espigol-sant-pere-de-ribes\/wp-json\/wp\/v2\/posts"}],"about":[{"href":"https:\/\/www.cavallcartro.cat\/escoles\/llim-espigol-sant-pere-de-ribes\/wp-json\/wp\/v2\/types\/post"}],"author":[{"embeddable":true,"href":"https:\/\/www.cavallcartro.cat\/escoles\/llim-espigol-sant-pere-de-ribes\/wp-json\/wp\/v2\/users\/1"}],"replies":[{"embeddable":true,"href":"https:\/\/www.cavallcartro.cat\/escoles\/llim-espigol-sant-pere-de-ribes\/wp-json\/wp\/v2\/comments?post=140"}],"version-history":[{"count":3,"href":"https:\/\/www.cavallcartro.cat\/escoles\/llim-espigol-sant-pere-de-ribes\/wp-json\/wp\/v2\/posts\/140\/revisions"}],"predecessor-version":[{"id":171,"href":"https:\/\/www.cavallcartro.cat\/escoles\/llim-espigol-sant-pere-de-ribes\/wp-json\/wp\/v2\/posts\/140\/revisions\/171"}],"wp:featuredmedia":[{"embeddable":true,"href":"https:\/\/www.cavallcartro.cat\/escoles\/llim-espigol-sant-pere-de-ribes\/wp-json\/wp\/v2\/media\/105"}],"wp:attachment":[{"href":"https:\/\/www.cavallcartro.cat\/escoles\/llim-espigol-sant-pere-de-ribes\/wp-json\/wp\/v2\/media?parent=140"}],"wp:term":[{"taxonomy":"category","embeddable":true,"href":"https:\/\/www.cavallcartro.cat\/escoles\/llim-espigol-sant-pere-de-ribes\/wp-json\/wp\/v2\/categories?post=140"},{"taxonomy":"post_tag","embeddable":true,"href":"https:\/\/www.cavallcartro.cat\/escoles\/llim-espigol-sant-pere-de-ribes\/wp-json\/wp\/v2\/tags?post=140"}],"curies":[{"name":"wp","href":"https:\/\/api.w.org\/{rel}","templated":true}]}}