{"id":1876,"date":"2021-05-03T09:56:59","date_gmt":"2021-05-03T09:56:59","guid":{"rendered":"http:\/\/www.cavallcartro.cat\/escoles\/llim-el-cargol\/?p=1876"},"modified":"2021-05-03T09:59:10","modified_gmt":"2021-05-03T09:59:10","slug":"video-portes-obertes-llim-el-cargol","status":"publish","type":"post","link":"https:\/\/www.cavallcartro.cat\/escoles\/llim-el-cargol\/2021\/05\/03\/video-portes-obertes-llim-el-cargol\/","title":{"rendered":"V\u00cdDEO PORTES OBERTES LLIM EL CARGOL 2021-2022"},"content":{"rendered":"<p>FAM\u00cdLIES, ENS VOLEU CON\u00c8IXER? US CONVIDEM A FER UN TOUR VIRTUAL PER L&#8217;ESCOLA!<\/p>\n<p><a href=\"https:\/\/www.youtube.com\/watch?v=pyYQmufSep4\">CLIQUEU AQU\u00cd!<\/a><\/p>\n","protected":false},"excerpt":{"rendered":"<p>FAM\u00cdLIES, ENS VOLEU CON\u00c8IXER? US CONVIDEM A FER UN TOUR VIRTUAL PER L&#8217;ESCOLA! CLIQUEU AQU\u00cd!<\/p>\n","protected":false},"author":22,"featured_media":0,"comment_status":"closed","ping_status":"closed","sticky":false,"template":"","format":"standard","meta":{"footnotes":""},"categories":[1],"tags":[],"class_list":["post-1876","post","type-post","status-publish","format-standard","hentry","category-sin-categoria"],"yoast_head":"<!-- This site is optimized with the Yoast SEO plugin v27.5 - https:\/\/yoast.com\/product\/yoast-seo-wordpress\/ -->\n<title>V\u00cdDEO PORTES OBERTES LLIM EL CARGOL 2021-2022 - LLIM EL CARGOL. Llar d&#039;infants municipal de Sant Pere de Ribes<\/title>\n<meta name=\"robots\" content=\"index, follow, max-snippet:-1, max-image-preview:large, max-video-preview:-1\" \/>\n<link rel=\"canonical\" href=\"https:\/\/www.cavallcartro.cat\/escoles\/llim-el-cargol\/2021\/05\/03\/video-portes-obertes-llim-el-cargol\/\" \/>\n<meta property=\"og:locale\" content=\"ca_ES\" \/>\n<meta property=\"og:type\" content=\"article\" \/>\n<meta property=\"og:title\" content=\"V\u00cdDEO PORTES OBERTES LLIM EL CARGOL 2021-2022 - LLIM EL CARGOL. Llar d&#039;infants municipal de Sant Pere de Ribes\" \/>\n<meta property=\"og:description\" content=\"FAM\u00cdLIES, ENS VOLEU CON\u00c8IXER? US CONVIDEM A FER UN TOUR VIRTUAL PER L&#8217;ESCOLA! CLIQUEU AQU\u00cd!\" \/>\n<meta property=\"og:url\" content=\"https:\/\/www.cavallcartro.cat\/escoles\/llim-el-cargol\/2021\/05\/03\/video-portes-obertes-llim-el-cargol\/\" \/>\n<meta property=\"og:site_name\" content=\"LLIM EL CARGOL. Llar d&#039;infants municipal de Sant Pere de Ribes\" \/>\n<meta property=\"article:publisher\" content=\"https:\/\/facebook.com\/cavallcartroedu\" \/>\n<meta property=\"article:published_time\" content=\"2021-05-03T09:56:59+00:00\" \/>\n<meta property=\"article:modified_time\" content=\"2021-05-03T09:59:10+00:00\" \/>\n<meta name=\"author\" content=\"elcargol\" \/>\n<meta name=\"twitter:card\" content=\"summary_large_image\" \/>\n<meta name=\"twitter:creator\" content=\"@cavallcartroedu\" \/>\n<meta name=\"twitter:site\" content=\"@cavallcartroedu\" \/>\n<meta name=\"twitter:label1\" content=\"Escrit per\" \/>\n\t<meta name=\"twitter:data1\" content=\"elcargol\" \/>\n<script type=\"application\/ld+json\" class=\"yoast-schema-graph\">{\"@context\":\"https:\\\/\\\/schema.org\",\"@graph\":[{\"@type\":\"Article\",\"@id\":\"https:\\\/\\\/www.cavallcartro.cat\\\/escoles\\\/llim-el-cargol\\\/2021\\\/05\\\/03\\\/video-portes-obertes-llim-el-cargol\\\/#article\",\"isPartOf\":{\"@id\":\"https:\\\/\\\/www.cavallcartro.cat\\\/escoles\\\/llim-el-cargol\\\/2021\\\/05\\\/03\\\/video-portes-obertes-llim-el-cargol\\\/\"},\"author\":{\"name\":\"elcargol\",\"@id\":\"https:\\\/\\\/www.cavallcartro.cat\\\/escoles\\\/llim-el-cargol\\\/#\\\/schema\\\/person\\\/b586d2103b445bec21ec63b6bb77d935\"},\"headline\":\"V\u00cdDEO PORTES OBERTES LLIM EL CARGOL 2021-2022\",\"datePublished\":\"2021-05-03T09:56:59+00:00\",\"dateModified\":\"2021-05-03T09:59:10+00:00\",\"mainEntityOfPage\":{\"@id\":\"https:\\\/\\\/www.cavallcartro.cat\\\/escoles\\\/llim-el-cargol\\\/2021\\\/05\\\/03\\\/video-portes-obertes-llim-el-cargol\\\/\"},\"wordCount\":26,\"publisher\":{\"@id\":\"https:\\\/\\\/www.cavallcartro.cat\\\/escoles\\\/llim-el-cargol\\\/#organization\"},\"articleSection\":[\"Sin categor\u00eda\"],\"inLanguage\":\"ca\"},{\"@type\":\"WebPage\",\"@id\":\"https:\\\/\\\/www.cavallcartro.cat\\\/escoles\\\/llim-el-cargol\\\/2021\\\/05\\\/03\\\/video-portes-obertes-llim-el-cargol\\\/\",\"url\":\"https:\\\/\\\/www.cavallcartro.cat\\\/escoles\\\/llim-el-cargol\\\/2021\\\/05\\\/03\\\/video-portes-obertes-llim-el-cargol\\\/\",\"name\":\"V\u00cdDEO PORTES OBERTES LLIM EL CARGOL 2021-2022 - LLIM EL CARGOL. Llar d&#039;infants municipal de Sant Pere de Ribes\",\"isPartOf\":{\"@id\":\"https:\\\/\\\/www.cavallcartro.cat\\\/escoles\\\/llim-el-cargol\\\/#website\"},\"datePublished\":\"2021-05-03T09:56:59+00:00\",\"dateModified\":\"2021-05-03T09:59:10+00:00\",\"breadcrumb\":{\"@id\":\"https:\\\/\\\/www.cavallcartro.cat\\\/escoles\\\/llim-el-cargol\\\/2021\\\/05\\\/03\\\/video-portes-obertes-llim-el-cargol\\\/#breadcrumb\"},\"inLanguage\":\"ca\",\"potentialAction\":[{\"@type\":\"ReadAction\",\"target\":[\"https:\\\/\\\/www.cavallcartro.cat\\\/escoles\\\/llim-el-cargol\\\/2021\\\/05\\\/03\\\/video-portes-obertes-llim-el-cargol\\\/\"]}]},{\"@type\":\"BreadcrumbList\",\"@id\":\"https:\\\/\\\/www.cavallcartro.cat\\\/escoles\\\/llim-el-cargol\\\/2021\\\/05\\\/03\\\/video-portes-obertes-llim-el-cargol\\\/#breadcrumb\",\"itemListElement\":[{\"@type\":\"ListItem\",\"position\":1,\"name\":\"Portada\",\"item\":\"https:\\\/\\\/www.cavallcartro.cat\\\/escoles\\\/llim-el-cargol\\\/\"},{\"@type\":\"ListItem\",\"position\":2,\"name\":\"V\u00cdDEO PORTES OBERTES LLIM EL CARGOL 2021-2022\"}]},{\"@type\":\"WebSite\",\"@id\":\"https:\\\/\\\/www.cavallcartro.cat\\\/escoles\\\/llim-el-cargol\\\/#website\",\"url\":\"https:\\\/\\\/www.cavallcartro.cat\\\/escoles\\\/llim-el-cargol\\\/\",\"name\":\"LLIM EL CARGOL. Llar d'infants municipal de Sant Pere de Ribes\",\"description\":\"Escola bressol municipal de Sant Pere de Ribes. El nostre projecte educatiu aix\u00ed com la masia que ens acull faciliten l&#039;acompanyament dels infants en la descoberta, l&#039;aprenentatge i l&#039;autonomia.\",\"publisher\":{\"@id\":\"https:\\\/\\\/www.cavallcartro.cat\\\/escoles\\\/llim-el-cargol\\\/#organization\"},\"potentialAction\":[{\"@type\":\"SearchAction\",\"target\":{\"@type\":\"EntryPoint\",\"urlTemplate\":\"https:\\\/\\\/www.cavallcartro.cat\\\/escoles\\\/llim-el-cargol\\\/?s={search_term_string}\"},\"query-input\":{\"@type\":\"PropertyValueSpecification\",\"valueRequired\":true,\"valueName\":\"search_term_string\"}}],\"inLanguage\":\"ca\"},{\"@type\":\"Organization\",\"@id\":\"https:\\\/\\\/www.cavallcartro.cat\\\/escoles\\\/llim-el-cargol\\\/#organization\",\"name\":\"LLIM EL CARGOL. Llar d'infants municipal de Sant Pere de Ribes\",\"url\":\"https:\\\/\\\/www.cavallcartro.cat\\\/escoles\\\/llim-el-cargol\\\/\",\"logo\":{\"@type\":\"ImageObject\",\"inLanguage\":\"ca\",\"@id\":\"https:\\\/\\\/www.cavallcartro.cat\\\/escoles\\\/llim-el-cargol\\\/#\\\/schema\\\/logo\\\/image\\\/\",\"url\":\"https:\\\/\\\/www.cavallcartro.cat\\\/escoles\\\/llim-el-cargol\\\/wp-content\\\/uploads\\\/sites\\\/29\\\/2024\\\/03\\\/Logo-Llar-dinfants-Municipal-El-Cargol-de-Sant-Pere-de-Ribes.jpg\",\"contentUrl\":\"https:\\\/\\\/www.cavallcartro.cat\\\/escoles\\\/llim-el-cargol\\\/wp-content\\\/uploads\\\/sites\\\/29\\\/2024\\\/03\\\/Logo-Llar-dinfants-Municipal-El-Cargol-de-Sant-Pere-de-Ribes.jpg\",\"width\":398,\"height\":356,\"caption\":\"LLIM EL CARGOL. Llar d'infants municipal de Sant Pere de Ribes\"},\"image\":{\"@id\":\"https:\\\/\\\/www.cavallcartro.cat\\\/escoles\\\/llim-el-cargol\\\/#\\\/schema\\\/logo\\\/image\\\/\"},\"sameAs\":[\"https:\\\/\\\/facebook.com\\\/cavallcartroedu\",\"https:\\\/\\\/x.com\\\/cavallcartroedu\"]},{\"@type\":\"Person\",\"@id\":\"https:\\\/\\\/www.cavallcartro.cat\\\/escoles\\\/llim-el-cargol\\\/#\\\/schema\\\/person\\\/b586d2103b445bec21ec63b6bb77d935\",\"name\":\"elcargol\",\"image\":{\"@type\":\"ImageObject\",\"inLanguage\":\"ca\",\"@id\":\"https:\\\/\\\/secure.gravatar.com\\\/avatar\\\/ac0cd03e5d1469d5a0a654d42390e050fe3d5ae8a90c55b23c2d6d0c2e5d482c?s=96&d=mm&r=g\",\"url\":\"https:\\\/\\\/secure.gravatar.com\\\/avatar\\\/ac0cd03e5d1469d5a0a654d42390e050fe3d5ae8a90c55b23c2d6d0c2e5d482c?s=96&d=mm&r=g\",\"contentUrl\":\"https:\\\/\\\/secure.gravatar.com\\\/avatar\\\/ac0cd03e5d1469d5a0a654d42390e050fe3d5ae8a90c55b23c2d6d0c2e5d482c?s=96&d=mm&r=g\",\"caption\":\"elcargol\"}}]}<\/script>\n<!-- \/ Yoast SEO plugin. -->","yoast_head_json":{"title":"V\u00cdDEO PORTES OBERTES LLIM EL CARGOL 2021-2022 - LLIM EL CARGOL. Llar d&#039;infants municipal de Sant Pere de Ribes","robots":{"index":"index","follow":"follow","max-snippet":"max-snippet:-1","max-image-preview":"max-image-preview:large","max-video-preview":"max-video-preview:-1"},"canonical":"https:\/\/www.cavallcartro.cat\/escoles\/llim-el-cargol\/2021\/05\/03\/video-portes-obertes-llim-el-cargol\/","og_locale":"ca_ES","og_type":"article","og_title":"V\u00cdDEO PORTES OBERTES LLIM EL CARGOL 2021-2022 - LLIM EL CARGOL. Llar d&#039;infants municipal de Sant Pere de Ribes","og_description":"FAM\u00cdLIES, ENS VOLEU CON\u00c8IXER? US CONVIDEM A FER UN TOUR VIRTUAL PER L&#8217;ESCOLA! CLIQUEU AQU\u00cd!","og_url":"https:\/\/www.cavallcartro.cat\/escoles\/llim-el-cargol\/2021\/05\/03\/video-portes-obertes-llim-el-cargol\/","og_site_name":"LLIM EL CARGOL. Llar d&#039;infants municipal de Sant Pere de Ribes","article_publisher":"https:\/\/facebook.com\/cavallcartroedu","article_published_time":"2021-05-03T09:56:59+00:00","article_modified_time":"2021-05-03T09:59:10+00:00","author":"elcargol","twitter_card":"summary_large_image","twitter_creator":"@cavallcartroedu","twitter_site":"@cavallcartroedu","twitter_misc":{"Escrit per":"elcargol"},"schema":{"@context":"https:\/\/schema.org","@graph":[{"@type":"Article","@id":"https:\/\/www.cavallcartro.cat\/escoles\/llim-el-cargol\/2021\/05\/03\/video-portes-obertes-llim-el-cargol\/#article","isPartOf":{"@id":"https:\/\/www.cavallcartro.cat\/escoles\/llim-el-cargol\/2021\/05\/03\/video-portes-obertes-llim-el-cargol\/"},"author":{"name":"elcargol","@id":"https:\/\/www.cavallcartro.cat\/escoles\/llim-el-cargol\/#\/schema\/person\/b586d2103b445bec21ec63b6bb77d935"},"headline":"V\u00cdDEO PORTES OBERTES LLIM EL CARGOL 2021-2022","datePublished":"2021-05-03T09:56:59+00:00","dateModified":"2021-05-03T09:59:10+00:00","mainEntityOfPage":{"@id":"https:\/\/www.cavallcartro.cat\/escoles\/llim-el-cargol\/2021\/05\/03\/video-portes-obertes-llim-el-cargol\/"},"wordCount":26,"publisher":{"@id":"https:\/\/www.cavallcartro.cat\/escoles\/llim-el-cargol\/#organization"},"articleSection":["Sin categor\u00eda"],"inLanguage":"ca"},{"@type":"WebPage","@id":"https:\/\/www.cavallcartro.cat\/escoles\/llim-el-cargol\/2021\/05\/03\/video-portes-obertes-llim-el-cargol\/","url":"https:\/\/www.cavallcartro.cat\/escoles\/llim-el-cargol\/2021\/05\/03\/video-portes-obertes-llim-el-cargol\/","name":"V\u00cdDEO PORTES OBERTES LLIM EL CARGOL 2021-2022 - LLIM EL CARGOL. Llar d&#039;infants municipal de Sant Pere de Ribes","isPartOf":{"@id":"https:\/\/www.cavallcartro.cat\/escoles\/llim-el-cargol\/#website"},"datePublished":"2021-05-03T09:56:59+00:00","dateModified":"2021-05-03T09:59:10+00:00","breadcrumb":{"@id":"https:\/\/www.cavallcartro.cat\/escoles\/llim-el-cargol\/2021\/05\/03\/video-portes-obertes-llim-el-cargol\/#breadcrumb"},"inLanguage":"ca","potentialAction":[{"@type":"ReadAction","target":["https:\/\/www.cavallcartro.cat\/escoles\/llim-el-cargol\/2021\/05\/03\/video-portes-obertes-llim-el-cargol\/"]}]},{"@type":"BreadcrumbList","@id":"https:\/\/www.cavallcartro.cat\/escoles\/llim-el-cargol\/2021\/05\/03\/video-portes-obertes-llim-el-cargol\/#breadcrumb","itemListElement":[{"@type":"ListItem","position":1,"name":"Portada","item":"https:\/\/www.cavallcartro.cat\/escoles\/llim-el-cargol\/"},{"@type":"ListItem","position":2,"name":"V\u00cdDEO PORTES OBERTES LLIM EL CARGOL 2021-2022"}]},{"@type":"WebSite","@id":"https:\/\/www.cavallcartro.cat\/escoles\/llim-el-cargol\/#website","url":"https:\/\/www.cavallcartro.cat\/escoles\/llim-el-cargol\/","name":"LLIM EL CARGOL. Llar d'infants municipal de Sant Pere de Ribes","description":"Escola bressol municipal de Sant Pere de Ribes. El nostre projecte educatiu aix\u00ed com la masia que ens acull faciliten l&#039;acompanyament dels infants en la descoberta, l&#039;aprenentatge i l&#039;autonomia.","publisher":{"@id":"https:\/\/www.cavallcartro.cat\/escoles\/llim-el-cargol\/#organization"},"potentialAction":[{"@type":"SearchAction","target":{"@type":"EntryPoint","urlTemplate":"https:\/\/www.cavallcartro.cat\/escoles\/llim-el-cargol\/?s={search_term_string}"},"query-input":{"@type":"PropertyValueSpecification","valueRequired":true,"valueName":"search_term_string"}}],"inLanguage":"ca"},{"@type":"Organization","@id":"https:\/\/www.cavallcartro.cat\/escoles\/llim-el-cargol\/#organization","name":"LLIM EL CARGOL. Llar d'infants municipal de Sant Pere de Ribes","url":"https:\/\/www.cavallcartro.cat\/escoles\/llim-el-cargol\/","logo":{"@type":"ImageObject","inLanguage":"ca","@id":"https:\/\/www.cavallcartro.cat\/escoles\/llim-el-cargol\/#\/schema\/logo\/image\/","url":"https:\/\/www.cavallcartro.cat\/escoles\/llim-el-cargol\/wp-content\/uploads\/sites\/29\/2024\/03\/Logo-Llar-dinfants-Municipal-El-Cargol-de-Sant-Pere-de-Ribes.jpg","contentUrl":"https:\/\/www.cavallcartro.cat\/escoles\/llim-el-cargol\/wp-content\/uploads\/sites\/29\/2024\/03\/Logo-Llar-dinfants-Municipal-El-Cargol-de-Sant-Pere-de-Ribes.jpg","width":398,"height":356,"caption":"LLIM EL CARGOL. Llar d'infants municipal de Sant Pere de Ribes"},"image":{"@id":"https:\/\/www.cavallcartro.cat\/escoles\/llim-el-cargol\/#\/schema\/logo\/image\/"},"sameAs":["https:\/\/facebook.com\/cavallcartroedu","https:\/\/x.com\/cavallcartroedu"]},{"@type":"Person","@id":"https:\/\/www.cavallcartro.cat\/escoles\/llim-el-cargol\/#\/schema\/person\/b586d2103b445bec21ec63b6bb77d935","name":"elcargol","image":{"@type":"ImageObject","inLanguage":"ca","@id":"https:\/\/secure.gravatar.com\/avatar\/ac0cd03e5d1469d5a0a654d42390e050fe3d5ae8a90c55b23c2d6d0c2e5d482c?s=96&d=mm&r=g","url":"https:\/\/secure.gravatar.com\/avatar\/ac0cd03e5d1469d5a0a654d42390e050fe3d5ae8a90c55b23c2d6d0c2e5d482c?s=96&d=mm&r=g","contentUrl":"https:\/\/secure.gravatar.com\/avatar\/ac0cd03e5d1469d5a0a654d42390e050fe3d5ae8a90c55b23c2d6d0c2e5d482c?s=96&d=mm&r=g","caption":"elcargol"}}]}},"_links":{"self":[{"href":"https:\/\/www.cavallcartro.cat\/escoles\/llim-el-cargol\/wp-json\/wp\/v2\/posts\/1876","targetHints":{"allow":["GET"]}}],"collection":[{"href":"https:\/\/www.cavallcartro.cat\/escoles\/llim-el-cargol\/wp-json\/wp\/v2\/posts"}],"about":[{"href":"https:\/\/www.cavallcartro.cat\/escoles\/llim-el-cargol\/wp-json\/wp\/v2\/types\/post"}],"author":[{"embeddable":true,"href":"https:\/\/www.cavallcartro.cat\/escoles\/llim-el-cargol\/wp-json\/wp\/v2\/users\/22"}],"replies":[{"embeddable":true,"href":"https:\/\/www.cavallcartro.cat\/escoles\/llim-el-cargol\/wp-json\/wp\/v2\/comments?post=1876"}],"version-history":[{"count":3,"href":"https:\/\/www.cavallcartro.cat\/escoles\/llim-el-cargol\/wp-json\/wp\/v2\/posts\/1876\/revisions"}],"predecessor-version":[{"id":1879,"href":"https:\/\/www.cavallcartro.cat\/escoles\/llim-el-cargol\/wp-json\/wp\/v2\/posts\/1876\/revisions\/1879"}],"wp:attachment":[{"href":"https:\/\/www.cavallcartro.cat\/escoles\/llim-el-cargol\/wp-json\/wp\/v2\/media?parent=1876"}],"wp:term":[{"taxonomy":"category","embeddable":true,"href":"https:\/\/www.cavallcartro.cat\/escoles\/llim-el-cargol\/wp-json\/wp\/v2\/categories?post=1876"},{"taxonomy":"post_tag","embeddable":true,"href":"https:\/\/www.cavallcartro.cat\/escoles\/llim-el-cargol\/wp-json\/wp\/v2\/tags?post=1876"}],"curies":[{"name":"wp","href":"https:\/\/api.w.org\/{rel}","templated":true}]}}