{"id":1,"name":"cgarcia","url":"","description":"","link":"https:\/\/www.cavallcartro.cat\/escoles\/llar-infants-esquirol\/author\/cgarcia\/","slug":"cgarcia","avatar_urls":{"24":"https:\/\/secure.gravatar.com\/avatar\/cf7263ded1f97b93114eb056f8fea7536baf333e4c3fd57b7df620fca6f6840d?s=24&d=mm&r=g","48":"https:\/\/secure.gravatar.com\/avatar\/cf7263ded1f97b93114eb056f8fea7536baf333e4c3fd57b7df620fca6f6840d?s=48&d=mm&r=g","96":"https:\/\/secure.gravatar.com\/avatar\/cf7263ded1f97b93114eb056f8fea7536baf333e4c3fd57b7df620fca6f6840d?s=96&d=mm&r=g"},"meta":[],"yoast_head":"<!-- This site is optimized with the Yoast SEO plugin v27.5 - https:\/\/yoast.com\/product\/yoast-seo-wordpress\/ -->\n<title>cgarcia, autor en Llars d&#039;Infants Municipals L&#039;Esquirol i Nou Esquirol de La Pobla de Mafumet<\/title>\n<meta name=\"robots\" content=\"index, follow, max-snippet:-1, max-image-preview:large, max-video-preview:-1\" \/>\n<link rel=\"canonical\" href=\"https:\/\/www.cavallcartro.cat\/escoles\/llar-infants-esquirol\/author\/cgarcia\/\" \/>\n<meta property=\"og:locale\" content=\"ca_ES\" \/>\n<meta property=\"og:type\" content=\"profile\" \/>\n<meta property=\"og:title\" content=\"cgarcia, autor en Llars d&#039;Infants Municipals L&#039;Esquirol i Nou Esquirol de La Pobla de Mafumet\" \/>\n<meta property=\"og:url\" content=\"https:\/\/www.cavallcartro.cat\/escoles\/llar-infants-esquirol\/author\/cgarcia\/\" \/>\n<meta property=\"og:site_name\" content=\"Llars d&#039;Infants Municipals L&#039;Esquirol i Nou Esquirol de La Pobla de Mafumet\" \/>\n<meta property=\"og:image\" content=\"https:\/\/secure.gravatar.com\/avatar\/f941b9f10e56d6df8bf1c9becc58f891?s=500&d=mm&r=g\" \/>\n<meta name=\"twitter:card\" content=\"summary_large_image\" \/>\n<meta name=\"twitter:site\" content=\"@cavallcartroedu\" \/>\n<script type=\"application\/ld+json\" class=\"yoast-schema-graph\">{\"@context\":\"https:\\\/\\\/schema.org\",\"@graph\":[{\"@type\":\"ProfilePage\",\"@id\":\"https:\\\/\\\/www.cavallcartro.cat\\\/escoles\\\/llar-infants-esquirol\\\/author\\\/cgarcia\\\/\",\"url\":\"https:\\\/\\\/www.cavallcartro.cat\\\/escoles\\\/llar-infants-esquirol\\\/author\\\/cgarcia\\\/\",\"name\":\"cgarcia, autor en Llars d&#039;Infants Municipals L&#039;Esquirol i Nou Esquirol de La Pobla de Mafumet\",\"isPartOf\":{\"@id\":\"https:\\\/\\\/www.cavallcartro.cat\\\/escoles\\\/llar-infants-esquirol\\\/#website\"},\"breadcrumb\":{\"@id\":\"https:\\\/\\\/www.cavallcartro.cat\\\/escoles\\\/llar-infants-esquirol\\\/author\\\/cgarcia\\\/#breadcrumb\"},\"inLanguage\":\"ca\",\"potentialAction\":[{\"@type\":\"ReadAction\",\"target\":[\"https:\\\/\\\/www.cavallcartro.cat\\\/escoles\\\/llar-infants-esquirol\\\/author\\\/cgarcia\\\/\"]}]},{\"@type\":\"BreadcrumbList\",\"@id\":\"https:\\\/\\\/www.cavallcartro.cat\\\/escoles\\\/llar-infants-esquirol\\\/author\\\/cgarcia\\\/#breadcrumb\",\"itemListElement\":[{\"@type\":\"ListItem\",\"position\":1,\"name\":\"Portada\",\"item\":\"https:\\\/\\\/www.cavallcartro.cat\\\/escoles\\\/llar-infants-esquirol\\\/\"},{\"@type\":\"ListItem\",\"position\":2,\"name\":\"Archivo de cgarcia\"}]},{\"@type\":\"WebSite\",\"@id\":\"https:\\\/\\\/www.cavallcartro.cat\\\/escoles\\\/llar-infants-esquirol\\\/#website\",\"url\":\"https:\\\/\\\/www.cavallcartro.cat\\\/escoles\\\/llar-infants-esquirol\\\/\",\"name\":\"Llars d'Infants Municipals Esquirol i Nou Esquirol de La Pobla de Mafumet\",\"description\":\"Les llars d&#039;infants municipals L&#039;Esquirol i Nou Esquirol, de La Pobla de Mafumet, al Tarragon\u00e8s, s\u00f3n espais on els infants s\u00f3n protagonistes\",\"publisher\":{\"@id\":\"https:\\\/\\\/www.cavallcartro.cat\\\/escoles\\\/llar-infants-esquirol\\\/#organization\"},\"potentialAction\":[{\"@type\":\"SearchAction\",\"target\":{\"@type\":\"EntryPoint\",\"urlTemplate\":\"https:\\\/\\\/www.cavallcartro.cat\\\/escoles\\\/llar-infants-esquirol\\\/?s={search_term_string}\"},\"query-input\":{\"@type\":\"PropertyValueSpecification\",\"valueRequired\":true,\"valueName\":\"search_term_string\"}}],\"inLanguage\":\"ca\"},{\"@type\":\"Organization\",\"@id\":\"https:\\\/\\\/www.cavallcartro.cat\\\/escoles\\\/llar-infants-esquirol\\\/#organization\",\"name\":\"Llars d'Infants Municipals Esquirol i Nou Esquirol de La Pobla de Mafumet\",\"url\":\"https:\\\/\\\/www.cavallcartro.cat\\\/escoles\\\/llar-infants-esquirol\\\/\",\"logo\":{\"@type\":\"ImageObject\",\"inLanguage\":\"ca\",\"@id\":\"https:\\\/\\\/www.cavallcartro.cat\\\/escoles\\\/llar-infants-esquirol\\\/#\\\/schema\\\/logo\\\/image\\\/\",\"url\":\"https:\\\/\\\/www.cavallcartro.cat\\\/escoles\\\/llar-infants-esquirol\\\/wp-content\\\/uploads\\\/sites\\\/43\\\/2023\\\/03\\\/Logo-Llar-Infants-Municipal-LEsquirol-La-Pobla-de-Mafumet.jpg\",\"contentUrl\":\"https:\\\/\\\/www.cavallcartro.cat\\\/escoles\\\/llar-infants-esquirol\\\/wp-content\\\/uploads\\\/sites\\\/43\\\/2023\\\/03\\\/Logo-Llar-Infants-Municipal-LEsquirol-La-Pobla-de-Mafumet.jpg\",\"width\":750,\"height\":472,\"caption\":\"Llars d'Infants Municipals Esquirol i Nou Esquirol de La Pobla de Mafumet\"},\"image\":{\"@id\":\"https:\\\/\\\/www.cavallcartro.cat\\\/escoles\\\/llar-infants-esquirol\\\/#\\\/schema\\\/logo\\\/image\\\/\"},\"sameAs\":[\"https:\\\/\\\/www.facebook.com\\\/cavallcartroedu\",\"https:\\\/\\\/x.com\\\/cavallcartroedu\",\"https:\\\/\\\/www.instagram.com\\\/cavallcartroedu\"]},{\"@type\":\"Person\",\"@id\":\"https:\\\/\\\/www.cavallcartro.cat\\\/escoles\\\/llar-infants-esquirol\\\/#\\\/schema\\\/person\\\/3b972af5d9eab406fc74cf186c32899f\",\"name\":\"cgarcia\",\"image\":{\"@type\":\"ImageObject\",\"inLanguage\":\"ca\",\"@id\":\"https:\\\/\\\/secure.gravatar.com\\\/avatar\\\/cf7263ded1f97b93114eb056f8fea7536baf333e4c3fd57b7df620fca6f6840d?s=96&d=mm&r=g\",\"url\":\"https:\\\/\\\/secure.gravatar.com\\\/avatar\\\/cf7263ded1f97b93114eb056f8fea7536baf333e4c3fd57b7df620fca6f6840d?s=96&d=mm&r=g\",\"contentUrl\":\"https:\\\/\\\/secure.gravatar.com\\\/avatar\\\/cf7263ded1f97b93114eb056f8fea7536baf333e4c3fd57b7df620fca6f6840d?s=96&d=mm&r=g\",\"caption\":\"cgarcia\"},\"mainEntityOfPage\":{\"@id\":\"https:\\\/\\\/www.cavallcartro.cat\\\/escoles\\\/llar-infants-esquirol\\\/author\\\/cgarcia\\\/\"}}]}<\/script>\n<!-- \/ Yoast SEO plugin. -->","yoast_head_json":{"title":"cgarcia, autor en Llars d&#039;Infants Municipals L&#039;Esquirol i Nou Esquirol de La Pobla de Mafumet","robots":{"index":"index","follow":"follow","max-snippet":"max-snippet:-1","max-image-preview":"max-image-preview:large","max-video-preview":"max-video-preview:-1"},"canonical":"https:\/\/www.cavallcartro.cat\/escoles\/llar-infants-esquirol\/author\/cgarcia\/","og_locale":"ca_ES","og_type":"profile","og_title":"cgarcia, autor en Llars d&#039;Infants Municipals L&#039;Esquirol i Nou Esquirol de La Pobla de Mafumet","og_url":"https:\/\/www.cavallcartro.cat\/escoles\/llar-infants-esquirol\/author\/cgarcia\/","og_site_name":"Llars d&#039;Infants Municipals L&#039;Esquirol i Nou Esquirol de La Pobla de Mafumet","og_image":[{"url":"https:\/\/secure.gravatar.com\/avatar\/f941b9f10e56d6df8bf1c9becc58f891?s=500&d=mm&r=g","type":"","width":"","height":""}],"twitter_card":"summary_large_image","twitter_site":"@cavallcartroedu","schema":{"@context":"https:\/\/schema.org","@graph":[{"@type":"ProfilePage","@id":"https:\/\/www.cavallcartro.cat\/escoles\/llar-infants-esquirol\/author\/cgarcia\/","url":"https:\/\/www.cavallcartro.cat\/escoles\/llar-infants-esquirol\/author\/cgarcia\/","name":"cgarcia, autor en Llars d&#039;Infants Municipals L&#039;Esquirol i Nou Esquirol de La Pobla de Mafumet","isPartOf":{"@id":"https:\/\/www.cavallcartro.cat\/escoles\/llar-infants-esquirol\/#website"},"breadcrumb":{"@id":"https:\/\/www.cavallcartro.cat\/escoles\/llar-infants-esquirol\/author\/cgarcia\/#breadcrumb"},"inLanguage":"ca","potentialAction":[{"@type":"ReadAction","target":["https:\/\/www.cavallcartro.cat\/escoles\/llar-infants-esquirol\/author\/cgarcia\/"]}]},{"@type":"BreadcrumbList","@id":"https:\/\/www.cavallcartro.cat\/escoles\/llar-infants-esquirol\/author\/cgarcia\/#breadcrumb","itemListElement":[{"@type":"ListItem","position":1,"name":"Portada","item":"https:\/\/www.cavallcartro.cat\/escoles\/llar-infants-esquirol\/"},{"@type":"ListItem","position":2,"name":"Archivo de cgarcia"}]},{"@type":"WebSite","@id":"https:\/\/www.cavallcartro.cat\/escoles\/llar-infants-esquirol\/#website","url":"https:\/\/www.cavallcartro.cat\/escoles\/llar-infants-esquirol\/","name":"Llars d'Infants Municipals Esquirol i Nou Esquirol de La Pobla de Mafumet","description":"Les llars d&#039;infants municipals L&#039;Esquirol i Nou Esquirol, de La Pobla de Mafumet, al Tarragon\u00e8s, s\u00f3n espais on els infants s\u00f3n protagonistes","publisher":{"@id":"https:\/\/www.cavallcartro.cat\/escoles\/llar-infants-esquirol\/#organization"},"potentialAction":[{"@type":"SearchAction","target":{"@type":"EntryPoint","urlTemplate":"https:\/\/www.cavallcartro.cat\/escoles\/llar-infants-esquirol\/?s={search_term_string}"},"query-input":{"@type":"PropertyValueSpecification","valueRequired":true,"valueName":"search_term_string"}}],"inLanguage":"ca"},{"@type":"Organization","@id":"https:\/\/www.cavallcartro.cat\/escoles\/llar-infants-esquirol\/#organization","name":"Llars d'Infants Municipals Esquirol i Nou Esquirol de La Pobla de Mafumet","url":"https:\/\/www.cavallcartro.cat\/escoles\/llar-infants-esquirol\/","logo":{"@type":"ImageObject","inLanguage":"ca","@id":"https:\/\/www.cavallcartro.cat\/escoles\/llar-infants-esquirol\/#\/schema\/logo\/image\/","url":"https:\/\/www.cavallcartro.cat\/escoles\/llar-infants-esquirol\/wp-content\/uploads\/sites\/43\/2023\/03\/Logo-Llar-Infants-Municipal-LEsquirol-La-Pobla-de-Mafumet.jpg","contentUrl":"https:\/\/www.cavallcartro.cat\/escoles\/llar-infants-esquirol\/wp-content\/uploads\/sites\/43\/2023\/03\/Logo-Llar-Infants-Municipal-LEsquirol-La-Pobla-de-Mafumet.jpg","width":750,"height":472,"caption":"Llars d'Infants Municipals Esquirol i Nou Esquirol de La Pobla de Mafumet"},"image":{"@id":"https:\/\/www.cavallcartro.cat\/escoles\/llar-infants-esquirol\/#\/schema\/logo\/image\/"},"sameAs":["https:\/\/www.facebook.com\/cavallcartroedu","https:\/\/x.com\/cavallcartroedu","https:\/\/www.instagram.com\/cavallcartroedu"]},{"@type":"Person","@id":"https:\/\/www.cavallcartro.cat\/escoles\/llar-infants-esquirol\/#\/schema\/person\/3b972af5d9eab406fc74cf186c32899f","name":"cgarcia","image":{"@type":"ImageObject","inLanguage":"ca","@id":"https:\/\/secure.gravatar.com\/avatar\/cf7263ded1f97b93114eb056f8fea7536baf333e4c3fd57b7df620fca6f6840d?s=96&d=mm&r=g","url":"https:\/\/secure.gravatar.com\/avatar\/cf7263ded1f97b93114eb056f8fea7536baf333e4c3fd57b7df620fca6f6840d?s=96&d=mm&r=g","contentUrl":"https:\/\/secure.gravatar.com\/avatar\/cf7263ded1f97b93114eb056f8fea7536baf333e4c3fd57b7df620fca6f6840d?s=96&d=mm&r=g","caption":"cgarcia"},"mainEntityOfPage":{"@id":"https:\/\/www.cavallcartro.cat\/escoles\/llar-infants-esquirol\/author\/cgarcia\/"}}]}},"_links":{"self":[{"href":"https:\/\/www.cavallcartro.cat\/escoles\/llar-infants-esquirol\/wp-json\/wp\/v2\/users\/1","targetHints":{"allow":["GET"]}}],"collection":[{"href":"https:\/\/www.cavallcartro.cat\/escoles\/llar-infants-esquirol\/wp-json\/wp\/v2\/users"}]}}