{"id":325,"date":"2026-04-29T09:26:44","date_gmt":"2026-04-29T09:26:44","guid":{"rendered":"https:\/\/www.cavallcartro.cat\/escoles\/llar-infants-esquirol\/?p=325"},"modified":"2026-04-29T09:26:54","modified_gmt":"2026-04-29T09:26:54","slug":"jornada-de-portes-obertes-6-de-maig-en-dos-torns-i-amb-cita-previa","status":"publish","type":"post","link":"https:\/\/www.cavallcartro.cat\/escoles\/llar-infants-esquirol\/2026\/04\/29\/jornada-de-portes-obertes-6-de-maig-en-dos-torns-i-amb-cita-previa\/","title":{"rendered":"JORNADA DE PORTES OBERTES 6 DE MAIG EN DOS TORNS I AMB CITA PR\u00c8VIA"},"content":{"rendered":"<p><img loading=\"lazy\" decoding=\"async\" class=\"aligncenter size-full wp-image-326\" src=\"https:\/\/www.cavallcartro.cat\/escoles\/llar-infants-esquirol\/wp-content\/uploads\/sites\/43\/2026\/04\/Portes-obertes.jpg\" alt=\"\" width=\"1683\" height=\"1190\" srcset=\"https:\/\/www.cavallcartro.cat\/escoles\/llar-infants-esquirol\/wp-content\/uploads\/sites\/43\/2026\/04\/Portes-obertes.jpg 1683w, https:\/\/www.cavallcartro.cat\/escoles\/llar-infants-esquirol\/wp-content\/uploads\/sites\/43\/2026\/04\/Portes-obertes-300x212.jpg 300w, https:\/\/www.cavallcartro.cat\/escoles\/llar-infants-esquirol\/wp-content\/uploads\/sites\/43\/2026\/04\/Portes-obertes-1024x724.jpg 1024w, https:\/\/www.cavallcartro.cat\/escoles\/llar-infants-esquirol\/wp-content\/uploads\/sites\/43\/2026\/04\/Portes-obertes-768x543.jpg 768w, https:\/\/www.cavallcartro.cat\/escoles\/llar-infants-esquirol\/wp-content\/uploads\/sites\/43\/2026\/04\/Portes-obertes-1536x1086.jpg 1536w, https:\/\/www.cavallcartro.cat\/escoles\/llar-infants-esquirol\/wp-content\/uploads\/sites\/43\/2026\/04\/Portes-obertes-100x71.jpg 100w\" sizes=\"auto, (max-width: 1683px) 100vw, 1683px\" \/><\/p>\n","protected":false},"excerpt":{"rendered":"","protected":false},"author":1,"featured_media":326,"comment_status":"open","ping_status":"open","sticky":false,"template":"","format":"standard","meta":{"footnotes":""},"categories":[1],"tags":[],"class_list":["post-325","post","type-post","status-publish","format-standard","has-post-thumbnail","hentry","category-sin-categoria"],"yoast_head":"<!-- This site is optimized with the Yoast SEO plugin v27.5 - https:\/\/yoast.com\/product\/yoast-seo-wordpress\/ -->\n<title>JORNADA DE PORTES OBERTES 6 DE MAIG EN DOS TORNS I AMB CITA PR\u00c8VIA - Llars d&#039;Infants Municipals L&#039;Esquirol i Nou Esquirol de La Pobla de Mafumet<\/title>\n<meta name=\"robots\" content=\"index, follow, max-snippet:-1, max-image-preview:large, max-video-preview:-1\" \/>\n<link rel=\"canonical\" href=\"https:\/\/www.cavallcartro.cat\/escoles\/llar-infants-esquirol\/2026\/04\/29\/jornada-de-portes-obertes-6-de-maig-en-dos-torns-i-amb-cita-previa\/\" \/>\n<meta property=\"og:locale\" content=\"ca_ES\" \/>\n<meta property=\"og:type\" content=\"article\" \/>\n<meta property=\"og:title\" content=\"JORNADA DE PORTES OBERTES 6 DE MAIG EN DOS TORNS I AMB CITA PR\u00c8VIA - Llars d&#039;Infants Municipals L&#039;Esquirol i Nou Esquirol de La Pobla de Mafumet\" \/>\n<meta property=\"og:url\" content=\"https:\/\/www.cavallcartro.cat\/escoles\/llar-infants-esquirol\/2026\/04\/29\/jornada-de-portes-obertes-6-de-maig-en-dos-torns-i-amb-cita-previa\/\" \/>\n<meta property=\"og:site_name\" content=\"Llars d&#039;Infants Municipals L&#039;Esquirol i Nou Esquirol de La Pobla de Mafumet\" \/>\n<meta property=\"article:publisher\" content=\"https:\/\/www.facebook.com\/cavallcartroedu\" \/>\n<meta property=\"article:published_time\" content=\"2026-04-29T09:26:44+00:00\" \/>\n<meta property=\"article:modified_time\" content=\"2026-04-29T09:26:54+00:00\" \/>\n<meta property=\"og:image\" content=\"https:\/\/www.cavallcartro.cat\/escoles\/llar-infants-esquirol\/wp-content\/uploads\/sites\/43\/2026\/04\/Portes-obertes.jpg\" \/>\n\t<meta property=\"og:image:width\" content=\"1683\" \/>\n\t<meta property=\"og:image:height\" content=\"1190\" \/>\n\t<meta property=\"og:image:type\" content=\"image\/jpeg\" \/>\n<meta name=\"author\" content=\"cgarcia\" \/>\n<meta name=\"twitter:card\" content=\"summary_large_image\" \/>\n<meta name=\"twitter:creator\" content=\"@cavallcartroedu\" \/>\n<meta name=\"twitter:site\" content=\"@cavallcartroedu\" \/>\n<meta name=\"twitter:label1\" content=\"Escrit per\" \/>\n\t<meta name=\"twitter:data1\" content=\"cgarcia\" \/>\n\t<meta name=\"twitter:label2\" content=\"Temps estimat de lectura\" \/>\n\t<meta name=\"twitter:data2\" content=\"1 minut\" \/>\n<script type=\"application\/ld+json\" class=\"yoast-schema-graph\">{\"@context\":\"https:\\\/\\\/schema.org\",\"@graph\":[{\"@type\":\"Article\",\"@id\":\"https:\\\/\\\/www.cavallcartro.cat\\\/escoles\\\/llar-infants-esquirol\\\/2026\\\/04\\\/29\\\/jornada-de-portes-obertes-6-de-maig-en-dos-torns-i-amb-cita-previa\\\/#article\",\"isPartOf\":{\"@id\":\"https:\\\/\\\/www.cavallcartro.cat\\\/escoles\\\/llar-infants-esquirol\\\/2026\\\/04\\\/29\\\/jornada-de-portes-obertes-6-de-maig-en-dos-torns-i-amb-cita-previa\\\/\"},\"author\":{\"name\":\"cgarcia\",\"@id\":\"https:\\\/\\\/www.cavallcartro.cat\\\/escoles\\\/llar-infants-esquirol\\\/#\\\/schema\\\/person\\\/3b972af5d9eab406fc74cf186c32899f\"},\"headline\":\"JORNADA DE PORTES OBERTES 6 DE MAIG EN DOS TORNS I AMB CITA PR\u00c8VIA\",\"datePublished\":\"2026-04-29T09:26:44+00:00\",\"dateModified\":\"2026-04-29T09:26:54+00:00\",\"mainEntityOfPage\":{\"@id\":\"https:\\\/\\\/www.cavallcartro.cat\\\/escoles\\\/llar-infants-esquirol\\\/2026\\\/04\\\/29\\\/jornada-de-portes-obertes-6-de-maig-en-dos-torns-i-amb-cita-previa\\\/\"},\"wordCount\":14,\"commentCount\":0,\"publisher\":{\"@id\":\"https:\\\/\\\/www.cavallcartro.cat\\\/escoles\\\/llar-infants-esquirol\\\/#organization\"},\"image\":{\"@id\":\"https:\\\/\\\/www.cavallcartro.cat\\\/escoles\\\/llar-infants-esquirol\\\/2026\\\/04\\\/29\\\/jornada-de-portes-obertes-6-de-maig-en-dos-torns-i-amb-cita-previa\\\/#primaryimage\"},\"thumbnailUrl\":\"https:\\\/\\\/www.cavallcartro.cat\\\/escoles\\\/llar-infants-esquirol\\\/wp-content\\\/uploads\\\/sites\\\/43\\\/2026\\\/04\\\/Portes-obertes.jpg\",\"articleSection\":[\"Sin categor\u00eda\"],\"inLanguage\":\"ca\",\"potentialAction\":[{\"@type\":\"CommentAction\",\"name\":\"Comment\",\"target\":[\"https:\\\/\\\/www.cavallcartro.cat\\\/escoles\\\/llar-infants-esquirol\\\/2026\\\/04\\\/29\\\/jornada-de-portes-obertes-6-de-maig-en-dos-torns-i-amb-cita-previa\\\/#respond\"]}]},{\"@type\":\"WebPage\",\"@id\":\"https:\\\/\\\/www.cavallcartro.cat\\\/escoles\\\/llar-infants-esquirol\\\/2026\\\/04\\\/29\\\/jornada-de-portes-obertes-6-de-maig-en-dos-torns-i-amb-cita-previa\\\/\",\"url\":\"https:\\\/\\\/www.cavallcartro.cat\\\/escoles\\\/llar-infants-esquirol\\\/2026\\\/04\\\/29\\\/jornada-de-portes-obertes-6-de-maig-en-dos-torns-i-amb-cita-previa\\\/\",\"name\":\"JORNADA DE PORTES OBERTES 6 DE MAIG EN DOS TORNS I AMB CITA PR\u00c8VIA - Llars d&#039;Infants Municipals L&#039;Esquirol i Nou Esquirol de La Pobla de Mafumet\",\"isPartOf\":{\"@id\":\"https:\\\/\\\/www.cavallcartro.cat\\\/escoles\\\/llar-infants-esquirol\\\/#website\"},\"primaryImageOfPage\":{\"@id\":\"https:\\\/\\\/www.cavallcartro.cat\\\/escoles\\\/llar-infants-esquirol\\\/2026\\\/04\\\/29\\\/jornada-de-portes-obertes-6-de-maig-en-dos-torns-i-amb-cita-previa\\\/#primaryimage\"},\"image\":{\"@id\":\"https:\\\/\\\/www.cavallcartro.cat\\\/escoles\\\/llar-infants-esquirol\\\/2026\\\/04\\\/29\\\/jornada-de-portes-obertes-6-de-maig-en-dos-torns-i-amb-cita-previa\\\/#primaryimage\"},\"thumbnailUrl\":\"https:\\\/\\\/www.cavallcartro.cat\\\/escoles\\\/llar-infants-esquirol\\\/wp-content\\\/uploads\\\/sites\\\/43\\\/2026\\\/04\\\/Portes-obertes.jpg\",\"datePublished\":\"2026-04-29T09:26:44+00:00\",\"dateModified\":\"2026-04-29T09:26:54+00:00\",\"breadcrumb\":{\"@id\":\"https:\\\/\\\/www.cavallcartro.cat\\\/escoles\\\/llar-infants-esquirol\\\/2026\\\/04\\\/29\\\/jornada-de-portes-obertes-6-de-maig-en-dos-torns-i-amb-cita-previa\\\/#breadcrumb\"},\"inLanguage\":\"ca\",\"potentialAction\":[{\"@type\":\"ReadAction\",\"target\":[\"https:\\\/\\\/www.cavallcartro.cat\\\/escoles\\\/llar-infants-esquirol\\\/2026\\\/04\\\/29\\\/jornada-de-portes-obertes-6-de-maig-en-dos-torns-i-amb-cita-previa\\\/\"]}]},{\"@type\":\"ImageObject\",\"inLanguage\":\"ca\",\"@id\":\"https:\\\/\\\/www.cavallcartro.cat\\\/escoles\\\/llar-infants-esquirol\\\/2026\\\/04\\\/29\\\/jornada-de-portes-obertes-6-de-maig-en-dos-torns-i-amb-cita-previa\\\/#primaryimage\",\"url\":\"https:\\\/\\\/www.cavallcartro.cat\\\/escoles\\\/llar-infants-esquirol\\\/wp-content\\\/uploads\\\/sites\\\/43\\\/2026\\\/04\\\/Portes-obertes.jpg\",\"contentUrl\":\"https:\\\/\\\/www.cavallcartro.cat\\\/escoles\\\/llar-infants-esquirol\\\/wp-content\\\/uploads\\\/sites\\\/43\\\/2026\\\/04\\\/Portes-obertes.jpg\",\"width\":1683,\"height\":1190},{\"@type\":\"BreadcrumbList\",\"@id\":\"https:\\\/\\\/www.cavallcartro.cat\\\/escoles\\\/llar-infants-esquirol\\\/2026\\\/04\\\/29\\\/jornada-de-portes-obertes-6-de-maig-en-dos-torns-i-amb-cita-previa\\\/#breadcrumb\",\"itemListElement\":[{\"@type\":\"ListItem\",\"position\":1,\"name\":\"Portada\",\"item\":\"https:\\\/\\\/www.cavallcartro.cat\\\/escoles\\\/llar-infants-esquirol\\\/\"},{\"@type\":\"ListItem\",\"position\":2,\"name\":\"JORNADA DE PORTES OBERTES 6 DE MAIG EN DOS TORNS I AMB CITA PR\u00c8VIA\"}]},{\"@type\":\"WebSite\",\"@id\":\"https:\\\/\\\/www.cavallcartro.cat\\\/escoles\\\/llar-infants-esquirol\\\/#website\",\"url\":\"https:\\\/\\\/www.cavallcartro.cat\\\/escoles\\\/llar-infants-esquirol\\\/\",\"name\":\"Llars d'Infants Municipals Esquirol i Nou Esquirol de La Pobla de Mafumet\",\"description\":\"Les llars d&#039;infants municipals L&#039;Esquirol i Nou Esquirol, de La Pobla de Mafumet, al Tarragon\u00e8s, s\u00f3n espais on els infants s\u00f3n protagonistes\",\"publisher\":{\"@id\":\"https:\\\/\\\/www.cavallcartro.cat\\\/escoles\\\/llar-infants-esquirol\\\/#organization\"},\"potentialAction\":[{\"@type\":\"SearchAction\",\"target\":{\"@type\":\"EntryPoint\",\"urlTemplate\":\"https:\\\/\\\/www.cavallcartro.cat\\\/escoles\\\/llar-infants-esquirol\\\/?s={search_term_string}\"},\"query-input\":{\"@type\":\"PropertyValueSpecification\",\"valueRequired\":true,\"valueName\":\"search_term_string\"}}],\"inLanguage\":\"ca\"},{\"@type\":\"Organization\",\"@id\":\"https:\\\/\\\/www.cavallcartro.cat\\\/escoles\\\/llar-infants-esquirol\\\/#organization\",\"name\":\"Llars d'Infants Municipals Esquirol i Nou Esquirol de La Pobla de Mafumet\",\"url\":\"https:\\\/\\\/www.cavallcartro.cat\\\/escoles\\\/llar-infants-esquirol\\\/\",\"logo\":{\"@type\":\"ImageObject\",\"inLanguage\":\"ca\",\"@id\":\"https:\\\/\\\/www.cavallcartro.cat\\\/escoles\\\/llar-infants-esquirol\\\/#\\\/schema\\\/logo\\\/image\\\/\",\"url\":\"https:\\\/\\\/www.cavallcartro.cat\\\/escoles\\\/llar-infants-esquirol\\\/wp-content\\\/uploads\\\/sites\\\/43\\\/2023\\\/03\\\/Logo-Llar-Infants-Municipal-LEsquirol-La-Pobla-de-Mafumet.jpg\",\"contentUrl\":\"https:\\\/\\\/www.cavallcartro.cat\\\/escoles\\\/llar-infants-esquirol\\\/wp-content\\\/uploads\\\/sites\\\/43\\\/2023\\\/03\\\/Logo-Llar-Infants-Municipal-LEsquirol-La-Pobla-de-Mafumet.jpg\",\"width\":750,\"height\":472,\"caption\":\"Llars d'Infants Municipals Esquirol i Nou Esquirol de La Pobla de Mafumet\"},\"image\":{\"@id\":\"https:\\\/\\\/www.cavallcartro.cat\\\/escoles\\\/llar-infants-esquirol\\\/#\\\/schema\\\/logo\\\/image\\\/\"},\"sameAs\":[\"https:\\\/\\\/www.facebook.com\\\/cavallcartroedu\",\"https:\\\/\\\/x.com\\\/cavallcartroedu\",\"https:\\\/\\\/www.instagram.com\\\/cavallcartroedu\"]},{\"@type\":\"Person\",\"@id\":\"https:\\\/\\\/www.cavallcartro.cat\\\/escoles\\\/llar-infants-esquirol\\\/#\\\/schema\\\/person\\\/3b972af5d9eab406fc74cf186c32899f\",\"name\":\"cgarcia\",\"image\":{\"@type\":\"ImageObject\",\"inLanguage\":\"ca\",\"@id\":\"https:\\\/\\\/secure.gravatar.com\\\/avatar\\\/cf7263ded1f97b93114eb056f8fea7536baf333e4c3fd57b7df620fca6f6840d?s=96&d=mm&r=g\",\"url\":\"https:\\\/\\\/secure.gravatar.com\\\/avatar\\\/cf7263ded1f97b93114eb056f8fea7536baf333e4c3fd57b7df620fca6f6840d?s=96&d=mm&r=g\",\"contentUrl\":\"https:\\\/\\\/secure.gravatar.com\\\/avatar\\\/cf7263ded1f97b93114eb056f8fea7536baf333e4c3fd57b7df620fca6f6840d?s=96&d=mm&r=g\",\"caption\":\"cgarcia\"},\"url\":\"https:\\\/\\\/www.cavallcartro.cat\\\/escoles\\\/llar-infants-esquirol\\\/author\\\/cgarcia\\\/\"}]}<\/script>\n<!-- \/ Yoast SEO plugin. -->","yoast_head_json":{"title":"JORNADA DE PORTES OBERTES 6 DE MAIG EN DOS TORNS I AMB CITA PR\u00c8VIA - Llars d&#039;Infants Municipals L&#039;Esquirol i Nou Esquirol de La Pobla de Mafumet","robots":{"index":"index","follow":"follow","max-snippet":"max-snippet:-1","max-image-preview":"max-image-preview:large","max-video-preview":"max-video-preview:-1"},"canonical":"https:\/\/www.cavallcartro.cat\/escoles\/llar-infants-esquirol\/2026\/04\/29\/jornada-de-portes-obertes-6-de-maig-en-dos-torns-i-amb-cita-previa\/","og_locale":"ca_ES","og_type":"article","og_title":"JORNADA DE PORTES OBERTES 6 DE MAIG EN DOS TORNS I AMB CITA PR\u00c8VIA - Llars d&#039;Infants Municipals L&#039;Esquirol i Nou Esquirol de La Pobla de Mafumet","og_url":"https:\/\/www.cavallcartro.cat\/escoles\/llar-infants-esquirol\/2026\/04\/29\/jornada-de-portes-obertes-6-de-maig-en-dos-torns-i-amb-cita-previa\/","og_site_name":"Llars d&#039;Infants Municipals L&#039;Esquirol i Nou Esquirol de La Pobla de Mafumet","article_publisher":"https:\/\/www.facebook.com\/cavallcartroedu","article_published_time":"2026-04-29T09:26:44+00:00","article_modified_time":"2026-04-29T09:26:54+00:00","og_image":[{"width":1683,"height":1190,"url":"https:\/\/www.cavallcartro.cat\/escoles\/llar-infants-esquirol\/wp-content\/uploads\/sites\/43\/2026\/04\/Portes-obertes.jpg","type":"image\/jpeg"}],"author":"cgarcia","twitter_card":"summary_large_image","twitter_creator":"@cavallcartroedu","twitter_site":"@cavallcartroedu","twitter_misc":{"Escrit per":"cgarcia","Temps estimat de lectura":"1 minut"},"schema":{"@context":"https:\/\/schema.org","@graph":[{"@type":"Article","@id":"https:\/\/www.cavallcartro.cat\/escoles\/llar-infants-esquirol\/2026\/04\/29\/jornada-de-portes-obertes-6-de-maig-en-dos-torns-i-amb-cita-previa\/#article","isPartOf":{"@id":"https:\/\/www.cavallcartro.cat\/escoles\/llar-infants-esquirol\/2026\/04\/29\/jornada-de-portes-obertes-6-de-maig-en-dos-torns-i-amb-cita-previa\/"},"author":{"name":"cgarcia","@id":"https:\/\/www.cavallcartro.cat\/escoles\/llar-infants-esquirol\/#\/schema\/person\/3b972af5d9eab406fc74cf186c32899f"},"headline":"JORNADA DE PORTES OBERTES 6 DE MAIG EN DOS TORNS I AMB CITA PR\u00c8VIA","datePublished":"2026-04-29T09:26:44+00:00","dateModified":"2026-04-29T09:26:54+00:00","mainEntityOfPage":{"@id":"https:\/\/www.cavallcartro.cat\/escoles\/llar-infants-esquirol\/2026\/04\/29\/jornada-de-portes-obertes-6-de-maig-en-dos-torns-i-amb-cita-previa\/"},"wordCount":14,"commentCount":0,"publisher":{"@id":"https:\/\/www.cavallcartro.cat\/escoles\/llar-infants-esquirol\/#organization"},"image":{"@id":"https:\/\/www.cavallcartro.cat\/escoles\/llar-infants-esquirol\/2026\/04\/29\/jornada-de-portes-obertes-6-de-maig-en-dos-torns-i-amb-cita-previa\/#primaryimage"},"thumbnailUrl":"https:\/\/www.cavallcartro.cat\/escoles\/llar-infants-esquirol\/wp-content\/uploads\/sites\/43\/2026\/04\/Portes-obertes.jpg","articleSection":["Sin categor\u00eda"],"inLanguage":"ca","potentialAction":[{"@type":"CommentAction","name":"Comment","target":["https:\/\/www.cavallcartro.cat\/escoles\/llar-infants-esquirol\/2026\/04\/29\/jornada-de-portes-obertes-6-de-maig-en-dos-torns-i-amb-cita-previa\/#respond"]}]},{"@type":"WebPage","@id":"https:\/\/www.cavallcartro.cat\/escoles\/llar-infants-esquirol\/2026\/04\/29\/jornada-de-portes-obertes-6-de-maig-en-dos-torns-i-amb-cita-previa\/","url":"https:\/\/www.cavallcartro.cat\/escoles\/llar-infants-esquirol\/2026\/04\/29\/jornada-de-portes-obertes-6-de-maig-en-dos-torns-i-amb-cita-previa\/","name":"JORNADA DE PORTES OBERTES 6 DE MAIG EN DOS TORNS I AMB CITA PR\u00c8VIA - Llars d&#039;Infants Municipals L&#039;Esquirol i Nou Esquirol de La Pobla de Mafumet","isPartOf":{"@id":"https:\/\/www.cavallcartro.cat\/escoles\/llar-infants-esquirol\/#website"},"primaryImageOfPage":{"@id":"https:\/\/www.cavallcartro.cat\/escoles\/llar-infants-esquirol\/2026\/04\/29\/jornada-de-portes-obertes-6-de-maig-en-dos-torns-i-amb-cita-previa\/#primaryimage"},"image":{"@id":"https:\/\/www.cavallcartro.cat\/escoles\/llar-infants-esquirol\/2026\/04\/29\/jornada-de-portes-obertes-6-de-maig-en-dos-torns-i-amb-cita-previa\/#primaryimage"},"thumbnailUrl":"https:\/\/www.cavallcartro.cat\/escoles\/llar-infants-esquirol\/wp-content\/uploads\/sites\/43\/2026\/04\/Portes-obertes.jpg","datePublished":"2026-04-29T09:26:44+00:00","dateModified":"2026-04-29T09:26:54+00:00","breadcrumb":{"@id":"https:\/\/www.cavallcartro.cat\/escoles\/llar-infants-esquirol\/2026\/04\/29\/jornada-de-portes-obertes-6-de-maig-en-dos-torns-i-amb-cita-previa\/#breadcrumb"},"inLanguage":"ca","potentialAction":[{"@type":"ReadAction","target":["https:\/\/www.cavallcartro.cat\/escoles\/llar-infants-esquirol\/2026\/04\/29\/jornada-de-portes-obertes-6-de-maig-en-dos-torns-i-amb-cita-previa\/"]}]},{"@type":"ImageObject","inLanguage":"ca","@id":"https:\/\/www.cavallcartro.cat\/escoles\/llar-infants-esquirol\/2026\/04\/29\/jornada-de-portes-obertes-6-de-maig-en-dos-torns-i-amb-cita-previa\/#primaryimage","url":"https:\/\/www.cavallcartro.cat\/escoles\/llar-infants-esquirol\/wp-content\/uploads\/sites\/43\/2026\/04\/Portes-obertes.jpg","contentUrl":"https:\/\/www.cavallcartro.cat\/escoles\/llar-infants-esquirol\/wp-content\/uploads\/sites\/43\/2026\/04\/Portes-obertes.jpg","width":1683,"height":1190},{"@type":"BreadcrumbList","@id":"https:\/\/www.cavallcartro.cat\/escoles\/llar-infants-esquirol\/2026\/04\/29\/jornada-de-portes-obertes-6-de-maig-en-dos-torns-i-amb-cita-previa\/#breadcrumb","itemListElement":[{"@type":"ListItem","position":1,"name":"Portada","item":"https:\/\/www.cavallcartro.cat\/escoles\/llar-infants-esquirol\/"},{"@type":"ListItem","position":2,"name":"JORNADA DE PORTES OBERTES 6 DE MAIG EN DOS TORNS I AMB CITA PR\u00c8VIA"}]},{"@type":"WebSite","@id":"https:\/\/www.cavallcartro.cat\/escoles\/llar-infants-esquirol\/#website","url":"https:\/\/www.cavallcartro.cat\/escoles\/llar-infants-esquirol\/","name":"Llars d'Infants Municipals Esquirol i Nou Esquirol de La Pobla de Mafumet","description":"Les llars d&#039;infants municipals L&#039;Esquirol i Nou Esquirol, de La Pobla de Mafumet, al Tarragon\u00e8s, s\u00f3n espais on els infants s\u00f3n protagonistes","publisher":{"@id":"https:\/\/www.cavallcartro.cat\/escoles\/llar-infants-esquirol\/#organization"},"potentialAction":[{"@type":"SearchAction","target":{"@type":"EntryPoint","urlTemplate":"https:\/\/www.cavallcartro.cat\/escoles\/llar-infants-esquirol\/?s={search_term_string}"},"query-input":{"@type":"PropertyValueSpecification","valueRequired":true,"valueName":"search_term_string"}}],"inLanguage":"ca"},{"@type":"Organization","@id":"https:\/\/www.cavallcartro.cat\/escoles\/llar-infants-esquirol\/#organization","name":"Llars d'Infants Municipals Esquirol i Nou Esquirol de La Pobla de Mafumet","url":"https:\/\/www.cavallcartro.cat\/escoles\/llar-infants-esquirol\/","logo":{"@type":"ImageObject","inLanguage":"ca","@id":"https:\/\/www.cavallcartro.cat\/escoles\/llar-infants-esquirol\/#\/schema\/logo\/image\/","url":"https:\/\/www.cavallcartro.cat\/escoles\/llar-infants-esquirol\/wp-content\/uploads\/sites\/43\/2023\/03\/Logo-Llar-Infants-Municipal-LEsquirol-La-Pobla-de-Mafumet.jpg","contentUrl":"https:\/\/www.cavallcartro.cat\/escoles\/llar-infants-esquirol\/wp-content\/uploads\/sites\/43\/2023\/03\/Logo-Llar-Infants-Municipal-LEsquirol-La-Pobla-de-Mafumet.jpg","width":750,"height":472,"caption":"Llars d'Infants Municipals Esquirol i Nou Esquirol de La Pobla de Mafumet"},"image":{"@id":"https:\/\/www.cavallcartro.cat\/escoles\/llar-infants-esquirol\/#\/schema\/logo\/image\/"},"sameAs":["https:\/\/www.facebook.com\/cavallcartroedu","https:\/\/x.com\/cavallcartroedu","https:\/\/www.instagram.com\/cavallcartroedu"]},{"@type":"Person","@id":"https:\/\/www.cavallcartro.cat\/escoles\/llar-infants-esquirol\/#\/schema\/person\/3b972af5d9eab406fc74cf186c32899f","name":"cgarcia","image":{"@type":"ImageObject","inLanguage":"ca","@id":"https:\/\/secure.gravatar.com\/avatar\/cf7263ded1f97b93114eb056f8fea7536baf333e4c3fd57b7df620fca6f6840d?s=96&d=mm&r=g","url":"https:\/\/secure.gravatar.com\/avatar\/cf7263ded1f97b93114eb056f8fea7536baf333e4c3fd57b7df620fca6f6840d?s=96&d=mm&r=g","contentUrl":"https:\/\/secure.gravatar.com\/avatar\/cf7263ded1f97b93114eb056f8fea7536baf333e4c3fd57b7df620fca6f6840d?s=96&d=mm&r=g","caption":"cgarcia"},"url":"https:\/\/www.cavallcartro.cat\/escoles\/llar-infants-esquirol\/author\/cgarcia\/"}]}},"_links":{"self":[{"href":"https:\/\/www.cavallcartro.cat\/escoles\/llar-infants-esquirol\/wp-json\/wp\/v2\/posts\/325","targetHints":{"allow":["GET"]}}],"collection":[{"href":"https:\/\/www.cavallcartro.cat\/escoles\/llar-infants-esquirol\/wp-json\/wp\/v2\/posts"}],"about":[{"href":"https:\/\/www.cavallcartro.cat\/escoles\/llar-infants-esquirol\/wp-json\/wp\/v2\/types\/post"}],"author":[{"embeddable":true,"href":"https:\/\/www.cavallcartro.cat\/escoles\/llar-infants-esquirol\/wp-json\/wp\/v2\/users\/1"}],"replies":[{"embeddable":true,"href":"https:\/\/www.cavallcartro.cat\/escoles\/llar-infants-esquirol\/wp-json\/wp\/v2\/comments?post=325"}],"version-history":[{"count":1,"href":"https:\/\/www.cavallcartro.cat\/escoles\/llar-infants-esquirol\/wp-json\/wp\/v2\/posts\/325\/revisions"}],"predecessor-version":[{"id":327,"href":"https:\/\/www.cavallcartro.cat\/escoles\/llar-infants-esquirol\/wp-json\/wp\/v2\/posts\/325\/revisions\/327"}],"wp:featuredmedia":[{"embeddable":true,"href":"https:\/\/www.cavallcartro.cat\/escoles\/llar-infants-esquirol\/wp-json\/wp\/v2\/media\/326"}],"wp:attachment":[{"href":"https:\/\/www.cavallcartro.cat\/escoles\/llar-infants-esquirol\/wp-json\/wp\/v2\/media?parent=325"}],"wp:term":[{"taxonomy":"category","embeddable":true,"href":"https:\/\/www.cavallcartro.cat\/escoles\/llar-infants-esquirol\/wp-json\/wp\/v2\/categories?post=325"},{"taxonomy":"post_tag","embeddable":true,"href":"https:\/\/www.cavallcartro.cat\/escoles\/llar-infants-esquirol\/wp-json\/wp\/v2\/tags?post=325"}],"curies":[{"name":"wp","href":"https:\/\/api.w.org\/{rel}","templated":true}]}}