{"id":1,"count":2,"description":"","link":"https:\/\/www.cavallcartro.cat\/escoles\/llar-infants-esquirol\/category\/sin-categoria\/","name":"Sin categor\u00eda","slug":"sin-categoria","taxonomy":"category","parent":0,"meta":[],"yoast_head":"<!-- This site is optimized with the Yoast SEO plugin v27.5 - https:\/\/yoast.com\/product\/yoast-seo-wordpress\/ -->\n<title>Sin categor\u00eda archivos - Llars d&#039;Infants Municipals L&#039;Esquirol i Nou Esquirol de La Pobla de Mafumet<\/title>\n<meta name=\"robots\" content=\"index, follow, max-snippet:-1, max-image-preview:large, max-video-preview:-1\" \/>\n<link rel=\"canonical\" href=\"https:\/\/www.cavallcartro.cat\/escoles\/llar-infants-esquirol\/category\/sin-categoria\/\" \/>\n<meta property=\"og:locale\" content=\"ca_ES\" \/>\n<meta property=\"og:type\" content=\"article\" \/>\n<meta property=\"og:title\" content=\"Sin categor\u00eda archivos - Llars d&#039;Infants Municipals L&#039;Esquirol i Nou Esquirol de La Pobla de Mafumet\" \/>\n<meta property=\"og:url\" content=\"https:\/\/www.cavallcartro.cat\/escoles\/llar-infants-esquirol\/category\/sin-categoria\/\" \/>\n<meta property=\"og:site_name\" content=\"Llars d&#039;Infants Municipals L&#039;Esquirol i Nou Esquirol de La Pobla de Mafumet\" \/>\n<meta name=\"twitter:card\" content=\"summary_large_image\" \/>\n<meta name=\"twitter:site\" content=\"@cavallcartroedu\" \/>\n<script type=\"application\/ld+json\" class=\"yoast-schema-graph\">{\"@context\":\"https:\\\/\\\/schema.org\",\"@graph\":[{\"@type\":\"CollectionPage\",\"@id\":\"https:\\\/\\\/www.cavallcartro.cat\\\/escoles\\\/llar-infants-esquirol\\\/category\\\/sin-categoria\\\/\",\"url\":\"https:\\\/\\\/www.cavallcartro.cat\\\/escoles\\\/llar-infants-esquirol\\\/category\\\/sin-categoria\\\/\",\"name\":\"Sin categor\u00eda archivos - Llars d&#039;Infants Municipals L&#039;Esquirol i Nou Esquirol de La Pobla de Mafumet\",\"isPartOf\":{\"@id\":\"https:\\\/\\\/www.cavallcartro.cat\\\/escoles\\\/llar-infants-esquirol\\\/#website\"},\"breadcrumb\":{\"@id\":\"https:\\\/\\\/www.cavallcartro.cat\\\/escoles\\\/llar-infants-esquirol\\\/category\\\/sin-categoria\\\/#breadcrumb\"},\"inLanguage\":\"ca\"},{\"@type\":\"BreadcrumbList\",\"@id\":\"https:\\\/\\\/www.cavallcartro.cat\\\/escoles\\\/llar-infants-esquirol\\\/category\\\/sin-categoria\\\/#breadcrumb\",\"itemListElement\":[{\"@type\":\"ListItem\",\"position\":1,\"name\":\"Portada\",\"item\":\"https:\\\/\\\/www.cavallcartro.cat\\\/escoles\\\/llar-infants-esquirol\\\/\"},{\"@type\":\"ListItem\",\"position\":2,\"name\":\"Sin categor\u00eda\"}]},{\"@type\":\"WebSite\",\"@id\":\"https:\\\/\\\/www.cavallcartro.cat\\\/escoles\\\/llar-infants-esquirol\\\/#website\",\"url\":\"https:\\\/\\\/www.cavallcartro.cat\\\/escoles\\\/llar-infants-esquirol\\\/\",\"name\":\"Llars d'Infants Municipals Esquirol i Nou Esquirol de La Pobla de Mafumet\",\"description\":\"Les llars d&#039;infants municipals L&#039;Esquirol i Nou Esquirol, de La Pobla de Mafumet, al Tarragon\u00e8s, s\u00f3n espais on els infants s\u00f3n protagonistes\",\"publisher\":{\"@id\":\"https:\\\/\\\/www.cavallcartro.cat\\\/escoles\\\/llar-infants-esquirol\\\/#organization\"},\"potentialAction\":[{\"@type\":\"SearchAction\",\"target\":{\"@type\":\"EntryPoint\",\"urlTemplate\":\"https:\\\/\\\/www.cavallcartro.cat\\\/escoles\\\/llar-infants-esquirol\\\/?s={search_term_string}\"},\"query-input\":{\"@type\":\"PropertyValueSpecification\",\"valueRequired\":true,\"valueName\":\"search_term_string\"}}],\"inLanguage\":\"ca\"},{\"@type\":\"Organization\",\"@id\":\"https:\\\/\\\/www.cavallcartro.cat\\\/escoles\\\/llar-infants-esquirol\\\/#organization\",\"name\":\"Llars d'Infants Municipals Esquirol i Nou Esquirol de La Pobla de Mafumet\",\"url\":\"https:\\\/\\\/www.cavallcartro.cat\\\/escoles\\\/llar-infants-esquirol\\\/\",\"logo\":{\"@type\":\"ImageObject\",\"inLanguage\":\"ca\",\"@id\":\"https:\\\/\\\/www.cavallcartro.cat\\\/escoles\\\/llar-infants-esquirol\\\/#\\\/schema\\\/logo\\\/image\\\/\",\"url\":\"https:\\\/\\\/www.cavallcartro.cat\\\/escoles\\\/llar-infants-esquirol\\\/wp-content\\\/uploads\\\/sites\\\/43\\\/2023\\\/03\\\/Logo-Llar-Infants-Municipal-LEsquirol-La-Pobla-de-Mafumet.jpg\",\"contentUrl\":\"https:\\\/\\\/www.cavallcartro.cat\\\/escoles\\\/llar-infants-esquirol\\\/wp-content\\\/uploads\\\/sites\\\/43\\\/2023\\\/03\\\/Logo-Llar-Infants-Municipal-LEsquirol-La-Pobla-de-Mafumet.jpg\",\"width\":750,\"height\":472,\"caption\":\"Llars d'Infants Municipals Esquirol i Nou Esquirol de La Pobla de Mafumet\"},\"image\":{\"@id\":\"https:\\\/\\\/www.cavallcartro.cat\\\/escoles\\\/llar-infants-esquirol\\\/#\\\/schema\\\/logo\\\/image\\\/\"},\"sameAs\":[\"https:\\\/\\\/www.facebook.com\\\/cavallcartroedu\",\"https:\\\/\\\/x.com\\\/cavallcartroedu\",\"https:\\\/\\\/www.instagram.com\\\/cavallcartroedu\"]}]}<\/script>\n<!-- \/ Yoast SEO plugin. -->","yoast_head_json":{"title":"Sin categor\u00eda archivos - Llars d&#039;Infants Municipals L&#039;Esquirol i Nou Esquirol de La Pobla de Mafumet","robots":{"index":"index","follow":"follow","max-snippet":"max-snippet:-1","max-image-preview":"max-image-preview:large","max-video-preview":"max-video-preview:-1"},"canonical":"https:\/\/www.cavallcartro.cat\/escoles\/llar-infants-esquirol\/category\/sin-categoria\/","og_locale":"ca_ES","og_type":"article","og_title":"Sin categor\u00eda archivos - Llars d&#039;Infants Municipals L&#039;Esquirol i Nou Esquirol de La Pobla de Mafumet","og_url":"https:\/\/www.cavallcartro.cat\/escoles\/llar-infants-esquirol\/category\/sin-categoria\/","og_site_name":"Llars d&#039;Infants Municipals L&#039;Esquirol i Nou Esquirol de La Pobla de Mafumet","twitter_card":"summary_large_image","twitter_site":"@cavallcartroedu","schema":{"@context":"https:\/\/schema.org","@graph":[{"@type":"CollectionPage","@id":"https:\/\/www.cavallcartro.cat\/escoles\/llar-infants-esquirol\/category\/sin-categoria\/","url":"https:\/\/www.cavallcartro.cat\/escoles\/llar-infants-esquirol\/category\/sin-categoria\/","name":"Sin categor\u00eda archivos - Llars d&#039;Infants Municipals L&#039;Esquirol i Nou Esquirol de La Pobla de Mafumet","isPartOf":{"@id":"https:\/\/www.cavallcartro.cat\/escoles\/llar-infants-esquirol\/#website"},"breadcrumb":{"@id":"https:\/\/www.cavallcartro.cat\/escoles\/llar-infants-esquirol\/category\/sin-categoria\/#breadcrumb"},"inLanguage":"ca"},{"@type":"BreadcrumbList","@id":"https:\/\/www.cavallcartro.cat\/escoles\/llar-infants-esquirol\/category\/sin-categoria\/#breadcrumb","itemListElement":[{"@type":"ListItem","position":1,"name":"Portada","item":"https:\/\/www.cavallcartro.cat\/escoles\/llar-infants-esquirol\/"},{"@type":"ListItem","position":2,"name":"Sin categor\u00eda"}]},{"@type":"WebSite","@id":"https:\/\/www.cavallcartro.cat\/escoles\/llar-infants-esquirol\/#website","url":"https:\/\/www.cavallcartro.cat\/escoles\/llar-infants-esquirol\/","name":"Llars d'Infants Municipals Esquirol i Nou Esquirol de La Pobla de Mafumet","description":"Les llars d&#039;infants municipals L&#039;Esquirol i Nou Esquirol, de La Pobla de Mafumet, al Tarragon\u00e8s, s\u00f3n espais on els infants s\u00f3n protagonistes","publisher":{"@id":"https:\/\/www.cavallcartro.cat\/escoles\/llar-infants-esquirol\/#organization"},"potentialAction":[{"@type":"SearchAction","target":{"@type":"EntryPoint","urlTemplate":"https:\/\/www.cavallcartro.cat\/escoles\/llar-infants-esquirol\/?s={search_term_string}"},"query-input":{"@type":"PropertyValueSpecification","valueRequired":true,"valueName":"search_term_string"}}],"inLanguage":"ca"},{"@type":"Organization","@id":"https:\/\/www.cavallcartro.cat\/escoles\/llar-infants-esquirol\/#organization","name":"Llars d'Infants Municipals Esquirol i Nou Esquirol de La Pobla de Mafumet","url":"https:\/\/www.cavallcartro.cat\/escoles\/llar-infants-esquirol\/","logo":{"@type":"ImageObject","inLanguage":"ca","@id":"https:\/\/www.cavallcartro.cat\/escoles\/llar-infants-esquirol\/#\/schema\/logo\/image\/","url":"https:\/\/www.cavallcartro.cat\/escoles\/llar-infants-esquirol\/wp-content\/uploads\/sites\/43\/2023\/03\/Logo-Llar-Infants-Municipal-LEsquirol-La-Pobla-de-Mafumet.jpg","contentUrl":"https:\/\/www.cavallcartro.cat\/escoles\/llar-infants-esquirol\/wp-content\/uploads\/sites\/43\/2023\/03\/Logo-Llar-Infants-Municipal-LEsquirol-La-Pobla-de-Mafumet.jpg","width":750,"height":472,"caption":"Llars d'Infants Municipals Esquirol i Nou Esquirol de La Pobla de Mafumet"},"image":{"@id":"https:\/\/www.cavallcartro.cat\/escoles\/llar-infants-esquirol\/#\/schema\/logo\/image\/"},"sameAs":["https:\/\/www.facebook.com\/cavallcartroedu","https:\/\/x.com\/cavallcartroedu","https:\/\/www.instagram.com\/cavallcartroedu"]}]}},"_links":{"self":[{"href":"https:\/\/www.cavallcartro.cat\/escoles\/llar-infants-esquirol\/wp-json\/wp\/v2\/categories\/1","targetHints":{"allow":["GET"]}}],"collection":[{"href":"https:\/\/www.cavallcartro.cat\/escoles\/llar-infants-esquirol\/wp-json\/wp\/v2\/categories"}],"about":[{"href":"https:\/\/www.cavallcartro.cat\/escoles\/llar-infants-esquirol\/wp-json\/wp\/v2\/taxonomies\/category"}],"wp:post_type":[{"href":"https:\/\/www.cavallcartro.cat\/escoles\/llar-infants-esquirol\/wp-json\/wp\/v2\/posts?categories=1"}],"curies":[{"name":"wp","href":"https:\/\/api.w.org\/{rel}","templated":true}]}}