{"id":2177,"date":"2023-10-02T11:44:37","date_gmt":"2023-10-02T11:44:37","guid":{"rendered":"https:\/\/www.cavallcartro.cat\/escoles\/ebm-uni-dori\/?p=2177"},"modified":"2023-10-02T11:44:37","modified_gmt":"2023-10-02T11:44:37","slug":"el-canvi-de-bolquers","status":"publish","type":"post","link":"https:\/\/www.cavallcartro.cat\/escoles\/ebm-uni-dori\/2023\/10\/02\/el-canvi-de-bolquers\/","title":{"rendered":"El canvi de bolquers"},"content":{"rendered":"<p><img loading=\"lazy\" decoding=\"async\" class=\"alignnone size-full wp-image-2178\" src=\"https:\/\/www.cavallcartro.cat\/escoles\/ebm-uni-dori\/wp-content\/uploads\/sites\/32\/2023\/10\/2-El-canvi-de-bolquers.-Pag.1.jpg\" alt=\"\" width=\"1500\" height=\"844\" \/> <img loading=\"lazy\" decoding=\"async\" class=\"alignnone size-full wp-image-2179\" src=\"https:\/\/www.cavallcartro.cat\/escoles\/ebm-uni-dori\/wp-content\/uploads\/sites\/32\/2023\/10\/2-El-canvi-de-bolquers.-Pag.2.jpg\" alt=\"\" width=\"1500\" height=\"844\" \/><\/p>\n","protected":false},"excerpt":{"rendered":"","protected":false},"author":30,"featured_media":0,"comment_status":"open","ping_status":"open","sticky":false,"template":"","format":"standard","meta":{"footnotes":""},"categories":[1],"tags":[],"class_list":["post-2177","post","type-post","status-publish","format-standard","hentry","category-sin-categoria"],"yoast_head":"<!-- This site is optimized with the Yoast SEO plugin v27.5 - https:\/\/yoast.com\/product\/yoast-seo-wordpress\/ -->\n<title>El canvi de bolquers - EBM UNI DORI - Escola Bressol Municipal de Badalona<\/title>\n<meta name=\"robots\" content=\"index, follow, max-snippet:-1, max-image-preview:large, max-video-preview:-1\" \/>\n<link rel=\"canonical\" href=\"https:\/\/www.cavallcartro.cat\/escoles\/ebm-uni-dori\/2023\/10\/02\/el-canvi-de-bolquers\/\" \/>\n<meta property=\"og:locale\" content=\"ca_ES\" \/>\n<meta property=\"og:type\" content=\"article\" \/>\n<meta property=\"og:title\" content=\"El canvi de bolquers - EBM UNI DORI - Escola Bressol Municipal de Badalona\" \/>\n<meta property=\"og:url\" content=\"https:\/\/www.cavallcartro.cat\/escoles\/ebm-uni-dori\/2023\/10\/02\/el-canvi-de-bolquers\/\" \/>\n<meta property=\"og:site_name\" content=\"EBM UNI DORI - Escola Bressol Municipal de Badalona\" \/>\n<meta property=\"article:publisher\" content=\"https:\/\/www.facebook.com\/cavallcartroedu\" \/>\n<meta property=\"article:published_time\" content=\"2023-10-02T11:44:37+00:00\" \/>\n<meta property=\"og:image\" content=\"https:\/\/www.cavallcartro.cat\/escoles\/ebm-uni-dori\/wp-content\/uploads\/sites\/32\/2023\/10\/2-El-canvi-de-bolquers.-Pag.1.jpg\" \/>\n<meta name=\"author\" content=\"unidori\" \/>\n<meta name=\"twitter:card\" content=\"summary_large_image\" \/>\n<meta name=\"twitter:creator\" content=\"@cavallcartroedu\" \/>\n<meta name=\"twitter:site\" content=\"@cavallcartroedu\" \/>\n<meta name=\"twitter:label1\" content=\"Escrit per\" \/>\n\t<meta name=\"twitter:data1\" content=\"unidori\" \/>\n\t<meta name=\"twitter:label2\" content=\"Temps estimat de lectura\" \/>\n\t<meta name=\"twitter:data2\" content=\"1 minut\" \/>\n<script type=\"application\/ld+json\" class=\"yoast-schema-graph\">{\"@context\":\"https:\\\/\\\/schema.org\",\"@graph\":[{\"@type\":\"Article\",\"@id\":\"https:\\\/\\\/www.cavallcartro.cat\\\/escoles\\\/ebm-uni-dori\\\/2023\\\/10\\\/02\\\/el-canvi-de-bolquers\\\/#article\",\"isPartOf\":{\"@id\":\"https:\\\/\\\/www.cavallcartro.cat\\\/escoles\\\/ebm-uni-dori\\\/2023\\\/10\\\/02\\\/el-canvi-de-bolquers\\\/\"},\"author\":{\"name\":\"unidori\",\"@id\":\"https:\\\/\\\/www.cavallcartro.cat\\\/escoles\\\/ebm-uni-dori\\\/#\\\/schema\\\/person\\\/883235f8d8ad2385cacb2b07c503ab07\"},\"headline\":\"El canvi de bolquers\",\"datePublished\":\"2023-10-02T11:44:37+00:00\",\"mainEntityOfPage\":{\"@id\":\"https:\\\/\\\/www.cavallcartro.cat\\\/escoles\\\/ebm-uni-dori\\\/2023\\\/10\\\/02\\\/el-canvi-de-bolquers\\\/\"},\"wordCount\":4,\"commentCount\":0,\"publisher\":{\"@id\":\"https:\\\/\\\/www.cavallcartro.cat\\\/escoles\\\/ebm-uni-dori\\\/#organization\"},\"image\":{\"@id\":\"https:\\\/\\\/www.cavallcartro.cat\\\/escoles\\\/ebm-uni-dori\\\/2023\\\/10\\\/02\\\/el-canvi-de-bolquers\\\/#primaryimage\"},\"thumbnailUrl\":\"https:\\\/\\\/www.cavallcartro.cat\\\/escoles\\\/ebm-uni-dori\\\/wp-content\\\/uploads\\\/sites\\\/32\\\/2023\\\/10\\\/2-El-canvi-de-bolquers.-Pag.1.jpg\",\"articleSection\":[\"Sin categor\u00eda\"],\"inLanguage\":\"ca\",\"potentialAction\":[{\"@type\":\"CommentAction\",\"name\":\"Comment\",\"target\":[\"https:\\\/\\\/www.cavallcartro.cat\\\/escoles\\\/ebm-uni-dori\\\/2023\\\/10\\\/02\\\/el-canvi-de-bolquers\\\/#respond\"]}]},{\"@type\":\"WebPage\",\"@id\":\"https:\\\/\\\/www.cavallcartro.cat\\\/escoles\\\/ebm-uni-dori\\\/2023\\\/10\\\/02\\\/el-canvi-de-bolquers\\\/\",\"url\":\"https:\\\/\\\/www.cavallcartro.cat\\\/escoles\\\/ebm-uni-dori\\\/2023\\\/10\\\/02\\\/el-canvi-de-bolquers\\\/\",\"name\":\"El canvi de bolquers - EBM UNI DORI - Escola Bressol Municipal de Badalona\",\"isPartOf\":{\"@id\":\"https:\\\/\\\/www.cavallcartro.cat\\\/escoles\\\/ebm-uni-dori\\\/#website\"},\"primaryImageOfPage\":{\"@id\":\"https:\\\/\\\/www.cavallcartro.cat\\\/escoles\\\/ebm-uni-dori\\\/2023\\\/10\\\/02\\\/el-canvi-de-bolquers\\\/#primaryimage\"},\"image\":{\"@id\":\"https:\\\/\\\/www.cavallcartro.cat\\\/escoles\\\/ebm-uni-dori\\\/2023\\\/10\\\/02\\\/el-canvi-de-bolquers\\\/#primaryimage\"},\"thumbnailUrl\":\"https:\\\/\\\/www.cavallcartro.cat\\\/escoles\\\/ebm-uni-dori\\\/wp-content\\\/uploads\\\/sites\\\/32\\\/2023\\\/10\\\/2-El-canvi-de-bolquers.-Pag.1.jpg\",\"datePublished\":\"2023-10-02T11:44:37+00:00\",\"breadcrumb\":{\"@id\":\"https:\\\/\\\/www.cavallcartro.cat\\\/escoles\\\/ebm-uni-dori\\\/2023\\\/10\\\/02\\\/el-canvi-de-bolquers\\\/#breadcrumb\"},\"inLanguage\":\"ca\",\"potentialAction\":[{\"@type\":\"ReadAction\",\"target\":[\"https:\\\/\\\/www.cavallcartro.cat\\\/escoles\\\/ebm-uni-dori\\\/2023\\\/10\\\/02\\\/el-canvi-de-bolquers\\\/\"]}]},{\"@type\":\"ImageObject\",\"inLanguage\":\"ca\",\"@id\":\"https:\\\/\\\/www.cavallcartro.cat\\\/escoles\\\/ebm-uni-dori\\\/2023\\\/10\\\/02\\\/el-canvi-de-bolquers\\\/#primaryimage\",\"url\":\"\",\"contentUrl\":\"\"},{\"@type\":\"BreadcrumbList\",\"@id\":\"https:\\\/\\\/www.cavallcartro.cat\\\/escoles\\\/ebm-uni-dori\\\/2023\\\/10\\\/02\\\/el-canvi-de-bolquers\\\/#breadcrumb\",\"itemListElement\":[{\"@type\":\"ListItem\",\"position\":1,\"name\":\"Portada\",\"item\":\"https:\\\/\\\/www.cavallcartro.cat\\\/escoles\\\/ebm-uni-dori\\\/\"},{\"@type\":\"ListItem\",\"position\":2,\"name\":\"El canvi de bolquers\"}]},{\"@type\":\"WebSite\",\"@id\":\"https:\\\/\\\/www.cavallcartro.cat\\\/escoles\\\/ebm-uni-dori\\\/#website\",\"url\":\"https:\\\/\\\/www.cavallcartro.cat\\\/escoles\\\/ebm-uni-dori\\\/\",\"name\":\"EBM UNI DORI - Escola Bressol Municipal de Badalona\",\"description\":\"L&#039;escola bressol municipal Uni Dori \u00e9s ubicada al barri de Montigal\u00e0 de Badalona i est\u00e0 pensada per acompanyar els infants en el seu creixement, sentint-se feli\u00e7os i segurs.\",\"publisher\":{\"@id\":\"https:\\\/\\\/www.cavallcartro.cat\\\/escoles\\\/ebm-uni-dori\\\/#organization\"},\"potentialAction\":[{\"@type\":\"SearchAction\",\"target\":{\"@type\":\"EntryPoint\",\"urlTemplate\":\"https:\\\/\\\/www.cavallcartro.cat\\\/escoles\\\/ebm-uni-dori\\\/?s={search_term_string}\"},\"query-input\":{\"@type\":\"PropertyValueSpecification\",\"valueRequired\":true,\"valueName\":\"search_term_string\"}}],\"inLanguage\":\"ca\"},{\"@type\":\"Organization\",\"@id\":\"https:\\\/\\\/www.cavallcartro.cat\\\/escoles\\\/ebm-uni-dori\\\/#organization\",\"name\":\"EBM UNI DORI - Escola Bressol Municipal de Badalona\",\"url\":\"https:\\\/\\\/www.cavallcartro.cat\\\/escoles\\\/ebm-uni-dori\\\/\",\"logo\":{\"@type\":\"ImageObject\",\"inLanguage\":\"ca\",\"@id\":\"https:\\\/\\\/www.cavallcartro.cat\\\/escoles\\\/ebm-uni-dori\\\/#\\\/schema\\\/logo\\\/image\\\/\",\"url\":\"https:\\\/\\\/www.cavallcartro.cat\\\/escoles\\\/ebm-uni-dori\\\/wp-content\\\/uploads\\\/sites\\\/32\\\/2018\\\/07\\\/logo-ebm-UNI-DORI.jpg\",\"contentUrl\":\"https:\\\/\\\/www.cavallcartro.cat\\\/escoles\\\/ebm-uni-dori\\\/wp-content\\\/uploads\\\/sites\\\/32\\\/2018\\\/07\\\/logo-ebm-UNI-DORI.jpg\",\"width\":547,\"height\":356,\"caption\":\"EBM UNI DORI - Escola Bressol Municipal de Badalona\"},\"image\":{\"@id\":\"https:\\\/\\\/www.cavallcartro.cat\\\/escoles\\\/ebm-uni-dori\\\/#\\\/schema\\\/logo\\\/image\\\/\"},\"sameAs\":[\"https:\\\/\\\/www.facebook.com\\\/cavallcartroedu\",\"https:\\\/\\\/x.com\\\/cavallcartroedu\",\"https:\\\/\\\/instagram.com\\\/cavallcartroedu\"]},{\"@type\":\"Person\",\"@id\":\"https:\\\/\\\/www.cavallcartro.cat\\\/escoles\\\/ebm-uni-dori\\\/#\\\/schema\\\/person\\\/883235f8d8ad2385cacb2b07c503ab07\",\"name\":\"unidori\",\"image\":{\"@type\":\"ImageObject\",\"inLanguage\":\"ca\",\"@id\":\"https:\\\/\\\/secure.gravatar.com\\\/avatar\\\/a0b7dc474effc76acb7c27fa777d8bdb3df78eeb2b5c3d0822b9e8665aec323c?s=96&d=mm&r=g\",\"url\":\"https:\\\/\\\/secure.gravatar.com\\\/avatar\\\/a0b7dc474effc76acb7c27fa777d8bdb3df78eeb2b5c3d0822b9e8665aec323c?s=96&d=mm&r=g\",\"contentUrl\":\"https:\\\/\\\/secure.gravatar.com\\\/avatar\\\/a0b7dc474effc76acb7c27fa777d8bdb3df78eeb2b5c3d0822b9e8665aec323c?s=96&d=mm&r=g\",\"caption\":\"unidori\"},\"url\":\"https:\\\/\\\/www.cavallcartro.cat\\\/escoles\\\/ebm-uni-dori\\\/author\\\/unidori\\\/\"}]}<\/script>\n<!-- \/ Yoast SEO plugin. -->","yoast_head_json":{"title":"El canvi de bolquers - EBM UNI DORI - Escola Bressol Municipal de Badalona","robots":{"index":"index","follow":"follow","max-snippet":"max-snippet:-1","max-image-preview":"max-image-preview:large","max-video-preview":"max-video-preview:-1"},"canonical":"https:\/\/www.cavallcartro.cat\/escoles\/ebm-uni-dori\/2023\/10\/02\/el-canvi-de-bolquers\/","og_locale":"ca_ES","og_type":"article","og_title":"El canvi de bolquers - EBM UNI DORI - Escola Bressol Municipal de Badalona","og_url":"https:\/\/www.cavallcartro.cat\/escoles\/ebm-uni-dori\/2023\/10\/02\/el-canvi-de-bolquers\/","og_site_name":"EBM UNI DORI - Escola Bressol Municipal de Badalona","article_publisher":"https:\/\/www.facebook.com\/cavallcartroedu","article_published_time":"2023-10-02T11:44:37+00:00","og_image":[{"url":"https:\/\/www.cavallcartro.cat\/escoles\/ebm-uni-dori\/wp-content\/uploads\/sites\/32\/2023\/10\/2-El-canvi-de-bolquers.-Pag.1.jpg","type":"","width":"","height":""}],"author":"unidori","twitter_card":"summary_large_image","twitter_creator":"@cavallcartroedu","twitter_site":"@cavallcartroedu","twitter_misc":{"Escrit per":"unidori","Temps estimat de lectura":"1 minut"},"schema":{"@context":"https:\/\/schema.org","@graph":[{"@type":"Article","@id":"https:\/\/www.cavallcartro.cat\/escoles\/ebm-uni-dori\/2023\/10\/02\/el-canvi-de-bolquers\/#article","isPartOf":{"@id":"https:\/\/www.cavallcartro.cat\/escoles\/ebm-uni-dori\/2023\/10\/02\/el-canvi-de-bolquers\/"},"author":{"name":"unidori","@id":"https:\/\/www.cavallcartro.cat\/escoles\/ebm-uni-dori\/#\/schema\/person\/883235f8d8ad2385cacb2b07c503ab07"},"headline":"El canvi de bolquers","datePublished":"2023-10-02T11:44:37+00:00","mainEntityOfPage":{"@id":"https:\/\/www.cavallcartro.cat\/escoles\/ebm-uni-dori\/2023\/10\/02\/el-canvi-de-bolquers\/"},"wordCount":4,"commentCount":0,"publisher":{"@id":"https:\/\/www.cavallcartro.cat\/escoles\/ebm-uni-dori\/#organization"},"image":{"@id":"https:\/\/www.cavallcartro.cat\/escoles\/ebm-uni-dori\/2023\/10\/02\/el-canvi-de-bolquers\/#primaryimage"},"thumbnailUrl":"https:\/\/www.cavallcartro.cat\/escoles\/ebm-uni-dori\/wp-content\/uploads\/sites\/32\/2023\/10\/2-El-canvi-de-bolquers.-Pag.1.jpg","articleSection":["Sin categor\u00eda"],"inLanguage":"ca","potentialAction":[{"@type":"CommentAction","name":"Comment","target":["https:\/\/www.cavallcartro.cat\/escoles\/ebm-uni-dori\/2023\/10\/02\/el-canvi-de-bolquers\/#respond"]}]},{"@type":"WebPage","@id":"https:\/\/www.cavallcartro.cat\/escoles\/ebm-uni-dori\/2023\/10\/02\/el-canvi-de-bolquers\/","url":"https:\/\/www.cavallcartro.cat\/escoles\/ebm-uni-dori\/2023\/10\/02\/el-canvi-de-bolquers\/","name":"El canvi de bolquers - EBM UNI DORI - Escola Bressol Municipal de Badalona","isPartOf":{"@id":"https:\/\/www.cavallcartro.cat\/escoles\/ebm-uni-dori\/#website"},"primaryImageOfPage":{"@id":"https:\/\/www.cavallcartro.cat\/escoles\/ebm-uni-dori\/2023\/10\/02\/el-canvi-de-bolquers\/#primaryimage"},"image":{"@id":"https:\/\/www.cavallcartro.cat\/escoles\/ebm-uni-dori\/2023\/10\/02\/el-canvi-de-bolquers\/#primaryimage"},"thumbnailUrl":"https:\/\/www.cavallcartro.cat\/escoles\/ebm-uni-dori\/wp-content\/uploads\/sites\/32\/2023\/10\/2-El-canvi-de-bolquers.-Pag.1.jpg","datePublished":"2023-10-02T11:44:37+00:00","breadcrumb":{"@id":"https:\/\/www.cavallcartro.cat\/escoles\/ebm-uni-dori\/2023\/10\/02\/el-canvi-de-bolquers\/#breadcrumb"},"inLanguage":"ca","potentialAction":[{"@type":"ReadAction","target":["https:\/\/www.cavallcartro.cat\/escoles\/ebm-uni-dori\/2023\/10\/02\/el-canvi-de-bolquers\/"]}]},{"@type":"ImageObject","inLanguage":"ca","@id":"https:\/\/www.cavallcartro.cat\/escoles\/ebm-uni-dori\/2023\/10\/02\/el-canvi-de-bolquers\/#primaryimage","url":"","contentUrl":""},{"@type":"BreadcrumbList","@id":"https:\/\/www.cavallcartro.cat\/escoles\/ebm-uni-dori\/2023\/10\/02\/el-canvi-de-bolquers\/#breadcrumb","itemListElement":[{"@type":"ListItem","position":1,"name":"Portada","item":"https:\/\/www.cavallcartro.cat\/escoles\/ebm-uni-dori\/"},{"@type":"ListItem","position":2,"name":"El canvi de bolquers"}]},{"@type":"WebSite","@id":"https:\/\/www.cavallcartro.cat\/escoles\/ebm-uni-dori\/#website","url":"https:\/\/www.cavallcartro.cat\/escoles\/ebm-uni-dori\/","name":"EBM UNI DORI - Escola Bressol Municipal de Badalona","description":"L&#039;escola bressol municipal Uni Dori \u00e9s ubicada al barri de Montigal\u00e0 de Badalona i est\u00e0 pensada per acompanyar els infants en el seu creixement, sentint-se feli\u00e7os i segurs.","publisher":{"@id":"https:\/\/www.cavallcartro.cat\/escoles\/ebm-uni-dori\/#organization"},"potentialAction":[{"@type":"SearchAction","target":{"@type":"EntryPoint","urlTemplate":"https:\/\/www.cavallcartro.cat\/escoles\/ebm-uni-dori\/?s={search_term_string}"},"query-input":{"@type":"PropertyValueSpecification","valueRequired":true,"valueName":"search_term_string"}}],"inLanguage":"ca"},{"@type":"Organization","@id":"https:\/\/www.cavallcartro.cat\/escoles\/ebm-uni-dori\/#organization","name":"EBM UNI DORI - Escola Bressol Municipal de Badalona","url":"https:\/\/www.cavallcartro.cat\/escoles\/ebm-uni-dori\/","logo":{"@type":"ImageObject","inLanguage":"ca","@id":"https:\/\/www.cavallcartro.cat\/escoles\/ebm-uni-dori\/#\/schema\/logo\/image\/","url":"https:\/\/www.cavallcartro.cat\/escoles\/ebm-uni-dori\/wp-content\/uploads\/sites\/32\/2018\/07\/logo-ebm-UNI-DORI.jpg","contentUrl":"https:\/\/www.cavallcartro.cat\/escoles\/ebm-uni-dori\/wp-content\/uploads\/sites\/32\/2018\/07\/logo-ebm-UNI-DORI.jpg","width":547,"height":356,"caption":"EBM UNI DORI - Escola Bressol Municipal de Badalona"},"image":{"@id":"https:\/\/www.cavallcartro.cat\/escoles\/ebm-uni-dori\/#\/schema\/logo\/image\/"},"sameAs":["https:\/\/www.facebook.com\/cavallcartroedu","https:\/\/x.com\/cavallcartroedu","https:\/\/instagram.com\/cavallcartroedu"]},{"@type":"Person","@id":"https:\/\/www.cavallcartro.cat\/escoles\/ebm-uni-dori\/#\/schema\/person\/883235f8d8ad2385cacb2b07c503ab07","name":"unidori","image":{"@type":"ImageObject","inLanguage":"ca","@id":"https:\/\/secure.gravatar.com\/avatar\/a0b7dc474effc76acb7c27fa777d8bdb3df78eeb2b5c3d0822b9e8665aec323c?s=96&d=mm&r=g","url":"https:\/\/secure.gravatar.com\/avatar\/a0b7dc474effc76acb7c27fa777d8bdb3df78eeb2b5c3d0822b9e8665aec323c?s=96&d=mm&r=g","contentUrl":"https:\/\/secure.gravatar.com\/avatar\/a0b7dc474effc76acb7c27fa777d8bdb3df78eeb2b5c3d0822b9e8665aec323c?s=96&d=mm&r=g","caption":"unidori"},"url":"https:\/\/www.cavallcartro.cat\/escoles\/ebm-uni-dori\/author\/unidori\/"}]}},"_links":{"self":[{"href":"https:\/\/www.cavallcartro.cat\/escoles\/ebm-uni-dori\/wp-json\/wp\/v2\/posts\/2177","targetHints":{"allow":["GET"]}}],"collection":[{"href":"https:\/\/www.cavallcartro.cat\/escoles\/ebm-uni-dori\/wp-json\/wp\/v2\/posts"}],"about":[{"href":"https:\/\/www.cavallcartro.cat\/escoles\/ebm-uni-dori\/wp-json\/wp\/v2\/types\/post"}],"author":[{"embeddable":true,"href":"https:\/\/www.cavallcartro.cat\/escoles\/ebm-uni-dori\/wp-json\/wp\/v2\/users\/30"}],"replies":[{"embeddable":true,"href":"https:\/\/www.cavallcartro.cat\/escoles\/ebm-uni-dori\/wp-json\/wp\/v2\/comments?post=2177"}],"version-history":[{"count":1,"href":"https:\/\/www.cavallcartro.cat\/escoles\/ebm-uni-dori\/wp-json\/wp\/v2\/posts\/2177\/revisions"}],"predecessor-version":[{"id":2180,"href":"https:\/\/www.cavallcartro.cat\/escoles\/ebm-uni-dori\/wp-json\/wp\/v2\/posts\/2177\/revisions\/2180"}],"wp:attachment":[{"href":"https:\/\/www.cavallcartro.cat\/escoles\/ebm-uni-dori\/wp-json\/wp\/v2\/media?parent=2177"}],"wp:term":[{"taxonomy":"category","embeddable":true,"href":"https:\/\/www.cavallcartro.cat\/escoles\/ebm-uni-dori\/wp-json\/wp\/v2\/categories?post=2177"},{"taxonomy":"post_tag","embeddable":true,"href":"https:\/\/www.cavallcartro.cat\/escoles\/ebm-uni-dori\/wp-json\/wp\/v2\/tags?post=2177"}],"curies":[{"name":"wp","href":"https:\/\/api.w.org\/{rel}","templated":true}]}}