{"id":33,"name":"lalluna","url":"","description":"","link":"https:\/\/www.cavallcartro.cat\/escoles\/ebm-lluna\/author\/lalluna\/","slug":"lalluna","avatar_urls":{"24":"https:\/\/secure.gravatar.com\/avatar\/2738ecfba1f236ed770cdf55cfa1865f18813b10a052f4bb80c8db102be1380b?s=24&d=mm&r=g","48":"https:\/\/secure.gravatar.com\/avatar\/2738ecfba1f236ed770cdf55cfa1865f18813b10a052f4bb80c8db102be1380b?s=48&d=mm&r=g","96":"https:\/\/secure.gravatar.com\/avatar\/2738ecfba1f236ed770cdf55cfa1865f18813b10a052f4bb80c8db102be1380b?s=96&d=mm&r=g"},"meta":[],"yoast_head":"<!-- This site is optimized with the Yoast SEO plugin v27.5 - https:\/\/yoast.com\/product\/yoast-seo-wordpress\/ -->\n<title>lalluna, autor en EBM LLUNA. Escola bressol municipal de Rub\u00ed<\/title>\n<meta name=\"robots\" content=\"index, follow, max-snippet:-1, max-image-preview:large, max-video-preview:-1\" \/>\n<link rel=\"canonical\" href=\"https:\/\/www.cavallcartro.cat\/escoles\/ebm-lluna\/author\/lalluna\/\" \/>\n<meta property=\"og:locale\" content=\"ca_ES\" \/>\n<meta property=\"og:type\" content=\"profile\" \/>\n<meta property=\"og:title\" content=\"lalluna, autor en EBM LLUNA. Escola bressol municipal de Rub\u00ed\" \/>\n<meta property=\"og:url\" content=\"https:\/\/www.cavallcartro.cat\/escoles\/ebm-lluna\/author\/lalluna\/\" \/>\n<meta property=\"og:site_name\" content=\"EBM LLUNA. Escola bressol municipal de Rub\u00ed\" \/>\n<meta property=\"og:image\" content=\"https:\/\/secure.gravatar.com\/avatar\/d118d4adfc5d146c45b0c0d96397a42e?s=500&d=mm&r=g\" \/>\n<meta name=\"twitter:card\" content=\"summary_large_image\" \/>\n<meta name=\"twitter:site\" content=\"@cavallcartroedu\" \/>\n<script type=\"application\/ld+json\" class=\"yoast-schema-graph\">{\"@context\":\"https:\\\/\\\/schema.org\",\"@graph\":[{\"@type\":\"ProfilePage\",\"@id\":\"https:\\\/\\\/www.cavallcartro.cat\\\/escoles\\\/ebm-lluna\\\/author\\\/lalluna\\\/\",\"url\":\"https:\\\/\\\/www.cavallcartro.cat\\\/escoles\\\/ebm-lluna\\\/author\\\/lalluna\\\/\",\"name\":\"lalluna, autor en EBM LLUNA. Escola bressol municipal de Rub\u00ed\",\"isPartOf\":{\"@id\":\"https:\\\/\\\/www.cavallcartro.cat\\\/escoles\\\/ebm-lluna\\\/#website\"},\"breadcrumb\":{\"@id\":\"https:\\\/\\\/www.cavallcartro.cat\\\/escoles\\\/ebm-lluna\\\/author\\\/lalluna\\\/#breadcrumb\"},\"inLanguage\":\"ca\",\"potentialAction\":[{\"@type\":\"ReadAction\",\"target\":[\"https:\\\/\\\/www.cavallcartro.cat\\\/escoles\\\/ebm-lluna\\\/author\\\/lalluna\\\/\"]}]},{\"@type\":\"BreadcrumbList\",\"@id\":\"https:\\\/\\\/www.cavallcartro.cat\\\/escoles\\\/ebm-lluna\\\/author\\\/lalluna\\\/#breadcrumb\",\"itemListElement\":[{\"@type\":\"ListItem\",\"position\":1,\"name\":\"Portada\",\"item\":\"https:\\\/\\\/www.cavallcartro.cat\\\/escoles\\\/ebm-lluna\\\/\"},{\"@type\":\"ListItem\",\"position\":2,\"name\":\"Archivo de lalluna\"}]},{\"@type\":\"WebSite\",\"@id\":\"https:\\\/\\\/www.cavallcartro.cat\\\/escoles\\\/ebm-lluna\\\/#website\",\"url\":\"https:\\\/\\\/www.cavallcartro.cat\\\/escoles\\\/ebm-lluna\\\/\",\"name\":\"EBM LLUNA. Escola bressol municipal de Rub\u00ed\",\"description\":\"L&#039;escola bressol municipal de Rub\u00ed \u00e9s un espai per cr\u00e9ixer, capa\u00e7 d\u2019assolir i satisfer les demandes dels infants i de les seves fam\u00edlies, des d\u2019un acompanyament respectu\u00f3s i emocional, proporcionant els espais i el clima adequats per satisfer les seves necessitats. \",\"publisher\":{\"@id\":\"https:\\\/\\\/www.cavallcartro.cat\\\/escoles\\\/ebm-lluna\\\/#organization\"},\"potentialAction\":[{\"@type\":\"SearchAction\",\"target\":{\"@type\":\"EntryPoint\",\"urlTemplate\":\"https:\\\/\\\/www.cavallcartro.cat\\\/escoles\\\/ebm-lluna\\\/?s={search_term_string}\"},\"query-input\":{\"@type\":\"PropertyValueSpecification\",\"valueRequired\":true,\"valueName\":\"search_term_string\"}}],\"inLanguage\":\"ca\"},{\"@type\":\"Organization\",\"@id\":\"https:\\\/\\\/www.cavallcartro.cat\\\/escoles\\\/ebm-lluna\\\/#organization\",\"name\":\"Escola Bressol Municipal La Lluna\",\"url\":\"https:\\\/\\\/www.cavallcartro.cat\\\/escoles\\\/ebm-lluna\\\/\",\"logo\":{\"@type\":\"ImageObject\",\"inLanguage\":\"ca\",\"@id\":\"https:\\\/\\\/www.cavallcartro.cat\\\/escoles\\\/ebm-lluna\\\/#\\\/schema\\\/logo\\\/image\\\/\",\"url\":\"https:\\\/\\\/www.cavallcartro.cat\\\/escoles\\\/ebm-lluna\\\/wp-content\\\/uploads\\\/sites\\\/25\\\/2018\\\/04\\\/Logo-EBM-Lluna.jpg\",\"contentUrl\":\"https:\\\/\\\/www.cavallcartro.cat\\\/escoles\\\/ebm-lluna\\\/wp-content\\\/uploads\\\/sites\\\/25\\\/2018\\\/04\\\/Logo-EBM-Lluna.jpg\",\"width\":547,\"height\":356,\"caption\":\"Escola Bressol Municipal La Lluna\"},\"image\":{\"@id\":\"https:\\\/\\\/www.cavallcartro.cat\\\/escoles\\\/ebm-lluna\\\/#\\\/schema\\\/logo\\\/image\\\/\"},\"sameAs\":[\"https:\\\/\\\/www.facebook.com\\\/cavallcartroedu\",\"https:\\\/\\\/x.com\\\/cavallcartroedu\"]},{\"@type\":\"Person\",\"@id\":\"https:\\\/\\\/www.cavallcartro.cat\\\/escoles\\\/ebm-lluna\\\/#\\\/schema\\\/person\\\/f464914b35605a018120c431ef4adc4c\",\"name\":\"lalluna\",\"image\":{\"@type\":\"ImageObject\",\"inLanguage\":\"ca\",\"@id\":\"https:\\\/\\\/secure.gravatar.com\\\/avatar\\\/2738ecfba1f236ed770cdf55cfa1865f18813b10a052f4bb80c8db102be1380b?s=96&d=mm&r=g\",\"url\":\"https:\\\/\\\/secure.gravatar.com\\\/avatar\\\/2738ecfba1f236ed770cdf55cfa1865f18813b10a052f4bb80c8db102be1380b?s=96&d=mm&r=g\",\"contentUrl\":\"https:\\\/\\\/secure.gravatar.com\\\/avatar\\\/2738ecfba1f236ed770cdf55cfa1865f18813b10a052f4bb80c8db102be1380b?s=96&d=mm&r=g\",\"caption\":\"lalluna\"},\"mainEntityOfPage\":{\"@id\":\"https:\\\/\\\/www.cavallcartro.cat\\\/escoles\\\/ebm-lluna\\\/author\\\/lalluna\\\/\"}}]}<\/script>\n<!-- \/ Yoast SEO plugin. -->","yoast_head_json":{"title":"lalluna, autor en EBM LLUNA. Escola bressol municipal de Rub\u00ed","robots":{"index":"index","follow":"follow","max-snippet":"max-snippet:-1","max-image-preview":"max-image-preview:large","max-video-preview":"max-video-preview:-1"},"canonical":"https:\/\/www.cavallcartro.cat\/escoles\/ebm-lluna\/author\/lalluna\/","og_locale":"ca_ES","og_type":"profile","og_title":"lalluna, autor en EBM LLUNA. Escola bressol municipal de Rub\u00ed","og_url":"https:\/\/www.cavallcartro.cat\/escoles\/ebm-lluna\/author\/lalluna\/","og_site_name":"EBM LLUNA. Escola bressol municipal de Rub\u00ed","og_image":[{"url":"https:\/\/secure.gravatar.com\/avatar\/d118d4adfc5d146c45b0c0d96397a42e?s=500&d=mm&r=g","type":"","width":"","height":""}],"twitter_card":"summary_large_image","twitter_site":"@cavallcartroedu","schema":{"@context":"https:\/\/schema.org","@graph":[{"@type":"ProfilePage","@id":"https:\/\/www.cavallcartro.cat\/escoles\/ebm-lluna\/author\/lalluna\/","url":"https:\/\/www.cavallcartro.cat\/escoles\/ebm-lluna\/author\/lalluna\/","name":"lalluna, autor en EBM LLUNA. Escola bressol municipal de Rub\u00ed","isPartOf":{"@id":"https:\/\/www.cavallcartro.cat\/escoles\/ebm-lluna\/#website"},"breadcrumb":{"@id":"https:\/\/www.cavallcartro.cat\/escoles\/ebm-lluna\/author\/lalluna\/#breadcrumb"},"inLanguage":"ca","potentialAction":[{"@type":"ReadAction","target":["https:\/\/www.cavallcartro.cat\/escoles\/ebm-lluna\/author\/lalluna\/"]}]},{"@type":"BreadcrumbList","@id":"https:\/\/www.cavallcartro.cat\/escoles\/ebm-lluna\/author\/lalluna\/#breadcrumb","itemListElement":[{"@type":"ListItem","position":1,"name":"Portada","item":"https:\/\/www.cavallcartro.cat\/escoles\/ebm-lluna\/"},{"@type":"ListItem","position":2,"name":"Archivo de lalluna"}]},{"@type":"WebSite","@id":"https:\/\/www.cavallcartro.cat\/escoles\/ebm-lluna\/#website","url":"https:\/\/www.cavallcartro.cat\/escoles\/ebm-lluna\/","name":"EBM LLUNA. Escola bressol municipal de Rub\u00ed","description":"L&#039;escola bressol municipal de Rub\u00ed \u00e9s un espai per cr\u00e9ixer, capa\u00e7 d\u2019assolir i satisfer les demandes dels infants i de les seves fam\u00edlies, des d\u2019un acompanyament respectu\u00f3s i emocional, proporcionant els espais i el clima adequats per satisfer les seves necessitats. ","publisher":{"@id":"https:\/\/www.cavallcartro.cat\/escoles\/ebm-lluna\/#organization"},"potentialAction":[{"@type":"SearchAction","target":{"@type":"EntryPoint","urlTemplate":"https:\/\/www.cavallcartro.cat\/escoles\/ebm-lluna\/?s={search_term_string}"},"query-input":{"@type":"PropertyValueSpecification","valueRequired":true,"valueName":"search_term_string"}}],"inLanguage":"ca"},{"@type":"Organization","@id":"https:\/\/www.cavallcartro.cat\/escoles\/ebm-lluna\/#organization","name":"Escola Bressol Municipal La Lluna","url":"https:\/\/www.cavallcartro.cat\/escoles\/ebm-lluna\/","logo":{"@type":"ImageObject","inLanguage":"ca","@id":"https:\/\/www.cavallcartro.cat\/escoles\/ebm-lluna\/#\/schema\/logo\/image\/","url":"https:\/\/www.cavallcartro.cat\/escoles\/ebm-lluna\/wp-content\/uploads\/sites\/25\/2018\/04\/Logo-EBM-Lluna.jpg","contentUrl":"https:\/\/www.cavallcartro.cat\/escoles\/ebm-lluna\/wp-content\/uploads\/sites\/25\/2018\/04\/Logo-EBM-Lluna.jpg","width":547,"height":356,"caption":"Escola Bressol Municipal La Lluna"},"image":{"@id":"https:\/\/www.cavallcartro.cat\/escoles\/ebm-lluna\/#\/schema\/logo\/image\/"},"sameAs":["https:\/\/www.facebook.com\/cavallcartroedu","https:\/\/x.com\/cavallcartroedu"]},{"@type":"Person","@id":"https:\/\/www.cavallcartro.cat\/escoles\/ebm-lluna\/#\/schema\/person\/f464914b35605a018120c431ef4adc4c","name":"lalluna","image":{"@type":"ImageObject","inLanguage":"ca","@id":"https:\/\/secure.gravatar.com\/avatar\/2738ecfba1f236ed770cdf55cfa1865f18813b10a052f4bb80c8db102be1380b?s=96&d=mm&r=g","url":"https:\/\/secure.gravatar.com\/avatar\/2738ecfba1f236ed770cdf55cfa1865f18813b10a052f4bb80c8db102be1380b?s=96&d=mm&r=g","contentUrl":"https:\/\/secure.gravatar.com\/avatar\/2738ecfba1f236ed770cdf55cfa1865f18813b10a052f4bb80c8db102be1380b?s=96&d=mm&r=g","caption":"lalluna"},"mainEntityOfPage":{"@id":"https:\/\/www.cavallcartro.cat\/escoles\/ebm-lluna\/author\/lalluna\/"}}]}},"_links":{"self":[{"href":"https:\/\/www.cavallcartro.cat\/escoles\/ebm-lluna\/wp-json\/wp\/v2\/users\/33","targetHints":{"allow":["GET"]}}],"collection":[{"href":"https:\/\/www.cavallcartro.cat\/escoles\/ebm-lluna\/wp-json\/wp\/v2\/users"}]}}