{"id":1421,"date":"2020-02-14T15:38:06","date_gmt":"2020-02-14T15:38:06","guid":{"rendered":"http:\/\/www.cavallcartro.cat\/escoles\/ebm-lluna\/?p=1421"},"modified":"2020-02-14T15:38:06","modified_gmt":"2020-02-14T15:38:06","slug":"xerrada-preinscripcio-i-matriculacio-p3","status":"publish","type":"post","link":"https:\/\/www.cavallcartro.cat\/escoles\/ebm-lluna\/2020\/02\/14\/xerrada-preinscripcio-i-matriculacio-p3\/","title":{"rendered":"XERRADA PREINSCRIPCI\u00d3 I MATRICULACI\u00d3 P3"},"content":{"rendered":"<p><img loading=\"lazy\" decoding=\"async\" class=\"alignnone  wp-image-1422\" src=\"https:\/\/www.cavallcartro.cat\/escoles\/ebm-lluna\/wp-content\/uploads\/sites\/25\/2020\/02\/XERRADA-PREINSCRIPCI\u00d3-I-MATRICULACI\u00d3-P3-228x300.jpg\" alt=\"\" width=\"973\" height=\"1280\" \/><\/p>\n","protected":false},"excerpt":{"rendered":"","protected":false},"author":33,"featured_media":0,"comment_status":"closed","ping_status":"closed","sticky":false,"template":"","format":"standard","meta":{"footnotes":""},"categories":[1],"tags":[],"class_list":["post-1421","post","type-post","status-publish","format-standard","hentry","category-sin-categoria"],"yoast_head":"<!-- This site is optimized with the Yoast SEO plugin v27.5 - https:\/\/yoast.com\/product\/yoast-seo-wordpress\/ -->\n<title>XERRADA PREINSCRIPCI\u00d3 I MATRICULACI\u00d3 P3 - EBM LLUNA. Escola bressol municipal de Rub\u00ed<\/title>\n<meta name=\"robots\" content=\"index, follow, max-snippet:-1, max-image-preview:large, max-video-preview:-1\" \/>\n<link rel=\"canonical\" href=\"https:\/\/www.cavallcartro.cat\/escoles\/ebm-lluna\/2020\/02\/14\/xerrada-preinscripcio-i-matriculacio-p3\/\" \/>\n<meta property=\"og:locale\" content=\"ca_ES\" \/>\n<meta property=\"og:type\" content=\"article\" \/>\n<meta property=\"og:title\" content=\"XERRADA PREINSCRIPCI\u00d3 I MATRICULACI\u00d3 P3 - EBM LLUNA. Escola bressol municipal de Rub\u00ed\" \/>\n<meta property=\"og:url\" content=\"https:\/\/www.cavallcartro.cat\/escoles\/ebm-lluna\/2020\/02\/14\/xerrada-preinscripcio-i-matriculacio-p3\/\" \/>\n<meta property=\"og:site_name\" content=\"EBM LLUNA. Escola bressol municipal de Rub\u00ed\" \/>\n<meta property=\"article:publisher\" content=\"https:\/\/www.facebook.com\/cavallcartroedu\" \/>\n<meta property=\"article:published_time\" content=\"2020-02-14T15:38:06+00:00\" \/>\n<meta name=\"author\" content=\"lalluna\" \/>\n<meta name=\"twitter:card\" content=\"summary_large_image\" \/>\n<meta name=\"twitter:creator\" content=\"@cavallcartroedu\" \/>\n<meta name=\"twitter:site\" content=\"@cavallcartroedu\" \/>\n<meta name=\"twitter:label1\" content=\"Escrit per\" \/>\n\t<meta name=\"twitter:data1\" content=\"lalluna\" \/>\n<script type=\"application\/ld+json\" class=\"yoast-schema-graph\">{\"@context\":\"https:\\\/\\\/schema.org\",\"@graph\":[{\"@type\":\"Article\",\"@id\":\"https:\\\/\\\/www.cavallcartro.cat\\\/escoles\\\/ebm-lluna\\\/2020\\\/02\\\/14\\\/xerrada-preinscripcio-i-matriculacio-p3\\\/#article\",\"isPartOf\":{\"@id\":\"https:\\\/\\\/www.cavallcartro.cat\\\/escoles\\\/ebm-lluna\\\/2020\\\/02\\\/14\\\/xerrada-preinscripcio-i-matriculacio-p3\\\/\"},\"author\":{\"name\":\"lalluna\",\"@id\":\"https:\\\/\\\/www.cavallcartro.cat\\\/escoles\\\/ebm-lluna\\\/#\\\/schema\\\/person\\\/f464914b35605a018120c431ef4adc4c\"},\"headline\":\"XERRADA PREINSCRIPCI\u00d3 I MATRICULACI\u00d3 P3\",\"datePublished\":\"2020-02-14T15:38:06+00:00\",\"mainEntityOfPage\":{\"@id\":\"https:\\\/\\\/www.cavallcartro.cat\\\/escoles\\\/ebm-lluna\\\/2020\\\/02\\\/14\\\/xerrada-preinscripcio-i-matriculacio-p3\\\/\"},\"wordCount\":5,\"publisher\":{\"@id\":\"https:\\\/\\\/www.cavallcartro.cat\\\/escoles\\\/ebm-lluna\\\/#organization\"},\"articleSection\":[\"Sin categor\u00eda\"],\"inLanguage\":\"ca\"},{\"@type\":\"WebPage\",\"@id\":\"https:\\\/\\\/www.cavallcartro.cat\\\/escoles\\\/ebm-lluna\\\/2020\\\/02\\\/14\\\/xerrada-preinscripcio-i-matriculacio-p3\\\/\",\"url\":\"https:\\\/\\\/www.cavallcartro.cat\\\/escoles\\\/ebm-lluna\\\/2020\\\/02\\\/14\\\/xerrada-preinscripcio-i-matriculacio-p3\\\/\",\"name\":\"XERRADA PREINSCRIPCI\u00d3 I MATRICULACI\u00d3 P3 - EBM LLUNA. Escola bressol municipal de Rub\u00ed\",\"isPartOf\":{\"@id\":\"https:\\\/\\\/www.cavallcartro.cat\\\/escoles\\\/ebm-lluna\\\/#website\"},\"datePublished\":\"2020-02-14T15:38:06+00:00\",\"breadcrumb\":{\"@id\":\"https:\\\/\\\/www.cavallcartro.cat\\\/escoles\\\/ebm-lluna\\\/2020\\\/02\\\/14\\\/xerrada-preinscripcio-i-matriculacio-p3\\\/#breadcrumb\"},\"inLanguage\":\"ca\",\"potentialAction\":[{\"@type\":\"ReadAction\",\"target\":[\"https:\\\/\\\/www.cavallcartro.cat\\\/escoles\\\/ebm-lluna\\\/2020\\\/02\\\/14\\\/xerrada-preinscripcio-i-matriculacio-p3\\\/\"]}]},{\"@type\":\"BreadcrumbList\",\"@id\":\"https:\\\/\\\/www.cavallcartro.cat\\\/escoles\\\/ebm-lluna\\\/2020\\\/02\\\/14\\\/xerrada-preinscripcio-i-matriculacio-p3\\\/#breadcrumb\",\"itemListElement\":[{\"@type\":\"ListItem\",\"position\":1,\"name\":\"Portada\",\"item\":\"https:\\\/\\\/www.cavallcartro.cat\\\/escoles\\\/ebm-lluna\\\/\"},{\"@type\":\"ListItem\",\"position\":2,\"name\":\"XERRADA PREINSCRIPCI\u00d3 I MATRICULACI\u00d3 P3\"}]},{\"@type\":\"WebSite\",\"@id\":\"https:\\\/\\\/www.cavallcartro.cat\\\/escoles\\\/ebm-lluna\\\/#website\",\"url\":\"https:\\\/\\\/www.cavallcartro.cat\\\/escoles\\\/ebm-lluna\\\/\",\"name\":\"EBM LLUNA. Escola bressol municipal de Rub\u00ed\",\"description\":\"L&#039;escola bressol municipal de Rub\u00ed \u00e9s un espai per cr\u00e9ixer, capa\u00e7 d\u2019assolir i satisfer les demandes dels infants i de les seves fam\u00edlies, des d\u2019un acompanyament respectu\u00f3s i emocional, proporcionant els espais i el clima adequats per satisfer les seves necessitats. \",\"publisher\":{\"@id\":\"https:\\\/\\\/www.cavallcartro.cat\\\/escoles\\\/ebm-lluna\\\/#organization\"},\"potentialAction\":[{\"@type\":\"SearchAction\",\"target\":{\"@type\":\"EntryPoint\",\"urlTemplate\":\"https:\\\/\\\/www.cavallcartro.cat\\\/escoles\\\/ebm-lluna\\\/?s={search_term_string}\"},\"query-input\":{\"@type\":\"PropertyValueSpecification\",\"valueRequired\":true,\"valueName\":\"search_term_string\"}}],\"inLanguage\":\"ca\"},{\"@type\":\"Organization\",\"@id\":\"https:\\\/\\\/www.cavallcartro.cat\\\/escoles\\\/ebm-lluna\\\/#organization\",\"name\":\"Escola Bressol Municipal La Lluna\",\"url\":\"https:\\\/\\\/www.cavallcartro.cat\\\/escoles\\\/ebm-lluna\\\/\",\"logo\":{\"@type\":\"ImageObject\",\"inLanguage\":\"ca\",\"@id\":\"https:\\\/\\\/www.cavallcartro.cat\\\/escoles\\\/ebm-lluna\\\/#\\\/schema\\\/logo\\\/image\\\/\",\"url\":\"https:\\\/\\\/www.cavallcartro.cat\\\/escoles\\\/ebm-lluna\\\/wp-content\\\/uploads\\\/sites\\\/25\\\/2018\\\/04\\\/Logo-EBM-Lluna.jpg\",\"contentUrl\":\"https:\\\/\\\/www.cavallcartro.cat\\\/escoles\\\/ebm-lluna\\\/wp-content\\\/uploads\\\/sites\\\/25\\\/2018\\\/04\\\/Logo-EBM-Lluna.jpg\",\"width\":547,\"height\":356,\"caption\":\"Escola Bressol Municipal La Lluna\"},\"image\":{\"@id\":\"https:\\\/\\\/www.cavallcartro.cat\\\/escoles\\\/ebm-lluna\\\/#\\\/schema\\\/logo\\\/image\\\/\"},\"sameAs\":[\"https:\\\/\\\/www.facebook.com\\\/cavallcartroedu\",\"https:\\\/\\\/x.com\\\/cavallcartroedu\"]},{\"@type\":\"Person\",\"@id\":\"https:\\\/\\\/www.cavallcartro.cat\\\/escoles\\\/ebm-lluna\\\/#\\\/schema\\\/person\\\/f464914b35605a018120c431ef4adc4c\",\"name\":\"lalluna\",\"image\":{\"@type\":\"ImageObject\",\"inLanguage\":\"ca\",\"@id\":\"https:\\\/\\\/secure.gravatar.com\\\/avatar\\\/2738ecfba1f236ed770cdf55cfa1865f18813b10a052f4bb80c8db102be1380b?s=96&d=mm&r=g\",\"url\":\"https:\\\/\\\/secure.gravatar.com\\\/avatar\\\/2738ecfba1f236ed770cdf55cfa1865f18813b10a052f4bb80c8db102be1380b?s=96&d=mm&r=g\",\"contentUrl\":\"https:\\\/\\\/secure.gravatar.com\\\/avatar\\\/2738ecfba1f236ed770cdf55cfa1865f18813b10a052f4bb80c8db102be1380b?s=96&d=mm&r=g\",\"caption\":\"lalluna\"},\"url\":\"https:\\\/\\\/www.cavallcartro.cat\\\/escoles\\\/ebm-lluna\\\/author\\\/lalluna\\\/\"}]}<\/script>\n<!-- \/ Yoast SEO plugin. -->","yoast_head_json":{"title":"XERRADA PREINSCRIPCI\u00d3 I MATRICULACI\u00d3 P3 - EBM LLUNA. Escola bressol municipal de Rub\u00ed","robots":{"index":"index","follow":"follow","max-snippet":"max-snippet:-1","max-image-preview":"max-image-preview:large","max-video-preview":"max-video-preview:-1"},"canonical":"https:\/\/www.cavallcartro.cat\/escoles\/ebm-lluna\/2020\/02\/14\/xerrada-preinscripcio-i-matriculacio-p3\/","og_locale":"ca_ES","og_type":"article","og_title":"XERRADA PREINSCRIPCI\u00d3 I MATRICULACI\u00d3 P3 - EBM LLUNA. Escola bressol municipal de Rub\u00ed","og_url":"https:\/\/www.cavallcartro.cat\/escoles\/ebm-lluna\/2020\/02\/14\/xerrada-preinscripcio-i-matriculacio-p3\/","og_site_name":"EBM LLUNA. Escola bressol municipal de Rub\u00ed","article_publisher":"https:\/\/www.facebook.com\/cavallcartroedu","article_published_time":"2020-02-14T15:38:06+00:00","author":"lalluna","twitter_card":"summary_large_image","twitter_creator":"@cavallcartroedu","twitter_site":"@cavallcartroedu","twitter_misc":{"Escrit per":"lalluna"},"schema":{"@context":"https:\/\/schema.org","@graph":[{"@type":"Article","@id":"https:\/\/www.cavallcartro.cat\/escoles\/ebm-lluna\/2020\/02\/14\/xerrada-preinscripcio-i-matriculacio-p3\/#article","isPartOf":{"@id":"https:\/\/www.cavallcartro.cat\/escoles\/ebm-lluna\/2020\/02\/14\/xerrada-preinscripcio-i-matriculacio-p3\/"},"author":{"name":"lalluna","@id":"https:\/\/www.cavallcartro.cat\/escoles\/ebm-lluna\/#\/schema\/person\/f464914b35605a018120c431ef4adc4c"},"headline":"XERRADA PREINSCRIPCI\u00d3 I MATRICULACI\u00d3 P3","datePublished":"2020-02-14T15:38:06+00:00","mainEntityOfPage":{"@id":"https:\/\/www.cavallcartro.cat\/escoles\/ebm-lluna\/2020\/02\/14\/xerrada-preinscripcio-i-matriculacio-p3\/"},"wordCount":5,"publisher":{"@id":"https:\/\/www.cavallcartro.cat\/escoles\/ebm-lluna\/#organization"},"articleSection":["Sin categor\u00eda"],"inLanguage":"ca"},{"@type":"WebPage","@id":"https:\/\/www.cavallcartro.cat\/escoles\/ebm-lluna\/2020\/02\/14\/xerrada-preinscripcio-i-matriculacio-p3\/","url":"https:\/\/www.cavallcartro.cat\/escoles\/ebm-lluna\/2020\/02\/14\/xerrada-preinscripcio-i-matriculacio-p3\/","name":"XERRADA PREINSCRIPCI\u00d3 I MATRICULACI\u00d3 P3 - EBM LLUNA. Escola bressol municipal de Rub\u00ed","isPartOf":{"@id":"https:\/\/www.cavallcartro.cat\/escoles\/ebm-lluna\/#website"},"datePublished":"2020-02-14T15:38:06+00:00","breadcrumb":{"@id":"https:\/\/www.cavallcartro.cat\/escoles\/ebm-lluna\/2020\/02\/14\/xerrada-preinscripcio-i-matriculacio-p3\/#breadcrumb"},"inLanguage":"ca","potentialAction":[{"@type":"ReadAction","target":["https:\/\/www.cavallcartro.cat\/escoles\/ebm-lluna\/2020\/02\/14\/xerrada-preinscripcio-i-matriculacio-p3\/"]}]},{"@type":"BreadcrumbList","@id":"https:\/\/www.cavallcartro.cat\/escoles\/ebm-lluna\/2020\/02\/14\/xerrada-preinscripcio-i-matriculacio-p3\/#breadcrumb","itemListElement":[{"@type":"ListItem","position":1,"name":"Portada","item":"https:\/\/www.cavallcartro.cat\/escoles\/ebm-lluna\/"},{"@type":"ListItem","position":2,"name":"XERRADA PREINSCRIPCI\u00d3 I MATRICULACI\u00d3 P3"}]},{"@type":"WebSite","@id":"https:\/\/www.cavallcartro.cat\/escoles\/ebm-lluna\/#website","url":"https:\/\/www.cavallcartro.cat\/escoles\/ebm-lluna\/","name":"EBM LLUNA. Escola bressol municipal de Rub\u00ed","description":"L&#039;escola bressol municipal de Rub\u00ed \u00e9s un espai per cr\u00e9ixer, capa\u00e7 d\u2019assolir i satisfer les demandes dels infants i de les seves fam\u00edlies, des d\u2019un acompanyament respectu\u00f3s i emocional, proporcionant els espais i el clima adequats per satisfer les seves necessitats. ","publisher":{"@id":"https:\/\/www.cavallcartro.cat\/escoles\/ebm-lluna\/#organization"},"potentialAction":[{"@type":"SearchAction","target":{"@type":"EntryPoint","urlTemplate":"https:\/\/www.cavallcartro.cat\/escoles\/ebm-lluna\/?s={search_term_string}"},"query-input":{"@type":"PropertyValueSpecification","valueRequired":true,"valueName":"search_term_string"}}],"inLanguage":"ca"},{"@type":"Organization","@id":"https:\/\/www.cavallcartro.cat\/escoles\/ebm-lluna\/#organization","name":"Escola Bressol Municipal La Lluna","url":"https:\/\/www.cavallcartro.cat\/escoles\/ebm-lluna\/","logo":{"@type":"ImageObject","inLanguage":"ca","@id":"https:\/\/www.cavallcartro.cat\/escoles\/ebm-lluna\/#\/schema\/logo\/image\/","url":"https:\/\/www.cavallcartro.cat\/escoles\/ebm-lluna\/wp-content\/uploads\/sites\/25\/2018\/04\/Logo-EBM-Lluna.jpg","contentUrl":"https:\/\/www.cavallcartro.cat\/escoles\/ebm-lluna\/wp-content\/uploads\/sites\/25\/2018\/04\/Logo-EBM-Lluna.jpg","width":547,"height":356,"caption":"Escola Bressol Municipal La Lluna"},"image":{"@id":"https:\/\/www.cavallcartro.cat\/escoles\/ebm-lluna\/#\/schema\/logo\/image\/"},"sameAs":["https:\/\/www.facebook.com\/cavallcartroedu","https:\/\/x.com\/cavallcartroedu"]},{"@type":"Person","@id":"https:\/\/www.cavallcartro.cat\/escoles\/ebm-lluna\/#\/schema\/person\/f464914b35605a018120c431ef4adc4c","name":"lalluna","image":{"@type":"ImageObject","inLanguage":"ca","@id":"https:\/\/secure.gravatar.com\/avatar\/2738ecfba1f236ed770cdf55cfa1865f18813b10a052f4bb80c8db102be1380b?s=96&d=mm&r=g","url":"https:\/\/secure.gravatar.com\/avatar\/2738ecfba1f236ed770cdf55cfa1865f18813b10a052f4bb80c8db102be1380b?s=96&d=mm&r=g","contentUrl":"https:\/\/secure.gravatar.com\/avatar\/2738ecfba1f236ed770cdf55cfa1865f18813b10a052f4bb80c8db102be1380b?s=96&d=mm&r=g","caption":"lalluna"},"url":"https:\/\/www.cavallcartro.cat\/escoles\/ebm-lluna\/author\/lalluna\/"}]}},"_links":{"self":[{"href":"https:\/\/www.cavallcartro.cat\/escoles\/ebm-lluna\/wp-json\/wp\/v2\/posts\/1421","targetHints":{"allow":["GET"]}}],"collection":[{"href":"https:\/\/www.cavallcartro.cat\/escoles\/ebm-lluna\/wp-json\/wp\/v2\/posts"}],"about":[{"href":"https:\/\/www.cavallcartro.cat\/escoles\/ebm-lluna\/wp-json\/wp\/v2\/types\/post"}],"author":[{"embeddable":true,"href":"https:\/\/www.cavallcartro.cat\/escoles\/ebm-lluna\/wp-json\/wp\/v2\/users\/33"}],"replies":[{"embeddable":true,"href":"https:\/\/www.cavallcartro.cat\/escoles\/ebm-lluna\/wp-json\/wp\/v2\/comments?post=1421"}],"version-history":[{"count":1,"href":"https:\/\/www.cavallcartro.cat\/escoles\/ebm-lluna\/wp-json\/wp\/v2\/posts\/1421\/revisions"}],"predecessor-version":[{"id":1423,"href":"https:\/\/www.cavallcartro.cat\/escoles\/ebm-lluna\/wp-json\/wp\/v2\/posts\/1421\/revisions\/1423"}],"wp:attachment":[{"href":"https:\/\/www.cavallcartro.cat\/escoles\/ebm-lluna\/wp-json\/wp\/v2\/media?parent=1421"}],"wp:term":[{"taxonomy":"category","embeddable":true,"href":"https:\/\/www.cavallcartro.cat\/escoles\/ebm-lluna\/wp-json\/wp\/v2\/categories?post=1421"},{"taxonomy":"post_tag","embeddable":true,"href":"https:\/\/www.cavallcartro.cat\/escoles\/ebm-lluna\/wp-json\/wp\/v2\/tags?post=1421"}],"curies":[{"name":"wp","href":"https:\/\/api.w.org\/{rel}","templated":true}]}}