{"id":927,"date":"2021-09-15T16:00:33","date_gmt":"2021-09-15T15:00:33","guid":{"rendered":"https:\/\/www.cavallcartro.cat\/escoles\/ebm-la-casa-de-les-flors\/?p=927"},"modified":"2021-09-15T16:00:33","modified_gmt":"2021-09-15T15:00:33","slug":"adaptacio-ebm-la-casa-de-les-flors","status":"publish","type":"post","link":"https:\/\/www.cavallcartro.cat\/escoles\/ebm-la-casa-de-les-flors\/2021\/09\/15\/adaptacio-ebm-la-casa-de-les-flors\/","title":{"rendered":"Adaptaci\u00f3 EBM La Casa de les Flors"},"content":{"rendered":"<p><strong>L\u2019adaptaci\u00f3 a l\u2019escola bressol<\/strong><\/p>\n<p><strong><em>\u201cNeix un nou curs i aquesta llavor est\u00e0 preparada per germinar i desenvolupar tot el seu potencial. Aprofitem cada tendra mirada, tots els seus somriures amagats, treballem amb alegria i for\u00e7a i tot aquest esfor\u00e7 ens regalar\u00e0 el millor per cr\u00e9ixer\u201d<\/em><\/strong><\/p>\n<p>L\u2019entrada a l\u2019escola en aquestes edats suposa un gran canvi per <strong>l&#8217;infant,<\/strong> en alguns casos pot ser el primer gran canvi de la seva vida. L\u2019infant comen\u00e7a una etapa que el pot fer sentir emocions que fins al moment, potser mai havia sentit. Aix\u00f2 va vinculat amb el fet que es produeix en una edat en la qual no saben com gestionar-ho i s\u00f3n els adults del seu voltant els qui poden acompanyar-ho per viure aquesta experi\u00e8ncia de manera enriquidora i segura.<\/p>\n<p>D&#8217;altra banda, per la <strong>fam\u00edlia<\/strong> tamb\u00e9 \u00e9s un canvi i segurament la primera gran \u00a0separaci\u00f3 amb els seus infants. Emocionalment pot suposar un gran repte, ja que tamb\u00e9 hauran d\u2019afrontar els seus propis sentiments i poden apar\u00e8ixer inseguretats i emocions a vegades contradict\u00f2ries i ambivalents: com per exemple sentir-se culpables inconscientment pel fet de portar al seu infant a l\u2019escola; tenir por de perdre l&#8217;afecte del seu fill o filla, entre altres.<\/p>\n<p><strong>Infants i fam\u00edlies<\/strong> necessiten temps per con\u00e8ixer, vincular-se i confiar en altres persones. \u00c9s per aquesta ra\u00f3 que des de l&#8217;escola obrim les portes per construir conjuntament una relaci\u00f3 rec\u00edproca, propera i de confian\u00e7a per establir una base ferma que afavorir\u00e0 que, com a fam\u00edlia, us trobeu a l&#8217;escola com a casa.<\/p>\n<p>A L\u2019Escola Bressol, oferim als infants un espai nou ple d&#8217;est\u00edmuls agradables i engrescadors. Ens fonamentem en els principis b\u00e0sics de l&#8217;experimentaci\u00f3 i la manipulaci\u00f3 de diferents materials i elements. Elements que permetran ampliar a l\u2019infant el seu \u00e0mbit de coneixen\u00e7a i afectivitat. Tot aix\u00f2 repercutir\u00e0 en el seu desenvolupament maduratiu global positivament.<\/p>\n<p><strong>En conclusi\u00f3, <\/strong><strong>\u00e9s imprescindible sensibilitzar la mirada cap a aquests processos vitals i organitzar-se en l\u2019\u00e0mbit d\u2019escola i d\u2019aula<\/strong><strong>.<\/strong>\u00a0La responsabilitat d\u2019una adaptaci\u00f3 o incorporaci\u00f3 reeixida no pot ni ha de recaure exclusivament en els infants m\u00e9s petits. Entre l\u2019ideal i el real,<strong> un canvi sempre \u00e9s possible. <\/strong><\/p>\n","protected":false},"excerpt":{"rendered":"<p>L\u2019adaptaci\u00f3 a l\u2019escola bressol \u201cNeix un nou curs i aquesta llavor est\u00e0 preparada per germinar i desenvolupar tot el seu potencial. Aprofitem cada tendra mirada, tots els seus somriures amagats, treballem amb alegria i for\u00e7a i tot aquest esfor\u00e7 ens regalar\u00e0 el millor per cr\u00e9ixer\u201d L\u2019entrada a l\u2019escola en aquestes [&hellip;]<\/p>\n","protected":false},"author":41,"featured_media":0,"comment_status":"closed","ping_status":"closed","sticky":false,"template":"","format":"standard","meta":{"footnotes":""},"categories":[1],"tags":[],"class_list":["post-927","post","type-post","status-publish","format-standard","hentry","category-sin-categoria"],"yoast_head":"<!-- This site is optimized with the Yoast SEO plugin v27.5 - https:\/\/yoast.com\/product\/yoast-seo-wordpress\/ -->\n<title>Adaptaci\u00f3 EBM La Casa de les Flors - Escola bressol municipal La Casa de les Flors, Hospitalet de Llobregat<\/title>\n<meta name=\"robots\" content=\"index, follow, max-snippet:-1, max-image-preview:large, max-video-preview:-1\" \/>\n<link rel=\"canonical\" href=\"https:\/\/www.cavallcartro.cat\/escoles\/ebm-la-casa-de-les-flors\/2021\/09\/15\/adaptacio-ebm-la-casa-de-les-flors\/\" \/>\n<meta property=\"og:locale\" content=\"ca_ES\" \/>\n<meta property=\"og:type\" content=\"article\" \/>\n<meta property=\"og:title\" content=\"Adaptaci\u00f3 EBM La Casa de les Flors - Escola bressol municipal La Casa de les Flors, Hospitalet de Llobregat\" \/>\n<meta property=\"og:description\" content=\"L\u2019adaptaci\u00f3 a l\u2019escola bressol \u201cNeix un nou curs i aquesta llavor est\u00e0 preparada per germinar i desenvolupar tot el seu potencial. Aprofitem cada tendra mirada, tots els seus somriures amagats, treballem amb alegria i for\u00e7a i tot aquest esfor\u00e7 ens regalar\u00e0 el millor per cr\u00e9ixer\u201d L\u2019entrada a l\u2019escola en aquestes [&hellip;]\" \/>\n<meta property=\"og:url\" content=\"https:\/\/www.cavallcartro.cat\/escoles\/ebm-la-casa-de-les-flors\/2021\/09\/15\/adaptacio-ebm-la-casa-de-les-flors\/\" \/>\n<meta property=\"og:site_name\" content=\"Escola bressol municipal La Casa de les Flors, Hospitalet de Llobregat\" \/>\n<meta property=\"article:publisher\" content=\"https:\/\/www.facebook.com\/cavallcartroedu\" \/>\n<meta property=\"article:published_time\" content=\"2021-09-15T15:00:33+00:00\" \/>\n<meta name=\"author\" content=\"lacasadelesflors\" \/>\n<meta name=\"twitter:card\" content=\"summary_large_image\" \/>\n<meta name=\"twitter:creator\" content=\"@cavallcartroedu\" \/>\n<meta name=\"twitter:site\" content=\"@cavallcartroedu\" \/>\n<meta name=\"twitter:label1\" content=\"Escrit per\" \/>\n\t<meta name=\"twitter:data1\" content=\"lacasadelesflors\" \/>\n\t<meta name=\"twitter:label2\" content=\"Temps estimat de lectura\" \/>\n\t<meta name=\"twitter:data2\" content=\"2 minuts\" \/>\n<script type=\"application\/ld+json\" class=\"yoast-schema-graph\">{\"@context\":\"https:\\\/\\\/schema.org\",\"@graph\":[{\"@type\":\"Article\",\"@id\":\"https:\\\/\\\/www.cavallcartro.cat\\\/escoles\\\/ebm-la-casa-de-les-flors\\\/2021\\\/09\\\/15\\\/adaptacio-ebm-la-casa-de-les-flors\\\/#article\",\"isPartOf\":{\"@id\":\"https:\\\/\\\/www.cavallcartro.cat\\\/escoles\\\/ebm-la-casa-de-les-flors\\\/2021\\\/09\\\/15\\\/adaptacio-ebm-la-casa-de-les-flors\\\/\"},\"author\":{\"name\":\"lacasadelesflors\",\"@id\":\"https:\\\/\\\/www.cavallcartro.cat\\\/escoles\\\/ebm-la-casa-de-les-flors\\\/#\\\/schema\\\/person\\\/16b9fec570f3a33cde4e1c2f4ecebdef\"},\"headline\":\"Adaptaci\u00f3 EBM La Casa de les Flors\",\"datePublished\":\"2021-09-15T15:00:33+00:00\",\"mainEntityOfPage\":{\"@id\":\"https:\\\/\\\/www.cavallcartro.cat\\\/escoles\\\/ebm-la-casa-de-les-flors\\\/2021\\\/09\\\/15\\\/adaptacio-ebm-la-casa-de-les-flors\\\/\"},\"wordCount\":397,\"publisher\":{\"@id\":\"https:\\\/\\\/www.cavallcartro.cat\\\/escoles\\\/ebm-la-casa-de-les-flors\\\/#organization\"},\"articleSection\":[\"Sin categor\u00eda\"],\"inLanguage\":\"ca\"},{\"@type\":\"WebPage\",\"@id\":\"https:\\\/\\\/www.cavallcartro.cat\\\/escoles\\\/ebm-la-casa-de-les-flors\\\/2021\\\/09\\\/15\\\/adaptacio-ebm-la-casa-de-les-flors\\\/\",\"url\":\"https:\\\/\\\/www.cavallcartro.cat\\\/escoles\\\/ebm-la-casa-de-les-flors\\\/2021\\\/09\\\/15\\\/adaptacio-ebm-la-casa-de-les-flors\\\/\",\"name\":\"Adaptaci\u00f3 EBM La Casa de les Flors - Escola bressol municipal La Casa de les Flors, Hospitalet de Llobregat\",\"isPartOf\":{\"@id\":\"https:\\\/\\\/www.cavallcartro.cat\\\/escoles\\\/ebm-la-casa-de-les-flors\\\/#website\"},\"datePublished\":\"2021-09-15T15:00:33+00:00\",\"breadcrumb\":{\"@id\":\"https:\\\/\\\/www.cavallcartro.cat\\\/escoles\\\/ebm-la-casa-de-les-flors\\\/2021\\\/09\\\/15\\\/adaptacio-ebm-la-casa-de-les-flors\\\/#breadcrumb\"},\"inLanguage\":\"ca\",\"potentialAction\":[{\"@type\":\"ReadAction\",\"target\":[\"https:\\\/\\\/www.cavallcartro.cat\\\/escoles\\\/ebm-la-casa-de-les-flors\\\/2021\\\/09\\\/15\\\/adaptacio-ebm-la-casa-de-les-flors\\\/\"]}]},{\"@type\":\"BreadcrumbList\",\"@id\":\"https:\\\/\\\/www.cavallcartro.cat\\\/escoles\\\/ebm-la-casa-de-les-flors\\\/2021\\\/09\\\/15\\\/adaptacio-ebm-la-casa-de-les-flors\\\/#breadcrumb\",\"itemListElement\":[{\"@type\":\"ListItem\",\"position\":1,\"name\":\"Portada\",\"item\":\"https:\\\/\\\/www.cavallcartro.cat\\\/escoles\\\/ebm-la-casa-de-les-flors\\\/\"},{\"@type\":\"ListItem\",\"position\":2,\"name\":\"Adaptaci\u00f3 EBM La Casa de les Flors\"}]},{\"@type\":\"WebSite\",\"@id\":\"https:\\\/\\\/www.cavallcartro.cat\\\/escoles\\\/ebm-la-casa-de-les-flors\\\/#website\",\"url\":\"https:\\\/\\\/www.cavallcartro.cat\\\/escoles\\\/ebm-la-casa-de-les-flors\\\/\",\"name\":\"Escola bressol municipal La Casa de les Flors, Hospitalet de Llobregat\",\"description\":\"Escola bressol amb 94 places p\u00fabliques al barri de La Florida. Metodologia basada en el joc lliure i l&#039;acompanyament al desenvolupament dels infants.\",\"publisher\":{\"@id\":\"https:\\\/\\\/www.cavallcartro.cat\\\/escoles\\\/ebm-la-casa-de-les-flors\\\/#organization\"},\"potentialAction\":[{\"@type\":\"SearchAction\",\"target\":{\"@type\":\"EntryPoint\",\"urlTemplate\":\"https:\\\/\\\/www.cavallcartro.cat\\\/escoles\\\/ebm-la-casa-de-les-flors\\\/?s={search_term_string}\"},\"query-input\":{\"@type\":\"PropertyValueSpecification\",\"valueRequired\":true,\"valueName\":\"search_term_string\"}}],\"inLanguage\":\"ca\"},{\"@type\":\"Organization\",\"@id\":\"https:\\\/\\\/www.cavallcartro.cat\\\/escoles\\\/ebm-la-casa-de-les-flors\\\/#organization\",\"name\":\"Escola bressol municipal La Casa de les Flors\",\"url\":\"https:\\\/\\\/www.cavallcartro.cat\\\/escoles\\\/ebm-la-casa-de-les-flors\\\/\",\"logo\":{\"@type\":\"ImageObject\",\"inLanguage\":\"ca\",\"@id\":\"https:\\\/\\\/www.cavallcartro.cat\\\/escoles\\\/ebm-la-casa-de-les-flors\\\/#\\\/schema\\\/logo\\\/image\\\/\",\"url\":\"https:\\\/\\\/www.cavallcartro.cat\\\/escoles\\\/ebm-la-casa-de-les-flors\\\/wp-content\\\/uploads\\\/sites\\\/40\\\/2021\\\/03\\\/log-ebm-la-casa-de-les-flors.png\",\"contentUrl\":\"https:\\\/\\\/www.cavallcartro.cat\\\/escoles\\\/ebm-la-casa-de-les-flors\\\/wp-content\\\/uploads\\\/sites\\\/40\\\/2021\\\/03\\\/log-ebm-la-casa-de-les-flors.png\",\"width\":204,\"height\":100,\"caption\":\"Escola bressol municipal La Casa de les Flors\"},\"image\":{\"@id\":\"https:\\\/\\\/www.cavallcartro.cat\\\/escoles\\\/ebm-la-casa-de-les-flors\\\/#\\\/schema\\\/logo\\\/image\\\/\"},\"sameAs\":[\"https:\\\/\\\/www.facebook.com\\\/cavallcartroedu\",\"https:\\\/\\\/x.com\\\/cavallcartroedu\"]},{\"@type\":\"Person\",\"@id\":\"https:\\\/\\\/www.cavallcartro.cat\\\/escoles\\\/ebm-la-casa-de-les-flors\\\/#\\\/schema\\\/person\\\/16b9fec570f3a33cde4e1c2f4ecebdef\",\"name\":\"lacasadelesflors\",\"image\":{\"@type\":\"ImageObject\",\"inLanguage\":\"ca\",\"@id\":\"https:\\\/\\\/secure.gravatar.com\\\/avatar\\\/d3c6475873bddf362c9261f66928b648182e51d3934063f598a9eae91b71b4d3?s=96&d=mm&r=g\",\"url\":\"https:\\\/\\\/secure.gravatar.com\\\/avatar\\\/d3c6475873bddf362c9261f66928b648182e51d3934063f598a9eae91b71b4d3?s=96&d=mm&r=g\",\"contentUrl\":\"https:\\\/\\\/secure.gravatar.com\\\/avatar\\\/d3c6475873bddf362c9261f66928b648182e51d3934063f598a9eae91b71b4d3?s=96&d=mm&r=g\",\"caption\":\"lacasadelesflors\"}}]}<\/script>\n<!-- \/ Yoast SEO plugin. -->","yoast_head_json":{"title":"Adaptaci\u00f3 EBM La Casa de les Flors - Escola bressol municipal La Casa de les Flors, Hospitalet de Llobregat","robots":{"index":"index","follow":"follow","max-snippet":"max-snippet:-1","max-image-preview":"max-image-preview:large","max-video-preview":"max-video-preview:-1"},"canonical":"https:\/\/www.cavallcartro.cat\/escoles\/ebm-la-casa-de-les-flors\/2021\/09\/15\/adaptacio-ebm-la-casa-de-les-flors\/","og_locale":"ca_ES","og_type":"article","og_title":"Adaptaci\u00f3 EBM La Casa de les Flors - Escola bressol municipal La Casa de les Flors, Hospitalet de Llobregat","og_description":"L\u2019adaptaci\u00f3 a l\u2019escola bressol \u201cNeix un nou curs i aquesta llavor est\u00e0 preparada per germinar i desenvolupar tot el seu potencial. Aprofitem cada tendra mirada, tots els seus somriures amagats, treballem amb alegria i for\u00e7a i tot aquest esfor\u00e7 ens regalar\u00e0 el millor per cr\u00e9ixer\u201d L\u2019entrada a l\u2019escola en aquestes [&hellip;]","og_url":"https:\/\/www.cavallcartro.cat\/escoles\/ebm-la-casa-de-les-flors\/2021\/09\/15\/adaptacio-ebm-la-casa-de-les-flors\/","og_site_name":"Escola bressol municipal La Casa de les Flors, Hospitalet de Llobregat","article_publisher":"https:\/\/www.facebook.com\/cavallcartroedu","article_published_time":"2021-09-15T15:00:33+00:00","author":"lacasadelesflors","twitter_card":"summary_large_image","twitter_creator":"@cavallcartroedu","twitter_site":"@cavallcartroedu","twitter_misc":{"Escrit per":"lacasadelesflors","Temps estimat de lectura":"2 minuts"},"schema":{"@context":"https:\/\/schema.org","@graph":[{"@type":"Article","@id":"https:\/\/www.cavallcartro.cat\/escoles\/ebm-la-casa-de-les-flors\/2021\/09\/15\/adaptacio-ebm-la-casa-de-les-flors\/#article","isPartOf":{"@id":"https:\/\/www.cavallcartro.cat\/escoles\/ebm-la-casa-de-les-flors\/2021\/09\/15\/adaptacio-ebm-la-casa-de-les-flors\/"},"author":{"name":"lacasadelesflors","@id":"https:\/\/www.cavallcartro.cat\/escoles\/ebm-la-casa-de-les-flors\/#\/schema\/person\/16b9fec570f3a33cde4e1c2f4ecebdef"},"headline":"Adaptaci\u00f3 EBM La Casa de les Flors","datePublished":"2021-09-15T15:00:33+00:00","mainEntityOfPage":{"@id":"https:\/\/www.cavallcartro.cat\/escoles\/ebm-la-casa-de-les-flors\/2021\/09\/15\/adaptacio-ebm-la-casa-de-les-flors\/"},"wordCount":397,"publisher":{"@id":"https:\/\/www.cavallcartro.cat\/escoles\/ebm-la-casa-de-les-flors\/#organization"},"articleSection":["Sin categor\u00eda"],"inLanguage":"ca"},{"@type":"WebPage","@id":"https:\/\/www.cavallcartro.cat\/escoles\/ebm-la-casa-de-les-flors\/2021\/09\/15\/adaptacio-ebm-la-casa-de-les-flors\/","url":"https:\/\/www.cavallcartro.cat\/escoles\/ebm-la-casa-de-les-flors\/2021\/09\/15\/adaptacio-ebm-la-casa-de-les-flors\/","name":"Adaptaci\u00f3 EBM La Casa de les Flors - Escola bressol municipal La Casa de les Flors, Hospitalet de Llobregat","isPartOf":{"@id":"https:\/\/www.cavallcartro.cat\/escoles\/ebm-la-casa-de-les-flors\/#website"},"datePublished":"2021-09-15T15:00:33+00:00","breadcrumb":{"@id":"https:\/\/www.cavallcartro.cat\/escoles\/ebm-la-casa-de-les-flors\/2021\/09\/15\/adaptacio-ebm-la-casa-de-les-flors\/#breadcrumb"},"inLanguage":"ca","potentialAction":[{"@type":"ReadAction","target":["https:\/\/www.cavallcartro.cat\/escoles\/ebm-la-casa-de-les-flors\/2021\/09\/15\/adaptacio-ebm-la-casa-de-les-flors\/"]}]},{"@type":"BreadcrumbList","@id":"https:\/\/www.cavallcartro.cat\/escoles\/ebm-la-casa-de-les-flors\/2021\/09\/15\/adaptacio-ebm-la-casa-de-les-flors\/#breadcrumb","itemListElement":[{"@type":"ListItem","position":1,"name":"Portada","item":"https:\/\/www.cavallcartro.cat\/escoles\/ebm-la-casa-de-les-flors\/"},{"@type":"ListItem","position":2,"name":"Adaptaci\u00f3 EBM La Casa de les Flors"}]},{"@type":"WebSite","@id":"https:\/\/www.cavallcartro.cat\/escoles\/ebm-la-casa-de-les-flors\/#website","url":"https:\/\/www.cavallcartro.cat\/escoles\/ebm-la-casa-de-les-flors\/","name":"Escola bressol municipal La Casa de les Flors, Hospitalet de Llobregat","description":"Escola bressol amb 94 places p\u00fabliques al barri de La Florida. Metodologia basada en el joc lliure i l&#039;acompanyament al desenvolupament dels infants.","publisher":{"@id":"https:\/\/www.cavallcartro.cat\/escoles\/ebm-la-casa-de-les-flors\/#organization"},"potentialAction":[{"@type":"SearchAction","target":{"@type":"EntryPoint","urlTemplate":"https:\/\/www.cavallcartro.cat\/escoles\/ebm-la-casa-de-les-flors\/?s={search_term_string}"},"query-input":{"@type":"PropertyValueSpecification","valueRequired":true,"valueName":"search_term_string"}}],"inLanguage":"ca"},{"@type":"Organization","@id":"https:\/\/www.cavallcartro.cat\/escoles\/ebm-la-casa-de-les-flors\/#organization","name":"Escola bressol municipal La Casa de les Flors","url":"https:\/\/www.cavallcartro.cat\/escoles\/ebm-la-casa-de-les-flors\/","logo":{"@type":"ImageObject","inLanguage":"ca","@id":"https:\/\/www.cavallcartro.cat\/escoles\/ebm-la-casa-de-les-flors\/#\/schema\/logo\/image\/","url":"https:\/\/www.cavallcartro.cat\/escoles\/ebm-la-casa-de-les-flors\/wp-content\/uploads\/sites\/40\/2021\/03\/log-ebm-la-casa-de-les-flors.png","contentUrl":"https:\/\/www.cavallcartro.cat\/escoles\/ebm-la-casa-de-les-flors\/wp-content\/uploads\/sites\/40\/2021\/03\/log-ebm-la-casa-de-les-flors.png","width":204,"height":100,"caption":"Escola bressol municipal La Casa de les Flors"},"image":{"@id":"https:\/\/www.cavallcartro.cat\/escoles\/ebm-la-casa-de-les-flors\/#\/schema\/logo\/image\/"},"sameAs":["https:\/\/www.facebook.com\/cavallcartroedu","https:\/\/x.com\/cavallcartroedu"]},{"@type":"Person","@id":"https:\/\/www.cavallcartro.cat\/escoles\/ebm-la-casa-de-les-flors\/#\/schema\/person\/16b9fec570f3a33cde4e1c2f4ecebdef","name":"lacasadelesflors","image":{"@type":"ImageObject","inLanguage":"ca","@id":"https:\/\/secure.gravatar.com\/avatar\/d3c6475873bddf362c9261f66928b648182e51d3934063f598a9eae91b71b4d3?s=96&d=mm&r=g","url":"https:\/\/secure.gravatar.com\/avatar\/d3c6475873bddf362c9261f66928b648182e51d3934063f598a9eae91b71b4d3?s=96&d=mm&r=g","contentUrl":"https:\/\/secure.gravatar.com\/avatar\/d3c6475873bddf362c9261f66928b648182e51d3934063f598a9eae91b71b4d3?s=96&d=mm&r=g","caption":"lacasadelesflors"}}]}},"_links":{"self":[{"href":"https:\/\/www.cavallcartro.cat\/escoles\/ebm-la-casa-de-les-flors\/wp-json\/wp\/v2\/posts\/927","targetHints":{"allow":["GET"]}}],"collection":[{"href":"https:\/\/www.cavallcartro.cat\/escoles\/ebm-la-casa-de-les-flors\/wp-json\/wp\/v2\/posts"}],"about":[{"href":"https:\/\/www.cavallcartro.cat\/escoles\/ebm-la-casa-de-les-flors\/wp-json\/wp\/v2\/types\/post"}],"author":[{"embeddable":true,"href":"https:\/\/www.cavallcartro.cat\/escoles\/ebm-la-casa-de-les-flors\/wp-json\/wp\/v2\/users\/41"}],"replies":[{"embeddable":true,"href":"https:\/\/www.cavallcartro.cat\/escoles\/ebm-la-casa-de-les-flors\/wp-json\/wp\/v2\/comments?post=927"}],"version-history":[{"count":1,"href":"https:\/\/www.cavallcartro.cat\/escoles\/ebm-la-casa-de-les-flors\/wp-json\/wp\/v2\/posts\/927\/revisions"}],"predecessor-version":[{"id":928,"href":"https:\/\/www.cavallcartro.cat\/escoles\/ebm-la-casa-de-les-flors\/wp-json\/wp\/v2\/posts\/927\/revisions\/928"}],"wp:attachment":[{"href":"https:\/\/www.cavallcartro.cat\/escoles\/ebm-la-casa-de-les-flors\/wp-json\/wp\/v2\/media?parent=927"}],"wp:term":[{"taxonomy":"category","embeddable":true,"href":"https:\/\/www.cavallcartro.cat\/escoles\/ebm-la-casa-de-les-flors\/wp-json\/wp\/v2\/categories?post=927"},{"taxonomy":"post_tag","embeddable":true,"href":"https:\/\/www.cavallcartro.cat\/escoles\/ebm-la-casa-de-les-flors\/wp-json\/wp\/v2\/tags?post=927"}],"curies":[{"name":"wp","href":"https:\/\/api.w.org\/{rel}","templated":true}]}}