{"id":281,"date":"2021-04-09T15:42:48","date_gmt":"2021-04-09T14:42:48","guid":{"rendered":"http:\/\/www.cavallcartro.cat\/escoles\/ebm-la-casa-de-les-flors\/?p=281"},"modified":"2021-04-12T14:37:00","modified_gmt":"2021-04-12T13:37:00","slug":"dinar-a-la-falda-dinar-a-taula","status":"publish","type":"post","link":"https:\/\/www.cavallcartro.cat\/escoles\/ebm-la-casa-de-les-flors\/2021\/04\/09\/dinar-a-la-falda-dinar-a-taula\/","title":{"rendered":"Com passem de dinar a la falda a dinar a la taula?"},"content":{"rendered":"<p><strong>L\u2019hora de dinar<\/strong>, ha de ser un moment tranquil, on l\u2019infant s&#8217;ha de sentir c\u00f2mode i acollit per l\u2019adult. Primerament a la falda es respecta la seva individualitat i ens permet con\u00e8ixer les senyals del seu cos, interpretar-les mirant-lo als ulls relaxadament i respectant sempre el seu ritme.<\/p>\n<p><img loading=\"lazy\" decoding=\"async\" class=\"aligncenter size-full wp-image-282\" src=\"https:\/\/www.cavallcartro.cat\/escoles\/ebm-la-casa-de-les-flors\/wp-content\/uploads\/sites\/40\/2021\/04\/a-3.jpg\" alt=\"\" width=\"696\" height=\"523\" \/><\/p>\n<p>&nbsp;<\/p>\n<p><strong>Quan \u00e9s el moment de seure a taula durant l\u2019hora dels \u00e0pats?<\/strong><\/p>\n<p>Aquest moment ho marquen els infants. Cal tenir en compte el seu<em> desenvolupament motriu<\/em> (si \u00e9s mant\u00e9 correctament assegut; si observem que comencen a ser m\u00e9s aut\u00f2noms pujant i baixant de la cadira,&#8230;). Quan s&#8217;observen alguns d&#8217;aquests \u00edtems, ser\u00e0 un moment on es podr\u00e0 fer el pas, ja que els infants necessiten el seu espai i m\u00e9s llibertat de moviment.<\/p>\n<p>El <strong>pas de seure a la taula<\/strong> amb la resta de companys\/es \u00e9s un gran repte per a ells, on es treballen les relacions, les mirades, els somriures, i on la pres\u00e8ncia de tots\/es \u00e9s una motivaci\u00f3 per comen\u00e7ar a menjar (es donen les primeres imitacions).<\/p>\n<p><strong>El paper de l\u2019educador\/a<\/strong> \u00e9s molt important, ja que aquest ha de:<\/p>\n<ul>\n<li>Crear un <em>clima tranquil<\/em> amb un <em>to de veu adequat<\/em><\/li>\n<li>Se suau amb els seus gestos<\/li>\n<li>Anticipar verbalment tot el que far\u00e0<\/li>\n<li>Tenir una actitud positiva<\/li>\n<li>Organitzar b\u00e9 l\u2019activitat per a qu\u00e8 els temps d\u2019espera no siguin massa llargs.<\/li>\n<\/ul>\n<p>Durant aquest moment <strong>treballem:<\/strong><\/p>\n<ul>\n<li>Les rutines.<\/li>\n<li>Els h\u00e0bits b\u00e0sics d\u2019autonomia.<\/li>\n<li>Com agafar sols el gots.<\/li>\n<li>Els temps d\u2019espera<\/li>\n<li>La individualitat a l\u2019hora de dinar.<\/li>\n<\/ul>\n<p>Aquest canvi sol ser un moment acceptat de bon grat per els infants.<\/p>\n<p>Ens fem grans!!<\/p>\n","protected":false},"excerpt":{"rendered":"<p>L\u2019hora de dinar, ha de ser un moment tranquil, on l\u2019infant s&#8217;ha de sentir c\u00f2mode i acollit per l\u2019adult. Primerament a la falda es respecta la seva individualitat i ens permet con\u00e8ixer les senyals del seu cos, interpretar-les mirant-lo als ulls relaxadament i respectant sempre el seu ritme. &nbsp; Quan [&hellip;]<\/p>\n","protected":false},"author":41,"featured_media":0,"comment_status":"closed","ping_status":"closed","sticky":false,"template":"","format":"standard","meta":{"footnotes":""},"categories":[1],"tags":[],"class_list":["post-281","post","type-post","status-publish","format-standard","hentry","category-sin-categoria"],"yoast_head":"<!-- This site is optimized with the Yoast SEO plugin v27.5 - https:\/\/yoast.com\/product\/yoast-seo-wordpress\/ -->\n<title>Com passem de dinar a la falda a dinar a la taula? - Escola bressol municipal La Casa de les Flors, Hospitalet de Llobregat<\/title>\n<meta name=\"robots\" content=\"index, follow, max-snippet:-1, max-image-preview:large, max-video-preview:-1\" \/>\n<link rel=\"canonical\" href=\"https:\/\/www.cavallcartro.cat\/escoles\/ebm-la-casa-de-les-flors\/2021\/04\/09\/dinar-a-la-falda-dinar-a-taula\/\" \/>\n<meta property=\"og:locale\" content=\"ca_ES\" \/>\n<meta property=\"og:type\" content=\"article\" \/>\n<meta property=\"og:title\" content=\"Com passem de dinar a la falda a dinar a la taula? - Escola bressol municipal La Casa de les Flors, Hospitalet de Llobregat\" \/>\n<meta property=\"og:description\" content=\"L\u2019hora de dinar, ha de ser un moment tranquil, on l\u2019infant s&#8217;ha de sentir c\u00f2mode i acollit per l\u2019adult. Primerament a la falda es respecta la seva individualitat i ens permet con\u00e8ixer les senyals del seu cos, interpretar-les mirant-lo als ulls relaxadament i respectant sempre el seu ritme. &nbsp; Quan [&hellip;]\" \/>\n<meta property=\"og:url\" content=\"https:\/\/www.cavallcartro.cat\/escoles\/ebm-la-casa-de-les-flors\/2021\/04\/09\/dinar-a-la-falda-dinar-a-taula\/\" \/>\n<meta property=\"og:site_name\" content=\"Escola bressol municipal La Casa de les Flors, Hospitalet de Llobregat\" \/>\n<meta property=\"article:publisher\" content=\"https:\/\/www.facebook.com\/cavallcartroedu\" \/>\n<meta property=\"article:published_time\" content=\"2021-04-09T14:42:48+00:00\" \/>\n<meta property=\"article:modified_time\" content=\"2021-04-12T13:37:00+00:00\" \/>\n<meta property=\"og:image\" content=\"https:\/\/www.cavallcartro.cat\/escoles\/ebm-la-casa-de-les-flors\/wp-content\/uploads\/sites\/40\/2021\/04\/a-3.jpg\" \/>\n<meta name=\"author\" content=\"lacasadelesflors\" \/>\n<meta name=\"twitter:card\" content=\"summary_large_image\" \/>\n<meta name=\"twitter:creator\" content=\"@cavallcartroedu\" \/>\n<meta name=\"twitter:site\" content=\"@cavallcartroedu\" \/>\n<meta name=\"twitter:label1\" content=\"Escrit per\" \/>\n\t<meta name=\"twitter:data1\" content=\"lacasadelesflors\" \/>\n\t<meta name=\"twitter:label2\" content=\"Temps estimat de lectura\" \/>\n\t<meta name=\"twitter:data2\" content=\"1 minut\" \/>\n<script type=\"application\/ld+json\" class=\"yoast-schema-graph\">{\"@context\":\"https:\\\/\\\/schema.org\",\"@graph\":[{\"@type\":\"Article\",\"@id\":\"https:\\\/\\\/www.cavallcartro.cat\\\/escoles\\\/ebm-la-casa-de-les-flors\\\/2021\\\/04\\\/09\\\/dinar-a-la-falda-dinar-a-taula\\\/#article\",\"isPartOf\":{\"@id\":\"https:\\\/\\\/www.cavallcartro.cat\\\/escoles\\\/ebm-la-casa-de-les-flors\\\/2021\\\/04\\\/09\\\/dinar-a-la-falda-dinar-a-taula\\\/\"},\"author\":{\"name\":\"lacasadelesflors\",\"@id\":\"https:\\\/\\\/www.cavallcartro.cat\\\/escoles\\\/ebm-la-casa-de-les-flors\\\/#\\\/schema\\\/person\\\/16b9fec570f3a33cde4e1c2f4ecebdef\"},\"headline\":\"Com passem de dinar a la falda a dinar a la taula?\",\"datePublished\":\"2021-04-09T14:42:48+00:00\",\"dateModified\":\"2021-04-12T13:37:00+00:00\",\"mainEntityOfPage\":{\"@id\":\"https:\\\/\\\/www.cavallcartro.cat\\\/escoles\\\/ebm-la-casa-de-les-flors\\\/2021\\\/04\\\/09\\\/dinar-a-la-falda-dinar-a-taula\\\/\"},\"wordCount\":295,\"publisher\":{\"@id\":\"https:\\\/\\\/www.cavallcartro.cat\\\/escoles\\\/ebm-la-casa-de-les-flors\\\/#organization\"},\"image\":{\"@id\":\"https:\\\/\\\/www.cavallcartro.cat\\\/escoles\\\/ebm-la-casa-de-les-flors\\\/2021\\\/04\\\/09\\\/dinar-a-la-falda-dinar-a-taula\\\/#primaryimage\"},\"thumbnailUrl\":\"https:\\\/\\\/www.cavallcartro.cat\\\/escoles\\\/ebm-la-casa-de-les-flors\\\/wp-content\\\/uploads\\\/sites\\\/40\\\/2021\\\/04\\\/a-3.jpg\",\"articleSection\":[\"Sin categor\u00eda\"],\"inLanguage\":\"ca\"},{\"@type\":\"WebPage\",\"@id\":\"https:\\\/\\\/www.cavallcartro.cat\\\/escoles\\\/ebm-la-casa-de-les-flors\\\/2021\\\/04\\\/09\\\/dinar-a-la-falda-dinar-a-taula\\\/\",\"url\":\"https:\\\/\\\/www.cavallcartro.cat\\\/escoles\\\/ebm-la-casa-de-les-flors\\\/2021\\\/04\\\/09\\\/dinar-a-la-falda-dinar-a-taula\\\/\",\"name\":\"Com passem de dinar a la falda a dinar a la taula? - Escola bressol municipal La Casa de les Flors, Hospitalet de Llobregat\",\"isPartOf\":{\"@id\":\"https:\\\/\\\/www.cavallcartro.cat\\\/escoles\\\/ebm-la-casa-de-les-flors\\\/#website\"},\"primaryImageOfPage\":{\"@id\":\"https:\\\/\\\/www.cavallcartro.cat\\\/escoles\\\/ebm-la-casa-de-les-flors\\\/2021\\\/04\\\/09\\\/dinar-a-la-falda-dinar-a-taula\\\/#primaryimage\"},\"image\":{\"@id\":\"https:\\\/\\\/www.cavallcartro.cat\\\/escoles\\\/ebm-la-casa-de-les-flors\\\/2021\\\/04\\\/09\\\/dinar-a-la-falda-dinar-a-taula\\\/#primaryimage\"},\"thumbnailUrl\":\"https:\\\/\\\/www.cavallcartro.cat\\\/escoles\\\/ebm-la-casa-de-les-flors\\\/wp-content\\\/uploads\\\/sites\\\/40\\\/2021\\\/04\\\/a-3.jpg\",\"datePublished\":\"2021-04-09T14:42:48+00:00\",\"dateModified\":\"2021-04-12T13:37:00+00:00\",\"breadcrumb\":{\"@id\":\"https:\\\/\\\/www.cavallcartro.cat\\\/escoles\\\/ebm-la-casa-de-les-flors\\\/2021\\\/04\\\/09\\\/dinar-a-la-falda-dinar-a-taula\\\/#breadcrumb\"},\"inLanguage\":\"ca\",\"potentialAction\":[{\"@type\":\"ReadAction\",\"target\":[\"https:\\\/\\\/www.cavallcartro.cat\\\/escoles\\\/ebm-la-casa-de-les-flors\\\/2021\\\/04\\\/09\\\/dinar-a-la-falda-dinar-a-taula\\\/\"]}]},{\"@type\":\"ImageObject\",\"inLanguage\":\"ca\",\"@id\":\"https:\\\/\\\/www.cavallcartro.cat\\\/escoles\\\/ebm-la-casa-de-les-flors\\\/2021\\\/04\\\/09\\\/dinar-a-la-falda-dinar-a-taula\\\/#primaryimage\",\"url\":\"https:\\\/\\\/www.cavallcartro.cat\\\/escoles\\\/ebm-la-casa-de-les-flors\\\/wp-content\\\/uploads\\\/sites\\\/40\\\/2021\\\/04\\\/a-3.jpg\",\"contentUrl\":\"https:\\\/\\\/www.cavallcartro.cat\\\/escoles\\\/ebm-la-casa-de-les-flors\\\/wp-content\\\/uploads\\\/sites\\\/40\\\/2021\\\/04\\\/a-3.jpg\"},{\"@type\":\"BreadcrumbList\",\"@id\":\"https:\\\/\\\/www.cavallcartro.cat\\\/escoles\\\/ebm-la-casa-de-les-flors\\\/2021\\\/04\\\/09\\\/dinar-a-la-falda-dinar-a-taula\\\/#breadcrumb\",\"itemListElement\":[{\"@type\":\"ListItem\",\"position\":1,\"name\":\"Portada\",\"item\":\"https:\\\/\\\/www.cavallcartro.cat\\\/escoles\\\/ebm-la-casa-de-les-flors\\\/\"},{\"@type\":\"ListItem\",\"position\":2,\"name\":\"Com passem de dinar a la falda a dinar a la taula?\"}]},{\"@type\":\"WebSite\",\"@id\":\"https:\\\/\\\/www.cavallcartro.cat\\\/escoles\\\/ebm-la-casa-de-les-flors\\\/#website\",\"url\":\"https:\\\/\\\/www.cavallcartro.cat\\\/escoles\\\/ebm-la-casa-de-les-flors\\\/\",\"name\":\"Escola bressol municipal La Casa de les Flors, Hospitalet de Llobregat\",\"description\":\"Escola bressol amb 94 places p\u00fabliques al barri de La Florida. Metodologia basada en el joc lliure i l&#039;acompanyament al desenvolupament dels infants.\",\"publisher\":{\"@id\":\"https:\\\/\\\/www.cavallcartro.cat\\\/escoles\\\/ebm-la-casa-de-les-flors\\\/#organization\"},\"potentialAction\":[{\"@type\":\"SearchAction\",\"target\":{\"@type\":\"EntryPoint\",\"urlTemplate\":\"https:\\\/\\\/www.cavallcartro.cat\\\/escoles\\\/ebm-la-casa-de-les-flors\\\/?s={search_term_string}\"},\"query-input\":{\"@type\":\"PropertyValueSpecification\",\"valueRequired\":true,\"valueName\":\"search_term_string\"}}],\"inLanguage\":\"ca\"},{\"@type\":\"Organization\",\"@id\":\"https:\\\/\\\/www.cavallcartro.cat\\\/escoles\\\/ebm-la-casa-de-les-flors\\\/#organization\",\"name\":\"Escola bressol municipal La Casa de les Flors\",\"url\":\"https:\\\/\\\/www.cavallcartro.cat\\\/escoles\\\/ebm-la-casa-de-les-flors\\\/\",\"logo\":{\"@type\":\"ImageObject\",\"inLanguage\":\"ca\",\"@id\":\"https:\\\/\\\/www.cavallcartro.cat\\\/escoles\\\/ebm-la-casa-de-les-flors\\\/#\\\/schema\\\/logo\\\/image\\\/\",\"url\":\"https:\\\/\\\/www.cavallcartro.cat\\\/escoles\\\/ebm-la-casa-de-les-flors\\\/wp-content\\\/uploads\\\/sites\\\/40\\\/2021\\\/03\\\/log-ebm-la-casa-de-les-flors.png\",\"contentUrl\":\"https:\\\/\\\/www.cavallcartro.cat\\\/escoles\\\/ebm-la-casa-de-les-flors\\\/wp-content\\\/uploads\\\/sites\\\/40\\\/2021\\\/03\\\/log-ebm-la-casa-de-les-flors.png\",\"width\":204,\"height\":100,\"caption\":\"Escola bressol municipal La Casa de les Flors\"},\"image\":{\"@id\":\"https:\\\/\\\/www.cavallcartro.cat\\\/escoles\\\/ebm-la-casa-de-les-flors\\\/#\\\/schema\\\/logo\\\/image\\\/\"},\"sameAs\":[\"https:\\\/\\\/www.facebook.com\\\/cavallcartroedu\",\"https:\\\/\\\/x.com\\\/cavallcartroedu\"]},{\"@type\":\"Person\",\"@id\":\"https:\\\/\\\/www.cavallcartro.cat\\\/escoles\\\/ebm-la-casa-de-les-flors\\\/#\\\/schema\\\/person\\\/16b9fec570f3a33cde4e1c2f4ecebdef\",\"name\":\"lacasadelesflors\",\"image\":{\"@type\":\"ImageObject\",\"inLanguage\":\"ca\",\"@id\":\"https:\\\/\\\/secure.gravatar.com\\\/avatar\\\/d3c6475873bddf362c9261f66928b648182e51d3934063f598a9eae91b71b4d3?s=96&d=mm&r=g\",\"url\":\"https:\\\/\\\/secure.gravatar.com\\\/avatar\\\/d3c6475873bddf362c9261f66928b648182e51d3934063f598a9eae91b71b4d3?s=96&d=mm&r=g\",\"contentUrl\":\"https:\\\/\\\/secure.gravatar.com\\\/avatar\\\/d3c6475873bddf362c9261f66928b648182e51d3934063f598a9eae91b71b4d3?s=96&d=mm&r=g\",\"caption\":\"lacasadelesflors\"}}]}<\/script>\n<!-- \/ Yoast SEO plugin. -->","yoast_head_json":{"title":"Com passem de dinar a la falda a dinar a la taula? - Escola bressol municipal La Casa de les Flors, Hospitalet de Llobregat","robots":{"index":"index","follow":"follow","max-snippet":"max-snippet:-1","max-image-preview":"max-image-preview:large","max-video-preview":"max-video-preview:-1"},"canonical":"https:\/\/www.cavallcartro.cat\/escoles\/ebm-la-casa-de-les-flors\/2021\/04\/09\/dinar-a-la-falda-dinar-a-taula\/","og_locale":"ca_ES","og_type":"article","og_title":"Com passem de dinar a la falda a dinar a la taula? - Escola bressol municipal La Casa de les Flors, Hospitalet de Llobregat","og_description":"L\u2019hora de dinar, ha de ser un moment tranquil, on l\u2019infant s&#8217;ha de sentir c\u00f2mode i acollit per l\u2019adult. Primerament a la falda es respecta la seva individualitat i ens permet con\u00e8ixer les senyals del seu cos, interpretar-les mirant-lo als ulls relaxadament i respectant sempre el seu ritme. &nbsp; Quan [&hellip;]","og_url":"https:\/\/www.cavallcartro.cat\/escoles\/ebm-la-casa-de-les-flors\/2021\/04\/09\/dinar-a-la-falda-dinar-a-taula\/","og_site_name":"Escola bressol municipal La Casa de les Flors, Hospitalet de Llobregat","article_publisher":"https:\/\/www.facebook.com\/cavallcartroedu","article_published_time":"2021-04-09T14:42:48+00:00","article_modified_time":"2021-04-12T13:37:00+00:00","og_image":[{"url":"https:\/\/www.cavallcartro.cat\/escoles\/ebm-la-casa-de-les-flors\/wp-content\/uploads\/sites\/40\/2021\/04\/a-3.jpg","type":"","width":"","height":""}],"author":"lacasadelesflors","twitter_card":"summary_large_image","twitter_creator":"@cavallcartroedu","twitter_site":"@cavallcartroedu","twitter_misc":{"Escrit per":"lacasadelesflors","Temps estimat de lectura":"1 minut"},"schema":{"@context":"https:\/\/schema.org","@graph":[{"@type":"Article","@id":"https:\/\/www.cavallcartro.cat\/escoles\/ebm-la-casa-de-les-flors\/2021\/04\/09\/dinar-a-la-falda-dinar-a-taula\/#article","isPartOf":{"@id":"https:\/\/www.cavallcartro.cat\/escoles\/ebm-la-casa-de-les-flors\/2021\/04\/09\/dinar-a-la-falda-dinar-a-taula\/"},"author":{"name":"lacasadelesflors","@id":"https:\/\/www.cavallcartro.cat\/escoles\/ebm-la-casa-de-les-flors\/#\/schema\/person\/16b9fec570f3a33cde4e1c2f4ecebdef"},"headline":"Com passem de dinar a la falda a dinar a la taula?","datePublished":"2021-04-09T14:42:48+00:00","dateModified":"2021-04-12T13:37:00+00:00","mainEntityOfPage":{"@id":"https:\/\/www.cavallcartro.cat\/escoles\/ebm-la-casa-de-les-flors\/2021\/04\/09\/dinar-a-la-falda-dinar-a-taula\/"},"wordCount":295,"publisher":{"@id":"https:\/\/www.cavallcartro.cat\/escoles\/ebm-la-casa-de-les-flors\/#organization"},"image":{"@id":"https:\/\/www.cavallcartro.cat\/escoles\/ebm-la-casa-de-les-flors\/2021\/04\/09\/dinar-a-la-falda-dinar-a-taula\/#primaryimage"},"thumbnailUrl":"https:\/\/www.cavallcartro.cat\/escoles\/ebm-la-casa-de-les-flors\/wp-content\/uploads\/sites\/40\/2021\/04\/a-3.jpg","articleSection":["Sin categor\u00eda"],"inLanguage":"ca"},{"@type":"WebPage","@id":"https:\/\/www.cavallcartro.cat\/escoles\/ebm-la-casa-de-les-flors\/2021\/04\/09\/dinar-a-la-falda-dinar-a-taula\/","url":"https:\/\/www.cavallcartro.cat\/escoles\/ebm-la-casa-de-les-flors\/2021\/04\/09\/dinar-a-la-falda-dinar-a-taula\/","name":"Com passem de dinar a la falda a dinar a la taula? - Escola bressol municipal La Casa de les Flors, Hospitalet de Llobregat","isPartOf":{"@id":"https:\/\/www.cavallcartro.cat\/escoles\/ebm-la-casa-de-les-flors\/#website"},"primaryImageOfPage":{"@id":"https:\/\/www.cavallcartro.cat\/escoles\/ebm-la-casa-de-les-flors\/2021\/04\/09\/dinar-a-la-falda-dinar-a-taula\/#primaryimage"},"image":{"@id":"https:\/\/www.cavallcartro.cat\/escoles\/ebm-la-casa-de-les-flors\/2021\/04\/09\/dinar-a-la-falda-dinar-a-taula\/#primaryimage"},"thumbnailUrl":"https:\/\/www.cavallcartro.cat\/escoles\/ebm-la-casa-de-les-flors\/wp-content\/uploads\/sites\/40\/2021\/04\/a-3.jpg","datePublished":"2021-04-09T14:42:48+00:00","dateModified":"2021-04-12T13:37:00+00:00","breadcrumb":{"@id":"https:\/\/www.cavallcartro.cat\/escoles\/ebm-la-casa-de-les-flors\/2021\/04\/09\/dinar-a-la-falda-dinar-a-taula\/#breadcrumb"},"inLanguage":"ca","potentialAction":[{"@type":"ReadAction","target":["https:\/\/www.cavallcartro.cat\/escoles\/ebm-la-casa-de-les-flors\/2021\/04\/09\/dinar-a-la-falda-dinar-a-taula\/"]}]},{"@type":"ImageObject","inLanguage":"ca","@id":"https:\/\/www.cavallcartro.cat\/escoles\/ebm-la-casa-de-les-flors\/2021\/04\/09\/dinar-a-la-falda-dinar-a-taula\/#primaryimage","url":"https:\/\/www.cavallcartro.cat\/escoles\/ebm-la-casa-de-les-flors\/wp-content\/uploads\/sites\/40\/2021\/04\/a-3.jpg","contentUrl":"https:\/\/www.cavallcartro.cat\/escoles\/ebm-la-casa-de-les-flors\/wp-content\/uploads\/sites\/40\/2021\/04\/a-3.jpg"},{"@type":"BreadcrumbList","@id":"https:\/\/www.cavallcartro.cat\/escoles\/ebm-la-casa-de-les-flors\/2021\/04\/09\/dinar-a-la-falda-dinar-a-taula\/#breadcrumb","itemListElement":[{"@type":"ListItem","position":1,"name":"Portada","item":"https:\/\/www.cavallcartro.cat\/escoles\/ebm-la-casa-de-les-flors\/"},{"@type":"ListItem","position":2,"name":"Com passem de dinar a la falda a dinar a la taula?"}]},{"@type":"WebSite","@id":"https:\/\/www.cavallcartro.cat\/escoles\/ebm-la-casa-de-les-flors\/#website","url":"https:\/\/www.cavallcartro.cat\/escoles\/ebm-la-casa-de-les-flors\/","name":"Escola bressol municipal La Casa de les Flors, Hospitalet de Llobregat","description":"Escola bressol amb 94 places p\u00fabliques al barri de La Florida. Metodologia basada en el joc lliure i l&#039;acompanyament al desenvolupament dels infants.","publisher":{"@id":"https:\/\/www.cavallcartro.cat\/escoles\/ebm-la-casa-de-les-flors\/#organization"},"potentialAction":[{"@type":"SearchAction","target":{"@type":"EntryPoint","urlTemplate":"https:\/\/www.cavallcartro.cat\/escoles\/ebm-la-casa-de-les-flors\/?s={search_term_string}"},"query-input":{"@type":"PropertyValueSpecification","valueRequired":true,"valueName":"search_term_string"}}],"inLanguage":"ca"},{"@type":"Organization","@id":"https:\/\/www.cavallcartro.cat\/escoles\/ebm-la-casa-de-les-flors\/#organization","name":"Escola bressol municipal La Casa de les Flors","url":"https:\/\/www.cavallcartro.cat\/escoles\/ebm-la-casa-de-les-flors\/","logo":{"@type":"ImageObject","inLanguage":"ca","@id":"https:\/\/www.cavallcartro.cat\/escoles\/ebm-la-casa-de-les-flors\/#\/schema\/logo\/image\/","url":"https:\/\/www.cavallcartro.cat\/escoles\/ebm-la-casa-de-les-flors\/wp-content\/uploads\/sites\/40\/2021\/03\/log-ebm-la-casa-de-les-flors.png","contentUrl":"https:\/\/www.cavallcartro.cat\/escoles\/ebm-la-casa-de-les-flors\/wp-content\/uploads\/sites\/40\/2021\/03\/log-ebm-la-casa-de-les-flors.png","width":204,"height":100,"caption":"Escola bressol municipal La Casa de les Flors"},"image":{"@id":"https:\/\/www.cavallcartro.cat\/escoles\/ebm-la-casa-de-les-flors\/#\/schema\/logo\/image\/"},"sameAs":["https:\/\/www.facebook.com\/cavallcartroedu","https:\/\/x.com\/cavallcartroedu"]},{"@type":"Person","@id":"https:\/\/www.cavallcartro.cat\/escoles\/ebm-la-casa-de-les-flors\/#\/schema\/person\/16b9fec570f3a33cde4e1c2f4ecebdef","name":"lacasadelesflors","image":{"@type":"ImageObject","inLanguage":"ca","@id":"https:\/\/secure.gravatar.com\/avatar\/d3c6475873bddf362c9261f66928b648182e51d3934063f598a9eae91b71b4d3?s=96&d=mm&r=g","url":"https:\/\/secure.gravatar.com\/avatar\/d3c6475873bddf362c9261f66928b648182e51d3934063f598a9eae91b71b4d3?s=96&d=mm&r=g","contentUrl":"https:\/\/secure.gravatar.com\/avatar\/d3c6475873bddf362c9261f66928b648182e51d3934063f598a9eae91b71b4d3?s=96&d=mm&r=g","caption":"lacasadelesflors"}}]}},"_links":{"self":[{"href":"https:\/\/www.cavallcartro.cat\/escoles\/ebm-la-casa-de-les-flors\/wp-json\/wp\/v2\/posts\/281","targetHints":{"allow":["GET"]}}],"collection":[{"href":"https:\/\/www.cavallcartro.cat\/escoles\/ebm-la-casa-de-les-flors\/wp-json\/wp\/v2\/posts"}],"about":[{"href":"https:\/\/www.cavallcartro.cat\/escoles\/ebm-la-casa-de-les-flors\/wp-json\/wp\/v2\/types\/post"}],"author":[{"embeddable":true,"href":"https:\/\/www.cavallcartro.cat\/escoles\/ebm-la-casa-de-les-flors\/wp-json\/wp\/v2\/users\/41"}],"replies":[{"embeddable":true,"href":"https:\/\/www.cavallcartro.cat\/escoles\/ebm-la-casa-de-les-flors\/wp-json\/wp\/v2\/comments?post=281"}],"version-history":[{"count":4,"href":"https:\/\/www.cavallcartro.cat\/escoles\/ebm-la-casa-de-les-flors\/wp-json\/wp\/v2\/posts\/281\/revisions"}],"predecessor-version":[{"id":286,"href":"https:\/\/www.cavallcartro.cat\/escoles\/ebm-la-casa-de-les-flors\/wp-json\/wp\/v2\/posts\/281\/revisions\/286"}],"wp:attachment":[{"href":"https:\/\/www.cavallcartro.cat\/escoles\/ebm-la-casa-de-les-flors\/wp-json\/wp\/v2\/media?parent=281"}],"wp:term":[{"taxonomy":"category","embeddable":true,"href":"https:\/\/www.cavallcartro.cat\/escoles\/ebm-la-casa-de-les-flors\/wp-json\/wp\/v2\/categories?post=281"},{"taxonomy":"post_tag","embeddable":true,"href":"https:\/\/www.cavallcartro.cat\/escoles\/ebm-la-casa-de-les-flors\/wp-json\/wp\/v2\/tags?post=281"}],"curies":[{"name":"wp","href":"https:\/\/api.w.org\/{rel}","templated":true}]}}