{"id":1377,"date":"2022-02-17T16:19:21","date_gmt":"2022-02-17T15:19:21","guid":{"rendered":"https:\/\/www.cavallcartro.cat\/escoles\/ebm-la-casa-de-les-flors\/?p=1377"},"modified":"2022-02-17T16:19:21","modified_gmt":"2022-02-17T15:19:21","slug":"taller-de-crianca-i-educacio-0-6-a-florida-les-planes-noves-eines-per-educar-en-familia","status":"publish","type":"post","link":"https:\/\/www.cavallcartro.cat\/escoles\/ebm-la-casa-de-les-flors\/2022\/02\/17\/taller-de-crianca-i-educacio-0-6-a-florida-les-planes-noves-eines-per-educar-en-familia\/","title":{"rendered":"Taller de crian\u00e7a i Educaci\u00f3 0-6 a Florida Les Planes. Noves eines per educar en fam\u00edlia."},"content":{"rendered":"<p style=\"font-weight: 400\"><strong><u>Taller de crian\u00e7a i Educaci\u00f3 0-6 a Florida Les Planes. Noves eines per educar en fam\u00edlia.<\/u><\/strong><\/p>\n<p style=\"font-weight: 400\">Aquest mes de mar\u00e7\u00a0es far\u00e0 un nou taller de crian\u00e7a i\u00a0 educaci\u00f3 dirigit a les fam\u00edlies que tenen infants de 0 a 6 anys dels barris de la Florida-Les Planes.\u00a0<strong>Aquest taller es dinamitza gr\u00e0cies a la participaci\u00f3 de\u00a0\u00a0la\u00a0\u00a0Xarxa de Crian\u00e7a\u00a0 i Educaci\u00f3 0-6 del Districte IV\u00a0(Les Planes- Florida)\u00a0 de l&#8217;Hospitalet de Llobregat i\u00a0en el\u00a0marc del Pla Educatiu d&#8217;Entorn 0-20.<\/strong><\/p>\n<p style=\"font-weight: 400\">A la xarxa hi participen un important nombre de professionals que representen els\u00a0diferents serveis i entitats del territori; des dels serveis p\u00fablics d\u2019educaci\u00f3, salut i cultura, fins a representats de les fam\u00edlies i de les entitats i associacions del barri\u00a0amb la finalitat d&#8217;oferir suport i acompanyament educatiu a les fam\u00edlies.<\/p>\n<p style=\"font-weight: 400\">En aquest proper taller es tractaran interessos i inquietuds de les fam\u00edlies en refer\u00e8ncia a la crian\u00e7a dels seus fill i filles sota el prisma del segon principi de crian\u00e7a: &#8220;<strong><em>Et comprenc i t&#8217;ajudo a trobar resposta&#8221;<\/em><\/strong><\/p>\n<p style=\"font-weight: 400\"><strong><u>Quan es far\u00e0?<\/u><\/strong><\/p>\n<p style=\"font-weight: 400\">El taller es desenvolupar\u00e0 durant<strong>\u00a04 dimarts de 17,30 a 19h. El dimarts 15 de mar\u00e7, el 22 de mar\u00e7, el 29 de mar\u00e7 i el 5 d&#8217;abril a l&#8217;escola Pau Vila. Comptareu amb servei d&#8217;acollida pels vostres fills i filles.\u00a0<\/strong><\/p>\n<p style=\"font-weight: 400\"><strong><u>Cost<\/u><\/strong><\/p>\n<p style=\"font-weight: 400\"><strong>GRATU\u00cfT<\/strong><\/p>\n<p style=\"font-weight: 400\"><strong><u>Com \u00fas podeu inscriure?<\/u><\/strong><\/p>\n<p style=\"font-weight: 400\">Us podeu preinscriure al taller de les seg\u00fcents maneres:<\/p>\n<p style=\"font-weight: 400\"><strong><u>Virtual:\u00a0<\/u><\/strong><\/p>\n<p style=\"font-weight: 400\">A partir dels seg\u00fcents formularis<\/p>\n<ul style=\"font-weight: 400\">\n<li>Formulari en Catal\u00e0:\u00a0\u00a0<a href=\"https:\/\/forms.gle\/uoqZGdgmWHv2Bx5V7\" data-saferedirecturl=\"https:\/\/www.google.com\/url?q=https:\/\/forms.gle\/uoqZGdgmWHv2Bx5V7&amp;source=gmail&amp;ust=1645194648629000&amp;usg=AOvVaw2u58Kdoa0FAMb6XX-HGMBp\">https:\/\/forms.gle\/uoqZGdgmWHv2Bx5V7<\/a><\/li>\n<li>Formulari en castell\u00e0:\u00a0<a href=\"https:\/\/forms.gle\/5TWXV7UFUczCSnTo6\" data-saferedirecturl=\"https:\/\/www.google.com\/url?q=https:\/\/forms.gle\/5TWXV7UFUczCSnTo6&amp;source=gmail&amp;ust=1645194648629000&amp;usg=AOvVaw2nCJP9K1h-C3YspSFG_8qF\">https:\/\/forms.gle\/5TWXV7UFUczCSnTo6<\/a><\/li>\n<li><strong><u>Participant a les Sessions Informatives virtuals<\/u><\/strong><strong>\u00a0a partir d&#8217;aquests enlla\u00e7os.<\/strong>\u00a0Les sessions informatives\u00a0<strong>seran el dimarts 22 de febrer i el dimarts 24 de febrer de 18 a 19:\u00a0<\/strong><u><a href=\"https:\/\/eu-central-1.protection.sophos.com\/?d=zoom.us&amp;u=aHR0cHM6Ly91czAyd2ViLnpvb20udXMvai84NzU5MTMxMDE2Mg==&amp;i=NWIwZDAzNTM5MTU5MTMxMzMyNjA5NzAz&amp;t=dy9NNmRjTGcyazlxeFJtR3Y5bE9aM2NibVI4UWN0SEJScDhuVERoVVR2ND0=&amp;h=6fb439743a4542468510aaed184254b6\" data-saferedirecturl=\"https:\/\/www.google.com\/url?q=https:\/\/eu-central-1.protection.sophos.com\/?d%3Dzoom.us%26u%3DaHR0cHM6Ly91czAyd2ViLnpvb20udXMvai84NzU5MTMxMDE2Mg%3D%3D%26i%3DNWIwZDAzNTM5MTU5MTMxMzMyNjA5NzAz%26t%3Ddy9NNmRjTGcyazlxeFJtR3Y5bE9aM2NibVI4UWN0SEJScDhuVERoVVR2ND0%3D%26h%3D6fb439743a4542468510aaed184254b6&amp;source=gmail&amp;ust=1645194648629000&amp;usg=AOvVaw37h_QGkwa8vZiKdgxUZpHq\">https:\/\/us02web.zoom.us\/j\/87591310162<\/a><\/u><\/li>\n<\/ul>\n<p style=\"font-weight: 400\">\n<p style=\"font-weight: 400\"><strong><u>Presencial:\u00a0<\/u><\/strong><\/p>\n<ul style=\"font-weight: 400\">\n<li><strong>A l&#8217;escola de Vida:<\/strong>\u00a0C\/ llorer, s\/m en el seg\u00fcent horari: de 17 a 19<\/li>\n<li><strong>A l&#8217;oficina del pla Integral Les Planes- Blocs Florida:\u00a0<\/strong>dilluns a divendres de 10 a 12,30<\/li>\n<\/ul>\n<p style=\"font-weight: 400\"><strong>Si teniu qualsevol dubte podeu preguntar al personal de l&#8217;escola.<\/strong><\/p>\n<p style=\"font-weight: 400\">Us hi esperem!<\/p>\n<p><a href=\"https:\/\/www.cavallcartro.cat\/escoles\/ebm-la-casa-de-les-flors\/wp-content\/uploads\/sites\/40\/2022\/02\/Taller_florida_difusio_2nprincipi-2.pdf\">Taller_florida_difusi\u00f3_2nprincipi (2)<\/a><\/p>\n","protected":false},"excerpt":{"rendered":"<p>Taller de crian\u00e7a i Educaci\u00f3 0-6 a Florida Les Planes. Noves eines per educar en fam\u00edlia. Aquest mes de mar\u00e7\u00a0es far\u00e0 un nou taller de crian\u00e7a i\u00a0 educaci\u00f3 dirigit a les fam\u00edlies que tenen infants de 0 a 6 anys dels barris de la Florida-Les Planes.\u00a0Aquest taller es dinamitza gr\u00e0cies [&hellip;]<\/p>\n","protected":false},"author":41,"featured_media":0,"comment_status":"closed","ping_status":"closed","sticky":false,"template":"","format":"standard","meta":{"footnotes":""},"categories":[1],"tags":[],"class_list":["post-1377","post","type-post","status-publish","format-standard","hentry","category-sin-categoria"],"yoast_head":"<!-- This site is optimized with the Yoast SEO plugin v27.5 - https:\/\/yoast.com\/product\/yoast-seo-wordpress\/ -->\n<title>Taller de crian\u00e7a i Educaci\u00f3 0-6 a Florida Les Planes. Noves eines per educar en fam\u00edlia. - Escola bressol municipal La Casa de les Flors, Hospitalet de Llobregat<\/title>\n<meta name=\"robots\" content=\"index, follow, max-snippet:-1, max-image-preview:large, max-video-preview:-1\" \/>\n<link rel=\"canonical\" href=\"https:\/\/www.cavallcartro.cat\/escoles\/ebm-la-casa-de-les-flors\/2022\/02\/17\/taller-de-crianca-i-educacio-0-6-a-florida-les-planes-noves-eines-per-educar-en-familia\/\" \/>\n<meta property=\"og:locale\" content=\"ca_ES\" \/>\n<meta property=\"og:type\" content=\"article\" \/>\n<meta property=\"og:title\" content=\"Taller de crian\u00e7a i Educaci\u00f3 0-6 a Florida Les Planes. Noves eines per educar en fam\u00edlia. - Escola bressol municipal La Casa de les Flors, Hospitalet de Llobregat\" \/>\n<meta property=\"og:description\" content=\"Taller de crian\u00e7a i Educaci\u00f3 0-6 a Florida Les Planes. Noves eines per educar en fam\u00edlia. Aquest mes de mar\u00e7\u00a0es far\u00e0 un nou taller de crian\u00e7a i\u00a0 educaci\u00f3 dirigit a les fam\u00edlies que tenen infants de 0 a 6 anys dels barris de la Florida-Les Planes.\u00a0Aquest taller es dinamitza gr\u00e0cies [&hellip;]\" \/>\n<meta property=\"og:url\" content=\"https:\/\/www.cavallcartro.cat\/escoles\/ebm-la-casa-de-les-flors\/2022\/02\/17\/taller-de-crianca-i-educacio-0-6-a-florida-les-planes-noves-eines-per-educar-en-familia\/\" \/>\n<meta property=\"og:site_name\" content=\"Escola bressol municipal La Casa de les Flors, Hospitalet de Llobregat\" \/>\n<meta property=\"article:publisher\" content=\"https:\/\/www.facebook.com\/cavallcartroedu\" \/>\n<meta property=\"article:published_time\" content=\"2022-02-17T15:19:21+00:00\" \/>\n<meta name=\"author\" content=\"lacasadelesflors\" \/>\n<meta name=\"twitter:card\" content=\"summary_large_image\" \/>\n<meta name=\"twitter:creator\" content=\"@cavallcartroedu\" \/>\n<meta name=\"twitter:site\" content=\"@cavallcartroedu\" \/>\n<meta name=\"twitter:label1\" content=\"Escrit per\" \/>\n\t<meta name=\"twitter:data1\" content=\"lacasadelesflors\" \/>\n\t<meta name=\"twitter:label2\" content=\"Temps estimat de lectura\" \/>\n\t<meta name=\"twitter:data2\" content=\"2 minuts\" \/>\n<script type=\"application\/ld+json\" class=\"yoast-schema-graph\">{\"@context\":\"https:\\\/\\\/schema.org\",\"@graph\":[{\"@type\":\"Article\",\"@id\":\"https:\\\/\\\/www.cavallcartro.cat\\\/escoles\\\/ebm-la-casa-de-les-flors\\\/2022\\\/02\\\/17\\\/taller-de-crianca-i-educacio-0-6-a-florida-les-planes-noves-eines-per-educar-en-familia\\\/#article\",\"isPartOf\":{\"@id\":\"https:\\\/\\\/www.cavallcartro.cat\\\/escoles\\\/ebm-la-casa-de-les-flors\\\/2022\\\/02\\\/17\\\/taller-de-crianca-i-educacio-0-6-a-florida-les-planes-noves-eines-per-educar-en-familia\\\/\"},\"author\":{\"name\":\"lacasadelesflors\",\"@id\":\"https:\\\/\\\/www.cavallcartro.cat\\\/escoles\\\/ebm-la-casa-de-les-flors\\\/#\\\/schema\\\/person\\\/16b9fec570f3a33cde4e1c2f4ecebdef\"},\"headline\":\"Taller de crian\u00e7a i Educaci\u00f3 0-6 a Florida Les Planes. Noves eines per educar en fam\u00edlia.\",\"datePublished\":\"2022-02-17T15:19:21+00:00\",\"mainEntityOfPage\":{\"@id\":\"https:\\\/\\\/www.cavallcartro.cat\\\/escoles\\\/ebm-la-casa-de-les-flors\\\/2022\\\/02\\\/17\\\/taller-de-crianca-i-educacio-0-6-a-florida-les-planes-noves-eines-per-educar-en-familia\\\/\"},\"wordCount\":370,\"publisher\":{\"@id\":\"https:\\\/\\\/www.cavallcartro.cat\\\/escoles\\\/ebm-la-casa-de-les-flors\\\/#organization\"},\"articleSection\":[\"Sin categor\u00eda\"],\"inLanguage\":\"ca\"},{\"@type\":\"WebPage\",\"@id\":\"https:\\\/\\\/www.cavallcartro.cat\\\/escoles\\\/ebm-la-casa-de-les-flors\\\/2022\\\/02\\\/17\\\/taller-de-crianca-i-educacio-0-6-a-florida-les-planes-noves-eines-per-educar-en-familia\\\/\",\"url\":\"https:\\\/\\\/www.cavallcartro.cat\\\/escoles\\\/ebm-la-casa-de-les-flors\\\/2022\\\/02\\\/17\\\/taller-de-crianca-i-educacio-0-6-a-florida-les-planes-noves-eines-per-educar-en-familia\\\/\",\"name\":\"Taller de crian\u00e7a i Educaci\u00f3 0-6 a Florida Les Planes. Noves eines per educar en fam\u00edlia. - Escola bressol municipal La Casa de les Flors, Hospitalet de Llobregat\",\"isPartOf\":{\"@id\":\"https:\\\/\\\/www.cavallcartro.cat\\\/escoles\\\/ebm-la-casa-de-les-flors\\\/#website\"},\"datePublished\":\"2022-02-17T15:19:21+00:00\",\"breadcrumb\":{\"@id\":\"https:\\\/\\\/www.cavallcartro.cat\\\/escoles\\\/ebm-la-casa-de-les-flors\\\/2022\\\/02\\\/17\\\/taller-de-crianca-i-educacio-0-6-a-florida-les-planes-noves-eines-per-educar-en-familia\\\/#breadcrumb\"},\"inLanguage\":\"ca\",\"potentialAction\":[{\"@type\":\"ReadAction\",\"target\":[\"https:\\\/\\\/www.cavallcartro.cat\\\/escoles\\\/ebm-la-casa-de-les-flors\\\/2022\\\/02\\\/17\\\/taller-de-crianca-i-educacio-0-6-a-florida-les-planes-noves-eines-per-educar-en-familia\\\/\"]}]},{\"@type\":\"BreadcrumbList\",\"@id\":\"https:\\\/\\\/www.cavallcartro.cat\\\/escoles\\\/ebm-la-casa-de-les-flors\\\/2022\\\/02\\\/17\\\/taller-de-crianca-i-educacio-0-6-a-florida-les-planes-noves-eines-per-educar-en-familia\\\/#breadcrumb\",\"itemListElement\":[{\"@type\":\"ListItem\",\"position\":1,\"name\":\"Portada\",\"item\":\"https:\\\/\\\/www.cavallcartro.cat\\\/escoles\\\/ebm-la-casa-de-les-flors\\\/\"},{\"@type\":\"ListItem\",\"position\":2,\"name\":\"Taller de crian\u00e7a i Educaci\u00f3 0-6 a Florida Les Planes. Noves eines per educar en fam\u00edlia.\"}]},{\"@type\":\"WebSite\",\"@id\":\"https:\\\/\\\/www.cavallcartro.cat\\\/escoles\\\/ebm-la-casa-de-les-flors\\\/#website\",\"url\":\"https:\\\/\\\/www.cavallcartro.cat\\\/escoles\\\/ebm-la-casa-de-les-flors\\\/\",\"name\":\"Escola bressol municipal La Casa de les Flors, Hospitalet de Llobregat\",\"description\":\"Escola bressol amb 94 places p\u00fabliques al barri de La Florida. Metodologia basada en el joc lliure i l&#039;acompanyament al desenvolupament dels infants.\",\"publisher\":{\"@id\":\"https:\\\/\\\/www.cavallcartro.cat\\\/escoles\\\/ebm-la-casa-de-les-flors\\\/#organization\"},\"potentialAction\":[{\"@type\":\"SearchAction\",\"target\":{\"@type\":\"EntryPoint\",\"urlTemplate\":\"https:\\\/\\\/www.cavallcartro.cat\\\/escoles\\\/ebm-la-casa-de-les-flors\\\/?s={search_term_string}\"},\"query-input\":{\"@type\":\"PropertyValueSpecification\",\"valueRequired\":true,\"valueName\":\"search_term_string\"}}],\"inLanguage\":\"ca\"},{\"@type\":\"Organization\",\"@id\":\"https:\\\/\\\/www.cavallcartro.cat\\\/escoles\\\/ebm-la-casa-de-les-flors\\\/#organization\",\"name\":\"Escola bressol municipal La Casa de les Flors\",\"url\":\"https:\\\/\\\/www.cavallcartro.cat\\\/escoles\\\/ebm-la-casa-de-les-flors\\\/\",\"logo\":{\"@type\":\"ImageObject\",\"inLanguage\":\"ca\",\"@id\":\"https:\\\/\\\/www.cavallcartro.cat\\\/escoles\\\/ebm-la-casa-de-les-flors\\\/#\\\/schema\\\/logo\\\/image\\\/\",\"url\":\"https:\\\/\\\/www.cavallcartro.cat\\\/escoles\\\/ebm-la-casa-de-les-flors\\\/wp-content\\\/uploads\\\/sites\\\/40\\\/2021\\\/03\\\/log-ebm-la-casa-de-les-flors.png\",\"contentUrl\":\"https:\\\/\\\/www.cavallcartro.cat\\\/escoles\\\/ebm-la-casa-de-les-flors\\\/wp-content\\\/uploads\\\/sites\\\/40\\\/2021\\\/03\\\/log-ebm-la-casa-de-les-flors.png\",\"width\":204,\"height\":100,\"caption\":\"Escola bressol municipal La Casa de les Flors\"},\"image\":{\"@id\":\"https:\\\/\\\/www.cavallcartro.cat\\\/escoles\\\/ebm-la-casa-de-les-flors\\\/#\\\/schema\\\/logo\\\/image\\\/\"},\"sameAs\":[\"https:\\\/\\\/www.facebook.com\\\/cavallcartroedu\",\"https:\\\/\\\/x.com\\\/cavallcartroedu\"]},{\"@type\":\"Person\",\"@id\":\"https:\\\/\\\/www.cavallcartro.cat\\\/escoles\\\/ebm-la-casa-de-les-flors\\\/#\\\/schema\\\/person\\\/16b9fec570f3a33cde4e1c2f4ecebdef\",\"name\":\"lacasadelesflors\",\"image\":{\"@type\":\"ImageObject\",\"inLanguage\":\"ca\",\"@id\":\"https:\\\/\\\/secure.gravatar.com\\\/avatar\\\/d3c6475873bddf362c9261f66928b648182e51d3934063f598a9eae91b71b4d3?s=96&d=mm&r=g\",\"url\":\"https:\\\/\\\/secure.gravatar.com\\\/avatar\\\/d3c6475873bddf362c9261f66928b648182e51d3934063f598a9eae91b71b4d3?s=96&d=mm&r=g\",\"contentUrl\":\"https:\\\/\\\/secure.gravatar.com\\\/avatar\\\/d3c6475873bddf362c9261f66928b648182e51d3934063f598a9eae91b71b4d3?s=96&d=mm&r=g\",\"caption\":\"lacasadelesflors\"}}]}<\/script>\n<!-- \/ Yoast SEO plugin. -->","yoast_head_json":{"title":"Taller de crian\u00e7a i Educaci\u00f3 0-6 a Florida Les Planes. Noves eines per educar en fam\u00edlia. - Escola bressol municipal La Casa de les Flors, Hospitalet de Llobregat","robots":{"index":"index","follow":"follow","max-snippet":"max-snippet:-1","max-image-preview":"max-image-preview:large","max-video-preview":"max-video-preview:-1"},"canonical":"https:\/\/www.cavallcartro.cat\/escoles\/ebm-la-casa-de-les-flors\/2022\/02\/17\/taller-de-crianca-i-educacio-0-6-a-florida-les-planes-noves-eines-per-educar-en-familia\/","og_locale":"ca_ES","og_type":"article","og_title":"Taller de crian\u00e7a i Educaci\u00f3 0-6 a Florida Les Planes. Noves eines per educar en fam\u00edlia. - Escola bressol municipal La Casa de les Flors, Hospitalet de Llobregat","og_description":"Taller de crian\u00e7a i Educaci\u00f3 0-6 a Florida Les Planes. Noves eines per educar en fam\u00edlia. Aquest mes de mar\u00e7\u00a0es far\u00e0 un nou taller de crian\u00e7a i\u00a0 educaci\u00f3 dirigit a les fam\u00edlies que tenen infants de 0 a 6 anys dels barris de la Florida-Les Planes.\u00a0Aquest taller es dinamitza gr\u00e0cies [&hellip;]","og_url":"https:\/\/www.cavallcartro.cat\/escoles\/ebm-la-casa-de-les-flors\/2022\/02\/17\/taller-de-crianca-i-educacio-0-6-a-florida-les-planes-noves-eines-per-educar-en-familia\/","og_site_name":"Escola bressol municipal La Casa de les Flors, Hospitalet de Llobregat","article_publisher":"https:\/\/www.facebook.com\/cavallcartroedu","article_published_time":"2022-02-17T15:19:21+00:00","author":"lacasadelesflors","twitter_card":"summary_large_image","twitter_creator":"@cavallcartroedu","twitter_site":"@cavallcartroedu","twitter_misc":{"Escrit per":"lacasadelesflors","Temps estimat de lectura":"2 minuts"},"schema":{"@context":"https:\/\/schema.org","@graph":[{"@type":"Article","@id":"https:\/\/www.cavallcartro.cat\/escoles\/ebm-la-casa-de-les-flors\/2022\/02\/17\/taller-de-crianca-i-educacio-0-6-a-florida-les-planes-noves-eines-per-educar-en-familia\/#article","isPartOf":{"@id":"https:\/\/www.cavallcartro.cat\/escoles\/ebm-la-casa-de-les-flors\/2022\/02\/17\/taller-de-crianca-i-educacio-0-6-a-florida-les-planes-noves-eines-per-educar-en-familia\/"},"author":{"name":"lacasadelesflors","@id":"https:\/\/www.cavallcartro.cat\/escoles\/ebm-la-casa-de-les-flors\/#\/schema\/person\/16b9fec570f3a33cde4e1c2f4ecebdef"},"headline":"Taller de crian\u00e7a i Educaci\u00f3 0-6 a Florida Les Planes. Noves eines per educar en fam\u00edlia.","datePublished":"2022-02-17T15:19:21+00:00","mainEntityOfPage":{"@id":"https:\/\/www.cavallcartro.cat\/escoles\/ebm-la-casa-de-les-flors\/2022\/02\/17\/taller-de-crianca-i-educacio-0-6-a-florida-les-planes-noves-eines-per-educar-en-familia\/"},"wordCount":370,"publisher":{"@id":"https:\/\/www.cavallcartro.cat\/escoles\/ebm-la-casa-de-les-flors\/#organization"},"articleSection":["Sin categor\u00eda"],"inLanguage":"ca"},{"@type":"WebPage","@id":"https:\/\/www.cavallcartro.cat\/escoles\/ebm-la-casa-de-les-flors\/2022\/02\/17\/taller-de-crianca-i-educacio-0-6-a-florida-les-planes-noves-eines-per-educar-en-familia\/","url":"https:\/\/www.cavallcartro.cat\/escoles\/ebm-la-casa-de-les-flors\/2022\/02\/17\/taller-de-crianca-i-educacio-0-6-a-florida-les-planes-noves-eines-per-educar-en-familia\/","name":"Taller de crian\u00e7a i Educaci\u00f3 0-6 a Florida Les Planes. Noves eines per educar en fam\u00edlia. - Escola bressol municipal La Casa de les Flors, Hospitalet de Llobregat","isPartOf":{"@id":"https:\/\/www.cavallcartro.cat\/escoles\/ebm-la-casa-de-les-flors\/#website"},"datePublished":"2022-02-17T15:19:21+00:00","breadcrumb":{"@id":"https:\/\/www.cavallcartro.cat\/escoles\/ebm-la-casa-de-les-flors\/2022\/02\/17\/taller-de-crianca-i-educacio-0-6-a-florida-les-planes-noves-eines-per-educar-en-familia\/#breadcrumb"},"inLanguage":"ca","potentialAction":[{"@type":"ReadAction","target":["https:\/\/www.cavallcartro.cat\/escoles\/ebm-la-casa-de-les-flors\/2022\/02\/17\/taller-de-crianca-i-educacio-0-6-a-florida-les-planes-noves-eines-per-educar-en-familia\/"]}]},{"@type":"BreadcrumbList","@id":"https:\/\/www.cavallcartro.cat\/escoles\/ebm-la-casa-de-les-flors\/2022\/02\/17\/taller-de-crianca-i-educacio-0-6-a-florida-les-planes-noves-eines-per-educar-en-familia\/#breadcrumb","itemListElement":[{"@type":"ListItem","position":1,"name":"Portada","item":"https:\/\/www.cavallcartro.cat\/escoles\/ebm-la-casa-de-les-flors\/"},{"@type":"ListItem","position":2,"name":"Taller de crian\u00e7a i Educaci\u00f3 0-6 a Florida Les Planes. Noves eines per educar en fam\u00edlia."}]},{"@type":"WebSite","@id":"https:\/\/www.cavallcartro.cat\/escoles\/ebm-la-casa-de-les-flors\/#website","url":"https:\/\/www.cavallcartro.cat\/escoles\/ebm-la-casa-de-les-flors\/","name":"Escola bressol municipal La Casa de les Flors, Hospitalet de Llobregat","description":"Escola bressol amb 94 places p\u00fabliques al barri de La Florida. Metodologia basada en el joc lliure i l&#039;acompanyament al desenvolupament dels infants.","publisher":{"@id":"https:\/\/www.cavallcartro.cat\/escoles\/ebm-la-casa-de-les-flors\/#organization"},"potentialAction":[{"@type":"SearchAction","target":{"@type":"EntryPoint","urlTemplate":"https:\/\/www.cavallcartro.cat\/escoles\/ebm-la-casa-de-les-flors\/?s={search_term_string}"},"query-input":{"@type":"PropertyValueSpecification","valueRequired":true,"valueName":"search_term_string"}}],"inLanguage":"ca"},{"@type":"Organization","@id":"https:\/\/www.cavallcartro.cat\/escoles\/ebm-la-casa-de-les-flors\/#organization","name":"Escola bressol municipal La Casa de les Flors","url":"https:\/\/www.cavallcartro.cat\/escoles\/ebm-la-casa-de-les-flors\/","logo":{"@type":"ImageObject","inLanguage":"ca","@id":"https:\/\/www.cavallcartro.cat\/escoles\/ebm-la-casa-de-les-flors\/#\/schema\/logo\/image\/","url":"https:\/\/www.cavallcartro.cat\/escoles\/ebm-la-casa-de-les-flors\/wp-content\/uploads\/sites\/40\/2021\/03\/log-ebm-la-casa-de-les-flors.png","contentUrl":"https:\/\/www.cavallcartro.cat\/escoles\/ebm-la-casa-de-les-flors\/wp-content\/uploads\/sites\/40\/2021\/03\/log-ebm-la-casa-de-les-flors.png","width":204,"height":100,"caption":"Escola bressol municipal La Casa de les Flors"},"image":{"@id":"https:\/\/www.cavallcartro.cat\/escoles\/ebm-la-casa-de-les-flors\/#\/schema\/logo\/image\/"},"sameAs":["https:\/\/www.facebook.com\/cavallcartroedu","https:\/\/x.com\/cavallcartroedu"]},{"@type":"Person","@id":"https:\/\/www.cavallcartro.cat\/escoles\/ebm-la-casa-de-les-flors\/#\/schema\/person\/16b9fec570f3a33cde4e1c2f4ecebdef","name":"lacasadelesflors","image":{"@type":"ImageObject","inLanguage":"ca","@id":"https:\/\/secure.gravatar.com\/avatar\/d3c6475873bddf362c9261f66928b648182e51d3934063f598a9eae91b71b4d3?s=96&d=mm&r=g","url":"https:\/\/secure.gravatar.com\/avatar\/d3c6475873bddf362c9261f66928b648182e51d3934063f598a9eae91b71b4d3?s=96&d=mm&r=g","contentUrl":"https:\/\/secure.gravatar.com\/avatar\/d3c6475873bddf362c9261f66928b648182e51d3934063f598a9eae91b71b4d3?s=96&d=mm&r=g","caption":"lacasadelesflors"}}]}},"_links":{"self":[{"href":"https:\/\/www.cavallcartro.cat\/escoles\/ebm-la-casa-de-les-flors\/wp-json\/wp\/v2\/posts\/1377","targetHints":{"allow":["GET"]}}],"collection":[{"href":"https:\/\/www.cavallcartro.cat\/escoles\/ebm-la-casa-de-les-flors\/wp-json\/wp\/v2\/posts"}],"about":[{"href":"https:\/\/www.cavallcartro.cat\/escoles\/ebm-la-casa-de-les-flors\/wp-json\/wp\/v2\/types\/post"}],"author":[{"embeddable":true,"href":"https:\/\/www.cavallcartro.cat\/escoles\/ebm-la-casa-de-les-flors\/wp-json\/wp\/v2\/users\/41"}],"replies":[{"embeddable":true,"href":"https:\/\/www.cavallcartro.cat\/escoles\/ebm-la-casa-de-les-flors\/wp-json\/wp\/v2\/comments?post=1377"}],"version-history":[{"count":1,"href":"https:\/\/www.cavallcartro.cat\/escoles\/ebm-la-casa-de-les-flors\/wp-json\/wp\/v2\/posts\/1377\/revisions"}],"predecessor-version":[{"id":1379,"href":"https:\/\/www.cavallcartro.cat\/escoles\/ebm-la-casa-de-les-flors\/wp-json\/wp\/v2\/posts\/1377\/revisions\/1379"}],"wp:attachment":[{"href":"https:\/\/www.cavallcartro.cat\/escoles\/ebm-la-casa-de-les-flors\/wp-json\/wp\/v2\/media?parent=1377"}],"wp:term":[{"taxonomy":"category","embeddable":true,"href":"https:\/\/www.cavallcartro.cat\/escoles\/ebm-la-casa-de-les-flors\/wp-json\/wp\/v2\/categories?post=1377"},{"taxonomy":"post_tag","embeddable":true,"href":"https:\/\/www.cavallcartro.cat\/escoles\/ebm-la-casa-de-les-flors\/wp-json\/wp\/v2\/tags?post=1377"}],"curies":[{"name":"wp","href":"https:\/\/api.w.org\/{rel}","templated":true}]}}