{"id":1351,"date":"2022-01-25T11:28:49","date_gmt":"2022-01-25T10:28:49","guid":{"rendered":"https:\/\/www.cavallcartro.cat\/escoles\/ebm-la-casa-de-les-flors\/?p=1351"},"modified":"2022-01-25T11:28:57","modified_gmt":"2022-01-25T10:28:57","slug":"la-documentacio-a-lescola-bressol","status":"publish","type":"post","link":"https:\/\/www.cavallcartro.cat\/escoles\/ebm-la-casa-de-les-flors\/2022\/01\/25\/la-documentacio-a-lescola-bressol\/","title":{"rendered":"La documentaci\u00f3 a l&#8217;escola bressol"},"content":{"rendered":"<h2><strong>La documentaci\u00f3 a l\u2019escola bressol<\/strong><\/h2>\n<p>A l\u2019escola bressol La Casa de les Flors donem molta import\u00e0ncia <strong>als processos d\u2019observaci\u00f3 i escolta<\/strong>. Aquests, ens ajuden a con\u00e8ixer els infants i el seu context educatiu i s\u00f3n una estrat\u00e8gia en la construcci\u00f3 de la pr\u00f2pia autoimatge de l\u2019infant i dels adults.<\/p>\n<p>A l\u2019escola, els processos d\u2019observaci\u00f3, d\u2019interpretaci\u00f3 i de documentaci\u00f3 pedag\u00f2gica serveixen de base per poder fer noves propostes de recerca als infants, en coher\u00e8ncia amb els seus interessos.<\/p>\n<p>L\u2019observaci\u00f3 i l\u2019escolta a trav\u00e9s de la <strong>documentaci\u00f3 pedag\u00f2gica<\/strong> ens permet transformar no nom\u00e9s la imatge interna de la comunitat educativa sin\u00f3 que tamb\u00e9 ens permet reconstruir aquesta imatge de manera compartida amb l\u2019equip, la fam\u00edlia, l\u2019entorn i l\u2019infant mateix.<\/p>\n<p>A l\u2019escola, hem creat uns panells pedag\u00f2gics amb imatges i petits escrits en forma de QR dels \u00e0mbits pedag\u00f2gics m\u00e9s importants de la nostra pedagogia com escola, que s\u00f3n:<\/p>\n<ul>\n<li>Joc simb\u00f2lic<\/li>\n<li>Joc heur\u00edstic<\/li>\n<li>Pati<\/li>\n<li>Hort<\/li>\n<li>Paneres<\/li>\n<li>Psicomotricitat<\/li>\n<li>H\u00e0bits i rutines<\/li>\n<\/ul>\n<p>La documentaci\u00f3 d\u2019aquests panells \u00e9s un suport que ens permet com a equip educatiu la comunicaci\u00f3 no verbal entre tota la comunitat educativa. Aquests panells mostren experi\u00e8ncies que es fan visibles tant per als qui han estat presents com per als qui no ho han estat.<\/p>\n\n\n\n","protected":false},"excerpt":{"rendered":"<p>La documentaci\u00f3 a l\u2019escola bressol A l\u2019escola bressol La Casa de les Flors donem molta import\u00e0ncia als processos d\u2019observaci\u00f3 i escolta. Aquests, ens ajuden a con\u00e8ixer els infants i el seu context educatiu i s\u00f3n una estrat\u00e8gia en la construcci\u00f3 de la pr\u00f2pia autoimatge de l\u2019infant i dels adults. A [&hellip;]<\/p>\n","protected":false},"author":41,"featured_media":0,"comment_status":"closed","ping_status":"closed","sticky":false,"template":"","format":"standard","meta":{"footnotes":""},"categories":[1],"tags":[],"class_list":["post-1351","post","type-post","status-publish","format-standard","hentry","category-sin-categoria"],"yoast_head":"<!-- This site is optimized with the Yoast SEO plugin v27.5 - https:\/\/yoast.com\/product\/yoast-seo-wordpress\/ -->\n<title>La documentaci\u00f3 a l&#039;escola bressol - Escola bressol municipal La Casa de les Flors, Hospitalet de Llobregat<\/title>\n<meta name=\"robots\" content=\"index, follow, max-snippet:-1, max-image-preview:large, max-video-preview:-1\" \/>\n<link rel=\"canonical\" href=\"https:\/\/www.cavallcartro.cat\/escoles\/ebm-la-casa-de-les-flors\/2022\/01\/25\/la-documentacio-a-lescola-bressol\/\" \/>\n<meta property=\"og:locale\" content=\"ca_ES\" \/>\n<meta property=\"og:type\" content=\"article\" \/>\n<meta property=\"og:title\" content=\"La documentaci\u00f3 a l&#039;escola bressol - Escola bressol municipal La Casa de les Flors, Hospitalet de Llobregat\" \/>\n<meta property=\"og:description\" content=\"La documentaci\u00f3 a l\u2019escola bressol A l\u2019escola bressol La Casa de les Flors donem molta import\u00e0ncia als processos d\u2019observaci\u00f3 i escolta. Aquests, ens ajuden a con\u00e8ixer els infants i el seu context educatiu i s\u00f3n una estrat\u00e8gia en la construcci\u00f3 de la pr\u00f2pia autoimatge de l\u2019infant i dels adults. A [&hellip;]\" \/>\n<meta property=\"og:url\" content=\"https:\/\/www.cavallcartro.cat\/escoles\/ebm-la-casa-de-les-flors\/2022\/01\/25\/la-documentacio-a-lescola-bressol\/\" \/>\n<meta property=\"og:site_name\" content=\"Escola bressol municipal La Casa de les Flors, Hospitalet de Llobregat\" \/>\n<meta property=\"article:publisher\" content=\"https:\/\/www.facebook.com\/cavallcartroedu\" \/>\n<meta property=\"article:published_time\" content=\"2022-01-25T10:28:49+00:00\" \/>\n<meta property=\"article:modified_time\" content=\"2022-01-25T10:28:57+00:00\" \/>\n<meta name=\"author\" content=\"lacasadelesflors\" \/>\n<meta name=\"twitter:card\" content=\"summary_large_image\" \/>\n<meta name=\"twitter:creator\" content=\"@cavallcartroedu\" \/>\n<meta name=\"twitter:site\" content=\"@cavallcartroedu\" \/>\n<meta name=\"twitter:label1\" content=\"Escrit per\" \/>\n\t<meta name=\"twitter:data1\" content=\"lacasadelesflors\" \/>\n\t<meta name=\"twitter:label2\" content=\"Temps estimat de lectura\" \/>\n\t<meta name=\"twitter:data2\" content=\"1 minut\" \/>\n<script type=\"application\/ld+json\" class=\"yoast-schema-graph\">{\"@context\":\"https:\\\/\\\/schema.org\",\"@graph\":[{\"@type\":\"Article\",\"@id\":\"https:\\\/\\\/www.cavallcartro.cat\\\/escoles\\\/ebm-la-casa-de-les-flors\\\/2022\\\/01\\\/25\\\/la-documentacio-a-lescola-bressol\\\/#article\",\"isPartOf\":{\"@id\":\"https:\\\/\\\/www.cavallcartro.cat\\\/escoles\\\/ebm-la-casa-de-les-flors\\\/2022\\\/01\\\/25\\\/la-documentacio-a-lescola-bressol\\\/\"},\"author\":{\"name\":\"lacasadelesflors\",\"@id\":\"https:\\\/\\\/www.cavallcartro.cat\\\/escoles\\\/ebm-la-casa-de-les-flors\\\/#\\\/schema\\\/person\\\/16b9fec570f3a33cde4e1c2f4ecebdef\"},\"headline\":\"La documentaci\u00f3 a l&#8217;escola bressol\",\"datePublished\":\"2022-01-25T10:28:49+00:00\",\"dateModified\":\"2022-01-25T10:28:57+00:00\",\"mainEntityOfPage\":{\"@id\":\"https:\\\/\\\/www.cavallcartro.cat\\\/escoles\\\/ebm-la-casa-de-les-flors\\\/2022\\\/01\\\/25\\\/la-documentacio-a-lescola-bressol\\\/\"},\"wordCount\":254,\"publisher\":{\"@id\":\"https:\\\/\\\/www.cavallcartro.cat\\\/escoles\\\/ebm-la-casa-de-les-flors\\\/#organization\"},\"articleSection\":[\"Sin categor\u00eda\"],\"inLanguage\":\"ca\"},{\"@type\":\"WebPage\",\"@id\":\"https:\\\/\\\/www.cavallcartro.cat\\\/escoles\\\/ebm-la-casa-de-les-flors\\\/2022\\\/01\\\/25\\\/la-documentacio-a-lescola-bressol\\\/\",\"url\":\"https:\\\/\\\/www.cavallcartro.cat\\\/escoles\\\/ebm-la-casa-de-les-flors\\\/2022\\\/01\\\/25\\\/la-documentacio-a-lescola-bressol\\\/\",\"name\":\"La documentaci\u00f3 a l'escola bressol - Escola bressol municipal La Casa de les Flors, Hospitalet de Llobregat\",\"isPartOf\":{\"@id\":\"https:\\\/\\\/www.cavallcartro.cat\\\/escoles\\\/ebm-la-casa-de-les-flors\\\/#website\"},\"datePublished\":\"2022-01-25T10:28:49+00:00\",\"dateModified\":\"2022-01-25T10:28:57+00:00\",\"breadcrumb\":{\"@id\":\"https:\\\/\\\/www.cavallcartro.cat\\\/escoles\\\/ebm-la-casa-de-les-flors\\\/2022\\\/01\\\/25\\\/la-documentacio-a-lescola-bressol\\\/#breadcrumb\"},\"inLanguage\":\"ca\",\"potentialAction\":[{\"@type\":\"ReadAction\",\"target\":[\"https:\\\/\\\/www.cavallcartro.cat\\\/escoles\\\/ebm-la-casa-de-les-flors\\\/2022\\\/01\\\/25\\\/la-documentacio-a-lescola-bressol\\\/\"]}]},{\"@type\":\"BreadcrumbList\",\"@id\":\"https:\\\/\\\/www.cavallcartro.cat\\\/escoles\\\/ebm-la-casa-de-les-flors\\\/2022\\\/01\\\/25\\\/la-documentacio-a-lescola-bressol\\\/#breadcrumb\",\"itemListElement\":[{\"@type\":\"ListItem\",\"position\":1,\"name\":\"Portada\",\"item\":\"https:\\\/\\\/www.cavallcartro.cat\\\/escoles\\\/ebm-la-casa-de-les-flors\\\/\"},{\"@type\":\"ListItem\",\"position\":2,\"name\":\"La documentaci\u00f3 a l&#8217;escola bressol\"}]},{\"@type\":\"WebSite\",\"@id\":\"https:\\\/\\\/www.cavallcartro.cat\\\/escoles\\\/ebm-la-casa-de-les-flors\\\/#website\",\"url\":\"https:\\\/\\\/www.cavallcartro.cat\\\/escoles\\\/ebm-la-casa-de-les-flors\\\/\",\"name\":\"Escola bressol municipal La Casa de les Flors, Hospitalet de Llobregat\",\"description\":\"Escola bressol amb 94 places p\u00fabliques al barri de La Florida. Metodologia basada en el joc lliure i l&#039;acompanyament al desenvolupament dels infants.\",\"publisher\":{\"@id\":\"https:\\\/\\\/www.cavallcartro.cat\\\/escoles\\\/ebm-la-casa-de-les-flors\\\/#organization\"},\"potentialAction\":[{\"@type\":\"SearchAction\",\"target\":{\"@type\":\"EntryPoint\",\"urlTemplate\":\"https:\\\/\\\/www.cavallcartro.cat\\\/escoles\\\/ebm-la-casa-de-les-flors\\\/?s={search_term_string}\"},\"query-input\":{\"@type\":\"PropertyValueSpecification\",\"valueRequired\":true,\"valueName\":\"search_term_string\"}}],\"inLanguage\":\"ca\"},{\"@type\":\"Organization\",\"@id\":\"https:\\\/\\\/www.cavallcartro.cat\\\/escoles\\\/ebm-la-casa-de-les-flors\\\/#organization\",\"name\":\"Escola bressol municipal La Casa de les Flors\",\"url\":\"https:\\\/\\\/www.cavallcartro.cat\\\/escoles\\\/ebm-la-casa-de-les-flors\\\/\",\"logo\":{\"@type\":\"ImageObject\",\"inLanguage\":\"ca\",\"@id\":\"https:\\\/\\\/www.cavallcartro.cat\\\/escoles\\\/ebm-la-casa-de-les-flors\\\/#\\\/schema\\\/logo\\\/image\\\/\",\"url\":\"https:\\\/\\\/www.cavallcartro.cat\\\/escoles\\\/ebm-la-casa-de-les-flors\\\/wp-content\\\/uploads\\\/sites\\\/40\\\/2021\\\/03\\\/log-ebm-la-casa-de-les-flors.png\",\"contentUrl\":\"https:\\\/\\\/www.cavallcartro.cat\\\/escoles\\\/ebm-la-casa-de-les-flors\\\/wp-content\\\/uploads\\\/sites\\\/40\\\/2021\\\/03\\\/log-ebm-la-casa-de-les-flors.png\",\"width\":204,\"height\":100,\"caption\":\"Escola bressol municipal La Casa de les Flors\"},\"image\":{\"@id\":\"https:\\\/\\\/www.cavallcartro.cat\\\/escoles\\\/ebm-la-casa-de-les-flors\\\/#\\\/schema\\\/logo\\\/image\\\/\"},\"sameAs\":[\"https:\\\/\\\/www.facebook.com\\\/cavallcartroedu\",\"https:\\\/\\\/x.com\\\/cavallcartroedu\"]},{\"@type\":\"Person\",\"@id\":\"https:\\\/\\\/www.cavallcartro.cat\\\/escoles\\\/ebm-la-casa-de-les-flors\\\/#\\\/schema\\\/person\\\/16b9fec570f3a33cde4e1c2f4ecebdef\",\"name\":\"lacasadelesflors\",\"image\":{\"@type\":\"ImageObject\",\"inLanguage\":\"ca\",\"@id\":\"https:\\\/\\\/secure.gravatar.com\\\/avatar\\\/d3c6475873bddf362c9261f66928b648182e51d3934063f598a9eae91b71b4d3?s=96&d=mm&r=g\",\"url\":\"https:\\\/\\\/secure.gravatar.com\\\/avatar\\\/d3c6475873bddf362c9261f66928b648182e51d3934063f598a9eae91b71b4d3?s=96&d=mm&r=g\",\"contentUrl\":\"https:\\\/\\\/secure.gravatar.com\\\/avatar\\\/d3c6475873bddf362c9261f66928b648182e51d3934063f598a9eae91b71b4d3?s=96&d=mm&r=g\",\"caption\":\"lacasadelesflors\"}}]}<\/script>\n<!-- \/ Yoast SEO plugin. -->","yoast_head_json":{"title":"La documentaci\u00f3 a l'escola bressol - Escola bressol municipal La Casa de les Flors, Hospitalet de Llobregat","robots":{"index":"index","follow":"follow","max-snippet":"max-snippet:-1","max-image-preview":"max-image-preview:large","max-video-preview":"max-video-preview:-1"},"canonical":"https:\/\/www.cavallcartro.cat\/escoles\/ebm-la-casa-de-les-flors\/2022\/01\/25\/la-documentacio-a-lescola-bressol\/","og_locale":"ca_ES","og_type":"article","og_title":"La documentaci\u00f3 a l'escola bressol - Escola bressol municipal La Casa de les Flors, Hospitalet de Llobregat","og_description":"La documentaci\u00f3 a l\u2019escola bressol A l\u2019escola bressol La Casa de les Flors donem molta import\u00e0ncia als processos d\u2019observaci\u00f3 i escolta. Aquests, ens ajuden a con\u00e8ixer els infants i el seu context educatiu i s\u00f3n una estrat\u00e8gia en la construcci\u00f3 de la pr\u00f2pia autoimatge de l\u2019infant i dels adults. A [&hellip;]","og_url":"https:\/\/www.cavallcartro.cat\/escoles\/ebm-la-casa-de-les-flors\/2022\/01\/25\/la-documentacio-a-lescola-bressol\/","og_site_name":"Escola bressol municipal La Casa de les Flors, Hospitalet de Llobregat","article_publisher":"https:\/\/www.facebook.com\/cavallcartroedu","article_published_time":"2022-01-25T10:28:49+00:00","article_modified_time":"2022-01-25T10:28:57+00:00","author":"lacasadelesflors","twitter_card":"summary_large_image","twitter_creator":"@cavallcartroedu","twitter_site":"@cavallcartroedu","twitter_misc":{"Escrit per":"lacasadelesflors","Temps estimat de lectura":"1 minut"},"schema":{"@context":"https:\/\/schema.org","@graph":[{"@type":"Article","@id":"https:\/\/www.cavallcartro.cat\/escoles\/ebm-la-casa-de-les-flors\/2022\/01\/25\/la-documentacio-a-lescola-bressol\/#article","isPartOf":{"@id":"https:\/\/www.cavallcartro.cat\/escoles\/ebm-la-casa-de-les-flors\/2022\/01\/25\/la-documentacio-a-lescola-bressol\/"},"author":{"name":"lacasadelesflors","@id":"https:\/\/www.cavallcartro.cat\/escoles\/ebm-la-casa-de-les-flors\/#\/schema\/person\/16b9fec570f3a33cde4e1c2f4ecebdef"},"headline":"La documentaci\u00f3 a l&#8217;escola bressol","datePublished":"2022-01-25T10:28:49+00:00","dateModified":"2022-01-25T10:28:57+00:00","mainEntityOfPage":{"@id":"https:\/\/www.cavallcartro.cat\/escoles\/ebm-la-casa-de-les-flors\/2022\/01\/25\/la-documentacio-a-lescola-bressol\/"},"wordCount":254,"publisher":{"@id":"https:\/\/www.cavallcartro.cat\/escoles\/ebm-la-casa-de-les-flors\/#organization"},"articleSection":["Sin categor\u00eda"],"inLanguage":"ca"},{"@type":"WebPage","@id":"https:\/\/www.cavallcartro.cat\/escoles\/ebm-la-casa-de-les-flors\/2022\/01\/25\/la-documentacio-a-lescola-bressol\/","url":"https:\/\/www.cavallcartro.cat\/escoles\/ebm-la-casa-de-les-flors\/2022\/01\/25\/la-documentacio-a-lescola-bressol\/","name":"La documentaci\u00f3 a l'escola bressol - Escola bressol municipal La Casa de les Flors, Hospitalet de Llobregat","isPartOf":{"@id":"https:\/\/www.cavallcartro.cat\/escoles\/ebm-la-casa-de-les-flors\/#website"},"datePublished":"2022-01-25T10:28:49+00:00","dateModified":"2022-01-25T10:28:57+00:00","breadcrumb":{"@id":"https:\/\/www.cavallcartro.cat\/escoles\/ebm-la-casa-de-les-flors\/2022\/01\/25\/la-documentacio-a-lescola-bressol\/#breadcrumb"},"inLanguage":"ca","potentialAction":[{"@type":"ReadAction","target":["https:\/\/www.cavallcartro.cat\/escoles\/ebm-la-casa-de-les-flors\/2022\/01\/25\/la-documentacio-a-lescola-bressol\/"]}]},{"@type":"BreadcrumbList","@id":"https:\/\/www.cavallcartro.cat\/escoles\/ebm-la-casa-de-les-flors\/2022\/01\/25\/la-documentacio-a-lescola-bressol\/#breadcrumb","itemListElement":[{"@type":"ListItem","position":1,"name":"Portada","item":"https:\/\/www.cavallcartro.cat\/escoles\/ebm-la-casa-de-les-flors\/"},{"@type":"ListItem","position":2,"name":"La documentaci\u00f3 a l&#8217;escola bressol"}]},{"@type":"WebSite","@id":"https:\/\/www.cavallcartro.cat\/escoles\/ebm-la-casa-de-les-flors\/#website","url":"https:\/\/www.cavallcartro.cat\/escoles\/ebm-la-casa-de-les-flors\/","name":"Escola bressol municipal La Casa de les Flors, Hospitalet de Llobregat","description":"Escola bressol amb 94 places p\u00fabliques al barri de La Florida. Metodologia basada en el joc lliure i l&#039;acompanyament al desenvolupament dels infants.","publisher":{"@id":"https:\/\/www.cavallcartro.cat\/escoles\/ebm-la-casa-de-les-flors\/#organization"},"potentialAction":[{"@type":"SearchAction","target":{"@type":"EntryPoint","urlTemplate":"https:\/\/www.cavallcartro.cat\/escoles\/ebm-la-casa-de-les-flors\/?s={search_term_string}"},"query-input":{"@type":"PropertyValueSpecification","valueRequired":true,"valueName":"search_term_string"}}],"inLanguage":"ca"},{"@type":"Organization","@id":"https:\/\/www.cavallcartro.cat\/escoles\/ebm-la-casa-de-les-flors\/#organization","name":"Escola bressol municipal La Casa de les Flors","url":"https:\/\/www.cavallcartro.cat\/escoles\/ebm-la-casa-de-les-flors\/","logo":{"@type":"ImageObject","inLanguage":"ca","@id":"https:\/\/www.cavallcartro.cat\/escoles\/ebm-la-casa-de-les-flors\/#\/schema\/logo\/image\/","url":"https:\/\/www.cavallcartro.cat\/escoles\/ebm-la-casa-de-les-flors\/wp-content\/uploads\/sites\/40\/2021\/03\/log-ebm-la-casa-de-les-flors.png","contentUrl":"https:\/\/www.cavallcartro.cat\/escoles\/ebm-la-casa-de-les-flors\/wp-content\/uploads\/sites\/40\/2021\/03\/log-ebm-la-casa-de-les-flors.png","width":204,"height":100,"caption":"Escola bressol municipal La Casa de les Flors"},"image":{"@id":"https:\/\/www.cavallcartro.cat\/escoles\/ebm-la-casa-de-les-flors\/#\/schema\/logo\/image\/"},"sameAs":["https:\/\/www.facebook.com\/cavallcartroedu","https:\/\/x.com\/cavallcartroedu"]},{"@type":"Person","@id":"https:\/\/www.cavallcartro.cat\/escoles\/ebm-la-casa-de-les-flors\/#\/schema\/person\/16b9fec570f3a33cde4e1c2f4ecebdef","name":"lacasadelesflors","image":{"@type":"ImageObject","inLanguage":"ca","@id":"https:\/\/secure.gravatar.com\/avatar\/d3c6475873bddf362c9261f66928b648182e51d3934063f598a9eae91b71b4d3?s=96&d=mm&r=g","url":"https:\/\/secure.gravatar.com\/avatar\/d3c6475873bddf362c9261f66928b648182e51d3934063f598a9eae91b71b4d3?s=96&d=mm&r=g","contentUrl":"https:\/\/secure.gravatar.com\/avatar\/d3c6475873bddf362c9261f66928b648182e51d3934063f598a9eae91b71b4d3?s=96&d=mm&r=g","caption":"lacasadelesflors"}}]}},"_links":{"self":[{"href":"https:\/\/www.cavallcartro.cat\/escoles\/ebm-la-casa-de-les-flors\/wp-json\/wp\/v2\/posts\/1351","targetHints":{"allow":["GET"]}}],"collection":[{"href":"https:\/\/www.cavallcartro.cat\/escoles\/ebm-la-casa-de-les-flors\/wp-json\/wp\/v2\/posts"}],"about":[{"href":"https:\/\/www.cavallcartro.cat\/escoles\/ebm-la-casa-de-les-flors\/wp-json\/wp\/v2\/types\/post"}],"author":[{"embeddable":true,"href":"https:\/\/www.cavallcartro.cat\/escoles\/ebm-la-casa-de-les-flors\/wp-json\/wp\/v2\/users\/41"}],"replies":[{"embeddable":true,"href":"https:\/\/www.cavallcartro.cat\/escoles\/ebm-la-casa-de-les-flors\/wp-json\/wp\/v2\/comments?post=1351"}],"version-history":[{"count":5,"href":"https:\/\/www.cavallcartro.cat\/escoles\/ebm-la-casa-de-les-flors\/wp-json\/wp\/v2\/posts\/1351\/revisions"}],"predecessor-version":[{"id":1370,"href":"https:\/\/www.cavallcartro.cat\/escoles\/ebm-la-casa-de-les-flors\/wp-json\/wp\/v2\/posts\/1351\/revisions\/1370"}],"wp:attachment":[{"href":"https:\/\/www.cavallcartro.cat\/escoles\/ebm-la-casa-de-les-flors\/wp-json\/wp\/v2\/media?parent=1351"}],"wp:term":[{"taxonomy":"category","embeddable":true,"href":"https:\/\/www.cavallcartro.cat\/escoles\/ebm-la-casa-de-les-flors\/wp-json\/wp\/v2\/categories?post=1351"},{"taxonomy":"post_tag","embeddable":true,"href":"https:\/\/www.cavallcartro.cat\/escoles\/ebm-la-casa-de-les-flors\/wp-json\/wp\/v2\/tags?post=1351"}],"curies":[{"name":"wp","href":"https:\/\/api.w.org\/{rel}","templated":true}]}}