{"id":432,"date":"2021-04-06T07:45:19","date_gmt":"2021-04-06T07:45:19","guid":{"rendered":"http:\/\/www.cavallcartro.cat\/escoles\/ebm-gotims-el-pampol\/?p=432"},"modified":"2021-05-07T07:54:31","modified_gmt":"2021-05-07T07:54:31","slug":"video-de-portes-obertes","status":"publish","type":"post","link":"https:\/\/www.cavallcartro.cat\/escoles\/ebm-gotims-el-pampol\/2021\/04\/06\/video-de-portes-obertes\/","title":{"rendered":"V\u00cdDEO PORTES OBERTES LLIM GOTIMS"},"content":{"rendered":"<p>Vols con\u00e8ixer la nostra escola, qui s\u00f3m i qu\u00e8 fem?<\/p>\n<p><a href=\"https:\/\/youtu.be\/BdffEf0HEZo\">Clica aqu\u00ed\u00a0<\/a><\/p>\n<p>&nbsp;<\/p>\n","protected":false},"excerpt":{"rendered":"<p>Vols con\u00e8ixer la nostra escola, qui s\u00f3m i qu\u00e8 fem? Clica aqu\u00ed\u00a0 &nbsp;<\/p>\n","protected":false},"author":8,"featured_media":0,"comment_status":"closed","ping_status":"closed","sticky":false,"template":"","format":"standard","meta":{"footnotes":""},"categories":[1],"tags":[],"class_list":["post-432","post","type-post","status-publish","format-standard","hentry","category-sin-categoria"],"yoast_head":"<!-- This site is optimized with the Yoast SEO plugin v27.5 - https:\/\/yoast.com\/product\/yoast-seo-wordpress\/ -->\n<title>V\u00cdDEO PORTES OBERTES LLIM GOTIMS - EBM GOTIMS I EL P\u00c0MPOL, escoles bressol municipals d&#039;Ol\u00e8rdola<\/title>\n<meta name=\"robots\" content=\"index, follow, max-snippet:-1, max-image-preview:large, max-video-preview:-1\" \/>\n<link rel=\"canonical\" href=\"https:\/\/www.cavallcartro.cat\/escoles\/ebm-gotims-el-pampol\/2021\/04\/06\/video-de-portes-obertes\/\" \/>\n<meta property=\"og:locale\" content=\"ca_ES\" \/>\n<meta property=\"og:type\" content=\"article\" \/>\n<meta property=\"og:title\" content=\"V\u00cdDEO PORTES OBERTES LLIM GOTIMS - EBM GOTIMS I EL P\u00c0MPOL, escoles bressol municipals d&#039;Ol\u00e8rdola\" \/>\n<meta property=\"og:description\" content=\"Vols con\u00e8ixer la nostra escola, qui s\u00f3m i qu\u00e8 fem? Clica aqu\u00ed\u00a0 &nbsp;\" \/>\n<meta property=\"og:url\" content=\"https:\/\/www.cavallcartro.cat\/escoles\/ebm-gotims-el-pampol\/2021\/04\/06\/video-de-portes-obertes\/\" \/>\n<meta property=\"og:site_name\" content=\"EBM GOTIMS I EL P\u00c0MPOL, escoles bressol municipals d&#039;Ol\u00e8rdola\" \/>\n<meta property=\"article:published_time\" content=\"2021-04-06T07:45:19+00:00\" \/>\n<meta property=\"article:modified_time\" content=\"2021-05-07T07:54:31+00:00\" \/>\n<meta name=\"author\" content=\"gotimspampol\" \/>\n<meta name=\"twitter:card\" content=\"summary_large_image\" \/>\n<meta name=\"twitter:label1\" content=\"Escrit per\" \/>\n\t<meta name=\"twitter:data1\" content=\"gotimspampol\" \/>\n<script type=\"application\/ld+json\" class=\"yoast-schema-graph\">{\"@context\":\"https:\\\/\\\/schema.org\",\"@graph\":[{\"@type\":\"Article\",\"@id\":\"https:\\\/\\\/www.cavallcartro.cat\\\/escoles\\\/ebm-gotims-el-pampol\\\/2021\\\/04\\\/06\\\/video-de-portes-obertes\\\/#article\",\"isPartOf\":{\"@id\":\"https:\\\/\\\/www.cavallcartro.cat\\\/escoles\\\/ebm-gotims-el-pampol\\\/2021\\\/04\\\/06\\\/video-de-portes-obertes\\\/\"},\"author\":{\"name\":\"gotimspampol\",\"@id\":\"https:\\\/\\\/www.cavallcartro.cat\\\/escoles\\\/ebm-gotims-el-pampol\\\/#\\\/schema\\\/person\\\/3f4abc5d28070b9d432b861a446100f1\"},\"headline\":\"V\u00cdDEO PORTES OBERTES LLIM GOTIMS\",\"datePublished\":\"2021-04-06T07:45:19+00:00\",\"dateModified\":\"2021-05-07T07:54:31+00:00\",\"mainEntityOfPage\":{\"@id\":\"https:\\\/\\\/www.cavallcartro.cat\\\/escoles\\\/ebm-gotims-el-pampol\\\/2021\\\/04\\\/06\\\/video-de-portes-obertes\\\/\"},\"wordCount\":21,\"articleSection\":[\"Sin categor\u00eda\"],\"inLanguage\":\"ca\"},{\"@type\":\"WebPage\",\"@id\":\"https:\\\/\\\/www.cavallcartro.cat\\\/escoles\\\/ebm-gotims-el-pampol\\\/2021\\\/04\\\/06\\\/video-de-portes-obertes\\\/\",\"url\":\"https:\\\/\\\/www.cavallcartro.cat\\\/escoles\\\/ebm-gotims-el-pampol\\\/2021\\\/04\\\/06\\\/video-de-portes-obertes\\\/\",\"name\":\"V\u00cdDEO PORTES OBERTES LLIM GOTIMS - EBM GOTIMS I EL P\u00c0MPOL, escoles bressol municipals d&#039;Ol\u00e8rdola\",\"isPartOf\":{\"@id\":\"https:\\\/\\\/www.cavallcartro.cat\\\/escoles\\\/ebm-gotims-el-pampol\\\/#website\"},\"datePublished\":\"2021-04-06T07:45:19+00:00\",\"dateModified\":\"2021-05-07T07:54:31+00:00\",\"author\":{\"@id\":\"https:\\\/\\\/www.cavallcartro.cat\\\/escoles\\\/ebm-gotims-el-pampol\\\/#\\\/schema\\\/person\\\/3f4abc5d28070b9d432b861a446100f1\"},\"breadcrumb\":{\"@id\":\"https:\\\/\\\/www.cavallcartro.cat\\\/escoles\\\/ebm-gotims-el-pampol\\\/2021\\\/04\\\/06\\\/video-de-portes-obertes\\\/#breadcrumb\"},\"inLanguage\":\"ca\",\"potentialAction\":[{\"@type\":\"ReadAction\",\"target\":[\"https:\\\/\\\/www.cavallcartro.cat\\\/escoles\\\/ebm-gotims-el-pampol\\\/2021\\\/04\\\/06\\\/video-de-portes-obertes\\\/\"]}]},{\"@type\":\"BreadcrumbList\",\"@id\":\"https:\\\/\\\/www.cavallcartro.cat\\\/escoles\\\/ebm-gotims-el-pampol\\\/2021\\\/04\\\/06\\\/video-de-portes-obertes\\\/#breadcrumb\",\"itemListElement\":[{\"@type\":\"ListItem\",\"position\":1,\"name\":\"Portada\",\"item\":\"https:\\\/\\\/www.cavallcartro.cat\\\/escoles\\\/ebm-gotims-el-pampol\\\/\"},{\"@type\":\"ListItem\",\"position\":2,\"name\":\"V\u00cdDEO PORTES OBERTES LLIM GOTIMS\"}]},{\"@type\":\"WebSite\",\"@id\":\"https:\\\/\\\/www.cavallcartro.cat\\\/escoles\\\/ebm-gotims-el-pampol\\\/#website\",\"url\":\"https:\\\/\\\/www.cavallcartro.cat\\\/escoles\\\/ebm-gotims-el-pampol\\\/\",\"name\":\"EBM GOTIMS I EL P\u00c0MPOL, escoles bressol municipals d&#039;Ol\u00e8rdola\",\"description\":\"Les escoles bressol d&#039;Ol\u00e8rdola s\u00f3n espais on aprenem a conviure plegats infants i adults. Aprenem a compartir molts moments carregats d\u2019alegries, somriures i moltes experi\u00e8ncies que ens fan cr\u00e9ixer i gaudir de l\u2019aprenentatge i del proc\u00e9s maduratiu de cada infant.\",\"potentialAction\":[{\"@type\":\"SearchAction\",\"target\":{\"@type\":\"EntryPoint\",\"urlTemplate\":\"https:\\\/\\\/www.cavallcartro.cat\\\/escoles\\\/ebm-gotims-el-pampol\\\/?s={search_term_string}\"},\"query-input\":{\"@type\":\"PropertyValueSpecification\",\"valueRequired\":true,\"valueName\":\"search_term_string\"}}],\"inLanguage\":\"ca\"},{\"@type\":\"Person\",\"@id\":\"https:\\\/\\\/www.cavallcartro.cat\\\/escoles\\\/ebm-gotims-el-pampol\\\/#\\\/schema\\\/person\\\/3f4abc5d28070b9d432b861a446100f1\",\"name\":\"gotimspampol\",\"image\":{\"@type\":\"ImageObject\",\"inLanguage\":\"ca\",\"@id\":\"https:\\\/\\\/secure.gravatar.com\\\/avatar\\\/baebd73c4b750eb9b27cc3aa384a6a30542f43dbdeaf01e33a694bd24af81080?s=96&d=mm&r=g\",\"url\":\"https:\\\/\\\/secure.gravatar.com\\\/avatar\\\/baebd73c4b750eb9b27cc3aa384a6a30542f43dbdeaf01e33a694bd24af81080?s=96&d=mm&r=g\",\"contentUrl\":\"https:\\\/\\\/secure.gravatar.com\\\/avatar\\\/baebd73c4b750eb9b27cc3aa384a6a30542f43dbdeaf01e33a694bd24af81080?s=96&d=mm&r=g\",\"caption\":\"gotimspampol\"},\"url\":\"https:\\\/\\\/www.cavallcartro.cat\\\/escoles\\\/ebm-gotims-el-pampol\\\/author\\\/gotimspampol\\\/\"}]}<\/script>\n<!-- \/ Yoast SEO plugin. -->","yoast_head_json":{"title":"V\u00cdDEO PORTES OBERTES LLIM GOTIMS - EBM GOTIMS I EL P\u00c0MPOL, escoles bressol municipals d&#039;Ol\u00e8rdola","robots":{"index":"index","follow":"follow","max-snippet":"max-snippet:-1","max-image-preview":"max-image-preview:large","max-video-preview":"max-video-preview:-1"},"canonical":"https:\/\/www.cavallcartro.cat\/escoles\/ebm-gotims-el-pampol\/2021\/04\/06\/video-de-portes-obertes\/","og_locale":"ca_ES","og_type":"article","og_title":"V\u00cdDEO PORTES OBERTES LLIM GOTIMS - EBM GOTIMS I EL P\u00c0MPOL, escoles bressol municipals d&#039;Ol\u00e8rdola","og_description":"Vols con\u00e8ixer la nostra escola, qui s\u00f3m i qu\u00e8 fem? Clica aqu\u00ed\u00a0 &nbsp;","og_url":"https:\/\/www.cavallcartro.cat\/escoles\/ebm-gotims-el-pampol\/2021\/04\/06\/video-de-portes-obertes\/","og_site_name":"EBM GOTIMS I EL P\u00c0MPOL, escoles bressol municipals d&#039;Ol\u00e8rdola","article_published_time":"2021-04-06T07:45:19+00:00","article_modified_time":"2021-05-07T07:54:31+00:00","author":"gotimspampol","twitter_card":"summary_large_image","twitter_misc":{"Escrit per":"gotimspampol"},"schema":{"@context":"https:\/\/schema.org","@graph":[{"@type":"Article","@id":"https:\/\/www.cavallcartro.cat\/escoles\/ebm-gotims-el-pampol\/2021\/04\/06\/video-de-portes-obertes\/#article","isPartOf":{"@id":"https:\/\/www.cavallcartro.cat\/escoles\/ebm-gotims-el-pampol\/2021\/04\/06\/video-de-portes-obertes\/"},"author":{"name":"gotimspampol","@id":"https:\/\/www.cavallcartro.cat\/escoles\/ebm-gotims-el-pampol\/#\/schema\/person\/3f4abc5d28070b9d432b861a446100f1"},"headline":"V\u00cdDEO PORTES OBERTES LLIM GOTIMS","datePublished":"2021-04-06T07:45:19+00:00","dateModified":"2021-05-07T07:54:31+00:00","mainEntityOfPage":{"@id":"https:\/\/www.cavallcartro.cat\/escoles\/ebm-gotims-el-pampol\/2021\/04\/06\/video-de-portes-obertes\/"},"wordCount":21,"articleSection":["Sin categor\u00eda"],"inLanguage":"ca"},{"@type":"WebPage","@id":"https:\/\/www.cavallcartro.cat\/escoles\/ebm-gotims-el-pampol\/2021\/04\/06\/video-de-portes-obertes\/","url":"https:\/\/www.cavallcartro.cat\/escoles\/ebm-gotims-el-pampol\/2021\/04\/06\/video-de-portes-obertes\/","name":"V\u00cdDEO PORTES OBERTES LLIM GOTIMS - EBM GOTIMS I EL P\u00c0MPOL, escoles bressol municipals d&#039;Ol\u00e8rdola","isPartOf":{"@id":"https:\/\/www.cavallcartro.cat\/escoles\/ebm-gotims-el-pampol\/#website"},"datePublished":"2021-04-06T07:45:19+00:00","dateModified":"2021-05-07T07:54:31+00:00","author":{"@id":"https:\/\/www.cavallcartro.cat\/escoles\/ebm-gotims-el-pampol\/#\/schema\/person\/3f4abc5d28070b9d432b861a446100f1"},"breadcrumb":{"@id":"https:\/\/www.cavallcartro.cat\/escoles\/ebm-gotims-el-pampol\/2021\/04\/06\/video-de-portes-obertes\/#breadcrumb"},"inLanguage":"ca","potentialAction":[{"@type":"ReadAction","target":["https:\/\/www.cavallcartro.cat\/escoles\/ebm-gotims-el-pampol\/2021\/04\/06\/video-de-portes-obertes\/"]}]},{"@type":"BreadcrumbList","@id":"https:\/\/www.cavallcartro.cat\/escoles\/ebm-gotims-el-pampol\/2021\/04\/06\/video-de-portes-obertes\/#breadcrumb","itemListElement":[{"@type":"ListItem","position":1,"name":"Portada","item":"https:\/\/www.cavallcartro.cat\/escoles\/ebm-gotims-el-pampol\/"},{"@type":"ListItem","position":2,"name":"V\u00cdDEO PORTES OBERTES LLIM GOTIMS"}]},{"@type":"WebSite","@id":"https:\/\/www.cavallcartro.cat\/escoles\/ebm-gotims-el-pampol\/#website","url":"https:\/\/www.cavallcartro.cat\/escoles\/ebm-gotims-el-pampol\/","name":"EBM GOTIMS I EL P\u00c0MPOL, escoles bressol municipals d&#039;Ol\u00e8rdola","description":"Les escoles bressol d&#039;Ol\u00e8rdola s\u00f3n espais on aprenem a conviure plegats infants i adults. Aprenem a compartir molts moments carregats d\u2019alegries, somriures i moltes experi\u00e8ncies que ens fan cr\u00e9ixer i gaudir de l\u2019aprenentatge i del proc\u00e9s maduratiu de cada infant.","potentialAction":[{"@type":"SearchAction","target":{"@type":"EntryPoint","urlTemplate":"https:\/\/www.cavallcartro.cat\/escoles\/ebm-gotims-el-pampol\/?s={search_term_string}"},"query-input":{"@type":"PropertyValueSpecification","valueRequired":true,"valueName":"search_term_string"}}],"inLanguage":"ca"},{"@type":"Person","@id":"https:\/\/www.cavallcartro.cat\/escoles\/ebm-gotims-el-pampol\/#\/schema\/person\/3f4abc5d28070b9d432b861a446100f1","name":"gotimspampol","image":{"@type":"ImageObject","inLanguage":"ca","@id":"https:\/\/secure.gravatar.com\/avatar\/baebd73c4b750eb9b27cc3aa384a6a30542f43dbdeaf01e33a694bd24af81080?s=96&d=mm&r=g","url":"https:\/\/secure.gravatar.com\/avatar\/baebd73c4b750eb9b27cc3aa384a6a30542f43dbdeaf01e33a694bd24af81080?s=96&d=mm&r=g","contentUrl":"https:\/\/secure.gravatar.com\/avatar\/baebd73c4b750eb9b27cc3aa384a6a30542f43dbdeaf01e33a694bd24af81080?s=96&d=mm&r=g","caption":"gotimspampol"},"url":"https:\/\/www.cavallcartro.cat\/escoles\/ebm-gotims-el-pampol\/author\/gotimspampol\/"}]}},"_links":{"self":[{"href":"https:\/\/www.cavallcartro.cat\/escoles\/ebm-gotims-el-pampol\/wp-json\/wp\/v2\/posts\/432","targetHints":{"allow":["GET"]}}],"collection":[{"href":"https:\/\/www.cavallcartro.cat\/escoles\/ebm-gotims-el-pampol\/wp-json\/wp\/v2\/posts"}],"about":[{"href":"https:\/\/www.cavallcartro.cat\/escoles\/ebm-gotims-el-pampol\/wp-json\/wp\/v2\/types\/post"}],"author":[{"embeddable":true,"href":"https:\/\/www.cavallcartro.cat\/escoles\/ebm-gotims-el-pampol\/wp-json\/wp\/v2\/users\/8"}],"replies":[{"embeddable":true,"href":"https:\/\/www.cavallcartro.cat\/escoles\/ebm-gotims-el-pampol\/wp-json\/wp\/v2\/comments?post=432"}],"version-history":[{"count":7,"href":"https:\/\/www.cavallcartro.cat\/escoles\/ebm-gotims-el-pampol\/wp-json\/wp\/v2\/posts\/432\/revisions"}],"predecessor-version":[{"id":459,"href":"https:\/\/www.cavallcartro.cat\/escoles\/ebm-gotims-el-pampol\/wp-json\/wp\/v2\/posts\/432\/revisions\/459"}],"wp:attachment":[{"href":"https:\/\/www.cavallcartro.cat\/escoles\/ebm-gotims-el-pampol\/wp-json\/wp\/v2\/media?parent=432"}],"wp:term":[{"taxonomy":"category","embeddable":true,"href":"https:\/\/www.cavallcartro.cat\/escoles\/ebm-gotims-el-pampol\/wp-json\/wp\/v2\/categories?post=432"},{"taxonomy":"post_tag","embeddable":true,"href":"https:\/\/www.cavallcartro.cat\/escoles\/ebm-gotims-el-pampol\/wp-json\/wp\/v2\/tags?post=432"}],"curies":[{"name":"wp","href":"https:\/\/api.w.org\/{rel}","templated":true}]}}