{"id":2673,"date":"2020-04-21T17:35:35","date_gmt":"2020-04-21T17:35:35","guid":{"rendered":"http:\/\/www.cavallcartro.cat\/escoles\/ebm-el-gall-mullat\/?p=2673"},"modified":"2020-04-21T17:35:35","modified_gmt":"2020-04-21T17:35:35","slug":"directe-instragram-treiem-el-bolquer","status":"publish","type":"post","link":"https:\/\/www.cavallcartro.cat\/escoles\/ebm-el-gall-mullat\/2020\/04\/21\/directe-instragram-treiem-el-bolquer\/","title":{"rendered":"Directe instragram: Treiem el bolquer?"},"content":{"rendered":"<p>El pr\u00f2xim dia 22 a les 18,30 es far\u00e0 un directe a l&#8217;instagram de Cavall de Cartro sobre el control d&#8217;esf\u00ednters.<\/p>\n<p><img loading=\"lazy\" decoding=\"async\" class=\"alignnone size-medium wp-image-2674\" src=\"https:\/\/www.cavallcartro.cat\/escoles\/ebm-el-gall-mullat\/wp-content\/uploads\/sites\/5\/2020\/04\/Converses-Cavall-300x251.png\" alt=\"\" width=\"300\" height=\"251\" srcset=\"https:\/\/www.cavallcartro.cat\/escoles\/ebm-el-gall-mullat\/wp-content\/uploads\/sites\/5\/2020\/04\/Converses-Cavall-300x251.png 300w, https:\/\/www.cavallcartro.cat\/escoles\/ebm-el-gall-mullat\/wp-content\/uploads\/sites\/5\/2020\/04\/Converses-Cavall-768x644.png 768w, https:\/\/www.cavallcartro.cat\/escoles\/ebm-el-gall-mullat\/wp-content\/uploads\/sites\/5\/2020\/04\/Converses-Cavall-100x84.png 100w, https:\/\/www.cavallcartro.cat\/escoles\/ebm-el-gall-mullat\/wp-content\/uploads\/sites\/5\/2020\/04\/Converses-Cavall.png 940w\" sizes=\"auto, (max-width: 300px) 100vw, 300px\" \/><\/p>\n","protected":false},"excerpt":{"rendered":"<p>El pr\u00f2xim dia 22 a les 18,30 es far\u00e0 un directe a l&#8217;instagram de Cavall de Cartro sobre el control d&#8217;esf\u00ednters.<\/p>\n","protected":false},"author":24,"featured_media":0,"comment_status":"closed","ping_status":"closed","sticky":false,"template":"","format":"standard","meta":{"footnotes":""},"categories":[1],"tags":[],"class_list":["post-2673","post","type-post","status-publish","format-standard","hentry","category-sin-categoria"],"yoast_head":"<!-- This site is optimized with the Yoast SEO plugin v27.5 - https:\/\/yoast.com\/product\/yoast-seo-wordpress\/ -->\n<title>Directe instragram: Treiem el bolquer? - EBM EL GALL MULLAT. Escola bressol municipal de Piera<\/title>\n<meta name=\"robots\" content=\"index, follow, max-snippet:-1, max-image-preview:large, max-video-preview:-1\" \/>\n<link rel=\"canonical\" href=\"https:\/\/www.cavallcartro.cat\/escoles\/ebm-el-gall-mullat\/2020\/04\/21\/directe-instragram-treiem-el-bolquer\/\" \/>\n<meta property=\"og:locale\" content=\"ca_ES\" \/>\n<meta property=\"og:type\" content=\"article\" \/>\n<meta property=\"og:title\" content=\"Directe instragram: Treiem el bolquer? - EBM EL GALL MULLAT. Escola bressol municipal de Piera\" \/>\n<meta property=\"og:description\" content=\"El pr\u00f2xim dia 22 a les 18,30 es far\u00e0 un directe a l&#8217;instagram de Cavall de Cartro sobre el control d&#8217;esf\u00ednters.\" \/>\n<meta property=\"og:url\" content=\"https:\/\/www.cavallcartro.cat\/escoles\/ebm-el-gall-mullat\/2020\/04\/21\/directe-instragram-treiem-el-bolquer\/\" \/>\n<meta property=\"og:site_name\" content=\"EBM EL GALL MULLAT. Escola bressol municipal de Piera\" \/>\n<meta property=\"article:publisher\" content=\"https:\/\/facebook.com\/cavallcartroedu\" \/>\n<meta property=\"article:published_time\" content=\"2020-04-21T17:35:35+00:00\" \/>\n<meta property=\"og:image\" content=\"https:\/\/www.cavallcartro.cat\/escoles\/ebm-el-gall-mullat\/wp-content\/uploads\/sites\/5\/2020\/04\/Converses-Cavall-300x251.png\" \/>\n<meta name=\"author\" content=\"gallmullat\" \/>\n<meta name=\"twitter:card\" content=\"summary_large_image\" \/>\n<meta name=\"twitter:creator\" content=\"@cavallcartroedu\" \/>\n<meta name=\"twitter:site\" content=\"@cavallcartroedu\" \/>\n<meta name=\"twitter:label1\" content=\"Escrit per\" \/>\n\t<meta name=\"twitter:data1\" content=\"gallmullat\" \/>\n<script type=\"application\/ld+json\" class=\"yoast-schema-graph\">{\"@context\":\"https:\\\/\\\/schema.org\",\"@graph\":[{\"@type\":\"Article\",\"@id\":\"https:\\\/\\\/www.cavallcartro.cat\\\/escoles\\\/ebm-el-gall-mullat\\\/2020\\\/04\\\/21\\\/directe-instragram-treiem-el-bolquer\\\/#article\",\"isPartOf\":{\"@id\":\"https:\\\/\\\/www.cavallcartro.cat\\\/escoles\\\/ebm-el-gall-mullat\\\/2020\\\/04\\\/21\\\/directe-instragram-treiem-el-bolquer\\\/\"},\"author\":{\"name\":\"gallmullat\",\"@id\":\"https:\\\/\\\/www.cavallcartro.cat\\\/escoles\\\/ebm-el-gall-mullat\\\/#\\\/schema\\\/person\\\/48406655b7bec46062aefe7a67f25d03\"},\"headline\":\"Directe instragram: Treiem el bolquer?\",\"datePublished\":\"2020-04-21T17:35:35+00:00\",\"mainEntityOfPage\":{\"@id\":\"https:\\\/\\\/www.cavallcartro.cat\\\/escoles\\\/ebm-el-gall-mullat\\\/2020\\\/04\\\/21\\\/directe-instragram-treiem-el-bolquer\\\/\"},\"wordCount\":28,\"publisher\":{\"@id\":\"https:\\\/\\\/www.cavallcartro.cat\\\/escoles\\\/ebm-el-gall-mullat\\\/#organization\"},\"image\":{\"@id\":\"https:\\\/\\\/www.cavallcartro.cat\\\/escoles\\\/ebm-el-gall-mullat\\\/2020\\\/04\\\/21\\\/directe-instragram-treiem-el-bolquer\\\/#primaryimage\"},\"thumbnailUrl\":\"https:\\\/\\\/www.cavallcartro.cat\\\/escoles\\\/ebm-el-gall-mullat\\\/wp-content\\\/uploads\\\/sites\\\/5\\\/2020\\\/04\\\/Converses-Cavall-300x251.png\",\"articleSection\":[\"Sin categor\u00eda\"],\"inLanguage\":\"ca\"},{\"@type\":\"WebPage\",\"@id\":\"https:\\\/\\\/www.cavallcartro.cat\\\/escoles\\\/ebm-el-gall-mullat\\\/2020\\\/04\\\/21\\\/directe-instragram-treiem-el-bolquer\\\/\",\"url\":\"https:\\\/\\\/www.cavallcartro.cat\\\/escoles\\\/ebm-el-gall-mullat\\\/2020\\\/04\\\/21\\\/directe-instragram-treiem-el-bolquer\\\/\",\"name\":\"Directe instragram: Treiem el bolquer? - EBM EL GALL MULLAT. Escola bressol municipal de Piera\",\"isPartOf\":{\"@id\":\"https:\\\/\\\/www.cavallcartro.cat\\\/escoles\\\/ebm-el-gall-mullat\\\/#website\"},\"primaryImageOfPage\":{\"@id\":\"https:\\\/\\\/www.cavallcartro.cat\\\/escoles\\\/ebm-el-gall-mullat\\\/2020\\\/04\\\/21\\\/directe-instragram-treiem-el-bolquer\\\/#primaryimage\"},\"image\":{\"@id\":\"https:\\\/\\\/www.cavallcartro.cat\\\/escoles\\\/ebm-el-gall-mullat\\\/2020\\\/04\\\/21\\\/directe-instragram-treiem-el-bolquer\\\/#primaryimage\"},\"thumbnailUrl\":\"https:\\\/\\\/www.cavallcartro.cat\\\/escoles\\\/ebm-el-gall-mullat\\\/wp-content\\\/uploads\\\/sites\\\/5\\\/2020\\\/04\\\/Converses-Cavall-300x251.png\",\"datePublished\":\"2020-04-21T17:35:35+00:00\",\"breadcrumb\":{\"@id\":\"https:\\\/\\\/www.cavallcartro.cat\\\/escoles\\\/ebm-el-gall-mullat\\\/2020\\\/04\\\/21\\\/directe-instragram-treiem-el-bolquer\\\/#breadcrumb\"},\"inLanguage\":\"ca\",\"potentialAction\":[{\"@type\":\"ReadAction\",\"target\":[\"https:\\\/\\\/www.cavallcartro.cat\\\/escoles\\\/ebm-el-gall-mullat\\\/2020\\\/04\\\/21\\\/directe-instragram-treiem-el-bolquer\\\/\"]}]},{\"@type\":\"ImageObject\",\"inLanguage\":\"ca\",\"@id\":\"https:\\\/\\\/www.cavallcartro.cat\\\/escoles\\\/ebm-el-gall-mullat\\\/2020\\\/04\\\/21\\\/directe-instragram-treiem-el-bolquer\\\/#primaryimage\",\"url\":\"https:\\\/\\\/www.cavallcartro.cat\\\/escoles\\\/ebm-el-gall-mullat\\\/wp-content\\\/uploads\\\/sites\\\/5\\\/2020\\\/04\\\/Converses-Cavall.png\",\"contentUrl\":\"https:\\\/\\\/www.cavallcartro.cat\\\/escoles\\\/ebm-el-gall-mullat\\\/wp-content\\\/uploads\\\/sites\\\/5\\\/2020\\\/04\\\/Converses-Cavall.png\",\"width\":940,\"height\":788},{\"@type\":\"BreadcrumbList\",\"@id\":\"https:\\\/\\\/www.cavallcartro.cat\\\/escoles\\\/ebm-el-gall-mullat\\\/2020\\\/04\\\/21\\\/directe-instragram-treiem-el-bolquer\\\/#breadcrumb\",\"itemListElement\":[{\"@type\":\"ListItem\",\"position\":1,\"name\":\"Portada\",\"item\":\"https:\\\/\\\/www.cavallcartro.cat\\\/escoles\\\/ebm-el-gall-mullat\\\/\"},{\"@type\":\"ListItem\",\"position\":2,\"name\":\"Directe instragram: Treiem el bolquer?\"}]},{\"@type\":\"WebSite\",\"@id\":\"https:\\\/\\\/www.cavallcartro.cat\\\/escoles\\\/ebm-el-gall-mullat\\\/#website\",\"url\":\"https:\\\/\\\/www.cavallcartro.cat\\\/escoles\\\/ebm-el-gall-mullat\\\/\",\"name\":\"EBM EL GALL MULLAT. Escola bressol municipal de Piera\",\"description\":\"L&#039;escola bressol municipal de Piera, situada al parc del Gall Mullat, fomenta un tracte personalitzat que s\u2019adeq\u00fci al ritme evolutiu i a les capacitats de cada infant. Gestionada per Cavall de Cartr\u00f3.\",\"publisher\":{\"@id\":\"https:\\\/\\\/www.cavallcartro.cat\\\/escoles\\\/ebm-el-gall-mullat\\\/#organization\"},\"potentialAction\":[{\"@type\":\"SearchAction\",\"target\":{\"@type\":\"EntryPoint\",\"urlTemplate\":\"https:\\\/\\\/www.cavallcartro.cat\\\/escoles\\\/ebm-el-gall-mullat\\\/?s={search_term_string}\"},\"query-input\":{\"@type\":\"PropertyValueSpecification\",\"valueRequired\":true,\"valueName\":\"search_term_string\"}}],\"inLanguage\":\"ca\"},{\"@type\":\"Organization\",\"@id\":\"https:\\\/\\\/www.cavallcartro.cat\\\/escoles\\\/ebm-el-gall-mullat\\\/#organization\",\"name\":\"EBM EL GALL MULLAT. Escola bressol municipal de Piera\",\"url\":\"https:\\\/\\\/www.cavallcartro.cat\\\/escoles\\\/ebm-el-gall-mullat\\\/\",\"logo\":{\"@type\":\"ImageObject\",\"inLanguage\":\"ca\",\"@id\":\"https:\\\/\\\/www.cavallcartro.cat\\\/escoles\\\/ebm-el-gall-mullat\\\/#\\\/schema\\\/logo\\\/image\\\/\",\"url\":\"https:\\\/\\\/www.cavallcartro.cat\\\/escoles\\\/ebm-el-gall-mullat\\\/wp-content\\\/uploads\\\/sites\\\/5\\\/2019\\\/10\\\/cropped-Escola-Bressol-Gall-Mullat-Piera.jpg\",\"contentUrl\":\"https:\\\/\\\/www.cavallcartro.cat\\\/escoles\\\/ebm-el-gall-mullat\\\/wp-content\\\/uploads\\\/sites\\\/5\\\/2019\\\/10\\\/cropped-Escola-Bressol-Gall-Mullat-Piera.jpg\",\"width\":512,\"height\":512,\"caption\":\"EBM EL GALL MULLAT. Escola bressol municipal de Piera\"},\"image\":{\"@id\":\"https:\\\/\\\/www.cavallcartro.cat\\\/escoles\\\/ebm-el-gall-mullat\\\/#\\\/schema\\\/logo\\\/image\\\/\"},\"sameAs\":[\"https:\\\/\\\/facebook.com\\\/cavallcartroedu\",\"https:\\\/\\\/x.com\\\/cavallcartroedu\"]},{\"@type\":\"Person\",\"@id\":\"https:\\\/\\\/www.cavallcartro.cat\\\/escoles\\\/ebm-el-gall-mullat\\\/#\\\/schema\\\/person\\\/48406655b7bec46062aefe7a67f25d03\",\"name\":\"gallmullat\",\"image\":{\"@type\":\"ImageObject\",\"inLanguage\":\"ca\",\"@id\":\"https:\\\/\\\/secure.gravatar.com\\\/avatar\\\/d05145057cef622e1a6f4578fc9034c7a2dce2f488a18f5d14bdbd5670b958f2?s=96&d=mm&r=g\",\"url\":\"https:\\\/\\\/secure.gravatar.com\\\/avatar\\\/d05145057cef622e1a6f4578fc9034c7a2dce2f488a18f5d14bdbd5670b958f2?s=96&d=mm&r=g\",\"contentUrl\":\"https:\\\/\\\/secure.gravatar.com\\\/avatar\\\/d05145057cef622e1a6f4578fc9034c7a2dce2f488a18f5d14bdbd5670b958f2?s=96&d=mm&r=g\",\"caption\":\"gallmullat\"}}]}<\/script>\n<!-- \/ Yoast SEO plugin. -->","yoast_head_json":{"title":"Directe instragram: Treiem el bolquer? - EBM EL GALL MULLAT. Escola bressol municipal de Piera","robots":{"index":"index","follow":"follow","max-snippet":"max-snippet:-1","max-image-preview":"max-image-preview:large","max-video-preview":"max-video-preview:-1"},"canonical":"https:\/\/www.cavallcartro.cat\/escoles\/ebm-el-gall-mullat\/2020\/04\/21\/directe-instragram-treiem-el-bolquer\/","og_locale":"ca_ES","og_type":"article","og_title":"Directe instragram: Treiem el bolquer? - EBM EL GALL MULLAT. Escola bressol municipal de Piera","og_description":"El pr\u00f2xim dia 22 a les 18,30 es far\u00e0 un directe a l&#8217;instagram de Cavall de Cartro sobre el control d&#8217;esf\u00ednters.","og_url":"https:\/\/www.cavallcartro.cat\/escoles\/ebm-el-gall-mullat\/2020\/04\/21\/directe-instragram-treiem-el-bolquer\/","og_site_name":"EBM EL GALL MULLAT. Escola bressol municipal de Piera","article_publisher":"https:\/\/facebook.com\/cavallcartroedu","article_published_time":"2020-04-21T17:35:35+00:00","og_image":[{"url":"https:\/\/www.cavallcartro.cat\/escoles\/ebm-el-gall-mullat\/wp-content\/uploads\/sites\/5\/2020\/04\/Converses-Cavall-300x251.png","type":"","width":"","height":""}],"author":"gallmullat","twitter_card":"summary_large_image","twitter_creator":"@cavallcartroedu","twitter_site":"@cavallcartroedu","twitter_misc":{"Escrit per":"gallmullat"},"schema":{"@context":"https:\/\/schema.org","@graph":[{"@type":"Article","@id":"https:\/\/www.cavallcartro.cat\/escoles\/ebm-el-gall-mullat\/2020\/04\/21\/directe-instragram-treiem-el-bolquer\/#article","isPartOf":{"@id":"https:\/\/www.cavallcartro.cat\/escoles\/ebm-el-gall-mullat\/2020\/04\/21\/directe-instragram-treiem-el-bolquer\/"},"author":{"name":"gallmullat","@id":"https:\/\/www.cavallcartro.cat\/escoles\/ebm-el-gall-mullat\/#\/schema\/person\/48406655b7bec46062aefe7a67f25d03"},"headline":"Directe instragram: Treiem el bolquer?","datePublished":"2020-04-21T17:35:35+00:00","mainEntityOfPage":{"@id":"https:\/\/www.cavallcartro.cat\/escoles\/ebm-el-gall-mullat\/2020\/04\/21\/directe-instragram-treiem-el-bolquer\/"},"wordCount":28,"publisher":{"@id":"https:\/\/www.cavallcartro.cat\/escoles\/ebm-el-gall-mullat\/#organization"},"image":{"@id":"https:\/\/www.cavallcartro.cat\/escoles\/ebm-el-gall-mullat\/2020\/04\/21\/directe-instragram-treiem-el-bolquer\/#primaryimage"},"thumbnailUrl":"https:\/\/www.cavallcartro.cat\/escoles\/ebm-el-gall-mullat\/wp-content\/uploads\/sites\/5\/2020\/04\/Converses-Cavall-300x251.png","articleSection":["Sin categor\u00eda"],"inLanguage":"ca"},{"@type":"WebPage","@id":"https:\/\/www.cavallcartro.cat\/escoles\/ebm-el-gall-mullat\/2020\/04\/21\/directe-instragram-treiem-el-bolquer\/","url":"https:\/\/www.cavallcartro.cat\/escoles\/ebm-el-gall-mullat\/2020\/04\/21\/directe-instragram-treiem-el-bolquer\/","name":"Directe instragram: Treiem el bolquer? - EBM EL GALL MULLAT. Escola bressol municipal de Piera","isPartOf":{"@id":"https:\/\/www.cavallcartro.cat\/escoles\/ebm-el-gall-mullat\/#website"},"primaryImageOfPage":{"@id":"https:\/\/www.cavallcartro.cat\/escoles\/ebm-el-gall-mullat\/2020\/04\/21\/directe-instragram-treiem-el-bolquer\/#primaryimage"},"image":{"@id":"https:\/\/www.cavallcartro.cat\/escoles\/ebm-el-gall-mullat\/2020\/04\/21\/directe-instragram-treiem-el-bolquer\/#primaryimage"},"thumbnailUrl":"https:\/\/www.cavallcartro.cat\/escoles\/ebm-el-gall-mullat\/wp-content\/uploads\/sites\/5\/2020\/04\/Converses-Cavall-300x251.png","datePublished":"2020-04-21T17:35:35+00:00","breadcrumb":{"@id":"https:\/\/www.cavallcartro.cat\/escoles\/ebm-el-gall-mullat\/2020\/04\/21\/directe-instragram-treiem-el-bolquer\/#breadcrumb"},"inLanguage":"ca","potentialAction":[{"@type":"ReadAction","target":["https:\/\/www.cavallcartro.cat\/escoles\/ebm-el-gall-mullat\/2020\/04\/21\/directe-instragram-treiem-el-bolquer\/"]}]},{"@type":"ImageObject","inLanguage":"ca","@id":"https:\/\/www.cavallcartro.cat\/escoles\/ebm-el-gall-mullat\/2020\/04\/21\/directe-instragram-treiem-el-bolquer\/#primaryimage","url":"https:\/\/www.cavallcartro.cat\/escoles\/ebm-el-gall-mullat\/wp-content\/uploads\/sites\/5\/2020\/04\/Converses-Cavall.png","contentUrl":"https:\/\/www.cavallcartro.cat\/escoles\/ebm-el-gall-mullat\/wp-content\/uploads\/sites\/5\/2020\/04\/Converses-Cavall.png","width":940,"height":788},{"@type":"BreadcrumbList","@id":"https:\/\/www.cavallcartro.cat\/escoles\/ebm-el-gall-mullat\/2020\/04\/21\/directe-instragram-treiem-el-bolquer\/#breadcrumb","itemListElement":[{"@type":"ListItem","position":1,"name":"Portada","item":"https:\/\/www.cavallcartro.cat\/escoles\/ebm-el-gall-mullat\/"},{"@type":"ListItem","position":2,"name":"Directe instragram: Treiem el bolquer?"}]},{"@type":"WebSite","@id":"https:\/\/www.cavallcartro.cat\/escoles\/ebm-el-gall-mullat\/#website","url":"https:\/\/www.cavallcartro.cat\/escoles\/ebm-el-gall-mullat\/","name":"EBM EL GALL MULLAT. Escola bressol municipal de Piera","description":"L&#039;escola bressol municipal de Piera, situada al parc del Gall Mullat, fomenta un tracte personalitzat que s\u2019adeq\u00fci al ritme evolutiu i a les capacitats de cada infant. Gestionada per Cavall de Cartr\u00f3.","publisher":{"@id":"https:\/\/www.cavallcartro.cat\/escoles\/ebm-el-gall-mullat\/#organization"},"potentialAction":[{"@type":"SearchAction","target":{"@type":"EntryPoint","urlTemplate":"https:\/\/www.cavallcartro.cat\/escoles\/ebm-el-gall-mullat\/?s={search_term_string}"},"query-input":{"@type":"PropertyValueSpecification","valueRequired":true,"valueName":"search_term_string"}}],"inLanguage":"ca"},{"@type":"Organization","@id":"https:\/\/www.cavallcartro.cat\/escoles\/ebm-el-gall-mullat\/#organization","name":"EBM EL GALL MULLAT. Escola bressol municipal de Piera","url":"https:\/\/www.cavallcartro.cat\/escoles\/ebm-el-gall-mullat\/","logo":{"@type":"ImageObject","inLanguage":"ca","@id":"https:\/\/www.cavallcartro.cat\/escoles\/ebm-el-gall-mullat\/#\/schema\/logo\/image\/","url":"https:\/\/www.cavallcartro.cat\/escoles\/ebm-el-gall-mullat\/wp-content\/uploads\/sites\/5\/2019\/10\/cropped-Escola-Bressol-Gall-Mullat-Piera.jpg","contentUrl":"https:\/\/www.cavallcartro.cat\/escoles\/ebm-el-gall-mullat\/wp-content\/uploads\/sites\/5\/2019\/10\/cropped-Escola-Bressol-Gall-Mullat-Piera.jpg","width":512,"height":512,"caption":"EBM EL GALL MULLAT. Escola bressol municipal de Piera"},"image":{"@id":"https:\/\/www.cavallcartro.cat\/escoles\/ebm-el-gall-mullat\/#\/schema\/logo\/image\/"},"sameAs":["https:\/\/facebook.com\/cavallcartroedu","https:\/\/x.com\/cavallcartroedu"]},{"@type":"Person","@id":"https:\/\/www.cavallcartro.cat\/escoles\/ebm-el-gall-mullat\/#\/schema\/person\/48406655b7bec46062aefe7a67f25d03","name":"gallmullat","image":{"@type":"ImageObject","inLanguage":"ca","@id":"https:\/\/secure.gravatar.com\/avatar\/d05145057cef622e1a6f4578fc9034c7a2dce2f488a18f5d14bdbd5670b958f2?s=96&d=mm&r=g","url":"https:\/\/secure.gravatar.com\/avatar\/d05145057cef622e1a6f4578fc9034c7a2dce2f488a18f5d14bdbd5670b958f2?s=96&d=mm&r=g","contentUrl":"https:\/\/secure.gravatar.com\/avatar\/d05145057cef622e1a6f4578fc9034c7a2dce2f488a18f5d14bdbd5670b958f2?s=96&d=mm&r=g","caption":"gallmullat"}}]}},"_links":{"self":[{"href":"https:\/\/www.cavallcartro.cat\/escoles\/ebm-el-gall-mullat\/wp-json\/wp\/v2\/posts\/2673","targetHints":{"allow":["GET"]}}],"collection":[{"href":"https:\/\/www.cavallcartro.cat\/escoles\/ebm-el-gall-mullat\/wp-json\/wp\/v2\/posts"}],"about":[{"href":"https:\/\/www.cavallcartro.cat\/escoles\/ebm-el-gall-mullat\/wp-json\/wp\/v2\/types\/post"}],"author":[{"embeddable":true,"href":"https:\/\/www.cavallcartro.cat\/escoles\/ebm-el-gall-mullat\/wp-json\/wp\/v2\/users\/24"}],"replies":[{"embeddable":true,"href":"https:\/\/www.cavallcartro.cat\/escoles\/ebm-el-gall-mullat\/wp-json\/wp\/v2\/comments?post=2673"}],"version-history":[{"count":1,"href":"https:\/\/www.cavallcartro.cat\/escoles\/ebm-el-gall-mullat\/wp-json\/wp\/v2\/posts\/2673\/revisions"}],"predecessor-version":[{"id":2675,"href":"https:\/\/www.cavallcartro.cat\/escoles\/ebm-el-gall-mullat\/wp-json\/wp\/v2\/posts\/2673\/revisions\/2675"}],"wp:attachment":[{"href":"https:\/\/www.cavallcartro.cat\/escoles\/ebm-el-gall-mullat\/wp-json\/wp\/v2\/media?parent=2673"}],"wp:term":[{"taxonomy":"category","embeddable":true,"href":"https:\/\/www.cavallcartro.cat\/escoles\/ebm-el-gall-mullat\/wp-json\/wp\/v2\/categories?post=2673"},{"taxonomy":"post_tag","embeddable":true,"href":"https:\/\/www.cavallcartro.cat\/escoles\/ebm-el-gall-mullat\/wp-json\/wp\/v2\/tags?post=2673"}],"curies":[{"name":"wp","href":"https:\/\/api.w.org\/{rel}","templated":true}]}}