{"id":2628,"date":"2020-03-19T13:06:40","date_gmt":"2020-03-19T13:06:40","guid":{"rendered":"http:\/\/www.cavallcartro.cat\/escoles\/ebm-el-gall-mullat\/?p=2628"},"modified":"2020-03-20T09:19:49","modified_gmt":"2020-03-20T09:19:49","slug":"latelier","status":"publish","type":"post","link":"https:\/\/www.cavallcartro.cat\/escoles\/ebm-el-gall-mullat\/2020\/03\/19\/latelier\/","title":{"rendered":"NOU ESPAI: L&#8217;Atelier"},"content":{"rendered":"<p><span style=\"font-weight: 400\">L\u2019atelier o taller, \u00e9s el lloc on treballa un artista pl\u00e0stic. A l\u2019atelier de la nostra escola volem donar cabuda a les expressions art\u00edstiques dels infants. En aquest espai les propostes van dirigides a:\u00a0 l\u2019exploraci\u00f3, manipulaci\u00f3 i observaci\u00f3 lliure dels infants.<\/span><\/p>\n<p><span style=\"font-weight: 400\">Per una banda,\u00a0 els diversos materials pl\u00e0stics com el fang, la pintura, la plastilina &#8230; afavoreixen\u00a0 la lliure expressi\u00f3 del llenguatge pl\u00e0stic.<\/span><\/p>\n<p><span style=\"font-weight: 400\">Per una altra banda, hi han dos espais espec\u00edfics d\u2019experimentaci\u00f3 amb materials i estris concrets: la taula d\u2019experimentaci\u00f3 i l\u2019obrador de sorra. Els dos afavoreixen la manipulaci\u00f3 i\u00a0 observaci\u00f3, encara que l\u2019obrador de sorra \u00e9s molt m\u00e9s espec\u00edfic, doncs, es centra en la manipulaci\u00f3 de sorra en un espai molt concret i amb uns estris espec\u00edfics com: coladors, capsetes, recipients variats, cullerots, embuts&#8230;\u00a0 A la taula d\u2019experimentaci\u00f3 es proposen elements de diversa proced\u00e8ncia com : elements de la natura o d\u2019altres de rebuig (taps, cintes, capsules&#8230;).<\/span><\/p>\n\n","protected":false},"excerpt":{"rendered":"<p>L\u2019atelier o taller, \u00e9s el lloc on treballa un artista pl\u00e0stic. A l\u2019atelier de la nostra escola volem donar cabuda a les expressions art\u00edstiques dels infants. En aquest espai les propostes van dirigides a:\u00a0 l\u2019exploraci\u00f3, manipulaci\u00f3 i observaci\u00f3 lliure dels infants. Per una banda,\u00a0 els diversos materials pl\u00e0stics com el [&hellip;]<\/p>\n","protected":false},"author":24,"featured_media":0,"comment_status":"closed","ping_status":"closed","sticky":false,"template":"","format":"standard","meta":{"footnotes":""},"categories":[1],"tags":[],"class_list":["post-2628","post","type-post","status-publish","format-standard","hentry","category-sin-categoria"],"yoast_head":"<!-- This site is optimized with the Yoast SEO plugin v27.5 - https:\/\/yoast.com\/product\/yoast-seo-wordpress\/ -->\n<title>NOU ESPAI: L&#039;Atelier - EBM EL GALL MULLAT. Escola bressol municipal de Piera<\/title>\n<meta name=\"robots\" content=\"index, follow, max-snippet:-1, max-image-preview:large, max-video-preview:-1\" \/>\n<link rel=\"canonical\" href=\"https:\/\/www.cavallcartro.cat\/escoles\/ebm-el-gall-mullat\/2020\/03\/19\/latelier\/\" \/>\n<meta property=\"og:locale\" content=\"ca_ES\" \/>\n<meta property=\"og:type\" content=\"article\" \/>\n<meta property=\"og:title\" content=\"NOU ESPAI: L&#039;Atelier - EBM EL GALL MULLAT. Escola bressol municipal de Piera\" \/>\n<meta property=\"og:description\" content=\"L\u2019atelier o taller, \u00e9s el lloc on treballa un artista pl\u00e0stic. A l\u2019atelier de la nostra escola volem donar cabuda a les expressions art\u00edstiques dels infants. En aquest espai les propostes van dirigides a:\u00a0 l\u2019exploraci\u00f3, manipulaci\u00f3 i observaci\u00f3 lliure dels infants. Per una banda,\u00a0 els diversos materials pl\u00e0stics com el [&hellip;]\" \/>\n<meta property=\"og:url\" content=\"https:\/\/www.cavallcartro.cat\/escoles\/ebm-el-gall-mullat\/2020\/03\/19\/latelier\/\" \/>\n<meta property=\"og:site_name\" content=\"EBM EL GALL MULLAT. Escola bressol municipal de Piera\" \/>\n<meta property=\"article:publisher\" content=\"https:\/\/facebook.com\/cavallcartroedu\" \/>\n<meta property=\"article:published_time\" content=\"2020-03-19T13:06:40+00:00\" \/>\n<meta property=\"article:modified_time\" content=\"2020-03-20T09:19:49+00:00\" \/>\n<meta name=\"author\" content=\"gallmullat\" \/>\n<meta name=\"twitter:card\" content=\"summary_large_image\" \/>\n<meta name=\"twitter:creator\" content=\"@cavallcartroedu\" \/>\n<meta name=\"twitter:site\" content=\"@cavallcartroedu\" \/>\n<meta name=\"twitter:label1\" content=\"Escrit per\" \/>\n\t<meta name=\"twitter:data1\" content=\"gallmullat\" \/>\n\t<meta name=\"twitter:label2\" content=\"Temps estimat de lectura\" \/>\n\t<meta name=\"twitter:data2\" content=\"1 minut\" \/>\n<script type=\"application\/ld+json\" class=\"yoast-schema-graph\">{\"@context\":\"https:\\\/\\\/schema.org\",\"@graph\":[{\"@type\":\"Article\",\"@id\":\"https:\\\/\\\/www.cavallcartro.cat\\\/escoles\\\/ebm-el-gall-mullat\\\/2020\\\/03\\\/19\\\/latelier\\\/#article\",\"isPartOf\":{\"@id\":\"https:\\\/\\\/www.cavallcartro.cat\\\/escoles\\\/ebm-el-gall-mullat\\\/2020\\\/03\\\/19\\\/latelier\\\/\"},\"author\":{\"name\":\"gallmullat\",\"@id\":\"https:\\\/\\\/www.cavallcartro.cat\\\/escoles\\\/ebm-el-gall-mullat\\\/#\\\/schema\\\/person\\\/48406655b7bec46062aefe7a67f25d03\"},\"headline\":\"NOU ESPAI: L&#8217;Atelier\",\"datePublished\":\"2020-03-19T13:06:40+00:00\",\"dateModified\":\"2020-03-20T09:19:49+00:00\",\"mainEntityOfPage\":{\"@id\":\"https:\\\/\\\/www.cavallcartro.cat\\\/escoles\\\/ebm-el-gall-mullat\\\/2020\\\/03\\\/19\\\/latelier\\\/\"},\"wordCount\":174,\"publisher\":{\"@id\":\"https:\\\/\\\/www.cavallcartro.cat\\\/escoles\\\/ebm-el-gall-mullat\\\/#organization\"},\"articleSection\":[\"Sin categor\u00eda\"],\"inLanguage\":\"ca\"},{\"@type\":\"WebPage\",\"@id\":\"https:\\\/\\\/www.cavallcartro.cat\\\/escoles\\\/ebm-el-gall-mullat\\\/2020\\\/03\\\/19\\\/latelier\\\/\",\"url\":\"https:\\\/\\\/www.cavallcartro.cat\\\/escoles\\\/ebm-el-gall-mullat\\\/2020\\\/03\\\/19\\\/latelier\\\/\",\"name\":\"NOU ESPAI: L'Atelier - EBM EL GALL MULLAT. Escola bressol municipal de Piera\",\"isPartOf\":{\"@id\":\"https:\\\/\\\/www.cavallcartro.cat\\\/escoles\\\/ebm-el-gall-mullat\\\/#website\"},\"datePublished\":\"2020-03-19T13:06:40+00:00\",\"dateModified\":\"2020-03-20T09:19:49+00:00\",\"breadcrumb\":{\"@id\":\"https:\\\/\\\/www.cavallcartro.cat\\\/escoles\\\/ebm-el-gall-mullat\\\/2020\\\/03\\\/19\\\/latelier\\\/#breadcrumb\"},\"inLanguage\":\"ca\",\"potentialAction\":[{\"@type\":\"ReadAction\",\"target\":[\"https:\\\/\\\/www.cavallcartro.cat\\\/escoles\\\/ebm-el-gall-mullat\\\/2020\\\/03\\\/19\\\/latelier\\\/\"]}]},{\"@type\":\"BreadcrumbList\",\"@id\":\"https:\\\/\\\/www.cavallcartro.cat\\\/escoles\\\/ebm-el-gall-mullat\\\/2020\\\/03\\\/19\\\/latelier\\\/#breadcrumb\",\"itemListElement\":[{\"@type\":\"ListItem\",\"position\":1,\"name\":\"Portada\",\"item\":\"https:\\\/\\\/www.cavallcartro.cat\\\/escoles\\\/ebm-el-gall-mullat\\\/\"},{\"@type\":\"ListItem\",\"position\":2,\"name\":\"NOU ESPAI: L&#8217;Atelier\"}]},{\"@type\":\"WebSite\",\"@id\":\"https:\\\/\\\/www.cavallcartro.cat\\\/escoles\\\/ebm-el-gall-mullat\\\/#website\",\"url\":\"https:\\\/\\\/www.cavallcartro.cat\\\/escoles\\\/ebm-el-gall-mullat\\\/\",\"name\":\"EBM EL GALL MULLAT. Escola bressol municipal de Piera\",\"description\":\"L&#039;escola bressol municipal de Piera, situada al parc del Gall Mullat, fomenta un tracte personalitzat que s\u2019adeq\u00fci al ritme evolutiu i a les capacitats de cada infant. Gestionada per Cavall de Cartr\u00f3.\",\"publisher\":{\"@id\":\"https:\\\/\\\/www.cavallcartro.cat\\\/escoles\\\/ebm-el-gall-mullat\\\/#organization\"},\"potentialAction\":[{\"@type\":\"SearchAction\",\"target\":{\"@type\":\"EntryPoint\",\"urlTemplate\":\"https:\\\/\\\/www.cavallcartro.cat\\\/escoles\\\/ebm-el-gall-mullat\\\/?s={search_term_string}\"},\"query-input\":{\"@type\":\"PropertyValueSpecification\",\"valueRequired\":true,\"valueName\":\"search_term_string\"}}],\"inLanguage\":\"ca\"},{\"@type\":\"Organization\",\"@id\":\"https:\\\/\\\/www.cavallcartro.cat\\\/escoles\\\/ebm-el-gall-mullat\\\/#organization\",\"name\":\"EBM EL GALL MULLAT. Escola bressol municipal de Piera\",\"url\":\"https:\\\/\\\/www.cavallcartro.cat\\\/escoles\\\/ebm-el-gall-mullat\\\/\",\"logo\":{\"@type\":\"ImageObject\",\"inLanguage\":\"ca\",\"@id\":\"https:\\\/\\\/www.cavallcartro.cat\\\/escoles\\\/ebm-el-gall-mullat\\\/#\\\/schema\\\/logo\\\/image\\\/\",\"url\":\"https:\\\/\\\/www.cavallcartro.cat\\\/escoles\\\/ebm-el-gall-mullat\\\/wp-content\\\/uploads\\\/sites\\\/5\\\/2019\\\/10\\\/cropped-Escola-Bressol-Gall-Mullat-Piera.jpg\",\"contentUrl\":\"https:\\\/\\\/www.cavallcartro.cat\\\/escoles\\\/ebm-el-gall-mullat\\\/wp-content\\\/uploads\\\/sites\\\/5\\\/2019\\\/10\\\/cropped-Escola-Bressol-Gall-Mullat-Piera.jpg\",\"width\":512,\"height\":512,\"caption\":\"EBM EL GALL MULLAT. Escola bressol municipal de Piera\"},\"image\":{\"@id\":\"https:\\\/\\\/www.cavallcartro.cat\\\/escoles\\\/ebm-el-gall-mullat\\\/#\\\/schema\\\/logo\\\/image\\\/\"},\"sameAs\":[\"https:\\\/\\\/facebook.com\\\/cavallcartroedu\",\"https:\\\/\\\/x.com\\\/cavallcartroedu\"]},{\"@type\":\"Person\",\"@id\":\"https:\\\/\\\/www.cavallcartro.cat\\\/escoles\\\/ebm-el-gall-mullat\\\/#\\\/schema\\\/person\\\/48406655b7bec46062aefe7a67f25d03\",\"name\":\"gallmullat\",\"image\":{\"@type\":\"ImageObject\",\"inLanguage\":\"ca\",\"@id\":\"https:\\\/\\\/secure.gravatar.com\\\/avatar\\\/d05145057cef622e1a6f4578fc9034c7a2dce2f488a18f5d14bdbd5670b958f2?s=96&d=mm&r=g\",\"url\":\"https:\\\/\\\/secure.gravatar.com\\\/avatar\\\/d05145057cef622e1a6f4578fc9034c7a2dce2f488a18f5d14bdbd5670b958f2?s=96&d=mm&r=g\",\"contentUrl\":\"https:\\\/\\\/secure.gravatar.com\\\/avatar\\\/d05145057cef622e1a6f4578fc9034c7a2dce2f488a18f5d14bdbd5670b958f2?s=96&d=mm&r=g\",\"caption\":\"gallmullat\"}}]}<\/script>\n<!-- \/ Yoast SEO plugin. -->","yoast_head_json":{"title":"NOU ESPAI: L'Atelier - EBM EL GALL MULLAT. Escola bressol municipal de Piera","robots":{"index":"index","follow":"follow","max-snippet":"max-snippet:-1","max-image-preview":"max-image-preview:large","max-video-preview":"max-video-preview:-1"},"canonical":"https:\/\/www.cavallcartro.cat\/escoles\/ebm-el-gall-mullat\/2020\/03\/19\/latelier\/","og_locale":"ca_ES","og_type":"article","og_title":"NOU ESPAI: L'Atelier - EBM EL GALL MULLAT. Escola bressol municipal de Piera","og_description":"L\u2019atelier o taller, \u00e9s el lloc on treballa un artista pl\u00e0stic. A l\u2019atelier de la nostra escola volem donar cabuda a les expressions art\u00edstiques dels infants. En aquest espai les propostes van dirigides a:\u00a0 l\u2019exploraci\u00f3, manipulaci\u00f3 i observaci\u00f3 lliure dels infants. Per una banda,\u00a0 els diversos materials pl\u00e0stics com el [&hellip;]","og_url":"https:\/\/www.cavallcartro.cat\/escoles\/ebm-el-gall-mullat\/2020\/03\/19\/latelier\/","og_site_name":"EBM EL GALL MULLAT. Escola bressol municipal de Piera","article_publisher":"https:\/\/facebook.com\/cavallcartroedu","article_published_time":"2020-03-19T13:06:40+00:00","article_modified_time":"2020-03-20T09:19:49+00:00","author":"gallmullat","twitter_card":"summary_large_image","twitter_creator":"@cavallcartroedu","twitter_site":"@cavallcartroedu","twitter_misc":{"Escrit per":"gallmullat","Temps estimat de lectura":"1 minut"},"schema":{"@context":"https:\/\/schema.org","@graph":[{"@type":"Article","@id":"https:\/\/www.cavallcartro.cat\/escoles\/ebm-el-gall-mullat\/2020\/03\/19\/latelier\/#article","isPartOf":{"@id":"https:\/\/www.cavallcartro.cat\/escoles\/ebm-el-gall-mullat\/2020\/03\/19\/latelier\/"},"author":{"name":"gallmullat","@id":"https:\/\/www.cavallcartro.cat\/escoles\/ebm-el-gall-mullat\/#\/schema\/person\/48406655b7bec46062aefe7a67f25d03"},"headline":"NOU ESPAI: L&#8217;Atelier","datePublished":"2020-03-19T13:06:40+00:00","dateModified":"2020-03-20T09:19:49+00:00","mainEntityOfPage":{"@id":"https:\/\/www.cavallcartro.cat\/escoles\/ebm-el-gall-mullat\/2020\/03\/19\/latelier\/"},"wordCount":174,"publisher":{"@id":"https:\/\/www.cavallcartro.cat\/escoles\/ebm-el-gall-mullat\/#organization"},"articleSection":["Sin categor\u00eda"],"inLanguage":"ca"},{"@type":"WebPage","@id":"https:\/\/www.cavallcartro.cat\/escoles\/ebm-el-gall-mullat\/2020\/03\/19\/latelier\/","url":"https:\/\/www.cavallcartro.cat\/escoles\/ebm-el-gall-mullat\/2020\/03\/19\/latelier\/","name":"NOU ESPAI: L'Atelier - EBM EL GALL MULLAT. Escola bressol municipal de Piera","isPartOf":{"@id":"https:\/\/www.cavallcartro.cat\/escoles\/ebm-el-gall-mullat\/#website"},"datePublished":"2020-03-19T13:06:40+00:00","dateModified":"2020-03-20T09:19:49+00:00","breadcrumb":{"@id":"https:\/\/www.cavallcartro.cat\/escoles\/ebm-el-gall-mullat\/2020\/03\/19\/latelier\/#breadcrumb"},"inLanguage":"ca","potentialAction":[{"@type":"ReadAction","target":["https:\/\/www.cavallcartro.cat\/escoles\/ebm-el-gall-mullat\/2020\/03\/19\/latelier\/"]}]},{"@type":"BreadcrumbList","@id":"https:\/\/www.cavallcartro.cat\/escoles\/ebm-el-gall-mullat\/2020\/03\/19\/latelier\/#breadcrumb","itemListElement":[{"@type":"ListItem","position":1,"name":"Portada","item":"https:\/\/www.cavallcartro.cat\/escoles\/ebm-el-gall-mullat\/"},{"@type":"ListItem","position":2,"name":"NOU ESPAI: L&#8217;Atelier"}]},{"@type":"WebSite","@id":"https:\/\/www.cavallcartro.cat\/escoles\/ebm-el-gall-mullat\/#website","url":"https:\/\/www.cavallcartro.cat\/escoles\/ebm-el-gall-mullat\/","name":"EBM EL GALL MULLAT. Escola bressol municipal de Piera","description":"L&#039;escola bressol municipal de Piera, situada al parc del Gall Mullat, fomenta un tracte personalitzat que s\u2019adeq\u00fci al ritme evolutiu i a les capacitats de cada infant. Gestionada per Cavall de Cartr\u00f3.","publisher":{"@id":"https:\/\/www.cavallcartro.cat\/escoles\/ebm-el-gall-mullat\/#organization"},"potentialAction":[{"@type":"SearchAction","target":{"@type":"EntryPoint","urlTemplate":"https:\/\/www.cavallcartro.cat\/escoles\/ebm-el-gall-mullat\/?s={search_term_string}"},"query-input":{"@type":"PropertyValueSpecification","valueRequired":true,"valueName":"search_term_string"}}],"inLanguage":"ca"},{"@type":"Organization","@id":"https:\/\/www.cavallcartro.cat\/escoles\/ebm-el-gall-mullat\/#organization","name":"EBM EL GALL MULLAT. Escola bressol municipal de Piera","url":"https:\/\/www.cavallcartro.cat\/escoles\/ebm-el-gall-mullat\/","logo":{"@type":"ImageObject","inLanguage":"ca","@id":"https:\/\/www.cavallcartro.cat\/escoles\/ebm-el-gall-mullat\/#\/schema\/logo\/image\/","url":"https:\/\/www.cavallcartro.cat\/escoles\/ebm-el-gall-mullat\/wp-content\/uploads\/sites\/5\/2019\/10\/cropped-Escola-Bressol-Gall-Mullat-Piera.jpg","contentUrl":"https:\/\/www.cavallcartro.cat\/escoles\/ebm-el-gall-mullat\/wp-content\/uploads\/sites\/5\/2019\/10\/cropped-Escola-Bressol-Gall-Mullat-Piera.jpg","width":512,"height":512,"caption":"EBM EL GALL MULLAT. Escola bressol municipal de Piera"},"image":{"@id":"https:\/\/www.cavallcartro.cat\/escoles\/ebm-el-gall-mullat\/#\/schema\/logo\/image\/"},"sameAs":["https:\/\/facebook.com\/cavallcartroedu","https:\/\/x.com\/cavallcartroedu"]},{"@type":"Person","@id":"https:\/\/www.cavallcartro.cat\/escoles\/ebm-el-gall-mullat\/#\/schema\/person\/48406655b7bec46062aefe7a67f25d03","name":"gallmullat","image":{"@type":"ImageObject","inLanguage":"ca","@id":"https:\/\/secure.gravatar.com\/avatar\/d05145057cef622e1a6f4578fc9034c7a2dce2f488a18f5d14bdbd5670b958f2?s=96&d=mm&r=g","url":"https:\/\/secure.gravatar.com\/avatar\/d05145057cef622e1a6f4578fc9034c7a2dce2f488a18f5d14bdbd5670b958f2?s=96&d=mm&r=g","contentUrl":"https:\/\/secure.gravatar.com\/avatar\/d05145057cef622e1a6f4578fc9034c7a2dce2f488a18f5d14bdbd5670b958f2?s=96&d=mm&r=g","caption":"gallmullat"}}]}},"_links":{"self":[{"href":"https:\/\/www.cavallcartro.cat\/escoles\/ebm-el-gall-mullat\/wp-json\/wp\/v2\/posts\/2628","targetHints":{"allow":["GET"]}}],"collection":[{"href":"https:\/\/www.cavallcartro.cat\/escoles\/ebm-el-gall-mullat\/wp-json\/wp\/v2\/posts"}],"about":[{"href":"https:\/\/www.cavallcartro.cat\/escoles\/ebm-el-gall-mullat\/wp-json\/wp\/v2\/types\/post"}],"author":[{"embeddable":true,"href":"https:\/\/www.cavallcartro.cat\/escoles\/ebm-el-gall-mullat\/wp-json\/wp\/v2\/users\/24"}],"replies":[{"embeddable":true,"href":"https:\/\/www.cavallcartro.cat\/escoles\/ebm-el-gall-mullat\/wp-json\/wp\/v2\/comments?post=2628"}],"version-history":[{"count":6,"href":"https:\/\/www.cavallcartro.cat\/escoles\/ebm-el-gall-mullat\/wp-json\/wp\/v2\/posts\/2628\/revisions"}],"predecessor-version":[{"id":2647,"href":"https:\/\/www.cavallcartro.cat\/escoles\/ebm-el-gall-mullat\/wp-json\/wp\/v2\/posts\/2628\/revisions\/2647"}],"wp:attachment":[{"href":"https:\/\/www.cavallcartro.cat\/escoles\/ebm-el-gall-mullat\/wp-json\/wp\/v2\/media?parent=2628"}],"wp:term":[{"taxonomy":"category","embeddable":true,"href":"https:\/\/www.cavallcartro.cat\/escoles\/ebm-el-gall-mullat\/wp-json\/wp\/v2\/categories?post=2628"},{"taxonomy":"post_tag","embeddable":true,"href":"https:\/\/www.cavallcartro.cat\/escoles\/ebm-el-gall-mullat\/wp-json\/wp\/v2\/tags?post=2628"}],"curies":[{"name":"wp","href":"https:\/\/api.w.org\/{rel}","templated":true}]}}