{"id":6948,"date":"2025-09-08T16:58:47","date_gmt":"2025-09-08T16:58:47","guid":{"rendered":"https:\/\/www.cavallcartro.cat\/empieza-el-nuevo-curso-en-las-escuelas-infantiles-el-proceso-de-familiarizacion"},"modified":"2025-09-09T08:51:42","modified_gmt":"2025-09-09T08:51:42","slug":"empieza-nuevo-curso-escuelas-infantiles-proceso-de-familiarizacion","status":"publish","type":"post","link":"https:\/\/www.cavallcartro.cat\/es\/empieza-nuevo-curso-escuelas-infantiles-proceso-de-familiarizacion","title":{"rendered":"Empieza el nuevo curso en las escuelas infantiles: proceso de familiarizaci\u00f3n"},"content":{"rendered":"<h3>\u00bfSabes qu\u00e9 es el proceso de familiarizaci\u00f3n en las escuelas infantiles? Es b\u00e1sico durante los primeros d\u00edas del nuevo curso.<\/h3>\n<p>Cuando un ni\u00f1o comienza la escuela infantil por primera vez, este se convierte en un momento muy importante, tanto para \u00e9l como para su familia. Tal vez lo viv\u00e1is con ilusi\u00f3n, pero tambi\u00e9n con algo de incertidumbre o nerviosismo. Es completamente normal, ya que esta etapa marca el inicio de un proceso de crecimiento, aprendizaje y socializaci\u00f3n que ser\u00e1 fundamental para el desarrollo futuro de vuestro hijo o hija.<\/p>\n<p>Por este motivo, es clave conocer la funci\u00f3n educativa de la escuela infantil, la importancia del proceso de familiarizaci\u00f3n, y c\u00f3mo este puede <strong>ayudar a que la transici\u00f3n sea m\u00e1s suave<\/strong> y enriquecedora, todo vinculado con el nuevo marco normativo establecido por el <strong>Decreto 21\/2023 de Educaci\u00f3n Infantil de Catalu\u00f1a<\/strong>.<\/p>\n<p>&nbsp;<br \/>\n<div  class=\"swmsc_horizontal_line\" style=\"padding-top:20px;padding-bottom:80px;\">\n                        <span class=\"swmsc_horizontal_line_h_line\" style=\"border-color:#99d01b;\"><\/span><span class=\"swmsc_horizontal_line_icon\"><i class=\"fa fa-compass\" style=\"color:#99d01b;\"><\/i><\/span>\n                    <div class=\"clear\"><\/div>\n                    <\/div>\n<h3 class=\"wp-block-heading\">LA FUNCI\u00d3N EDUCATIVA DE LA ESCUELA INFANTIL<\/h3>\n<p>La escuela infantil no es solo un lugar donde los ni\u00f1os pasan el d\u00eda mientras sus padres y madres trabajan. Es un espacio de crecimiento integral que complementa la tarea educativa de las familias, con un enfoque particular en el <strong>desarrollo emocional, social, cognitivo y motor<\/strong> de los ni\u00f1os y ni\u00f1as.<\/p>\n<p>La escuela infantil fomenta el descubrimiento del mundo a trav\u00e9s del juego, que es la principal herramienta de aprendizaje en esta etapa. A trav\u00e9s del juego, los ni\u00f1os y ni\u00f1as experimentan, exploran, expresan emociones y establecen relaciones con los dem\u00e1s.<\/p>\n<p>La funci\u00f3n educativa tambi\u00e9n implica <strong>estimular su autonom\u00eda<\/strong>, ayud\u00e1ndoles a adquirir habilidades b\u00e1sicas como alimentarse, vestirse o ir al ba\u00f1o, siempre desde la paciencia y el respeto a sus capacidades.<\/p>\n<p>Adem\u00e1s, juega un papel fundamental en la <strong>promoci\u00f3n de la igualdad de oportunidades<\/strong>, ofreciendo un entorno seguro, acogedor e inclusivo donde todos los ni\u00f1os pueden desarrollarse plenamente, independientemente de su condici\u00f3n social, cultural o familiar.<\/p>\n<p>&nbsp;<br \/>\n<div  class=\"swmsc_horizontal_line\" style=\"padding-top:20px;padding-bottom:80px;\">\n                        <span class=\"swmsc_horizontal_line_h_line\" style=\"border-color:#99d01b;\"><\/span><span class=\"swmsc_horizontal_line_icon\"><i class=\"fa fa-compass\" style=\"color:#99d01b;\"><\/i><\/span>\n                    <div class=\"clear\"><\/div>\n                    <\/div>\n<h3 class=\"wp-block-heading\">EL PROCESO DE FAMILIARIZACI\u00d3N: PREPARAR EL CAMINO PARA LA NUEVA ETAPA<\/h3>\n<p>Una de las claves para facilitar la transici\u00f3n hacia la escuela infantil es el proceso de familiarizaci\u00f3n. Se trata de un per\u00edodo en el que se intentan crear v\u00ednculos de confianza entre el ni\u00f1o, su familia y el equipo educativo, de manera que el ni\u00f1o pueda sentirse seguro y c\u00f3modo en este nuevo entorno. La familiarizaci\u00f3n no es solo una adaptaci\u00f3n f\u00edsica, sino tambi\u00e9n emocional y social.<\/p>\n<p><strong>\u00bfC\u00f3mo empezar este proceso?<\/strong><\/p>\n<ul class=\"wp-block-list\">\n<li><strong>Es recomendable que la familia pueda visitar la escuela antes del inicio<\/strong>. Esto permitir\u00e1 que el ni\u00f1o o ni\u00f1a empiece a conocer el espacio, el equipo educativo y los compa\u00f1eros y compa\u00f1eras en un entorno familiar y sin prisas. Algunas escuelas ofrecen visitas guiadas o sesiones de acompa\u00f1amiento, que son muy \u00fatiles para reducir la ansiedad.<\/li>\n<li>Antes de comenzar, pod\u00e9is ayudar a vuestro hijo o hija a <strong>experimentar peque\u00f1as tareas aut\u00f3nomas<\/strong>, como ponerse la chaqueta, coger su objeto favorito o despedirse con un beso. Esto ayuda a construir confianza y autonom\u00eda, aspectos claves en la familiarizaci\u00f3n.<\/li>\n<li><strong>Mantener horarios regulares para dormir, comer y jugar<\/strong>, facilitar\u00e1 que se adapte mejor a la nueva situaci\u00f3n. La previsibilidad proporciona seguridad emocional.<\/li>\n<li><strong>Hablar sobre la escuela, utilizar un lenguaje positivo<\/strong> y explicarle qu\u00e9 pasar\u00e1 ayuda a reducir el miedo y a crear expectativas positivas.<\/li>\n<li>Si es posible, <strong>comenzar con pocas horas e ir aumentando<\/strong> progresivamente el tiempo de estancia, permitiendo que se acostumbre de manera gradual al entorno y a las personas que lo atender\u00e1n.<\/li>\n<li>Durante el per\u00edodo de familiarizaci\u00f3n, es importante que la familia <strong>mantenga una actitud tranquila y de confianza<\/strong>. Los ni\u00f1os y ni\u00f1as son muy sensibles a las emociones de los adultos, y si detectan inseguridad o ansiedad, podr\u00edan sentir la nueva situaci\u00f3n como m\u00e1s abrumadora.<\/li>\n<\/ul>\n<p>&nbsp;<br \/>\n<div  class=\"swmsc_horizontal_line\" style=\"padding-top:20px;padding-bottom:80px;\">\n                        <span class=\"swmsc_horizontal_line_h_line\" style=\"border-color:#99d01b;\"><\/span><span class=\"swmsc_horizontal_line_icon\"><i class=\"fa fa-compass\" style=\"color:#99d01b;\"><\/i><\/span>\n                    <div class=\"clear\"><\/div>\n                    <\/div>\n<h3 class=\"wp-block-heading\">LA IMPORTANCIA DE LA COMUNICACI\u00d3N ENTRE FAMILIA Y ESCUELA<\/h3>\n<p>El proceso de familiarizaci\u00f3n y la propia adaptaci\u00f3n no terminar\u00e1n en los primeros d\u00edas. Es fundamental que haya una <strong>comunicaci\u00f3n abierta y fluida con el equipo educativo<\/strong>. Esto permitir\u00e1 detectar cualquier necesidad especial, duda o preocupaci\u00f3n, y tambi\u00e9n compartir los avances o dificultades de vuestro hijo o hija.<\/p>\n<p>Las escuelas infantiles suelen disponer de reuniones informativas, entrevistas o espacios de di\u00e1logo donde poder expresar c\u00f3mo se encuentra el ni\u00f1o y comentar cualquier aspecto relevante. La colaboraci\u00f3n entre familias y maestros es clave para garantizar una experiencia positiva y enriquecedora.<\/p>\n<p>&nbsp;<br \/>\n<div  class=\"swmsc_horizontal_line\" style=\"padding-top:20px;padding-bottom:80px;\">\n                        <span class=\"swmsc_horizontal_line_h_line\" style=\"border-color:#99d01b;\"><\/span><span class=\"swmsc_horizontal_line_icon\"><i class=\"fa fa-compass\" style=\"color:#99d01b;\"><\/i><\/span>\n                    <div class=\"clear\"><\/div>\n                    <\/div>\n<h3 class=\"wp-block-heading\">LA VINCULACI\u00d3N CON EL NUEVO DECRETO DE EDUCACI\u00d3N INFANTIL 21\/2023<\/h3>\n<p>El Decreto 21\/2023, aprobado recientemente en Catalu\u00f1a, establece el marco legal para la educaci\u00f3n infantil de 0 a 3 a\u00f1os, reconociendo esta etapa como fundamental para el crecimiento del ni\u00f1o. Entre sus principales objetivos est\u00e1 <strong>potenciar un desarrollo integral, respetuoso con los ritmos individuales<\/strong>, y promover la igualdad de oportunidades.<\/p>\n<p>Este nuevo marco normativo refuerza la importancia de la escuela infantil como espacio de primera infancia, donde pueden experimentar, aprender y socializar en un entorno seguro y de calidad. Tambi\u00e9n subraya el papel de las familias como agentes activos en el proceso educativo, fomentando la participaci\u00f3n y la colaboraci\u00f3n con la escuela.<\/p>\n<p>El decreto apuesta por un modelo educativo que <strong>combina la atenci\u00f3n personalizada, el juego libre y estructurado, y la vinculaci\u00f3n con la familia<\/strong>, con el objetivo de favorecer el bienestar del ni\u00f1o y su desarrollo integral. As\u00ed, la colaboraci\u00f3n entre familia y escuela durante el proceso de familiarizaci\u00f3n y en los meses siguientes es m\u00e1s esencial que nunca.<\/p>\n<p>Llevar a vuestro hijo o hija a la escuela infantil por primera vez puede ser un momento cargado de emociones, pero tambi\u00e9n de grandes oportunidades. Su funci\u00f3n educativa est\u00e1 basada en <strong>el juego, la socializaci\u00f3n y el respeto por el ritmo de cada ni\u00f1o<\/strong>, y contribuye a crear una base s\u00f3lida para su futuro educativo y personal.<\/p>\n<p>El proceso de familiarizaci\u00f3n es la mejor manera de prepararos como familia y al ni\u00f1o para esta nueva etapa, ayud\u00e1ndoles a sentirse seguros y confiados en este nuevo entorno. Recordad que esta adaptaci\u00f3n requiere tiempo, paciencia y comunicaci\u00f3n abierta con los y las educadoras.<\/p>\n<p>&nbsp;<br \/>\n<div  class=\"swmsc_horizontal_line\" style=\"padding-top:20px;padding-bottom:80px;\">\n                        <span class=\"swmsc_horizontal_line_h_line\" style=\"border-color:#99d01b;\"><\/span><span class=\"swmsc_horizontal_line_icon\"><i class=\"fa fa-compass\" style=\"color:#99d01b;\"><\/i><\/span>\n                    <div class=\"clear\"><\/div>\n                    <\/div>\n<p>Art\u00edculo publicado antes en <a href=\"https:\/\/diarieducacio.cat\/benvinguts-a-una-nova-etapa-el-proces-de-familiaritzacio-a-lescola-bressol\/\" target=\"_blank\" rel=\"noopener\">Diari de l&#8217;Educaci\u00f3<\/a>.<\/p>\n<div  class=\"swmsc_horizontal_line\" style=\"padding-top:20px;padding-bottom:80px;\">\n                        <span class=\"swmsc_horizontal_line_h_line\" style=\"border-color:#99d01b;\"><\/span><span class=\"swmsc_horizontal_line_icon\"><i class=\"fa fa-compass\" style=\"color:#99d01b;\"><\/i><\/span>\n                    <div class=\"clear\"><\/div>\n                    <\/div>\n<p>Art\u00edculo de <strong>Rosa Garcia Roura<\/strong>, educadora infantil y miembro del equipo de Comunicaci\u00f3n e Innovaci\u00f3n Pedag\u00f3gica de Cavall de Cartr\u00f3.<\/p>\n<div  class=\"swmsc_horizontal_line\" style=\"padding-top:20px;padding-bottom:80px;\">\n                        <span class=\"swmsc_horizontal_line_h_line\" style=\"border-color:#99d01b;\"><\/span><span class=\"swmsc_horizontal_line_icon\"><i class=\"fa fa-compass\" style=\"color:#99d01b;\"><\/i><\/span>\n                    <div class=\"clear\"><\/div>\n                    <\/div>\n<p><iframe style=\"overflow: hidden; width: 1200px; height: 258px;\" width=\"1200\" height=\"240\" frameborder=\"0\" scrolling=\"no\" data-cookieconsent=\"marketing\" data-cookieblock-src=\"\/\/www.facebook.com\/plugins\/likebox.php?href=http%3A%2F%2Fwww.facebook.com%2F354052831640272&amp;width=1200&amp;height=258&amp;show_faces=true&amp;colorscheme=light&amp;stream=false&amp;border_color=%23FFF&amp;header=false\"><\/iframe><\/p>\n","protected":false},"excerpt":{"rendered":"<p>\u00bfQu\u00e9 es el proceso de familiarizaci\u00f3n en las escuelas infantiles? \u00bfQu\u00e9 relaci\u00f3n tiene con el Decreto 21\/2023 de Educaci\u00f3n Infantil de Catalu\u00f1a?<\/p>\n","protected":false},"author":1,"featured_media":6945,"comment_status":"closed","ping_status":"closed","sticky":false,"template":"","format":"standard","meta":{"footnotes":""},"categories":[87],"tags":[232,508,444,316,318],"class_list":["post-6948","post","type-post","status-publish","format-standard","has-post-thumbnail","hentry","category-infancia-es","tag-escuelas-infantiles","tag-familiarizacion","tag-familias","tag-proyecto-educativo","tag-proyecto-psicopedagogico"],"yoast_head":"<!-- This site is optimized with the Yoast SEO plugin v27.4 - https:\/\/yoast.com\/product\/yoast-seo-wordpress\/ -->\n<title>Empieza el nuevo curso en las escuelas infantiles: proceso de familiarizaci\u00f3n<\/title>\n<meta name=\"description\" content=\"\u00bfQu\u00e9 es el proceso de familiarizaci\u00f3n en las escuelas infantiles? \u00bfQu\u00e9 relaci\u00f3n tiene con el Decreto 21\/2023 de Educaci\u00f3n Infantil de Catalu\u00f1a?\" \/>\n<meta name=\"robots\" content=\"index, follow, max-snippet:-1, max-image-preview:large, max-video-preview:-1\" \/>\n<link rel=\"canonical\" href=\"https:\/\/www.cavallcartro.cat\/es\/empieza-nuevo-curso-escuelas-infantiles-proceso-de-familiarizacion\" \/>\n<meta property=\"og:locale\" content=\"es_ES\" \/>\n<meta property=\"og:type\" content=\"article\" \/>\n<meta property=\"og:title\" content=\"Empieza el nuevo curso en las escuelas infantiles: proceso de familiarizaci\u00f3n\" \/>\n<meta property=\"og:description\" content=\"\u00bfQu\u00e9 es el proceso de familiarizaci\u00f3n en las escuelas infantiles? \u00bfQu\u00e9 relaci\u00f3n tiene con el Decreto 21\/2023 de Educaci\u00f3n Infantil de Catalu\u00f1a?\" \/>\n<meta property=\"og:url\" content=\"https:\/\/www.cavallcartro.cat\/es\/empieza-nuevo-curso-escuelas-infantiles-proceso-de-familiarizacion\" \/>\n<meta property=\"og:site_name\" content=\"Cavall de Cartr\u00f3 - Serveis Educatius\" \/>\n<meta property=\"article:publisher\" content=\"https:\/\/www.facebook.com\/cavallcartroedu\" \/>\n<meta property=\"article:published_time\" content=\"2025-09-08T16:58:47+00:00\" \/>\n<meta property=\"article:modified_time\" content=\"2025-09-09T08:51:42+00:00\" \/>\n<meta property=\"og:image\" content=\"https:\/\/www.cavallcartro.cat\/wp-content\/uploads\/2025\/09\/Proces-de-familiaritzacio-a-les-escoles-bressol-i-Decret-21-2023-a-Catalunya.jpg\" \/>\n\t<meta property=\"og:image:width\" content=\"1199\" \/>\n\t<meta property=\"og:image:height\" content=\"600\" \/>\n\t<meta property=\"og:image:type\" content=\"image\/jpeg\" \/>\n<meta name=\"author\" content=\"cgarcia\" \/>\n<meta name=\"twitter:card\" content=\"summary_large_image\" \/>\n<meta name=\"twitter:creator\" content=\"@cavallcartroedu\" \/>\n<meta name=\"twitter:site\" content=\"@cavallcartroedu\" \/>\n<meta name=\"twitter:label1\" content=\"Escrito por\" \/>\n\t<meta name=\"twitter:data1\" content=\"cgarcia\" \/>\n\t<meta name=\"twitter:label2\" content=\"Tiempo de lectura\" \/>\n\t<meta name=\"twitter:data2\" content=\"6 minutos\" \/>\n<script type=\"application\/ld+json\" class=\"yoast-schema-graph\">{\"@context\":\"https:\\\/\\\/schema.org\",\"@graph\":[{\"@type\":\"Article\",\"@id\":\"https:\\\/\\\/www.cavallcartro.cat\\\/es\\\/empieza-nuevo-curso-escuelas-infantiles-proceso-de-familiarizacion#article\",\"isPartOf\":{\"@id\":\"https:\\\/\\\/www.cavallcartro.cat\\\/es\\\/empieza-nuevo-curso-escuelas-infantiles-proceso-de-familiarizacion\"},\"author\":{\"name\":\"cgarcia\",\"@id\":\"https:\\\/\\\/www.cavallcartro.cat\\\/#\\\/schema\\\/person\\\/6747bc1660e32d545ab2b8e5927ea542\"},\"headline\":\"Empieza el nuevo curso en las escuelas infantiles: proceso de familiarizaci\u00f3n\",\"datePublished\":\"2025-09-08T16:58:47+00:00\",\"dateModified\":\"2025-09-09T08:51:42+00:00\",\"mainEntityOfPage\":{\"@id\":\"https:\\\/\\\/www.cavallcartro.cat\\\/es\\\/empieza-nuevo-curso-escuelas-infantiles-proceso-de-familiarizacion\"},\"wordCount\":1264,\"publisher\":{\"@id\":\"https:\\\/\\\/www.cavallcartro.cat\\\/#organization\"},\"image\":{\"@id\":\"https:\\\/\\\/www.cavallcartro.cat\\\/es\\\/empieza-nuevo-curso-escuelas-infantiles-proceso-de-familiarizacion#primaryimage\"},\"thumbnailUrl\":\"https:\\\/\\\/www.cavallcartro.cat\\\/wp-content\\\/uploads\\\/2025\\\/09\\\/Proces-de-familiaritzacio-a-les-escoles-bressol-i-Decret-21-2023-a-Catalunya.jpg\",\"keywords\":[\"escuelas infantiles\",\"familiarizaci\u00f3n\",\"familias\",\"proyecto educativo\",\"proyecto psicopedag\u00f3gico\"],\"articleSection\":[\"Infancia\"],\"inLanguage\":\"es\"},{\"@type\":\"WebPage\",\"@id\":\"https:\\\/\\\/www.cavallcartro.cat\\\/es\\\/empieza-nuevo-curso-escuelas-infantiles-proceso-de-familiarizacion\",\"url\":\"https:\\\/\\\/www.cavallcartro.cat\\\/es\\\/empieza-nuevo-curso-escuelas-infantiles-proceso-de-familiarizacion\",\"name\":\"Empieza el nuevo curso en las escuelas infantiles: proceso de familiarizaci\u00f3n\",\"isPartOf\":{\"@id\":\"https:\\\/\\\/www.cavallcartro.cat\\\/#website\"},\"primaryImageOfPage\":{\"@id\":\"https:\\\/\\\/www.cavallcartro.cat\\\/es\\\/empieza-nuevo-curso-escuelas-infantiles-proceso-de-familiarizacion#primaryimage\"},\"image\":{\"@id\":\"https:\\\/\\\/www.cavallcartro.cat\\\/es\\\/empieza-nuevo-curso-escuelas-infantiles-proceso-de-familiarizacion#primaryimage\"},\"thumbnailUrl\":\"https:\\\/\\\/www.cavallcartro.cat\\\/wp-content\\\/uploads\\\/2025\\\/09\\\/Proces-de-familiaritzacio-a-les-escoles-bressol-i-Decret-21-2023-a-Catalunya.jpg\",\"datePublished\":\"2025-09-08T16:58:47+00:00\",\"dateModified\":\"2025-09-09T08:51:42+00:00\",\"description\":\"\u00bfQu\u00e9 es el proceso de familiarizaci\u00f3n en las escuelas infantiles? \u00bfQu\u00e9 relaci\u00f3n tiene con el Decreto 21\\\/2023 de Educaci\u00f3n Infantil de Catalu\u00f1a?\",\"breadcrumb\":{\"@id\":\"https:\\\/\\\/www.cavallcartro.cat\\\/es\\\/empieza-nuevo-curso-escuelas-infantiles-proceso-de-familiarizacion#breadcrumb\"},\"inLanguage\":\"es\",\"potentialAction\":[{\"@type\":\"ReadAction\",\"target\":[\"https:\\\/\\\/www.cavallcartro.cat\\\/es\\\/empieza-nuevo-curso-escuelas-infantiles-proceso-de-familiarizacion\"]}]},{\"@type\":\"ImageObject\",\"inLanguage\":\"es\",\"@id\":\"https:\\\/\\\/www.cavallcartro.cat\\\/es\\\/empieza-nuevo-curso-escuelas-infantiles-proceso-de-familiarizacion#primaryimage\",\"url\":\"https:\\\/\\\/www.cavallcartro.cat\\\/wp-content\\\/uploads\\\/2025\\\/09\\\/Proces-de-familiaritzacio-a-les-escoles-bressol-i-Decret-21-2023-a-Catalunya.jpg\",\"contentUrl\":\"https:\\\/\\\/www.cavallcartro.cat\\\/wp-content\\\/uploads\\\/2025\\\/09\\\/Proces-de-familiaritzacio-a-les-escoles-bressol-i-Decret-21-2023-a-Catalunya.jpg\",\"width\":1199,\"height\":600,\"caption\":\"Proc\u00e9s de familiaritzaci\u00f3 a les escoles bressol i Decret 21-2023 a Catalunya\"},{\"@type\":\"BreadcrumbList\",\"@id\":\"https:\\\/\\\/www.cavallcartro.cat\\\/es\\\/empieza-nuevo-curso-escuelas-infantiles-proceso-de-familiarizacion#breadcrumb\",\"itemListElement\":[{\"@type\":\"ListItem\",\"position\":1,\"name\":\"Portada\",\"item\":\"https:\\\/\\\/www.cavallcartro.cat\\\/es\"},{\"@type\":\"ListItem\",\"position\":2,\"name\":\"Empieza el nuevo curso en las escuelas infantiles: proceso de familiarizaci\u00f3n\"}]},{\"@type\":\"WebSite\",\"@id\":\"https:\\\/\\\/www.cavallcartro.cat\\\/#website\",\"url\":\"https:\\\/\\\/www.cavallcartro.cat\\\/\",\"name\":\"Cavall de Cartr\u00f3\",\"description\":\"Gesti\u00f3 d&#039;escoles bressol i llars d&#039;infants municipals a Barcelona i tota Catalunya.\",\"publisher\":{\"@id\":\"https:\\\/\\\/www.cavallcartro.cat\\\/#organization\"},\"potentialAction\":[{\"@type\":\"SearchAction\",\"target\":{\"@type\":\"EntryPoint\",\"urlTemplate\":\"https:\\\/\\\/www.cavallcartro.cat\\\/?s={search_term_string}\"},\"query-input\":{\"@type\":\"PropertyValueSpecification\",\"valueRequired\":true,\"valueName\":\"search_term_string\"}}],\"inLanguage\":\"es\"},{\"@type\":\"Organization\",\"@id\":\"https:\\\/\\\/www.cavallcartro.cat\\\/#organization\",\"name\":\"Cavall de Cartr\u00f3\",\"url\":\"https:\\\/\\\/www.cavallcartro.cat\\\/\",\"logo\":{\"@type\":\"ImageObject\",\"inLanguage\":\"es\",\"@id\":\"https:\\\/\\\/www.cavallcartro.cat\\\/#\\\/schema\\\/logo\\\/image\\\/\",\"url\":\"https:\\\/\\\/www.cavallcartro.cat\\\/wp-content\\\/uploads\\\/2020\\\/07\\\/Logo-Cavall-de-Cartr\u00f3-gesti\u00f3-escoles-bressol-i-menjadors-escolars-e1596129492304.png\",\"contentUrl\":\"https:\\\/\\\/www.cavallcartro.cat\\\/wp-content\\\/uploads\\\/2020\\\/07\\\/Logo-Cavall-de-Cartr\u00f3-gesti\u00f3-escoles-bressol-i-menjadors-escolars-e1596129492304.png\",\"width\":528,\"height\":274,\"caption\":\"Cavall de Cartr\u00f3\"},\"image\":{\"@id\":\"https:\\\/\\\/www.cavallcartro.cat\\\/#\\\/schema\\\/logo\\\/image\\\/\"},\"sameAs\":[\"https:\\\/\\\/www.facebook.com\\\/cavallcartroedu\",\"https:\\\/\\\/x.com\\\/cavallcartroedu\",\"https:\\\/\\\/www.instagram.com\\\/cavallcartroedu\\\/\",\"https:\\\/\\\/www.youtube.com\\\/@CavalldeCartro\"]},{\"@type\":\"Person\",\"@id\":\"https:\\\/\\\/www.cavallcartro.cat\\\/#\\\/schema\\\/person\\\/6747bc1660e32d545ab2b8e5927ea542\",\"name\":\"cgarcia\",\"image\":{\"@type\":\"ImageObject\",\"inLanguage\":\"es\",\"@id\":\"https:\\\/\\\/secure.gravatar.com\\\/avatar\\\/469990a84f48a39e93ee0d8243415a74ba5692f608ea41afee8cae0e81f99f77?s=96&d=mm&r=g\",\"url\":\"https:\\\/\\\/secure.gravatar.com\\\/avatar\\\/469990a84f48a39e93ee0d8243415a74ba5692f608ea41afee8cae0e81f99f77?s=96&d=mm&r=g\",\"contentUrl\":\"https:\\\/\\\/secure.gravatar.com\\\/avatar\\\/469990a84f48a39e93ee0d8243415a74ba5692f608ea41afee8cae0e81f99f77?s=96&d=mm&r=g\",\"caption\":\"cgarcia\"},\"url\":\"https:\\\/\\\/www.cavallcartro.cat\\\/es\\\/author\\\/cgarcia\"}]}<\/script>\n<!-- \/ Yoast SEO plugin. -->","yoast_head_json":{"title":"Empieza el nuevo curso en las escuelas infantiles: proceso de familiarizaci\u00f3n","description":"\u00bfQu\u00e9 es el proceso de familiarizaci\u00f3n en las escuelas infantiles? \u00bfQu\u00e9 relaci\u00f3n tiene con el Decreto 21\/2023 de Educaci\u00f3n Infantil de Catalu\u00f1a?","robots":{"index":"index","follow":"follow","max-snippet":"max-snippet:-1","max-image-preview":"max-image-preview:large","max-video-preview":"max-video-preview:-1"},"canonical":"https:\/\/www.cavallcartro.cat\/es\/empieza-nuevo-curso-escuelas-infantiles-proceso-de-familiarizacion","og_locale":"es_ES","og_type":"article","og_title":"Empieza el nuevo curso en las escuelas infantiles: proceso de familiarizaci\u00f3n","og_description":"\u00bfQu\u00e9 es el proceso de familiarizaci\u00f3n en las escuelas infantiles? \u00bfQu\u00e9 relaci\u00f3n tiene con el Decreto 21\/2023 de Educaci\u00f3n Infantil de Catalu\u00f1a?","og_url":"https:\/\/www.cavallcartro.cat\/es\/empieza-nuevo-curso-escuelas-infantiles-proceso-de-familiarizacion","og_site_name":"Cavall de Cartr\u00f3 - Serveis Educatius","article_publisher":"https:\/\/www.facebook.com\/cavallcartroedu","article_published_time":"2025-09-08T16:58:47+00:00","article_modified_time":"2025-09-09T08:51:42+00:00","og_image":[{"width":1199,"height":600,"url":"https:\/\/www.cavallcartro.cat\/wp-content\/uploads\/2025\/09\/Proces-de-familiaritzacio-a-les-escoles-bressol-i-Decret-21-2023-a-Catalunya.jpg","type":"image\/jpeg"}],"author":"cgarcia","twitter_card":"summary_large_image","twitter_creator":"@cavallcartroedu","twitter_site":"@cavallcartroedu","twitter_misc":{"Escrito por":"cgarcia","Tiempo de lectura":"6 minutos"},"schema":{"@context":"https:\/\/schema.org","@graph":[{"@type":"Article","@id":"https:\/\/www.cavallcartro.cat\/es\/empieza-nuevo-curso-escuelas-infantiles-proceso-de-familiarizacion#article","isPartOf":{"@id":"https:\/\/www.cavallcartro.cat\/es\/empieza-nuevo-curso-escuelas-infantiles-proceso-de-familiarizacion"},"author":{"name":"cgarcia","@id":"https:\/\/www.cavallcartro.cat\/#\/schema\/person\/6747bc1660e32d545ab2b8e5927ea542"},"headline":"Empieza el nuevo curso en las escuelas infantiles: proceso de familiarizaci\u00f3n","datePublished":"2025-09-08T16:58:47+00:00","dateModified":"2025-09-09T08:51:42+00:00","mainEntityOfPage":{"@id":"https:\/\/www.cavallcartro.cat\/es\/empieza-nuevo-curso-escuelas-infantiles-proceso-de-familiarizacion"},"wordCount":1264,"publisher":{"@id":"https:\/\/www.cavallcartro.cat\/#organization"},"image":{"@id":"https:\/\/www.cavallcartro.cat\/es\/empieza-nuevo-curso-escuelas-infantiles-proceso-de-familiarizacion#primaryimage"},"thumbnailUrl":"https:\/\/www.cavallcartro.cat\/wp-content\/uploads\/2025\/09\/Proces-de-familiaritzacio-a-les-escoles-bressol-i-Decret-21-2023-a-Catalunya.jpg","keywords":["escuelas infantiles","familiarizaci\u00f3n","familias","proyecto educativo","proyecto psicopedag\u00f3gico"],"articleSection":["Infancia"],"inLanguage":"es"},{"@type":"WebPage","@id":"https:\/\/www.cavallcartro.cat\/es\/empieza-nuevo-curso-escuelas-infantiles-proceso-de-familiarizacion","url":"https:\/\/www.cavallcartro.cat\/es\/empieza-nuevo-curso-escuelas-infantiles-proceso-de-familiarizacion","name":"Empieza el nuevo curso en las escuelas infantiles: proceso de familiarizaci\u00f3n","isPartOf":{"@id":"https:\/\/www.cavallcartro.cat\/#website"},"primaryImageOfPage":{"@id":"https:\/\/www.cavallcartro.cat\/es\/empieza-nuevo-curso-escuelas-infantiles-proceso-de-familiarizacion#primaryimage"},"image":{"@id":"https:\/\/www.cavallcartro.cat\/es\/empieza-nuevo-curso-escuelas-infantiles-proceso-de-familiarizacion#primaryimage"},"thumbnailUrl":"https:\/\/www.cavallcartro.cat\/wp-content\/uploads\/2025\/09\/Proces-de-familiaritzacio-a-les-escoles-bressol-i-Decret-21-2023-a-Catalunya.jpg","datePublished":"2025-09-08T16:58:47+00:00","dateModified":"2025-09-09T08:51:42+00:00","description":"\u00bfQu\u00e9 es el proceso de familiarizaci\u00f3n en las escuelas infantiles? \u00bfQu\u00e9 relaci\u00f3n tiene con el Decreto 21\/2023 de Educaci\u00f3n Infantil de Catalu\u00f1a?","breadcrumb":{"@id":"https:\/\/www.cavallcartro.cat\/es\/empieza-nuevo-curso-escuelas-infantiles-proceso-de-familiarizacion#breadcrumb"},"inLanguage":"es","potentialAction":[{"@type":"ReadAction","target":["https:\/\/www.cavallcartro.cat\/es\/empieza-nuevo-curso-escuelas-infantiles-proceso-de-familiarizacion"]}]},{"@type":"ImageObject","inLanguage":"es","@id":"https:\/\/www.cavallcartro.cat\/es\/empieza-nuevo-curso-escuelas-infantiles-proceso-de-familiarizacion#primaryimage","url":"https:\/\/www.cavallcartro.cat\/wp-content\/uploads\/2025\/09\/Proces-de-familiaritzacio-a-les-escoles-bressol-i-Decret-21-2023-a-Catalunya.jpg","contentUrl":"https:\/\/www.cavallcartro.cat\/wp-content\/uploads\/2025\/09\/Proces-de-familiaritzacio-a-les-escoles-bressol-i-Decret-21-2023-a-Catalunya.jpg","width":1199,"height":600,"caption":"Proc\u00e9s de familiaritzaci\u00f3 a les escoles bressol i Decret 21-2023 a Catalunya"},{"@type":"BreadcrumbList","@id":"https:\/\/www.cavallcartro.cat\/es\/empieza-nuevo-curso-escuelas-infantiles-proceso-de-familiarizacion#breadcrumb","itemListElement":[{"@type":"ListItem","position":1,"name":"Portada","item":"https:\/\/www.cavallcartro.cat\/es"},{"@type":"ListItem","position":2,"name":"Empieza el nuevo curso en las escuelas infantiles: proceso de familiarizaci\u00f3n"}]},{"@type":"WebSite","@id":"https:\/\/www.cavallcartro.cat\/#website","url":"https:\/\/www.cavallcartro.cat\/","name":"Cavall de Cartr\u00f3","description":"Gesti\u00f3 d&#039;escoles bressol i llars d&#039;infants municipals a Barcelona i tota Catalunya.","publisher":{"@id":"https:\/\/www.cavallcartro.cat\/#organization"},"potentialAction":[{"@type":"SearchAction","target":{"@type":"EntryPoint","urlTemplate":"https:\/\/www.cavallcartro.cat\/?s={search_term_string}"},"query-input":{"@type":"PropertyValueSpecification","valueRequired":true,"valueName":"search_term_string"}}],"inLanguage":"es"},{"@type":"Organization","@id":"https:\/\/www.cavallcartro.cat\/#organization","name":"Cavall de Cartr\u00f3","url":"https:\/\/www.cavallcartro.cat\/","logo":{"@type":"ImageObject","inLanguage":"es","@id":"https:\/\/www.cavallcartro.cat\/#\/schema\/logo\/image\/","url":"https:\/\/www.cavallcartro.cat\/wp-content\/uploads\/2020\/07\/Logo-Cavall-de-Cartr\u00f3-gesti\u00f3-escoles-bressol-i-menjadors-escolars-e1596129492304.png","contentUrl":"https:\/\/www.cavallcartro.cat\/wp-content\/uploads\/2020\/07\/Logo-Cavall-de-Cartr\u00f3-gesti\u00f3-escoles-bressol-i-menjadors-escolars-e1596129492304.png","width":528,"height":274,"caption":"Cavall de Cartr\u00f3"},"image":{"@id":"https:\/\/www.cavallcartro.cat\/#\/schema\/logo\/image\/"},"sameAs":["https:\/\/www.facebook.com\/cavallcartroedu","https:\/\/x.com\/cavallcartroedu","https:\/\/www.instagram.com\/cavallcartroedu\/","https:\/\/www.youtube.com\/@CavalldeCartro"]},{"@type":"Person","@id":"https:\/\/www.cavallcartro.cat\/#\/schema\/person\/6747bc1660e32d545ab2b8e5927ea542","name":"cgarcia","image":{"@type":"ImageObject","inLanguage":"es","@id":"https:\/\/secure.gravatar.com\/avatar\/469990a84f48a39e93ee0d8243415a74ba5692f608ea41afee8cae0e81f99f77?s=96&d=mm&r=g","url":"https:\/\/secure.gravatar.com\/avatar\/469990a84f48a39e93ee0d8243415a74ba5692f608ea41afee8cae0e81f99f77?s=96&d=mm&r=g","contentUrl":"https:\/\/secure.gravatar.com\/avatar\/469990a84f48a39e93ee0d8243415a74ba5692f608ea41afee8cae0e81f99f77?s=96&d=mm&r=g","caption":"cgarcia"},"url":"https:\/\/www.cavallcartro.cat\/es\/author\/cgarcia"}]}},"_links":{"self":[{"href":"https:\/\/www.cavallcartro.cat\/es\/wp-json\/wp\/v2\/posts\/6948","targetHints":{"allow":["GET"]}}],"collection":[{"href":"https:\/\/www.cavallcartro.cat\/es\/wp-json\/wp\/v2\/posts"}],"about":[{"href":"https:\/\/www.cavallcartro.cat\/es\/wp-json\/wp\/v2\/types\/post"}],"author":[{"embeddable":true,"href":"https:\/\/www.cavallcartro.cat\/es\/wp-json\/wp\/v2\/users\/1"}],"replies":[{"embeddable":true,"href":"https:\/\/www.cavallcartro.cat\/es\/wp-json\/wp\/v2\/comments?post=6948"}],"version-history":[{"count":3,"href":"https:\/\/www.cavallcartro.cat\/es\/wp-json\/wp\/v2\/posts\/6948\/revisions"}],"predecessor-version":[{"id":6952,"href":"https:\/\/www.cavallcartro.cat\/es\/wp-json\/wp\/v2\/posts\/6948\/revisions\/6952"}],"wp:featuredmedia":[{"embeddable":true,"href":"https:\/\/www.cavallcartro.cat\/es\/wp-json\/wp\/v2\/media\/6945"}],"wp:attachment":[{"href":"https:\/\/www.cavallcartro.cat\/es\/wp-json\/wp\/v2\/media?parent=6948"}],"wp:term":[{"taxonomy":"category","embeddable":true,"href":"https:\/\/www.cavallcartro.cat\/es\/wp-json\/wp\/v2\/categories?post=6948"},{"taxonomy":"post_tag","embeddable":true,"href":"https:\/\/www.cavallcartro.cat\/es\/wp-json\/wp\/v2\/tags?post=6948"}],"curies":[{"name":"wp","href":"https:\/\/api.w.org\/{rel}","templated":true}]}}