{"id":6934,"date":"2025-07-26T21:08:02","date_gmt":"2025-07-26T21:08:02","guid":{"rendered":"https:\/\/www.cavallcartro.cat\/consejos-para-disfrutar-del-verano-con-ninos-guia-para-familias"},"modified":"2025-07-26T21:13:40","modified_gmt":"2025-07-26T21:13:40","slug":"consejos-para-disfrutar-del-verano-con-ninos-guia-para-familias","status":"publish","type":"post","link":"https:\/\/www.cavallcartro.cat\/es\/consejos-para-disfrutar-del-verano-con-ninos-guia-para-familias","title":{"rendered":"Consejos para disfrutar del verano con ni\u00f1os: gu\u00eda para familias"},"content":{"rendered":"<p>Os compartimos una gu\u00eda para familias con consejos \u00fatiles para aprovechar las vacaciones con los ni\u00f1os y ni\u00f1as.<\/p>\n<p>La llegada del verano a menudo evoca im\u00e1genes de d\u00edas largos, sol radiante y momentos de desconexi\u00f3n.<\/p>\n<p>Para las familias con ni\u00f1os, esta estaci\u00f3n puede ser una oportunidad maravillosa para <strong>fortalecer v\u00ednculos y fomentar el desarrollo a trav\u00e9s de nuevas experiencias<\/strong>, pero tambi\u00e9n plantea retos espec\u00edficos que requieren una planificaci\u00f3n cuidadosa y una adaptaci\u00f3n a las necesidades de los m\u00e1s peque\u00f1os basada en el equilibrio, la seguridad y la creatividad.<\/p>\n<p>&nbsp;<\/p>\n<div  class=\"swmsc_horizontal_line\" style=\"padding-top:20px;padding-bottom:80px;\">\n                        <span class=\"swmsc_horizontal_line_h_line\" style=\"border-color:#99d01b;\"><\/span><span class=\"swmsc_horizontal_line_icon\"><i class=\"fa fa-compass\" style=\"color:#99d01b;\"><\/i><\/span>\n                    <div class=\"clear\"><\/div>\n                    <\/div>\n<h3>PRIORIDAD ABSOLUTA: LA SEGURIDAD Y EL BIENESTAR F\u00cdSICO<\/h3>\n<p>La seguridad es el pilar fundamental de cualquier actividad con ni\u00f1os. Su piel delicada es extremadamente sensible al sol y a las altas temperaturas.<\/p>\n<ul class=\"wp-block-list\">\n<li><strong>Protecci\u00f3n solar:<\/strong> limitad la exposici\u00f3n directa al sol, especialmente durante las horas punta (entre las 12 h y las 17 h). Utilizad protector solar de amplio espectro con un SPF alto (m\u00ednimo 30) y espec\u00edfico para ni\u00f1os, aplic\u00e1ndolo generosamente cada dos horas, o m\u00e1s a menudo si sudan o se ba\u00f1an. Los sombreros de ala ancha y la ropa de protecci\u00f3n UV son indispensables. Recordad que los beb\u00e9s de menos de 6 meses no deber\u00edan exponerse directamente al sol; su protecci\u00f3n debe basarse en la sombra y la ropa.<\/li>\n<li><strong>Hidrataci\u00f3n constante:<\/strong> la deshidrataci\u00f3n es un riesgo real en verano. Durante el per\u00edodo de lactancia materna exclusiva, esta proporciona toda la hidrataci\u00f3n necesaria. Para el resto deb\u00e9is aseguraros de que beban agua regularmente a lo largo del d\u00eda, especialmente cuando est\u00e1n activos o expuestos al calor, incluso si no tienen sensaci\u00f3n de sed. Vigilad los signos de deshidrataci\u00f3n: menos orina, boca seca o letargo.<\/li>\n<li><strong>Termorregulaci\u00f3n y golpe de calor:<\/strong> mantened a los ni\u00f1os en ambientes frescos y bien ventilados. Los cochecitos con fundas gruesas pueden atrapar el calor; optad por opciones transpirables. Nunca dej\u00e9is a un ni\u00f1o solo en un veh\u00edculo, ni siquiera por un minuto, ya que la temperatura interior puede aumentar dr\u00e1sticamente en poco tiempo, provocando un golpe de calor mortal.<\/li>\n<li><strong>Seguridad en el agua:<\/strong> si vais a piscinas o playas, la supervisi\u00f3n constante y sin interrupciones es obligatoria. Los ahogamientos pueden ocurrir en cuesti\u00f3n de segundos y en pocos cent\u00edmetros de agua. Los flotadores y chalecos solo son ayudas, no sustituyen la vigilancia de un adulto.<\/li>\n<\/ul>\n<p>&nbsp;<\/p>\n<div  class=\"swmsc_horizontal_line\" style=\"padding-top:20px;padding-bottom:80px;\">\n                        <span class=\"swmsc_horizontal_line_h_line\" style=\"border-color:#99d01b;\"><\/span><span class=\"swmsc_horizontal_line_icon\"><i class=\"fa fa-compass\" style=\"color:#99d01b;\"><\/i><\/span>\n                    <div class=\"clear\"><\/div>\n                    <\/div>\n<h3>MANTENER RUTINAS Y ADAPTAR HORARIOS<\/h3>\n<p>Aunque esta \u00e9poca del a\u00f1o invita a la flexibilidad, la rutina es crucial para el bienestar emocional de los ni\u00f1os. Proporciona seguridad, previsibilidad y ayuda a regular su sue\u00f1o y alimentaci\u00f3n.<\/p>\n<ul class=\"wp-block-list\">\n<li><strong>Horarios flexibles, pero constantes:<\/strong> intentad mantener unos horarios de sue\u00f1o y comidas similares a los de todo el a\u00f1o, aunque con cierta flexibilidad para disfrutar de las tardes o noches. Quiz\u00e1s las comidas se desplacen un poco o las siestas sean m\u00e1s cortas, pero que se sigan manteniendo es muy importante.<\/li>\n<li><strong>Sue\u00f1o de calidad:<\/strong> las noches de verano pueden ser m\u00e1s calurosas. Aseguraos de que la habitaci\u00f3n est\u00e9 fresca y oscura. Un ba\u00f1o de agua tibia antes de ir a dormir puede ayudar a relajarlos. Los viajes pueden alterar el sue\u00f1o; intentad reproducir las condiciones de su entorno habitual de sue\u00f1o tanto como sea posible.<\/li>\n<\/ul>\n<p>&nbsp;<\/p>\n<div  class=\"swmsc_horizontal_line\" style=\"padding-top:20px;padding-bottom:80px;\">\n                        <span class=\"swmsc_horizontal_line_h_line\" style=\"border-color:#99d01b;\"><\/span><span class=\"swmsc_horizontal_line_icon\"><i class=\"fa fa-compass\" style=\"color:#99d01b;\"><\/i><\/span>\n                    <div class=\"clear\"><\/div>\n                    <\/div>\n<h3>FOMENTAR EL DESARROLLO A TRAV\u00c9S DEL JUEGO Y LA EXPLORACI\u00d3N<\/h3>\n<p>El verano es una \u00e9poca excelente para estimular el desarrollo sensorial y motor de los ni\u00f1os y ni\u00f1as.<\/p>\n<ul class=\"wp-block-list\">\n<li><strong>Juego al aire libre:<\/strong> el contacto con la naturaleza es fundamental. Los parques, bosques o jardines ofrecen un entorno rico para la exploraci\u00f3n. Dejadles gatear o caminar sobre diferentes texturas (hierba, arena, tierra), tocar hojas, sentir la brisa. Esta interacci\u00f3n con el entorno natural estimula los sentidos y la curiosidad.<\/li>\n<li><strong>Juegos de agua seguros:<\/strong> una peque\u00f1a piscina hinchable (con poca agua y supervisi\u00f3n constante), una manguera suave o cubos de agua pueden proporcionar horas de diversi\u00f3n y aprendizaje sensorial. El agua es un elemento fascinante que permite la experimentaci\u00f3n con la flotabilidad, la temperatura y las texturas.<\/li>\n<li><strong>Creatividad y materiales naturales:<\/strong> recoged ramas, piedras, hojas o conchas (asegur\u00e1ndoos de que no haya peligros de atragantamiento) e invitadles a jugar con ellos. La creaci\u00f3n de un \u201crinc\u00f3n de materiales naturales\u201d puede potenciar su imaginaci\u00f3n y su motricidad fina.<\/li>\n<li><strong>Cuentos y m\u00fasica:<\/strong> no olvid\u00e9is el poder de los cuentos y la m\u00fasica. Son actividades que se pueden hacer en cualquier lugar y en cualquier momento, fomentando el lenguaje, la imaginaci\u00f3n y el v\u00ednculo afectivo.<\/li>\n<\/ul>\n<p>&nbsp;<\/p>\n<div  class=\"swmsc_horizontal_line\" style=\"padding-top:20px;padding-bottom:80px;\">\n                        <span class=\"swmsc_horizontal_line_h_line\" style=\"border-color:#99d01b;\"><\/span><span class=\"swmsc_horizontal_line_icon\"><i class=\"fa fa-compass\" style=\"color:#99d01b;\"><\/i><\/span>\n                    <div class=\"clear\"><\/div>\n                    <\/div>\n<h3>GESTI\u00d3N DE EXPECTATIVAS Y ACCIONES PARA MANTENER LA SALUD Y EL BIENESTAR DE LOS ADULTOS<\/h3>\n<p>Es importante que los adultos gestionen sus propias expectativas sobre el verano, que, con ni\u00f1os peque\u00f1os, no ser\u00e1 como las vacaciones de antes.<\/p>\n<ul class=\"wp-block-list\">\n<li><strong>Flexibilidad y paciencia:<\/strong> los imprevistos son habituales con los ni\u00f1os. Las rabietas por el calor, los cambios de planes por una siesta o un llanto inesperado son parte del d\u00eda a d\u00eda. La flexibilidad y la paciencia son las mejores herramientas.<\/li>\n<li><strong>Tiempo para el autocuidado:<\/strong> recordad que los adultos tambi\u00e9n necesitan recargar energ\u00edas. Buscar momentos de descanso, delegar tareas o pedir ayuda a la red de apoyo (familia, amigos) es esencial para evitar el agotamiento. Un padre y una madre con energ\u00eda positiva transmiten bienestar a sus hijos.<\/li>\n<li><strong>Momentos de calidad:<\/strong> priorizad los momentos de conexi\u00f3n y disfrute en familia por encima de la necesidad de cumplir un programa extenso. La calidad de los momentos compartidos es m\u00e1s importante que la cantidad de actividades.<\/li>\n<\/ul>\n<p>El verano es una oportunidad de oro para crear recuerdos inolvidables. Con <strong>una planificaci\u00f3n reflexiva, una priorizaci\u00f3n de la seguridad y un enfoque en el juego<\/strong> y el desarrollo, los retos se pueden transformar en momentos de crecimiento y disfrute para toda la familia. Recordad que cada ni\u00f1o es \u00fanico y tiene sus propias necesidades.<\/p>\n<p>&nbsp;<\/p>\n<div  class=\"swmsc_horizontal_line\" style=\"padding-top:20px;padding-bottom:80px;\">\n                        <span class=\"swmsc_horizontal_line_h_line\" style=\"border-color:#99d01b;\"><\/span><span class=\"swmsc_horizontal_line_icon\"><i class=\"fa fa-compass\" style=\"color:#99d01b;\"><\/i><\/span>\n                    <div class=\"clear\"><\/div>\n                    <\/div>\n<p>Art\u00edculo publicado antes en el <a href=\"https:\/\/diarieducacio.cat\/consells-per-gaudir-de-lestiu-amb-infants-una-guia-per-a-families\/\" target=\"_blank\" rel=\"noopener\">Diari de l&#8217;Educaci\u00f3<\/a>.<\/p>\n<div  class=\"swmsc_horizontal_line\" style=\"padding-top:20px;padding-bottom:80px;\">\n                        <span class=\"swmsc_horizontal_line_h_line\" style=\"border-color:#99d01b;\"><\/span><span class=\"swmsc_horizontal_line_icon\"><i class=\"fa fa-compass\" style=\"color:#99d01b;\"><\/i><\/span>\n                    <div class=\"clear\"><\/div>\n                    <\/div>\n<p>Art\u00edculo de <strong>Rosa Garcia Roura<\/strong>, educadora infantil y miembro del equipo de Comunicaci\u00f3n e Innovaci\u00f3n Pedag\u00f3gica de Cavall de Cartr\u00f3.<\/p>\n<div  class=\"swmsc_horizontal_line\" style=\"padding-top:20px;padding-bottom:80px;\">\n                        <span class=\"swmsc_horizontal_line_h_line\" style=\"border-color:#99d01b;\"><\/span><span class=\"swmsc_horizontal_line_icon\"><i class=\"fa fa-compass\" style=\"color:#99d01b;\"><\/i><\/span>\n                    <div class=\"clear\"><\/div>\n                    <\/div>\n<p><iframe style=\"overflow: hidden; width: 1200px; height: 258px;\" width=\"1200\" height=\"240\" frameborder=\"0\" scrolling=\"no\" data-cookieconsent=\"marketing\" data-cookieblock-src=\"\/\/www.facebook.com\/plugins\/likebox.php?href=http%3A%2F%2Fwww.facebook.com%2F354052831640272&amp;width=1200&amp;height=258&amp;show_faces=true&amp;colorscheme=light&amp;stream=false&amp;border_color=%23FFF&amp;header=false\"><\/iframe><\/p>\n","protected":false},"excerpt":{"rendered":"<p>Os compartimos una gu\u00eda para familias con consejos \u00fatiles para aprovechar las vacaciones con los ni\u00f1os y ni\u00f1as.<\/p>\n","protected":false},"author":1,"featured_media":6933,"comment_status":"closed","ping_status":"closed","sticky":false,"template":"","format":"standard","meta":{"footnotes":""},"categories":[87],"tags":[278,279,240,304,437,436],"class_list":["post-6934","post","type-post","status-publish","format-standard","has-post-thumbnail","hentry","category-infancia-es","tag-cuentos","tag-cuentos-infantiles","tag-experimentacion","tag-juegos","tag-materiales","tag-materiales-naturales"],"yoast_head":"<!-- This site is optimized with the Yoast SEO plugin v27.4 - https:\/\/yoast.com\/product\/yoast-seo-wordpress\/ -->\n<title>Gu\u00eda para familias: consejos para disfrutar del verano con ni\u00f1os.<\/title>\n<meta name=\"description\" content=\"Os compartimos una gu\u00eda para familias con consejos \u00fatiles para aprovechar las vacaciones con los ni\u00f1os y ni\u00f1as.\" \/>\n<meta name=\"robots\" content=\"index, follow, max-snippet:-1, max-image-preview:large, max-video-preview:-1\" \/>\n<link rel=\"canonical\" href=\"https:\/\/www.cavallcartro.cat\/es\/consejos-para-disfrutar-del-verano-con-ninos-guia-para-familias\" \/>\n<meta property=\"og:locale\" content=\"es_ES\" \/>\n<meta property=\"og:type\" content=\"article\" \/>\n<meta property=\"og:title\" content=\"Gu\u00eda para familias: consejos para disfrutar del verano con ni\u00f1os.\" \/>\n<meta property=\"og:description\" content=\"Os compartimos una gu\u00eda para familias con consejos \u00fatiles para aprovechar las vacaciones con los ni\u00f1os y ni\u00f1as.\" \/>\n<meta property=\"og:url\" content=\"https:\/\/www.cavallcartro.cat\/es\/consejos-para-disfrutar-del-verano-con-ninos-guia-para-familias\" \/>\n<meta property=\"og:site_name\" content=\"Cavall de Cartr\u00f3 - Serveis Educatius\" \/>\n<meta property=\"article:publisher\" content=\"https:\/\/www.facebook.com\/cavallcartroedu\" \/>\n<meta property=\"article:published_time\" content=\"2025-07-26T21:08:02+00:00\" \/>\n<meta property=\"article:modified_time\" content=\"2025-07-26T21:13:40+00:00\" \/>\n<meta property=\"og:image\" content=\"https:\/\/www.cavallcartro.cat\/wp-content\/uploads\/2025\/07\/Guia-per-a-families-per-gaudir-lestiu-amb-els-infants.jpg\" \/>\n\t<meta property=\"og:image:width\" content=\"1200\" \/>\n\t<meta property=\"og:image:height\" content=\"600\" \/>\n\t<meta property=\"og:image:type\" content=\"image\/jpeg\" \/>\n<meta name=\"author\" content=\"cgarcia\" \/>\n<meta name=\"twitter:card\" content=\"summary_large_image\" \/>\n<meta name=\"twitter:creator\" content=\"@cavallcartroedu\" \/>\n<meta name=\"twitter:site\" content=\"@cavallcartroedu\" \/>\n<meta name=\"twitter:label1\" content=\"Escrito por\" \/>\n\t<meta name=\"twitter:data1\" content=\"cgarcia\" \/>\n\t<meta name=\"twitter:label2\" content=\"Tiempo de lectura\" \/>\n\t<meta name=\"twitter:data2\" content=\"6 minutos\" \/>\n<script type=\"application\/ld+json\" class=\"yoast-schema-graph\">{\"@context\":\"https:\\\/\\\/schema.org\",\"@graph\":[{\"@type\":\"Article\",\"@id\":\"https:\\\/\\\/www.cavallcartro.cat\\\/es\\\/consejos-para-disfrutar-del-verano-con-ninos-guia-para-familias#article\",\"isPartOf\":{\"@id\":\"https:\\\/\\\/www.cavallcartro.cat\\\/es\\\/consejos-para-disfrutar-del-verano-con-ninos-guia-para-familias\"},\"author\":{\"name\":\"cgarcia\",\"@id\":\"https:\\\/\\\/www.cavallcartro.cat\\\/#\\\/schema\\\/person\\\/6747bc1660e32d545ab2b8e5927ea542\"},\"headline\":\"Consejos para disfrutar del verano con ni\u00f1os: gu\u00eda para familias\",\"datePublished\":\"2025-07-26T21:08:02+00:00\",\"dateModified\":\"2025-07-26T21:13:40+00:00\",\"mainEntityOfPage\":{\"@id\":\"https:\\\/\\\/www.cavallcartro.cat\\\/es\\\/consejos-para-disfrutar-del-verano-con-ninos-guia-para-familias\"},\"wordCount\":1225,\"publisher\":{\"@id\":\"https:\\\/\\\/www.cavallcartro.cat\\\/#organization\"},\"image\":{\"@id\":\"https:\\\/\\\/www.cavallcartro.cat\\\/es\\\/consejos-para-disfrutar-del-verano-con-ninos-guia-para-familias#primaryimage\"},\"thumbnailUrl\":\"https:\\\/\\\/www.cavallcartro.cat\\\/wp-content\\\/uploads\\\/2025\\\/07\\\/Guia-per-a-families-per-gaudir-lestiu-amb-els-infants.jpg\",\"keywords\":[\"cuentos\",\"cuentos infantiles\",\"experimentaci\u00f3n\",\"juegos\",\"materiales\",\"materiales naturales\"],\"articleSection\":[\"Infancia\"],\"inLanguage\":\"es\"},{\"@type\":\"WebPage\",\"@id\":\"https:\\\/\\\/www.cavallcartro.cat\\\/es\\\/consejos-para-disfrutar-del-verano-con-ninos-guia-para-familias\",\"url\":\"https:\\\/\\\/www.cavallcartro.cat\\\/es\\\/consejos-para-disfrutar-del-verano-con-ninos-guia-para-familias\",\"name\":\"Gu\u00eda para familias: consejos para disfrutar del verano con ni\u00f1os.\",\"isPartOf\":{\"@id\":\"https:\\\/\\\/www.cavallcartro.cat\\\/#website\"},\"primaryImageOfPage\":{\"@id\":\"https:\\\/\\\/www.cavallcartro.cat\\\/es\\\/consejos-para-disfrutar-del-verano-con-ninos-guia-para-familias#primaryimage\"},\"image\":{\"@id\":\"https:\\\/\\\/www.cavallcartro.cat\\\/es\\\/consejos-para-disfrutar-del-verano-con-ninos-guia-para-familias#primaryimage\"},\"thumbnailUrl\":\"https:\\\/\\\/www.cavallcartro.cat\\\/wp-content\\\/uploads\\\/2025\\\/07\\\/Guia-per-a-families-per-gaudir-lestiu-amb-els-infants.jpg\",\"datePublished\":\"2025-07-26T21:08:02+00:00\",\"dateModified\":\"2025-07-26T21:13:40+00:00\",\"description\":\"Os compartimos una gu\u00eda para familias con consejos \u00fatiles para aprovechar las vacaciones con los ni\u00f1os y ni\u00f1as.\",\"breadcrumb\":{\"@id\":\"https:\\\/\\\/www.cavallcartro.cat\\\/es\\\/consejos-para-disfrutar-del-verano-con-ninos-guia-para-familias#breadcrumb\"},\"inLanguage\":\"es\",\"potentialAction\":[{\"@type\":\"ReadAction\",\"target\":[\"https:\\\/\\\/www.cavallcartro.cat\\\/es\\\/consejos-para-disfrutar-del-verano-con-ninos-guia-para-familias\"]}]},{\"@type\":\"ImageObject\",\"inLanguage\":\"es\",\"@id\":\"https:\\\/\\\/www.cavallcartro.cat\\\/es\\\/consejos-para-disfrutar-del-verano-con-ninos-guia-para-familias#primaryimage\",\"url\":\"https:\\\/\\\/www.cavallcartro.cat\\\/wp-content\\\/uploads\\\/2025\\\/07\\\/Guia-per-a-families-per-gaudir-lestiu-amb-els-infants.jpg\",\"contentUrl\":\"https:\\\/\\\/www.cavallcartro.cat\\\/wp-content\\\/uploads\\\/2025\\\/07\\\/Guia-per-a-families-per-gaudir-lestiu-amb-els-infants.jpg\",\"width\":1200,\"height\":600,\"caption\":\"Guia per a fam\u00edlies per gaudir l'estiu amb els infants\"},{\"@type\":\"BreadcrumbList\",\"@id\":\"https:\\\/\\\/www.cavallcartro.cat\\\/es\\\/consejos-para-disfrutar-del-verano-con-ninos-guia-para-familias#breadcrumb\",\"itemListElement\":[{\"@type\":\"ListItem\",\"position\":1,\"name\":\"Portada\",\"item\":\"https:\\\/\\\/www.cavallcartro.cat\\\/es\"},{\"@type\":\"ListItem\",\"position\":2,\"name\":\"Consejos para disfrutar del verano con ni\u00f1os: gu\u00eda para familias\"}]},{\"@type\":\"WebSite\",\"@id\":\"https:\\\/\\\/www.cavallcartro.cat\\\/#website\",\"url\":\"https:\\\/\\\/www.cavallcartro.cat\\\/\",\"name\":\"Cavall de Cartr\u00f3\",\"description\":\"Gesti\u00f3 d&#039;escoles bressol i llars d&#039;infants municipals a Barcelona i tota Catalunya.\",\"publisher\":{\"@id\":\"https:\\\/\\\/www.cavallcartro.cat\\\/#organization\"},\"potentialAction\":[{\"@type\":\"SearchAction\",\"target\":{\"@type\":\"EntryPoint\",\"urlTemplate\":\"https:\\\/\\\/www.cavallcartro.cat\\\/?s={search_term_string}\"},\"query-input\":{\"@type\":\"PropertyValueSpecification\",\"valueRequired\":true,\"valueName\":\"search_term_string\"}}],\"inLanguage\":\"es\"},{\"@type\":\"Organization\",\"@id\":\"https:\\\/\\\/www.cavallcartro.cat\\\/#organization\",\"name\":\"Cavall de Cartr\u00f3\",\"url\":\"https:\\\/\\\/www.cavallcartro.cat\\\/\",\"logo\":{\"@type\":\"ImageObject\",\"inLanguage\":\"es\",\"@id\":\"https:\\\/\\\/www.cavallcartro.cat\\\/#\\\/schema\\\/logo\\\/image\\\/\",\"url\":\"https:\\\/\\\/www.cavallcartro.cat\\\/wp-content\\\/uploads\\\/2020\\\/07\\\/Logo-Cavall-de-Cartr\u00f3-gesti\u00f3-escoles-bressol-i-menjadors-escolars-e1596129492304.png\",\"contentUrl\":\"https:\\\/\\\/www.cavallcartro.cat\\\/wp-content\\\/uploads\\\/2020\\\/07\\\/Logo-Cavall-de-Cartr\u00f3-gesti\u00f3-escoles-bressol-i-menjadors-escolars-e1596129492304.png\",\"width\":528,\"height\":274,\"caption\":\"Cavall de Cartr\u00f3\"},\"image\":{\"@id\":\"https:\\\/\\\/www.cavallcartro.cat\\\/#\\\/schema\\\/logo\\\/image\\\/\"},\"sameAs\":[\"https:\\\/\\\/www.facebook.com\\\/cavallcartroedu\",\"https:\\\/\\\/x.com\\\/cavallcartroedu\",\"https:\\\/\\\/www.instagram.com\\\/cavallcartroedu\\\/\",\"https:\\\/\\\/www.youtube.com\\\/@CavalldeCartro\"]},{\"@type\":\"Person\",\"@id\":\"https:\\\/\\\/www.cavallcartro.cat\\\/#\\\/schema\\\/person\\\/6747bc1660e32d545ab2b8e5927ea542\",\"name\":\"cgarcia\",\"image\":{\"@type\":\"ImageObject\",\"inLanguage\":\"es\",\"@id\":\"https:\\\/\\\/secure.gravatar.com\\\/avatar\\\/469990a84f48a39e93ee0d8243415a74ba5692f608ea41afee8cae0e81f99f77?s=96&d=mm&r=g\",\"url\":\"https:\\\/\\\/secure.gravatar.com\\\/avatar\\\/469990a84f48a39e93ee0d8243415a74ba5692f608ea41afee8cae0e81f99f77?s=96&d=mm&r=g\",\"contentUrl\":\"https:\\\/\\\/secure.gravatar.com\\\/avatar\\\/469990a84f48a39e93ee0d8243415a74ba5692f608ea41afee8cae0e81f99f77?s=96&d=mm&r=g\",\"caption\":\"cgarcia\"},\"url\":\"https:\\\/\\\/www.cavallcartro.cat\\\/es\\\/author\\\/cgarcia\"}]}<\/script>\n<!-- \/ Yoast SEO plugin. -->","yoast_head_json":{"title":"Gu\u00eda para familias: consejos para disfrutar del verano con ni\u00f1os.","description":"Os compartimos una gu\u00eda para familias con consejos \u00fatiles para aprovechar las vacaciones con los ni\u00f1os y ni\u00f1as.","robots":{"index":"index","follow":"follow","max-snippet":"max-snippet:-1","max-image-preview":"max-image-preview:large","max-video-preview":"max-video-preview:-1"},"canonical":"https:\/\/www.cavallcartro.cat\/es\/consejos-para-disfrutar-del-verano-con-ninos-guia-para-familias","og_locale":"es_ES","og_type":"article","og_title":"Gu\u00eda para familias: consejos para disfrutar del verano con ni\u00f1os.","og_description":"Os compartimos una gu\u00eda para familias con consejos \u00fatiles para aprovechar las vacaciones con los ni\u00f1os y ni\u00f1as.","og_url":"https:\/\/www.cavallcartro.cat\/es\/consejos-para-disfrutar-del-verano-con-ninos-guia-para-familias","og_site_name":"Cavall de Cartr\u00f3 - Serveis Educatius","article_publisher":"https:\/\/www.facebook.com\/cavallcartroedu","article_published_time":"2025-07-26T21:08:02+00:00","article_modified_time":"2025-07-26T21:13:40+00:00","og_image":[{"width":1200,"height":600,"url":"https:\/\/www.cavallcartro.cat\/wp-content\/uploads\/2025\/07\/Guia-per-a-families-per-gaudir-lestiu-amb-els-infants.jpg","type":"image\/jpeg"}],"author":"cgarcia","twitter_card":"summary_large_image","twitter_creator":"@cavallcartroedu","twitter_site":"@cavallcartroedu","twitter_misc":{"Escrito por":"cgarcia","Tiempo de lectura":"6 minutos"},"schema":{"@context":"https:\/\/schema.org","@graph":[{"@type":"Article","@id":"https:\/\/www.cavallcartro.cat\/es\/consejos-para-disfrutar-del-verano-con-ninos-guia-para-familias#article","isPartOf":{"@id":"https:\/\/www.cavallcartro.cat\/es\/consejos-para-disfrutar-del-verano-con-ninos-guia-para-familias"},"author":{"name":"cgarcia","@id":"https:\/\/www.cavallcartro.cat\/#\/schema\/person\/6747bc1660e32d545ab2b8e5927ea542"},"headline":"Consejos para disfrutar del verano con ni\u00f1os: gu\u00eda para familias","datePublished":"2025-07-26T21:08:02+00:00","dateModified":"2025-07-26T21:13:40+00:00","mainEntityOfPage":{"@id":"https:\/\/www.cavallcartro.cat\/es\/consejos-para-disfrutar-del-verano-con-ninos-guia-para-familias"},"wordCount":1225,"publisher":{"@id":"https:\/\/www.cavallcartro.cat\/#organization"},"image":{"@id":"https:\/\/www.cavallcartro.cat\/es\/consejos-para-disfrutar-del-verano-con-ninos-guia-para-familias#primaryimage"},"thumbnailUrl":"https:\/\/www.cavallcartro.cat\/wp-content\/uploads\/2025\/07\/Guia-per-a-families-per-gaudir-lestiu-amb-els-infants.jpg","keywords":["cuentos","cuentos infantiles","experimentaci\u00f3n","juegos","materiales","materiales naturales"],"articleSection":["Infancia"],"inLanguage":"es"},{"@type":"WebPage","@id":"https:\/\/www.cavallcartro.cat\/es\/consejos-para-disfrutar-del-verano-con-ninos-guia-para-familias","url":"https:\/\/www.cavallcartro.cat\/es\/consejos-para-disfrutar-del-verano-con-ninos-guia-para-familias","name":"Gu\u00eda para familias: consejos para disfrutar del verano con ni\u00f1os.","isPartOf":{"@id":"https:\/\/www.cavallcartro.cat\/#website"},"primaryImageOfPage":{"@id":"https:\/\/www.cavallcartro.cat\/es\/consejos-para-disfrutar-del-verano-con-ninos-guia-para-familias#primaryimage"},"image":{"@id":"https:\/\/www.cavallcartro.cat\/es\/consejos-para-disfrutar-del-verano-con-ninos-guia-para-familias#primaryimage"},"thumbnailUrl":"https:\/\/www.cavallcartro.cat\/wp-content\/uploads\/2025\/07\/Guia-per-a-families-per-gaudir-lestiu-amb-els-infants.jpg","datePublished":"2025-07-26T21:08:02+00:00","dateModified":"2025-07-26T21:13:40+00:00","description":"Os compartimos una gu\u00eda para familias con consejos \u00fatiles para aprovechar las vacaciones con los ni\u00f1os y ni\u00f1as.","breadcrumb":{"@id":"https:\/\/www.cavallcartro.cat\/es\/consejos-para-disfrutar-del-verano-con-ninos-guia-para-familias#breadcrumb"},"inLanguage":"es","potentialAction":[{"@type":"ReadAction","target":["https:\/\/www.cavallcartro.cat\/es\/consejos-para-disfrutar-del-verano-con-ninos-guia-para-familias"]}]},{"@type":"ImageObject","inLanguage":"es","@id":"https:\/\/www.cavallcartro.cat\/es\/consejos-para-disfrutar-del-verano-con-ninos-guia-para-familias#primaryimage","url":"https:\/\/www.cavallcartro.cat\/wp-content\/uploads\/2025\/07\/Guia-per-a-families-per-gaudir-lestiu-amb-els-infants.jpg","contentUrl":"https:\/\/www.cavallcartro.cat\/wp-content\/uploads\/2025\/07\/Guia-per-a-families-per-gaudir-lestiu-amb-els-infants.jpg","width":1200,"height":600,"caption":"Guia per a fam\u00edlies per gaudir l'estiu amb els infants"},{"@type":"BreadcrumbList","@id":"https:\/\/www.cavallcartro.cat\/es\/consejos-para-disfrutar-del-verano-con-ninos-guia-para-familias#breadcrumb","itemListElement":[{"@type":"ListItem","position":1,"name":"Portada","item":"https:\/\/www.cavallcartro.cat\/es"},{"@type":"ListItem","position":2,"name":"Consejos para disfrutar del verano con ni\u00f1os: gu\u00eda para familias"}]},{"@type":"WebSite","@id":"https:\/\/www.cavallcartro.cat\/#website","url":"https:\/\/www.cavallcartro.cat\/","name":"Cavall de Cartr\u00f3","description":"Gesti\u00f3 d&#039;escoles bressol i llars d&#039;infants municipals a Barcelona i tota Catalunya.","publisher":{"@id":"https:\/\/www.cavallcartro.cat\/#organization"},"potentialAction":[{"@type":"SearchAction","target":{"@type":"EntryPoint","urlTemplate":"https:\/\/www.cavallcartro.cat\/?s={search_term_string}"},"query-input":{"@type":"PropertyValueSpecification","valueRequired":true,"valueName":"search_term_string"}}],"inLanguage":"es"},{"@type":"Organization","@id":"https:\/\/www.cavallcartro.cat\/#organization","name":"Cavall de Cartr\u00f3","url":"https:\/\/www.cavallcartro.cat\/","logo":{"@type":"ImageObject","inLanguage":"es","@id":"https:\/\/www.cavallcartro.cat\/#\/schema\/logo\/image\/","url":"https:\/\/www.cavallcartro.cat\/wp-content\/uploads\/2020\/07\/Logo-Cavall-de-Cartr\u00f3-gesti\u00f3-escoles-bressol-i-menjadors-escolars-e1596129492304.png","contentUrl":"https:\/\/www.cavallcartro.cat\/wp-content\/uploads\/2020\/07\/Logo-Cavall-de-Cartr\u00f3-gesti\u00f3-escoles-bressol-i-menjadors-escolars-e1596129492304.png","width":528,"height":274,"caption":"Cavall de Cartr\u00f3"},"image":{"@id":"https:\/\/www.cavallcartro.cat\/#\/schema\/logo\/image\/"},"sameAs":["https:\/\/www.facebook.com\/cavallcartroedu","https:\/\/x.com\/cavallcartroedu","https:\/\/www.instagram.com\/cavallcartroedu\/","https:\/\/www.youtube.com\/@CavalldeCartro"]},{"@type":"Person","@id":"https:\/\/www.cavallcartro.cat\/#\/schema\/person\/6747bc1660e32d545ab2b8e5927ea542","name":"cgarcia","image":{"@type":"ImageObject","inLanguage":"es","@id":"https:\/\/secure.gravatar.com\/avatar\/469990a84f48a39e93ee0d8243415a74ba5692f608ea41afee8cae0e81f99f77?s=96&d=mm&r=g","url":"https:\/\/secure.gravatar.com\/avatar\/469990a84f48a39e93ee0d8243415a74ba5692f608ea41afee8cae0e81f99f77?s=96&d=mm&r=g","contentUrl":"https:\/\/secure.gravatar.com\/avatar\/469990a84f48a39e93ee0d8243415a74ba5692f608ea41afee8cae0e81f99f77?s=96&d=mm&r=g","caption":"cgarcia"},"url":"https:\/\/www.cavallcartro.cat\/es\/author\/cgarcia"}]}},"_links":{"self":[{"href":"https:\/\/www.cavallcartro.cat\/es\/wp-json\/wp\/v2\/posts\/6934","targetHints":{"allow":["GET"]}}],"collection":[{"href":"https:\/\/www.cavallcartro.cat\/es\/wp-json\/wp\/v2\/posts"}],"about":[{"href":"https:\/\/www.cavallcartro.cat\/es\/wp-json\/wp\/v2\/types\/post"}],"author":[{"embeddable":true,"href":"https:\/\/www.cavallcartro.cat\/es\/wp-json\/wp\/v2\/users\/1"}],"replies":[{"embeddable":true,"href":"https:\/\/www.cavallcartro.cat\/es\/wp-json\/wp\/v2\/comments?post=6934"}],"version-history":[{"count":4,"href":"https:\/\/www.cavallcartro.cat\/es\/wp-json\/wp\/v2\/posts\/6934\/revisions"}],"predecessor-version":[{"id":6938,"href":"https:\/\/www.cavallcartro.cat\/es\/wp-json\/wp\/v2\/posts\/6934\/revisions\/6938"}],"wp:featuredmedia":[{"embeddable":true,"href":"https:\/\/www.cavallcartro.cat\/es\/wp-json\/wp\/v2\/media\/6933"}],"wp:attachment":[{"href":"https:\/\/www.cavallcartro.cat\/es\/wp-json\/wp\/v2\/media?parent=6934"}],"wp:term":[{"taxonomy":"category","embeddable":true,"href":"https:\/\/www.cavallcartro.cat\/es\/wp-json\/wp\/v2\/categories?post=6934"},{"taxonomy":"post_tag","embeddable":true,"href":"https:\/\/www.cavallcartro.cat\/es\/wp-json\/wp\/v2\/tags?post=6934"}],"curies":[{"name":"wp","href":"https:\/\/api.w.org\/{rel}","templated":true}]}}