{"id":6881,"date":"2025-06-13T17:39:40","date_gmt":"2025-06-13T17:39:40","guid":{"rendered":"https:\/\/www.cavallcartro.cat\/el-momento-de-las-comidas-en-la-escuela-infntil-una-oportunidad-educativa-y-afectiva"},"modified":"2025-06-13T17:55:32","modified_gmt":"2025-06-13T17:55:32","slug":"momento-comidas-escuela-infantil-oportunidad-educativa-y-afectiva","status":"publish","type":"post","link":"https:\/\/www.cavallcartro.cat\/es\/momento-comidas-escuela-infantil-oportunidad-educativa-y-afectiva","title":{"rendered":"El momento de las comidas en la escuela infantil: una oportunidad educativa y afectiva."},"content":{"rendered":"<p>La hora de las comidas en la escuela infantil no es solo un espacio destinado a satisfacer una necesidad fisiol\u00f3gica b\u00e1sica como es la alimentaci\u00f3n. Es, a la vez, un escenario rico en experiencias educativas, sociales y emocionales que contribuyen de manera significativa al desarrollo global de los ni\u00f1os y ni\u00f1as.<\/p>\n<p>Los ni\u00f1os y ni\u00f1as viven procesos intensos de crecimiento y aprendizaje, y las comidas constituyen una rutina diaria que puede convertirse en un tiempo privilegiado para fomentar la autonom\u00eda, el v\u00ednculo afectivo y el desarrollo de la identidad.<\/p>\n<p>El momento de las comidas no debe verse como una actividad rutinaria y ajena al proyecto educativo del centro. Al contrario, debe integrarse dentro de la programaci\u00f3n pedag\u00f3gica como un espacio vivo, donde se pone en pr\u00e1ctica la filosof\u00eda educativa del centro: la visi\u00f3n del ni\u00f1o como sujeto activo, capaz y digno de atenci\u00f3n y respeto.<\/p>\n<div  class=\"swmsc_horizontal_line\" style=\"padding-top:20px;padding-bottom:80px;\">\n                        <span class=\"swmsc_horizontal_line_h_line\" style=\"border-color:#99d01b;\"><\/span><span class=\"swmsc_horizontal_line_icon\"><i class=\"fa fa-compass\" style=\"color:#99d01b;\"><\/i><\/span>\n                    <div class=\"clear\"><\/div>\n                    <\/div>\n<h3 class=\"wp-block-heading\">UNA MIRADA RESPETUOSA Y PEDAG\u00d3GICA<\/h3>\n<p>As\u00ed, para que este momento tenga un valor educativo real, debe vivirse con respeto, calma y coherencia pedag\u00f3gica. Los ni\u00f1os y ni\u00f1as, incluso los m\u00e1s peque\u00f1os, perciben el ambiente y las actitudes de las personas adultas, por lo tanto, es fundamental que el equipo educativo lo entienda como una oportunidad para acompa\u00f1arlos con sensibilidad, escucha activa y disponibilidad emocional.<\/p>\n<p>Este es un tiempo educativo de gran valor porque contribuye a m\u00faltiples dimensiones del desarrollo:<\/p>\n<ul class=\"wp-block-list\">\n<li>Psicomotriz: coger los cubiertos, llevar la comida a la boca o beber de un vaso son acciones que implican la coordinaci\u00f3n \u00f3culo-manual y la precisi\u00f3n del movimiento.<\/li>\n<li>Social y emocional: es un momento de relaci\u00f3n con otros ni\u00f1os y adultos, que favorece la construcci\u00f3n del v\u00ednculo y la confianza, as\u00ed como el aprendizaje de normas de convivencia.<\/li>\n<li>Cognitiva: el ni\u00f1o observa, experimenta, establece conexiones entre acciones y resultados, desarrolla la memoria, reconoce los diferentes alimentos y el lenguaje.<\/li>\n<li>En relaci\u00f3n con el entorno social: a trav\u00e9s del respeto hacia los dem\u00e1s, la espera del turno, el hecho de compartir y dar las gracias, el ni\u00f1o empieza a interiorizar valores b\u00e1sicos que fundamentar\u00e1n su convivencia futura.<\/li>\n<\/ul>\n<div  class=\"swmsc_horizontal_line\" style=\"padding-top:20px;padding-bottom:80px;\">\n                        <span class=\"swmsc_horizontal_line_h_line\" style=\"border-color:#99d01b;\"><\/span><span class=\"swmsc_horizontal_line_icon\"><i class=\"fa fa-compass\" style=\"color:#99d01b;\"><\/i><\/span>\n                    <div class=\"clear\"><\/div>\n                    <\/div>\n<h3 class=\"wp-block-heading\">\u00bfC\u00d3MO DEBEN VIVIR LOS NI\u00d1OS ESTE MOMENTO?<\/h3>\n<p>Los ni\u00f1os y ni\u00f1as deben vivirlo como un espacio de bienestar, seguridad y placer. Hay que evitar las prisas y las tensiones. Cuando se sienten respetados en sus ritmos y preferencias, pueden disfrutar de la experiencia alimentaria y establecer una relaci\u00f3n positiva con la comida.<\/p>\n<p>El momento de las comidas puede ayudar a desarrollar:<\/p>\n<ul class=\"wp-block-list\">\n<li>La autonom\u00eda personal, a trav\u00e9s de acciones como coger los cubiertos, llevarse el vaso a la boca o decidir cu\u00e1ndo han tenido suficiente.<\/li>\n<li>La comunicaci\u00f3n y la socializaci\u00f3n, ya que se establecen di\u00e1logos, gestos, miradas e interacciones con otros ni\u00f1os y con las personas adultas.<\/li>\n<li>El conocimiento del propio cuerpo y las sensaciones, aprendiendo a reconocer el hambre, la saciedad y las texturas, olores y sabores de los alimentos.<\/li>\n<\/ul>\n<p>A trav\u00e9s de la repetici\u00f3n diaria y del contexto seguro, se pueden interiorizar los h\u00e1bitos saludables y desarrollar una actitud curiosa y abierta hacia la alimentaci\u00f3n.<\/p>\n<div  class=\"swmsc_horizontal_line\" style=\"padding-top:20px;padding-bottom:80px;\">\n                        <span class=\"swmsc_horizontal_line_h_line\" style=\"border-color:#99d01b;\"><\/span><span class=\"swmsc_horizontal_line_icon\"><i class=\"fa fa-compass\" style=\"color:#99d01b;\"><\/i><\/span>\n                    <div class=\"clear\"><\/div>\n                    <\/div>\n<h3 class=\"wp-block-heading\">EL PAPEL DEL EQUIPO EDUCATIVO<\/h3>\n<p>El equipo educativo juega un papel fundamental en la construcci\u00f3n de este momento. Su actitud, disponibilidad y capacidad de observaci\u00f3n hacen posible que las comidas sean realmente una experiencia educativa.<\/p>\n<p>Es importante que las educadoras y los educadores:<\/p>\n<ul class=\"wp-block-list\">\n<li>Generen un ambiente tranquilo, con un tono de voz suave, sin prisas y con un espacio f\u00edsico agradable y adecuado, con mobiliario adaptado, un espacio limpio y una temperatura confortable.<\/li>\n<li>Ofrezcan una presencia atenta y afectuosa, interviniendo con sensibilidad, ayudando cuando sea necesario pero tambi\u00e9n permitiendo la autonom\u00eda.<\/li>\n<li>Acompa\u00f1en emocionalmente, interpretando se\u00f1ales como el rechazo a un alimento, el cansancio o la necesidad de contacto, entre otras, y respondiendo con empat\u00eda y flexibilidad.<\/li>\n<li>Hagan del momento una oportunidad comunicativa, poniendo palabras a las acciones y a las emociones, utilizando un lenguaje rico y cercano.<\/li>\n<\/ul>\n<p>La colaboraci\u00f3n con las familias tambi\u00e9n es clave: compartir informaci\u00f3n sobre los h\u00e1bitos alimentarios, establecer una coherencia entre casa y escuela y respetar las pr\u00e1cticas culturales contribuye a crear un entorno seguro y previsible.<\/p>\n<div  class=\"swmsc_horizontal_line\" style=\"padding-top:20px;padding-bottom:80px;\">\n                        <span class=\"swmsc_horizontal_line_h_line\" style=\"border-color:#99d01b;\"><\/span><span class=\"swmsc_horizontal_line_icon\"><i class=\"fa fa-compass\" style=\"color:#99d01b;\"><\/i><\/span>\n                    <div class=\"clear\"><\/div>\n                    <\/div>\n<h3 class=\"wp-block-heading\">ESTRATEGIAS Y BUENAS PR\u00c1CTICAS<\/h3>\n<p>Algunas estrategias que pueden ayudar a potenciar su valor pedag\u00f3gico incluyen:<\/p>\n<ul class=\"wp-block-list\">\n<li>Organizar peque\u00f1os grupos para favorecer la interacci\u00f3n y la atenci\u00f3n individualizada.<\/li>\n<li>Dar tiempo suficiente para que cada ni\u00f1o pueda comer a su ritmo.<\/li>\n<li>Implicarlos en peque\u00f1os rituales previos o posteriores, como poner la mesa, recoger o limpiarse.<\/li>\n<li>Utilizar vajilla real (siempre que sea posible) para favorecer la experiencia sensorial y el respeto por el material.<\/li>\n<li>Documentar la experiencia, a trav\u00e9s de observaciones, fotograf\u00edas o escritos, para reflexionar conjuntamente con el equipo y con las familias.<\/li>\n<\/ul>\n<p>Podemos concluir, pues, que este espacio se convierte en una oportunidad educativa para la construcci\u00f3n de la identidad, la adquisici\u00f3n de h\u00e1bitos saludables y el fortalecimiento del v\u00ednculo entre ni\u00f1os y adultos.<\/p>\n<p>Cuando este momento se vive con respeto, sensibilidad y coherencia pedag\u00f3gica, se convierte en una experiencia rica y significativa que deja una huella positiva en el desarrollo integral de los ni\u00f1os y ni\u00f1as. Por eso, es necesario seguir d\u00e1ndole el valor que merece dentro del proyecto educativo, velando para que sea una experiencia vivida con placer, confianza y cuidado.<\/p>\n<div  class=\"swmsc_horizontal_line\" style=\"padding-top:20px;padding-bottom:80px;\">\n                        <span class=\"swmsc_horizontal_line_h_line\" style=\"border-color:#99d01b;\"><\/span><span class=\"swmsc_horizontal_line_icon\"><i class=\"fa fa-compass\" style=\"color:#99d01b;\"><\/i><\/span>\n                    <div class=\"clear\"><\/div>\n                    <\/div>\n<p>Art\u00edculo publicado anteriormente en <a href=\"https:\/\/diarieducacio.cat\/el-moment-dels-apats-a-lescola-bressol-una-oportunitat-educativa-i-afectiva-a-la-petita-infancia\/\">Diari de l&#8217;Educaci\u00f3<\/a>.<\/p>\n<div  class=\"swmsc_horizontal_line\" style=\"padding-top:20px;padding-bottom:80px;\">\n                        <span class=\"swmsc_horizontal_line_h_line\" style=\"border-color:#99d01b;\"><\/span><span class=\"swmsc_horizontal_line_icon\"><i class=\"fa fa-compass\" style=\"color:#99d01b;\"><\/i><\/span>\n                    <div class=\"clear\"><\/div>\n                    <\/div>\n<p>Art\u00edculo de Rosa Garcia Roura, educadora infantil y miembro del equipo de Comunicaci\u00f3n e Innovaci\u00f3n pedag\u00f3gica de Cavall de Cartr\u00f3.<\/p>\n<div  class=\"swmsc_horizontal_line\" style=\"padding-top:20px;padding-bottom:80px;\">\n                        <span class=\"swmsc_horizontal_line_h_line\" style=\"border-color:#99d01b;\"><\/span><span class=\"swmsc_horizontal_line_icon\"><i class=\"fa fa-compass\" style=\"color:#99d01b;\"><\/i><\/span>\n                    <div class=\"clear\"><\/div>\n                    <\/div>\n<p><iframe style=\"overflow: hidden; width: 1200px; height: 258px;\" width=\"1200\" height=\"240\" frameborder=\"0\" scrolling=\"no\" data-cookieconsent=\"marketing\" data-cookieblock-src=\"\/\/www.facebook.com\/plugins\/likebox.php?href=http%3A%2F%2Fwww.facebook.com%2F354052831640272&amp;width=1200&amp;height=258&amp;show_faces=true&amp;colorscheme=light&amp;stream=false&amp;border_color=%23FFF&amp;header=false\"><\/iframe><\/p>\n","protected":false},"excerpt":{"rendered":"<p>La hora de las comidas en la escuela infantil no es solo un espacio para la alimentaci\u00f3n. Tambi\u00e9n lo es para experiencias educativas, sociales y emocionales.<\/p>\n","protected":false},"author":1,"featured_media":6876,"comment_status":"closed","ping_status":"closed","sticky":false,"template":"","format":"standard","meta":{"footnotes":""},"categories":[87],"tags":[],"class_list":["post-6881","post","type-post","status-publish","format-standard","has-post-thumbnail","hentry","category-infancia-es"],"yoast_head":"<!-- This site is optimized with the Yoast SEO plugin v27.5 - https:\/\/yoast.com\/product\/yoast-seo-wordpress\/ -->\n<title>El momento de las comidas en la escuela infantil: una oportunidad educativa y afectiva.<\/title>\n<meta name=\"description\" content=\"La hora de las comidas en la escuela infantil no es solo un espacio para la alimentaci\u00f3n. Tambi\u00e9n lo es para experiencias educativas, sociales y emocionales.\" \/>\n<meta name=\"robots\" content=\"index, follow, max-snippet:-1, max-image-preview:large, max-video-preview:-1\" \/>\n<link rel=\"canonical\" href=\"https:\/\/www.cavallcartro.cat\/es\/momento-comidas-escuela-infantil-oportunidad-educativa-y-afectiva\" \/>\n<meta property=\"og:locale\" content=\"es_ES\" \/>\n<meta property=\"og:type\" content=\"article\" \/>\n<meta property=\"og:title\" content=\"El momento de las comidas en la escuela infantil: una oportunidad educativa y afectiva.\" \/>\n<meta property=\"og:description\" content=\"La hora de las comidas en la escuela infantil no es solo un espacio para la alimentaci\u00f3n. Tambi\u00e9n lo es para experiencias educativas, sociales y emocionales.\" \/>\n<meta property=\"og:url\" content=\"https:\/\/www.cavallcartro.cat\/es\/momento-comidas-escuela-infantil-oportunidad-educativa-y-afectiva\" \/>\n<meta property=\"og:site_name\" content=\"Cavall de Cartr\u00f3 - Serveis Educatius\" \/>\n<meta property=\"article:publisher\" content=\"https:\/\/www.facebook.com\/cavallcartroedu\" \/>\n<meta property=\"article:published_time\" content=\"2025-06-13T17:39:40+00:00\" \/>\n<meta property=\"article:modified_time\" content=\"2025-06-13T17:55:32+00:00\" \/>\n<meta property=\"og:image\" content=\"https:\/\/www.cavallcartro.cat\/wp-content\/uploads\/2025\/06\/El-moment-dels-apats-a-lescola-bressol-una-oportunitat-educativa-i-afectiva-a-la-petita-infancia.jpg\" \/>\n\t<meta property=\"og:image:width\" content=\"1200\" \/>\n\t<meta property=\"og:image:height\" content=\"600\" \/>\n\t<meta property=\"og:image:type\" content=\"image\/jpeg\" \/>\n<meta name=\"author\" content=\"cgarcia\" \/>\n<meta name=\"twitter:card\" content=\"summary_large_image\" \/>\n<meta name=\"twitter:creator\" content=\"@cavallcartroedu\" \/>\n<meta name=\"twitter:site\" content=\"@cavallcartroedu\" \/>\n<meta name=\"twitter:label1\" content=\"Escrito por\" \/>\n\t<meta name=\"twitter:data1\" content=\"cgarcia\" \/>\n\t<meta name=\"twitter:label2\" content=\"Tiempo de lectura\" \/>\n\t<meta name=\"twitter:data2\" content=\"6 minutos\" \/>\n<script type=\"application\/ld+json\" class=\"yoast-schema-graph\">{\"@context\":\"https:\\\/\\\/schema.org\",\"@graph\":[{\"@type\":\"Article\",\"@id\":\"https:\\\/\\\/www.cavallcartro.cat\\\/es\\\/momento-comidas-escuela-infantil-oportunidad-educativa-y-afectiva#article\",\"isPartOf\":{\"@id\":\"https:\\\/\\\/www.cavallcartro.cat\\\/es\\\/momento-comidas-escuela-infantil-oportunidad-educativa-y-afectiva\"},\"author\":{\"name\":\"cgarcia\",\"@id\":\"https:\\\/\\\/www.cavallcartro.cat\\\/#\\\/schema\\\/person\\\/6747bc1660e32d545ab2b8e5927ea542\"},\"headline\":\"El momento de las comidas en la escuela infantil: una oportunidad educativa y afectiva.\",\"datePublished\":\"2025-06-13T17:39:40+00:00\",\"dateModified\":\"2025-06-13T17:55:32+00:00\",\"mainEntityOfPage\":{\"@id\":\"https:\\\/\\\/www.cavallcartro.cat\\\/es\\\/momento-comidas-escuela-infantil-oportunidad-educativa-y-afectiva\"},\"wordCount\":1125,\"publisher\":{\"@id\":\"https:\\\/\\\/www.cavallcartro.cat\\\/#organization\"},\"image\":{\"@id\":\"https:\\\/\\\/www.cavallcartro.cat\\\/es\\\/momento-comidas-escuela-infantil-oportunidad-educativa-y-afectiva#primaryimage\"},\"thumbnailUrl\":\"https:\\\/\\\/www.cavallcartro.cat\\\/wp-content\\\/uploads\\\/2025\\\/06\\\/El-moment-dels-apats-a-lescola-bressol-una-oportunitat-educativa-i-afectiva-a-la-petita-infancia.jpg\",\"articleSection\":[\"Infancia\"],\"inLanguage\":\"es\"},{\"@type\":\"WebPage\",\"@id\":\"https:\\\/\\\/www.cavallcartro.cat\\\/es\\\/momento-comidas-escuela-infantil-oportunidad-educativa-y-afectiva\",\"url\":\"https:\\\/\\\/www.cavallcartro.cat\\\/es\\\/momento-comidas-escuela-infantil-oportunidad-educativa-y-afectiva\",\"name\":\"El momento de las comidas en la escuela infantil: una oportunidad educativa y afectiva.\",\"isPartOf\":{\"@id\":\"https:\\\/\\\/www.cavallcartro.cat\\\/#website\"},\"primaryImageOfPage\":{\"@id\":\"https:\\\/\\\/www.cavallcartro.cat\\\/es\\\/momento-comidas-escuela-infantil-oportunidad-educativa-y-afectiva#primaryimage\"},\"image\":{\"@id\":\"https:\\\/\\\/www.cavallcartro.cat\\\/es\\\/momento-comidas-escuela-infantil-oportunidad-educativa-y-afectiva#primaryimage\"},\"thumbnailUrl\":\"https:\\\/\\\/www.cavallcartro.cat\\\/wp-content\\\/uploads\\\/2025\\\/06\\\/El-moment-dels-apats-a-lescola-bressol-una-oportunitat-educativa-i-afectiva-a-la-petita-infancia.jpg\",\"datePublished\":\"2025-06-13T17:39:40+00:00\",\"dateModified\":\"2025-06-13T17:55:32+00:00\",\"description\":\"La hora de las comidas en la escuela infantil no es solo un espacio para la alimentaci\u00f3n. Tambi\u00e9n lo es para experiencias educativas, sociales y emocionales.\",\"breadcrumb\":{\"@id\":\"https:\\\/\\\/www.cavallcartro.cat\\\/es\\\/momento-comidas-escuela-infantil-oportunidad-educativa-y-afectiva#breadcrumb\"},\"inLanguage\":\"es\",\"potentialAction\":[{\"@type\":\"ReadAction\",\"target\":[\"https:\\\/\\\/www.cavallcartro.cat\\\/es\\\/momento-comidas-escuela-infantil-oportunidad-educativa-y-afectiva\"]}]},{\"@type\":\"ImageObject\",\"inLanguage\":\"es\",\"@id\":\"https:\\\/\\\/www.cavallcartro.cat\\\/es\\\/momento-comidas-escuela-infantil-oportunidad-educativa-y-afectiva#primaryimage\",\"url\":\"https:\\\/\\\/www.cavallcartro.cat\\\/wp-content\\\/uploads\\\/2025\\\/06\\\/El-moment-dels-apats-a-lescola-bressol-una-oportunitat-educativa-i-afectiva-a-la-petita-infancia.jpg\",\"contentUrl\":\"https:\\\/\\\/www.cavallcartro.cat\\\/wp-content\\\/uploads\\\/2025\\\/06\\\/El-moment-dels-apats-a-lescola-bressol-una-oportunitat-educativa-i-afectiva-a-la-petita-infancia.jpg\",\"width\":1200,\"height\":600,\"caption\":\"El moment dels \u00e0pats a l\u2019escola bressol una oportunitat educativa i afectiva a la petita inf\u00e0ncia\"},{\"@type\":\"BreadcrumbList\",\"@id\":\"https:\\\/\\\/www.cavallcartro.cat\\\/es\\\/momento-comidas-escuela-infantil-oportunidad-educativa-y-afectiva#breadcrumb\",\"itemListElement\":[{\"@type\":\"ListItem\",\"position\":1,\"name\":\"Portada\",\"item\":\"https:\\\/\\\/www.cavallcartro.cat\\\/es\"},{\"@type\":\"ListItem\",\"position\":2,\"name\":\"El momento de las comidas en la escuela infantil: una oportunidad educativa y afectiva.\"}]},{\"@type\":\"WebSite\",\"@id\":\"https:\\\/\\\/www.cavallcartro.cat\\\/#website\",\"url\":\"https:\\\/\\\/www.cavallcartro.cat\\\/\",\"name\":\"Cavall de Cartr\u00f3\",\"description\":\"Gesti\u00f3 d&#039;escoles bressol i llars d&#039;infants municipals a Barcelona i tota Catalunya.\",\"publisher\":{\"@id\":\"https:\\\/\\\/www.cavallcartro.cat\\\/#organization\"},\"potentialAction\":[{\"@type\":\"SearchAction\",\"target\":{\"@type\":\"EntryPoint\",\"urlTemplate\":\"https:\\\/\\\/www.cavallcartro.cat\\\/?s={search_term_string}\"},\"query-input\":{\"@type\":\"PropertyValueSpecification\",\"valueRequired\":true,\"valueName\":\"search_term_string\"}}],\"inLanguage\":\"es\"},{\"@type\":\"Organization\",\"@id\":\"https:\\\/\\\/www.cavallcartro.cat\\\/#organization\",\"name\":\"Cavall de Cartr\u00f3\",\"url\":\"https:\\\/\\\/www.cavallcartro.cat\\\/\",\"logo\":{\"@type\":\"ImageObject\",\"inLanguage\":\"es\",\"@id\":\"https:\\\/\\\/www.cavallcartro.cat\\\/#\\\/schema\\\/logo\\\/image\\\/\",\"url\":\"https:\\\/\\\/www.cavallcartro.cat\\\/wp-content\\\/uploads\\\/2020\\\/07\\\/Logo-Cavall-de-Cartr\u00f3-gesti\u00f3-escoles-bressol-i-menjadors-escolars-e1596129492304.png\",\"contentUrl\":\"https:\\\/\\\/www.cavallcartro.cat\\\/wp-content\\\/uploads\\\/2020\\\/07\\\/Logo-Cavall-de-Cartr\u00f3-gesti\u00f3-escoles-bressol-i-menjadors-escolars-e1596129492304.png\",\"width\":528,\"height\":274,\"caption\":\"Cavall de Cartr\u00f3\"},\"image\":{\"@id\":\"https:\\\/\\\/www.cavallcartro.cat\\\/#\\\/schema\\\/logo\\\/image\\\/\"},\"sameAs\":[\"https:\\\/\\\/www.facebook.com\\\/cavallcartroedu\",\"https:\\\/\\\/x.com\\\/cavallcartroedu\",\"https:\\\/\\\/www.instagram.com\\\/cavallcartroedu\\\/\",\"https:\\\/\\\/www.youtube.com\\\/@CavalldeCartro\"]},{\"@type\":\"Person\",\"@id\":\"https:\\\/\\\/www.cavallcartro.cat\\\/#\\\/schema\\\/person\\\/6747bc1660e32d545ab2b8e5927ea542\",\"name\":\"cgarcia\",\"image\":{\"@type\":\"ImageObject\",\"inLanguage\":\"es\",\"@id\":\"https:\\\/\\\/secure.gravatar.com\\\/avatar\\\/469990a84f48a39e93ee0d8243415a74ba5692f608ea41afee8cae0e81f99f77?s=96&d=mm&r=g\",\"url\":\"https:\\\/\\\/secure.gravatar.com\\\/avatar\\\/469990a84f48a39e93ee0d8243415a74ba5692f608ea41afee8cae0e81f99f77?s=96&d=mm&r=g\",\"contentUrl\":\"https:\\\/\\\/secure.gravatar.com\\\/avatar\\\/469990a84f48a39e93ee0d8243415a74ba5692f608ea41afee8cae0e81f99f77?s=96&d=mm&r=g\",\"caption\":\"cgarcia\"},\"url\":\"https:\\\/\\\/www.cavallcartro.cat\\\/es\\\/author\\\/cgarcia\"}]}<\/script>\n<!-- \/ Yoast SEO plugin. -->","yoast_head_json":{"title":"El momento de las comidas en la escuela infantil: una oportunidad educativa y afectiva.","description":"La hora de las comidas en la escuela infantil no es solo un espacio para la alimentaci\u00f3n. Tambi\u00e9n lo es para experiencias educativas, sociales y emocionales.","robots":{"index":"index","follow":"follow","max-snippet":"max-snippet:-1","max-image-preview":"max-image-preview:large","max-video-preview":"max-video-preview:-1"},"canonical":"https:\/\/www.cavallcartro.cat\/es\/momento-comidas-escuela-infantil-oportunidad-educativa-y-afectiva","og_locale":"es_ES","og_type":"article","og_title":"El momento de las comidas en la escuela infantil: una oportunidad educativa y afectiva.","og_description":"La hora de las comidas en la escuela infantil no es solo un espacio para la alimentaci\u00f3n. Tambi\u00e9n lo es para experiencias educativas, sociales y emocionales.","og_url":"https:\/\/www.cavallcartro.cat\/es\/momento-comidas-escuela-infantil-oportunidad-educativa-y-afectiva","og_site_name":"Cavall de Cartr\u00f3 - Serveis Educatius","article_publisher":"https:\/\/www.facebook.com\/cavallcartroedu","article_published_time":"2025-06-13T17:39:40+00:00","article_modified_time":"2025-06-13T17:55:32+00:00","og_image":[{"width":1200,"height":600,"url":"https:\/\/www.cavallcartro.cat\/wp-content\/uploads\/2025\/06\/El-moment-dels-apats-a-lescola-bressol-una-oportunitat-educativa-i-afectiva-a-la-petita-infancia.jpg","type":"image\/jpeg"}],"author":"cgarcia","twitter_card":"summary_large_image","twitter_creator":"@cavallcartroedu","twitter_site":"@cavallcartroedu","twitter_misc":{"Escrito por":"cgarcia","Tiempo de lectura":"6 minutos"},"schema":{"@context":"https:\/\/schema.org","@graph":[{"@type":"Article","@id":"https:\/\/www.cavallcartro.cat\/es\/momento-comidas-escuela-infantil-oportunidad-educativa-y-afectiva#article","isPartOf":{"@id":"https:\/\/www.cavallcartro.cat\/es\/momento-comidas-escuela-infantil-oportunidad-educativa-y-afectiva"},"author":{"name":"cgarcia","@id":"https:\/\/www.cavallcartro.cat\/#\/schema\/person\/6747bc1660e32d545ab2b8e5927ea542"},"headline":"El momento de las comidas en la escuela infantil: una oportunidad educativa y afectiva.","datePublished":"2025-06-13T17:39:40+00:00","dateModified":"2025-06-13T17:55:32+00:00","mainEntityOfPage":{"@id":"https:\/\/www.cavallcartro.cat\/es\/momento-comidas-escuela-infantil-oportunidad-educativa-y-afectiva"},"wordCount":1125,"publisher":{"@id":"https:\/\/www.cavallcartro.cat\/#organization"},"image":{"@id":"https:\/\/www.cavallcartro.cat\/es\/momento-comidas-escuela-infantil-oportunidad-educativa-y-afectiva#primaryimage"},"thumbnailUrl":"https:\/\/www.cavallcartro.cat\/wp-content\/uploads\/2025\/06\/El-moment-dels-apats-a-lescola-bressol-una-oportunitat-educativa-i-afectiva-a-la-petita-infancia.jpg","articleSection":["Infancia"],"inLanguage":"es"},{"@type":"WebPage","@id":"https:\/\/www.cavallcartro.cat\/es\/momento-comidas-escuela-infantil-oportunidad-educativa-y-afectiva","url":"https:\/\/www.cavallcartro.cat\/es\/momento-comidas-escuela-infantil-oportunidad-educativa-y-afectiva","name":"El momento de las comidas en la escuela infantil: una oportunidad educativa y afectiva.","isPartOf":{"@id":"https:\/\/www.cavallcartro.cat\/#website"},"primaryImageOfPage":{"@id":"https:\/\/www.cavallcartro.cat\/es\/momento-comidas-escuela-infantil-oportunidad-educativa-y-afectiva#primaryimage"},"image":{"@id":"https:\/\/www.cavallcartro.cat\/es\/momento-comidas-escuela-infantil-oportunidad-educativa-y-afectiva#primaryimage"},"thumbnailUrl":"https:\/\/www.cavallcartro.cat\/wp-content\/uploads\/2025\/06\/El-moment-dels-apats-a-lescola-bressol-una-oportunitat-educativa-i-afectiva-a-la-petita-infancia.jpg","datePublished":"2025-06-13T17:39:40+00:00","dateModified":"2025-06-13T17:55:32+00:00","description":"La hora de las comidas en la escuela infantil no es solo un espacio para la alimentaci\u00f3n. Tambi\u00e9n lo es para experiencias educativas, sociales y emocionales.","breadcrumb":{"@id":"https:\/\/www.cavallcartro.cat\/es\/momento-comidas-escuela-infantil-oportunidad-educativa-y-afectiva#breadcrumb"},"inLanguage":"es","potentialAction":[{"@type":"ReadAction","target":["https:\/\/www.cavallcartro.cat\/es\/momento-comidas-escuela-infantil-oportunidad-educativa-y-afectiva"]}]},{"@type":"ImageObject","inLanguage":"es","@id":"https:\/\/www.cavallcartro.cat\/es\/momento-comidas-escuela-infantil-oportunidad-educativa-y-afectiva#primaryimage","url":"https:\/\/www.cavallcartro.cat\/wp-content\/uploads\/2025\/06\/El-moment-dels-apats-a-lescola-bressol-una-oportunitat-educativa-i-afectiva-a-la-petita-infancia.jpg","contentUrl":"https:\/\/www.cavallcartro.cat\/wp-content\/uploads\/2025\/06\/El-moment-dels-apats-a-lescola-bressol-una-oportunitat-educativa-i-afectiva-a-la-petita-infancia.jpg","width":1200,"height":600,"caption":"El moment dels \u00e0pats a l\u2019escola bressol una oportunitat educativa i afectiva a la petita inf\u00e0ncia"},{"@type":"BreadcrumbList","@id":"https:\/\/www.cavallcartro.cat\/es\/momento-comidas-escuela-infantil-oportunidad-educativa-y-afectiva#breadcrumb","itemListElement":[{"@type":"ListItem","position":1,"name":"Portada","item":"https:\/\/www.cavallcartro.cat\/es"},{"@type":"ListItem","position":2,"name":"El momento de las comidas en la escuela infantil: una oportunidad educativa y afectiva."}]},{"@type":"WebSite","@id":"https:\/\/www.cavallcartro.cat\/#website","url":"https:\/\/www.cavallcartro.cat\/","name":"Cavall de Cartr\u00f3","description":"Gesti\u00f3 d&#039;escoles bressol i llars d&#039;infants municipals a Barcelona i tota Catalunya.","publisher":{"@id":"https:\/\/www.cavallcartro.cat\/#organization"},"potentialAction":[{"@type":"SearchAction","target":{"@type":"EntryPoint","urlTemplate":"https:\/\/www.cavallcartro.cat\/?s={search_term_string}"},"query-input":{"@type":"PropertyValueSpecification","valueRequired":true,"valueName":"search_term_string"}}],"inLanguage":"es"},{"@type":"Organization","@id":"https:\/\/www.cavallcartro.cat\/#organization","name":"Cavall de Cartr\u00f3","url":"https:\/\/www.cavallcartro.cat\/","logo":{"@type":"ImageObject","inLanguage":"es","@id":"https:\/\/www.cavallcartro.cat\/#\/schema\/logo\/image\/","url":"https:\/\/www.cavallcartro.cat\/wp-content\/uploads\/2020\/07\/Logo-Cavall-de-Cartr\u00f3-gesti\u00f3-escoles-bressol-i-menjadors-escolars-e1596129492304.png","contentUrl":"https:\/\/www.cavallcartro.cat\/wp-content\/uploads\/2020\/07\/Logo-Cavall-de-Cartr\u00f3-gesti\u00f3-escoles-bressol-i-menjadors-escolars-e1596129492304.png","width":528,"height":274,"caption":"Cavall de Cartr\u00f3"},"image":{"@id":"https:\/\/www.cavallcartro.cat\/#\/schema\/logo\/image\/"},"sameAs":["https:\/\/www.facebook.com\/cavallcartroedu","https:\/\/x.com\/cavallcartroedu","https:\/\/www.instagram.com\/cavallcartroedu\/","https:\/\/www.youtube.com\/@CavalldeCartro"]},{"@type":"Person","@id":"https:\/\/www.cavallcartro.cat\/#\/schema\/person\/6747bc1660e32d545ab2b8e5927ea542","name":"cgarcia","image":{"@type":"ImageObject","inLanguage":"es","@id":"https:\/\/secure.gravatar.com\/avatar\/469990a84f48a39e93ee0d8243415a74ba5692f608ea41afee8cae0e81f99f77?s=96&d=mm&r=g","url":"https:\/\/secure.gravatar.com\/avatar\/469990a84f48a39e93ee0d8243415a74ba5692f608ea41afee8cae0e81f99f77?s=96&d=mm&r=g","contentUrl":"https:\/\/secure.gravatar.com\/avatar\/469990a84f48a39e93ee0d8243415a74ba5692f608ea41afee8cae0e81f99f77?s=96&d=mm&r=g","caption":"cgarcia"},"url":"https:\/\/www.cavallcartro.cat\/es\/author\/cgarcia"}]}},"_links":{"self":[{"href":"https:\/\/www.cavallcartro.cat\/es\/wp-json\/wp\/v2\/posts\/6881","targetHints":{"allow":["GET"]}}],"collection":[{"href":"https:\/\/www.cavallcartro.cat\/es\/wp-json\/wp\/v2\/posts"}],"about":[{"href":"https:\/\/www.cavallcartro.cat\/es\/wp-json\/wp\/v2\/types\/post"}],"author":[{"embeddable":true,"href":"https:\/\/www.cavallcartro.cat\/es\/wp-json\/wp\/v2\/users\/1"}],"replies":[{"embeddable":true,"href":"https:\/\/www.cavallcartro.cat\/es\/wp-json\/wp\/v2\/comments?post=6881"}],"version-history":[{"count":1,"href":"https:\/\/www.cavallcartro.cat\/es\/wp-json\/wp\/v2\/posts\/6881\/revisions"}],"predecessor-version":[{"id":6882,"href":"https:\/\/www.cavallcartro.cat\/es\/wp-json\/wp\/v2\/posts\/6881\/revisions\/6882"}],"wp:featuredmedia":[{"embeddable":true,"href":"https:\/\/www.cavallcartro.cat\/es\/wp-json\/wp\/v2\/media\/6876"}],"wp:attachment":[{"href":"https:\/\/www.cavallcartro.cat\/es\/wp-json\/wp\/v2\/media?parent=6881"}],"wp:term":[{"taxonomy":"category","embeddable":true,"href":"https:\/\/www.cavallcartro.cat\/es\/wp-json\/wp\/v2\/categories?post=6881"},{"taxonomy":"post_tag","embeddable":true,"href":"https:\/\/www.cavallcartro.cat\/es\/wp-json\/wp\/v2\/tags?post=6881"}],"curies":[{"name":"wp","href":"https:\/\/api.w.org\/{rel}","templated":true}]}}