{"id":6361,"date":"2024-02-01T11:24:18","date_gmt":"2024-02-01T11:24:18","guid":{"rendered":"https:\/\/www.cavallcartro.cat\/la-relacion-entre-las-escuelas-infantiles-y-las-familias-un-vinculo-necesario-y-enriquecedor"},"modified":"2024-02-01T15:36:30","modified_gmt":"2024-02-01T15:36:30","slug":"relacion-escuelas-infantiles-familias","status":"publish","type":"post","link":"https:\/\/www.cavallcartro.cat\/es\/relacion-escuelas-infantiles-familias","title":{"rendered":"La relaci\u00f3n entre las escuelas infantiles y las familias: un v\u00ednculo necesario y enriquecedor"},"content":{"rendered":"<h3>Hablemos de la escuela infantil y las familias. Son dos agentes educativos que deben trabajar de manera coordinada y complementaria para ofrecer a los ni\u00f1os y ni\u00f1as una educaci\u00f3n de calidad.<\/h3>\n<p>La familia es el primer contexto educativo de todos ellos, donde reciben el afecto, la atenci\u00f3n y los est\u00edmulos necesarios para su crecimiento. Por lo tanto, una buena relaci\u00f3n entre la escuela infantil y las familias es un v\u00ednculo necesario y enriquecedor que <strong>favorece el desarrollo integral de los ni\u00f1os<\/strong> y contribuye a su bienestar y aprendizaje.<\/p>\n<p>Por este motivo, es importante crear y fomentar un <strong>clima adecuado de entendimiento y cooperaci\u00f3n.<\/strong> Con ello, las familias podr\u00e1n percibir que son importantes, que se escucha su voz, se les tiene en cuenta y, por lo tanto, ambos entornos educativos son clave en el desarrollo arm\u00f3nico de los ni\u00f1os.<\/p>\n<p>Con la publicaci\u00f3n del <strong>nuevo Decreto de Educaci\u00f3n Infantil 0-6<\/strong>, se potencia esta relaci\u00f3n. La base es el acompa\u00f1amiento al menor de manera conjunta, en un ejercicio de corresponsabilidad, coherencia y compromiso com\u00fan, trabajando en la formaci\u00f3n de una comunidad educativa.<\/p>\n<p>Para lograr este objetivo, es importante <strong>facilitar una buena acogida en el centro<\/strong>, ya que para muchos ni\u00f1os y ni\u00f1as ser\u00e1 su primera experiencia de socializaci\u00f3n fuera del \u00e1mbito familiar.<\/p>\n<div  class=\"swmsc_horizontal_line\" style=\"padding-top:20px;padding-bottom:80px;\">\n                        <span class=\"swmsc_horizontal_line_h_line\" style=\"border-color:#99d01b;\"><\/span><span class=\"swmsc_horizontal_line_icon\"><i class=\"fa fa-compass\" style=\"color:#99d01b;\"><\/i><\/span>\n                    <div class=\"clear\"><\/div>\n                    <\/div>\n<h3>CONSTRUYENDO LAS RELACIONES ENTRE LA ESCUELA INFANTIL Y LAS FAMILIAS<\/h3>\n<p>Para construir una buena relaci\u00f3n, es importante llevar a cabo las siguientes acciones:<\/p>\n<ul>\n<li><strong>Fomentar la comunicaci\u00f3n:<\/strong> a trav\u00e9s de un di\u00e1logo constante y efectivo. Esto se puede hacer mediante reuniones, conversaciones informales u otros medios, inform\u00e1ndolos del seguimiento y evoluci\u00f3n educativa de los ni\u00f1os, escuchando sus inquietudes y sugerencias, estableciendo as\u00ed un v\u00ednculo de confianza.<\/li>\n<li><strong>Respetar las diferencias:<\/strong> las familias son diferentes, y es importante respetar sus creencias y valores.<\/li>\n<li><strong>Promover la participaci\u00f3n:<\/strong> deben sentirse invitadas a participar. Esto se puede lograr mediante colaboraciones, voluntariado u otras formas de participaci\u00f3n.<\/li>\n<\/ul>\n<div  class=\"swmsc_horizontal_line\" style=\"padding-top:20px;padding-bottom:80px;\">\n                        <span class=\"swmsc_horizontal_line_h_line\" style=\"border-color:#99d01b;\"><\/span><span class=\"swmsc_horizontal_line_icon\"><i class=\"fa fa-compass\" style=\"color:#99d01b;\"><\/i><\/span>\n                    <div class=\"clear\"><\/div>\n                    <\/div>\n<h3>BENEFICIOS DE CREAR ESTOS V\u00cdNCULOS ENTRE FAMILIAS Y ESCUELAS<\/h3>\n<p>A continuaci\u00f3n, detallamos algunos de los beneficios de una buena relaci\u00f3n entre las familias y las escuelas infantiles:<\/p>\n<ul>\n<li><strong>Un mejor desarrollo de los ni\u00f1os:<\/strong> se benefician de un entorno educativo cuando se trabaja conjuntamente. Esto les ayuda a sentirse seguros y acogidos, y les permite desarrollarse al m\u00e1ximo de sus capacidades.<\/li>\n<li><strong>Una mayor satisfacci\u00f3n por parte de las familias:<\/strong> sienten que tienen un papel activo en la educaci\u00f3n de sus hijos e hijas y est\u00e1n m\u00e1s satisfechas con la escuela infantil.<\/li>\n<li><strong>Una mejor calidad de la educaci\u00f3n<\/strong>: se puede ofrecer una mejor calidad educativa cuando se trabaja estrechamente. Esto se debe a que las familias pueden proporcionar informaci\u00f3n y apoyo que ayuda a la escuela infantil a adaptarse a las necesidades individuales de los ni\u00f1os.<\/li>\n<\/ul>\n<p>&nbsp;<\/p>\n<p>En conclusi\u00f3n, la escuela infantil y la familia son dos agentes educativos que deben trabajar de manera coordinada y complementaria para ofrecer a los ni\u00f1os una educaci\u00f3n de calidad que les permita desarrollarse plenamente como personas.<\/p>\n<p>El v\u00ednculo debe ser, finalmente, un v\u00ednculo de coherencia, donde se <strong>compartan valores, objetivos y pautas educativas<\/strong>, que den a los ni\u00f1os un marco de referencia claro y estable.<\/p>\n<div  class=\"swmsc_horizontal_line\" style=\"padding-top:20px;padding-bottom:80px;\">\n                        <span class=\"swmsc_horizontal_line_h_line\" style=\"border-color:#99d01b;\"><\/span><span class=\"swmsc_horizontal_line_icon\"><i class=\"fa fa-compass\" style=\"color:#99d01b;\"><\/i><\/span>\n                    <div class=\"clear\"><\/div>\n                    <\/div>\n<p><strong><em>Rosa Garcia Roura. Educadora infantil y miembro del equipo de Comunicaci\u00f3n e Innovaci\u00f3n pedag\u00f3gica de Cavall de Cartr\u00f3.<\/em><\/strong><br \/>\n<iframe style=\"overflow: hidden; width: 1200px; height: 258px;\" width=\"1200\" height=\"240\" frameborder=\"0\" scrolling=\"no\" data-cookieconsent=\"marketing\" data-cookieblock-src=\"\/\/www.facebook.com\/plugins\/likebox.php?href=http%3A%2F%2Fwww.facebook.com%2F354052831640272&amp;width=1200&amp;height=258&amp;show_faces=true&amp;colorscheme=light&amp;stream=false&amp;border_color=%23FFF&amp;header=false\"><\/iframe><\/p>\n","protected":false},"excerpt":{"rendered":"<p>Las escuelas infantiles y las familias deben trabajar de manera coordinada y complementaria, para ofrecer a los ni\u00f1os y ni\u00f1as una educaci\u00f3n de calidad<\/p>\n","protected":false},"author":1,"featured_media":6357,"comment_status":"closed","ping_status":"closed","sticky":false,"template":"","format":"standard","meta":{"footnotes":""},"categories":[87,88],"tags":[233,444,237,241,238,318],"class_list":["post-6361","post","type-post","status-publish","format-standard","has-post-thumbnail","hentry","category-infancia-es","category-proyectos","tag-escuelas-infantiles-municipales","tag-familias","tag-ninas","tag-ninos-es","tag-ninos","tag-proyecto-psicopedagogico"],"yoast_head":"<!-- This site is optimized with the Yoast SEO plugin v27.4 - https:\/\/yoast.com\/product\/yoast-seo-wordpress\/ -->\n<title>La relaci\u00f3n entre las escuelas infantiles y las familias: un v\u00ednculo necesario<\/title>\n<meta name=\"description\" content=\"Las escuelas infantiles y las familias deben trabajar de manera coordinada y complementaria, para ofrecer una educaci\u00f3n de calidad\" \/>\n<meta name=\"robots\" content=\"index, follow, max-snippet:-1, max-image-preview:large, max-video-preview:-1\" \/>\n<link rel=\"canonical\" href=\"https:\/\/www.cavallcartro.cat\/es\/relacion-escuelas-infantiles-familias\" \/>\n<meta property=\"og:locale\" content=\"es_ES\" \/>\n<meta property=\"og:type\" content=\"article\" \/>\n<meta property=\"og:title\" content=\"La relaci\u00f3n entre las escuelas infantiles y las familias: un v\u00ednculo necesario\" \/>\n<meta property=\"og:description\" content=\"Las escuelas infantiles y las familias deben trabajar de manera coordinada y complementaria, para ofrecer una educaci\u00f3n de calidad\" \/>\n<meta property=\"og:url\" content=\"https:\/\/www.cavallcartro.cat\/es\/relacion-escuelas-infantiles-familias\" \/>\n<meta property=\"og:site_name\" content=\"Cavall de Cartr\u00f3 - Serveis Educatius\" \/>\n<meta property=\"article:publisher\" content=\"https:\/\/www.facebook.com\/cavallcartroedu\" \/>\n<meta property=\"article:published_time\" content=\"2024-02-01T11:24:18+00:00\" \/>\n<meta property=\"article:modified_time\" content=\"2024-02-01T15:36:30+00:00\" \/>\n<meta property=\"og:image\" content=\"https:\/\/www.cavallcartro.cat\/wp-content\/uploads\/2024\/01\/Relacio-entre-lescola-bressol-i-les-families.jpg\" \/>\n\t<meta property=\"og:image:width\" content=\"1200\" \/>\n\t<meta property=\"og:image:height\" content=\"600\" \/>\n\t<meta property=\"og:image:type\" content=\"image\/jpeg\" \/>\n<meta name=\"author\" content=\"cgarcia\" \/>\n<meta name=\"twitter:card\" content=\"summary_large_image\" \/>\n<meta name=\"twitter:creator\" content=\"@cavallcartroedu\" \/>\n<meta name=\"twitter:site\" content=\"@cavallcartroedu\" \/>\n<meta name=\"twitter:label1\" content=\"Escrito por\" \/>\n\t<meta name=\"twitter:data1\" content=\"cgarcia\" \/>\n\t<meta name=\"twitter:label2\" content=\"Tiempo de lectura\" \/>\n\t<meta name=\"twitter:data2\" content=\"4 minutos\" \/>\n<script type=\"application\/ld+json\" class=\"yoast-schema-graph\">{\"@context\":\"https:\\\/\\\/schema.org\",\"@graph\":[{\"@type\":\"Article\",\"@id\":\"https:\\\/\\\/www.cavallcartro.cat\\\/es\\\/relacion-escuelas-infantiles-familias#article\",\"isPartOf\":{\"@id\":\"https:\\\/\\\/www.cavallcartro.cat\\\/es\\\/relacion-escuelas-infantiles-familias\"},\"author\":{\"name\":\"cgarcia\",\"@id\":\"https:\\\/\\\/www.cavallcartro.cat\\\/#\\\/schema\\\/person\\\/6747bc1660e32d545ab2b8e5927ea542\"},\"headline\":\"La relaci\u00f3n entre las escuelas infantiles y las familias: un v\u00ednculo necesario y enriquecedor\",\"datePublished\":\"2024-02-01T11:24:18+00:00\",\"dateModified\":\"2024-02-01T15:36:30+00:00\",\"mainEntityOfPage\":{\"@id\":\"https:\\\/\\\/www.cavallcartro.cat\\\/es\\\/relacion-escuelas-infantiles-familias\"},\"wordCount\":658,\"publisher\":{\"@id\":\"https:\\\/\\\/www.cavallcartro.cat\\\/#organization\"},\"image\":{\"@id\":\"https:\\\/\\\/www.cavallcartro.cat\\\/es\\\/relacion-escuelas-infantiles-familias#primaryimage\"},\"thumbnailUrl\":\"https:\\\/\\\/www.cavallcartro.cat\\\/wp-content\\\/uploads\\\/2024\\\/01\\\/Relacio-entre-lescola-bressol-i-les-families.jpg\",\"keywords\":[\"escuelas infantiles municipales\",\"familias\",\"ni\u00f1as\",\"ni\u00f1os\",\"ni\u00f1os\",\"proyecto psicopedag\u00f3gico\"],\"articleSection\":[\"Infancia\",\"Proyectos\"],\"inLanguage\":\"es\"},{\"@type\":\"WebPage\",\"@id\":\"https:\\\/\\\/www.cavallcartro.cat\\\/es\\\/relacion-escuelas-infantiles-familias\",\"url\":\"https:\\\/\\\/www.cavallcartro.cat\\\/es\\\/relacion-escuelas-infantiles-familias\",\"name\":\"La relaci\u00f3n entre las escuelas infantiles y las familias: un v\u00ednculo necesario\",\"isPartOf\":{\"@id\":\"https:\\\/\\\/www.cavallcartro.cat\\\/#website\"},\"primaryImageOfPage\":{\"@id\":\"https:\\\/\\\/www.cavallcartro.cat\\\/es\\\/relacion-escuelas-infantiles-familias#primaryimage\"},\"image\":{\"@id\":\"https:\\\/\\\/www.cavallcartro.cat\\\/es\\\/relacion-escuelas-infantiles-familias#primaryimage\"},\"thumbnailUrl\":\"https:\\\/\\\/www.cavallcartro.cat\\\/wp-content\\\/uploads\\\/2024\\\/01\\\/Relacio-entre-lescola-bressol-i-les-families.jpg\",\"datePublished\":\"2024-02-01T11:24:18+00:00\",\"dateModified\":\"2024-02-01T15:36:30+00:00\",\"description\":\"Las escuelas infantiles y las familias deben trabajar de manera coordinada y complementaria, para ofrecer una educaci\u00f3n de calidad\",\"breadcrumb\":{\"@id\":\"https:\\\/\\\/www.cavallcartro.cat\\\/es\\\/relacion-escuelas-infantiles-familias#breadcrumb\"},\"inLanguage\":\"es\",\"potentialAction\":[{\"@type\":\"ReadAction\",\"target\":[\"https:\\\/\\\/www.cavallcartro.cat\\\/es\\\/relacion-escuelas-infantiles-familias\"]}]},{\"@type\":\"ImageObject\",\"inLanguage\":\"es\",\"@id\":\"https:\\\/\\\/www.cavallcartro.cat\\\/es\\\/relacion-escuelas-infantiles-familias#primaryimage\",\"url\":\"https:\\\/\\\/www.cavallcartro.cat\\\/wp-content\\\/uploads\\\/2024\\\/01\\\/Relacio-entre-lescola-bressol-i-les-families.jpg\",\"contentUrl\":\"https:\\\/\\\/www.cavallcartro.cat\\\/wp-content\\\/uploads\\\/2024\\\/01\\\/Relacio-entre-lescola-bressol-i-les-families.jpg\",\"width\":1200,\"height\":600,\"caption\":\"Relaci\u00f3 entre l'escola bressol i les fam\u00edlies\"},{\"@type\":\"BreadcrumbList\",\"@id\":\"https:\\\/\\\/www.cavallcartro.cat\\\/es\\\/relacion-escuelas-infantiles-familias#breadcrumb\",\"itemListElement\":[{\"@type\":\"ListItem\",\"position\":1,\"name\":\"Portada\",\"item\":\"https:\\\/\\\/www.cavallcartro.cat\\\/es\"},{\"@type\":\"ListItem\",\"position\":2,\"name\":\"La relaci\u00f3n entre las escuelas infantiles y las familias: un v\u00ednculo necesario y enriquecedor\"}]},{\"@type\":\"WebSite\",\"@id\":\"https:\\\/\\\/www.cavallcartro.cat\\\/#website\",\"url\":\"https:\\\/\\\/www.cavallcartro.cat\\\/\",\"name\":\"Cavall de Cartr\u00f3\",\"description\":\"Gesti\u00f3 d&#039;escoles bressol i llars d&#039;infants municipals a Barcelona i tota Catalunya.\",\"publisher\":{\"@id\":\"https:\\\/\\\/www.cavallcartro.cat\\\/#organization\"},\"potentialAction\":[{\"@type\":\"SearchAction\",\"target\":{\"@type\":\"EntryPoint\",\"urlTemplate\":\"https:\\\/\\\/www.cavallcartro.cat\\\/?s={search_term_string}\"},\"query-input\":{\"@type\":\"PropertyValueSpecification\",\"valueRequired\":true,\"valueName\":\"search_term_string\"}}],\"inLanguage\":\"es\"},{\"@type\":\"Organization\",\"@id\":\"https:\\\/\\\/www.cavallcartro.cat\\\/#organization\",\"name\":\"Cavall de Cartr\u00f3\",\"url\":\"https:\\\/\\\/www.cavallcartro.cat\\\/\",\"logo\":{\"@type\":\"ImageObject\",\"inLanguage\":\"es\",\"@id\":\"https:\\\/\\\/www.cavallcartro.cat\\\/#\\\/schema\\\/logo\\\/image\\\/\",\"url\":\"https:\\\/\\\/www.cavallcartro.cat\\\/wp-content\\\/uploads\\\/2020\\\/07\\\/Logo-Cavall-de-Cartr\u00f3-gesti\u00f3-escoles-bressol-i-menjadors-escolars-e1596129492304.png\",\"contentUrl\":\"https:\\\/\\\/www.cavallcartro.cat\\\/wp-content\\\/uploads\\\/2020\\\/07\\\/Logo-Cavall-de-Cartr\u00f3-gesti\u00f3-escoles-bressol-i-menjadors-escolars-e1596129492304.png\",\"width\":528,\"height\":274,\"caption\":\"Cavall de Cartr\u00f3\"},\"image\":{\"@id\":\"https:\\\/\\\/www.cavallcartro.cat\\\/#\\\/schema\\\/logo\\\/image\\\/\"},\"sameAs\":[\"https:\\\/\\\/www.facebook.com\\\/cavallcartroedu\",\"https:\\\/\\\/x.com\\\/cavallcartroedu\",\"https:\\\/\\\/www.instagram.com\\\/cavallcartroedu\\\/\",\"https:\\\/\\\/www.youtube.com\\\/@CavalldeCartro\"]},{\"@type\":\"Person\",\"@id\":\"https:\\\/\\\/www.cavallcartro.cat\\\/#\\\/schema\\\/person\\\/6747bc1660e32d545ab2b8e5927ea542\",\"name\":\"cgarcia\",\"image\":{\"@type\":\"ImageObject\",\"inLanguage\":\"es\",\"@id\":\"https:\\\/\\\/secure.gravatar.com\\\/avatar\\\/469990a84f48a39e93ee0d8243415a74ba5692f608ea41afee8cae0e81f99f77?s=96&d=mm&r=g\",\"url\":\"https:\\\/\\\/secure.gravatar.com\\\/avatar\\\/469990a84f48a39e93ee0d8243415a74ba5692f608ea41afee8cae0e81f99f77?s=96&d=mm&r=g\",\"contentUrl\":\"https:\\\/\\\/secure.gravatar.com\\\/avatar\\\/469990a84f48a39e93ee0d8243415a74ba5692f608ea41afee8cae0e81f99f77?s=96&d=mm&r=g\",\"caption\":\"cgarcia\"},\"url\":\"https:\\\/\\\/www.cavallcartro.cat\\\/es\\\/author\\\/cgarcia\"}]}<\/script>\n<!-- \/ Yoast SEO plugin. -->","yoast_head_json":{"title":"La relaci\u00f3n entre las escuelas infantiles y las familias: un v\u00ednculo necesario","description":"Las escuelas infantiles y las familias deben trabajar de manera coordinada y complementaria, para ofrecer una educaci\u00f3n de calidad","robots":{"index":"index","follow":"follow","max-snippet":"max-snippet:-1","max-image-preview":"max-image-preview:large","max-video-preview":"max-video-preview:-1"},"canonical":"https:\/\/www.cavallcartro.cat\/es\/relacion-escuelas-infantiles-familias","og_locale":"es_ES","og_type":"article","og_title":"La relaci\u00f3n entre las escuelas infantiles y las familias: un v\u00ednculo necesario","og_description":"Las escuelas infantiles y las familias deben trabajar de manera coordinada y complementaria, para ofrecer una educaci\u00f3n de calidad","og_url":"https:\/\/www.cavallcartro.cat\/es\/relacion-escuelas-infantiles-familias","og_site_name":"Cavall de Cartr\u00f3 - Serveis Educatius","article_publisher":"https:\/\/www.facebook.com\/cavallcartroedu","article_published_time":"2024-02-01T11:24:18+00:00","article_modified_time":"2024-02-01T15:36:30+00:00","og_image":[{"width":1200,"height":600,"url":"https:\/\/www.cavallcartro.cat\/wp-content\/uploads\/2024\/01\/Relacio-entre-lescola-bressol-i-les-families.jpg","type":"image\/jpeg"}],"author":"cgarcia","twitter_card":"summary_large_image","twitter_creator":"@cavallcartroedu","twitter_site":"@cavallcartroedu","twitter_misc":{"Escrito por":"cgarcia","Tiempo de lectura":"4 minutos"},"schema":{"@context":"https:\/\/schema.org","@graph":[{"@type":"Article","@id":"https:\/\/www.cavallcartro.cat\/es\/relacion-escuelas-infantiles-familias#article","isPartOf":{"@id":"https:\/\/www.cavallcartro.cat\/es\/relacion-escuelas-infantiles-familias"},"author":{"name":"cgarcia","@id":"https:\/\/www.cavallcartro.cat\/#\/schema\/person\/6747bc1660e32d545ab2b8e5927ea542"},"headline":"La relaci\u00f3n entre las escuelas infantiles y las familias: un v\u00ednculo necesario y enriquecedor","datePublished":"2024-02-01T11:24:18+00:00","dateModified":"2024-02-01T15:36:30+00:00","mainEntityOfPage":{"@id":"https:\/\/www.cavallcartro.cat\/es\/relacion-escuelas-infantiles-familias"},"wordCount":658,"publisher":{"@id":"https:\/\/www.cavallcartro.cat\/#organization"},"image":{"@id":"https:\/\/www.cavallcartro.cat\/es\/relacion-escuelas-infantiles-familias#primaryimage"},"thumbnailUrl":"https:\/\/www.cavallcartro.cat\/wp-content\/uploads\/2024\/01\/Relacio-entre-lescola-bressol-i-les-families.jpg","keywords":["escuelas infantiles municipales","familias","ni\u00f1as","ni\u00f1os","ni\u00f1os","proyecto psicopedag\u00f3gico"],"articleSection":["Infancia","Proyectos"],"inLanguage":"es"},{"@type":"WebPage","@id":"https:\/\/www.cavallcartro.cat\/es\/relacion-escuelas-infantiles-familias","url":"https:\/\/www.cavallcartro.cat\/es\/relacion-escuelas-infantiles-familias","name":"La relaci\u00f3n entre las escuelas infantiles y las familias: un v\u00ednculo necesario","isPartOf":{"@id":"https:\/\/www.cavallcartro.cat\/#website"},"primaryImageOfPage":{"@id":"https:\/\/www.cavallcartro.cat\/es\/relacion-escuelas-infantiles-familias#primaryimage"},"image":{"@id":"https:\/\/www.cavallcartro.cat\/es\/relacion-escuelas-infantiles-familias#primaryimage"},"thumbnailUrl":"https:\/\/www.cavallcartro.cat\/wp-content\/uploads\/2024\/01\/Relacio-entre-lescola-bressol-i-les-families.jpg","datePublished":"2024-02-01T11:24:18+00:00","dateModified":"2024-02-01T15:36:30+00:00","description":"Las escuelas infantiles y las familias deben trabajar de manera coordinada y complementaria, para ofrecer una educaci\u00f3n de calidad","breadcrumb":{"@id":"https:\/\/www.cavallcartro.cat\/es\/relacion-escuelas-infantiles-familias#breadcrumb"},"inLanguage":"es","potentialAction":[{"@type":"ReadAction","target":["https:\/\/www.cavallcartro.cat\/es\/relacion-escuelas-infantiles-familias"]}]},{"@type":"ImageObject","inLanguage":"es","@id":"https:\/\/www.cavallcartro.cat\/es\/relacion-escuelas-infantiles-familias#primaryimage","url":"https:\/\/www.cavallcartro.cat\/wp-content\/uploads\/2024\/01\/Relacio-entre-lescola-bressol-i-les-families.jpg","contentUrl":"https:\/\/www.cavallcartro.cat\/wp-content\/uploads\/2024\/01\/Relacio-entre-lescola-bressol-i-les-families.jpg","width":1200,"height":600,"caption":"Relaci\u00f3 entre l'escola bressol i les fam\u00edlies"},{"@type":"BreadcrumbList","@id":"https:\/\/www.cavallcartro.cat\/es\/relacion-escuelas-infantiles-familias#breadcrumb","itemListElement":[{"@type":"ListItem","position":1,"name":"Portada","item":"https:\/\/www.cavallcartro.cat\/es"},{"@type":"ListItem","position":2,"name":"La relaci\u00f3n entre las escuelas infantiles y las familias: un v\u00ednculo necesario y enriquecedor"}]},{"@type":"WebSite","@id":"https:\/\/www.cavallcartro.cat\/#website","url":"https:\/\/www.cavallcartro.cat\/","name":"Cavall de Cartr\u00f3","description":"Gesti\u00f3 d&#039;escoles bressol i llars d&#039;infants municipals a Barcelona i tota Catalunya.","publisher":{"@id":"https:\/\/www.cavallcartro.cat\/#organization"},"potentialAction":[{"@type":"SearchAction","target":{"@type":"EntryPoint","urlTemplate":"https:\/\/www.cavallcartro.cat\/?s={search_term_string}"},"query-input":{"@type":"PropertyValueSpecification","valueRequired":true,"valueName":"search_term_string"}}],"inLanguage":"es"},{"@type":"Organization","@id":"https:\/\/www.cavallcartro.cat\/#organization","name":"Cavall de Cartr\u00f3","url":"https:\/\/www.cavallcartro.cat\/","logo":{"@type":"ImageObject","inLanguage":"es","@id":"https:\/\/www.cavallcartro.cat\/#\/schema\/logo\/image\/","url":"https:\/\/www.cavallcartro.cat\/wp-content\/uploads\/2020\/07\/Logo-Cavall-de-Cartr\u00f3-gesti\u00f3-escoles-bressol-i-menjadors-escolars-e1596129492304.png","contentUrl":"https:\/\/www.cavallcartro.cat\/wp-content\/uploads\/2020\/07\/Logo-Cavall-de-Cartr\u00f3-gesti\u00f3-escoles-bressol-i-menjadors-escolars-e1596129492304.png","width":528,"height":274,"caption":"Cavall de Cartr\u00f3"},"image":{"@id":"https:\/\/www.cavallcartro.cat\/#\/schema\/logo\/image\/"},"sameAs":["https:\/\/www.facebook.com\/cavallcartroedu","https:\/\/x.com\/cavallcartroedu","https:\/\/www.instagram.com\/cavallcartroedu\/","https:\/\/www.youtube.com\/@CavalldeCartro"]},{"@type":"Person","@id":"https:\/\/www.cavallcartro.cat\/#\/schema\/person\/6747bc1660e32d545ab2b8e5927ea542","name":"cgarcia","image":{"@type":"ImageObject","inLanguage":"es","@id":"https:\/\/secure.gravatar.com\/avatar\/469990a84f48a39e93ee0d8243415a74ba5692f608ea41afee8cae0e81f99f77?s=96&d=mm&r=g","url":"https:\/\/secure.gravatar.com\/avatar\/469990a84f48a39e93ee0d8243415a74ba5692f608ea41afee8cae0e81f99f77?s=96&d=mm&r=g","contentUrl":"https:\/\/secure.gravatar.com\/avatar\/469990a84f48a39e93ee0d8243415a74ba5692f608ea41afee8cae0e81f99f77?s=96&d=mm&r=g","caption":"cgarcia"},"url":"https:\/\/www.cavallcartro.cat\/es\/author\/cgarcia"}]}},"_links":{"self":[{"href":"https:\/\/www.cavallcartro.cat\/es\/wp-json\/wp\/v2\/posts\/6361","targetHints":{"allow":["GET"]}}],"collection":[{"href":"https:\/\/www.cavallcartro.cat\/es\/wp-json\/wp\/v2\/posts"}],"about":[{"href":"https:\/\/www.cavallcartro.cat\/es\/wp-json\/wp\/v2\/types\/post"}],"author":[{"embeddable":true,"href":"https:\/\/www.cavallcartro.cat\/es\/wp-json\/wp\/v2\/users\/1"}],"replies":[{"embeddable":true,"href":"https:\/\/www.cavallcartro.cat\/es\/wp-json\/wp\/v2\/comments?post=6361"}],"version-history":[{"count":4,"href":"https:\/\/www.cavallcartro.cat\/es\/wp-json\/wp\/v2\/posts\/6361\/revisions"}],"predecessor-version":[{"id":6367,"href":"https:\/\/www.cavallcartro.cat\/es\/wp-json\/wp\/v2\/posts\/6361\/revisions\/6367"}],"wp:featuredmedia":[{"embeddable":true,"href":"https:\/\/www.cavallcartro.cat\/es\/wp-json\/wp\/v2\/media\/6357"}],"wp:attachment":[{"href":"https:\/\/www.cavallcartro.cat\/es\/wp-json\/wp\/v2\/media?parent=6361"}],"wp:term":[{"taxonomy":"category","embeddable":true,"href":"https:\/\/www.cavallcartro.cat\/es\/wp-json\/wp\/v2\/categories?post=6361"},{"taxonomy":"post_tag","embeddable":true,"href":"https:\/\/www.cavallcartro.cat\/es\/wp-json\/wp\/v2\/tags?post=6361"}],"curies":[{"name":"wp","href":"https:\/\/api.w.org\/{rel}","templated":true}]}}