{"id":6284,"date":"2023-12-21T22:55:51","date_gmt":"2023-12-21T22:55:51","guid":{"rendered":"https:\/\/www.cavallcartro.cat\/las-escuelas-infantiles-cavall-de-cartro-trabajamos-contra-el-desperdicio-alimentario"},"modified":"2024-01-08T09:54:41","modified_gmt":"2024-01-08T09:54:41","slug":"escuelas-infantiles-contra-despilfarro-alimentario","status":"publish","type":"post","link":"https:\/\/www.cavallcartro.cat\/es\/escuelas-infantiles-contra-despilfarro-alimentario","title":{"rendered":"Las escuelas infantiles Cavall de Cartr\u00f3 trabajamos contra el despilfarro alimentario"},"content":{"rendered":"<h3>Las escuelas infantiles gestionadas por Cavall de Cartr\u00f3 llevamos a cabo una prueba piloto en varios municipios catalanes con el objetivo de combatir el despilfarro alimentario.<\/h3>\n<p>La prueba servir\u00e1 para fomentar el consumo y la producci\u00f3n responsables entre los ni\u00f1os y ni\u00f1as. Tambi\u00e9n proporcionar\u00e1 a los profesionales herramientas para crear un plan personalizado de prevenci\u00f3n del desperdicio y un programa de educaci\u00f3n para la reducci\u00f3n.<\/p>\n<p>La primera fase de la prueba piloto, que realizamos durante\u00a0este curso 2023-2024, consiste en pesar los alimentos que se desaprovechan en las diferentes rotaciones de los men\u00fas de cada escuela.<\/p>\n<p>De esta manera, detectaremos cu\u00e1les son las partes comestibles de los alimentos que han quedado en mal estado, han caducado o no se han consumido una vez cocinados.<\/p>\n<div  class=\"swmsc_horizontal_line\" style=\"padding-top:20px;padding-bottom:80px;\">\n                        <span class=\"swmsc_horizontal_line_h_line\" style=\"border-color:#99d01b;\"><\/span><span class=\"swmsc_horizontal_line_icon\"><i class=\"fa fa-compass\" style=\"color:#99d01b;\"><\/i><\/span>\n                    <div class=\"clear\"><\/div>\n                    <\/div>\n<h3>MEDIR Y CUANTIFICAR EL DESPERDICIO PARA PLANIFICAR SOLUCIONES<\/h3>\n<p>\u00abCuantificando los alimentos sobrantes, esperamos identificar en qu\u00e9 puntos se produce el desperdicio. Podemos as\u00ed definir las acciones correctoras y preventivas que se llevar\u00e1n a cabo para reducirlos, asignando responsabilidades, plazos y recursos\u00bb, dice <strong>Montse Sagu\u00e9s<\/strong>, t\u00e9cnica de calidad y medio ambiente de Cavall de Cartr\u00f3.<\/p>\n<p>La iniciativa se enmarca en el <span style=\"color: #99cc00;\"><a style=\"color: #99cc00;\" href=\"https:\/\/residus.gencat.cat\/ca\/ambits_dactuacio\/prevencio\/malbaratament_alimentari\/\" target=\"_blank\" rel=\"noopener\">Plan de Prevenci\u00f3n de las p\u00e9rdidas y el desperdicio alimentario<\/a><\/span> de la Generalitat, que pretende reducirlo a la mitad para el 2030.<\/p>\n<p>Con el an\u00e1lisis de los resultados obtenidos en las escuelas infantiles, se plantear\u00e1 el Plan de Prevenci\u00f3n del Desperdicio Alimentario. Este incluir\u00e1 las acciones a seguir para disminuir la cantidad de <span style=\"color: #99cc00;\"><a style=\"color: #99cc00;\" href=\"https:\/\/www.cavallcartro.cat\/es\/tag\/alimentacion\">alimentos<\/a><\/span> que no se aprovechan, tanto en la preparaci\u00f3n como en el consumo.<\/p>\n<p>En las escuelas infantiles, Cavall de Cartr\u00f3 promueve h\u00e1bitos de consumo responsable optando por alimentos de temporada, locales, ecol\u00f3gicos y de proximidad.<\/p>\n<p  class=\"swmsc_alert_success_box swmsc_alert_boxes\" >La lluita contra el malbaratament alimentari implica moltes petites accions amb diferents actors i espais. No queda acotada nom\u00e9s a les hores de dinar.<\/p>\n<div  class=\"swmsc_horizontal_line\" style=\"padding-top:20px;padding-bottom:80px;\">\n                        <span class=\"swmsc_horizontal_line_h_line\" style=\"border-color:#99d01b;\"><\/span><span class=\"swmsc_horizontal_line_icon\"><i class=\"fa fa-compass\" style=\"color:#99d01b;\"><\/i><\/span>\n                    <div class=\"clear\"><\/div>\n                    <\/div>\n<p><iframe style=\"overflow: hidden; width: 1200px; height: 258px;\" data-cookieconsent=\"marketing\" data-cookieblock-src=\"\/\/www.facebook.com\/plugins\/likebox.php?href=http%3A%2F%2Fwww.facebook.com%2F354052831640272&amp;width=1200&amp;height=258&amp;show_faces=true&amp;colorscheme=light&amp;stream=false&amp;border_color=%23FFF&amp;header=false\" width=\"1200\" height=\"240\" frameborder=\"0\" scrolling=\"no\"><\/iframe><\/p>\n","protected":false},"excerpt":{"rendered":"<p>Las escuelas infantiles Cavall de Cartr\u00f3 trabajamos contra el despilfarro alimentario<\/p>\n","protected":false},"author":1,"featured_media":6278,"comment_status":"closed","ping_status":"closed","sticky":false,"template":"","format":"standard","meta":{"footnotes":""},"categories":[88],"tags":[283,483,86,453],"class_list":["post-6284","post","type-post","status-publish","format-standard","has-post-thumbnail","hentry","category-proyectos","tag-alimentacion","tag-despilfarro-alimentario","tag-responsabilitat-social-es","tag-rsc-es"],"yoast_head":"<!-- This site is optimized with the Yoast SEO plugin v27.5 - https:\/\/yoast.com\/product\/yoast-seo-wordpress\/ -->\n<title>Escuelas infantiles Cavall de Cartr\u00f3 contra el despilfarro alimentario<\/title>\n<meta name=\"description\" content=\"Las escuelas infantiles gestionadas por Cavall de Cartr\u00f3 trabajamos en una prueba piloto contra el despilfarro alimentario\" \/>\n<meta name=\"robots\" content=\"index, follow, max-snippet:-1, max-image-preview:large, max-video-preview:-1\" \/>\n<link rel=\"canonical\" href=\"https:\/\/www.cavallcartro.cat\/es\/escuelas-infantiles-contra-despilfarro-alimentario\" \/>\n<meta property=\"og:locale\" content=\"es_ES\" \/>\n<meta property=\"og:type\" content=\"article\" \/>\n<meta property=\"og:title\" content=\"Escuelas infantiles Cavall de Cartr\u00f3 contra el despilfarro alimentario\" \/>\n<meta property=\"og:description\" content=\"Las escuelas infantiles gestionadas por Cavall de Cartr\u00f3 trabajamos en una prueba piloto contra el despilfarro alimentario\" \/>\n<meta property=\"og:url\" content=\"https:\/\/www.cavallcartro.cat\/es\/escuelas-infantiles-contra-despilfarro-alimentario\" \/>\n<meta property=\"og:site_name\" content=\"Cavall de Cartr\u00f3 - Serveis Educatius\" \/>\n<meta property=\"article:publisher\" content=\"https:\/\/www.facebook.com\/cavallcartroedu\" \/>\n<meta property=\"article:published_time\" content=\"2023-12-21T22:55:51+00:00\" \/>\n<meta property=\"article:modified_time\" content=\"2024-01-08T09:54:41+00:00\" \/>\n<meta property=\"og:image\" content=\"https:\/\/www.cavallcartro.cat\/wp-content\/uploads\/2023\/12\/Pla-contra-el-malbaratament-alimentari-a-les-escoles-bressol-Cavall-de-Cartro-1024x513.jpg\" \/>\n<meta name=\"author\" content=\"cgarcia\" \/>\n<meta name=\"twitter:card\" content=\"summary_large_image\" \/>\n<meta name=\"twitter:image\" content=\"https:\/\/www.cavallcartro.cat\/wp-content\/uploads\/2023\/12\/Pla-contra-el-malbaratament-alimentari-a-les-escoles-bressol-Cavall-de-Cartro-1024x513.jpg\" \/>\n<meta name=\"twitter:creator\" content=\"@cavallcartroedu\" \/>\n<meta name=\"twitter:site\" content=\"@cavallcartroedu\" \/>\n<meta name=\"twitter:label1\" content=\"Escrito por\" \/>\n\t<meta name=\"twitter:data1\" content=\"cgarcia\" \/>\n\t<meta name=\"twitter:label2\" content=\"Tiempo de lectura\" \/>\n\t<meta name=\"twitter:data2\" content=\"2 minutos\" \/>\n<script type=\"application\/ld+json\" class=\"yoast-schema-graph\">{\"@context\":\"https:\\\/\\\/schema.org\",\"@graph\":[{\"@type\":\"Article\",\"@id\":\"https:\\\/\\\/www.cavallcartro.cat\\\/es\\\/escuelas-infantiles-contra-despilfarro-alimentario#article\",\"isPartOf\":{\"@id\":\"https:\\\/\\\/www.cavallcartro.cat\\\/es\\\/escuelas-infantiles-contra-despilfarro-alimentario\"},\"author\":{\"name\":\"cgarcia\",\"@id\":\"https:\\\/\\\/www.cavallcartro.cat\\\/#\\\/schema\\\/person\\\/6747bc1660e32d545ab2b8e5927ea542\"},\"headline\":\"Las escuelas infantiles Cavall de Cartr\u00f3 trabajamos contra el despilfarro alimentario\",\"datePublished\":\"2023-12-21T22:55:51+00:00\",\"dateModified\":\"2024-01-08T09:54:41+00:00\",\"mainEntityOfPage\":{\"@id\":\"https:\\\/\\\/www.cavallcartro.cat\\\/es\\\/escuelas-infantiles-contra-despilfarro-alimentario\"},\"wordCount\":380,\"publisher\":{\"@id\":\"https:\\\/\\\/www.cavallcartro.cat\\\/#organization\"},\"image\":{\"@id\":\"https:\\\/\\\/www.cavallcartro.cat\\\/es\\\/escuelas-infantiles-contra-despilfarro-alimentario#primaryimage\"},\"thumbnailUrl\":\"https:\\\/\\\/www.cavallcartro.cat\\\/wp-content\\\/uploads\\\/2023\\\/12\\\/Pla-contra-el-malbaratament-alimentari-a-les-escoles-bressol-Cavall-de-Cartro.jpg\",\"keywords\":[\"alimentaci\u00f3n\",\"desfilparro alimentario\",\"Responsabilitat Social\",\"rsc\"],\"articleSection\":[\"Proyectos\"],\"inLanguage\":\"es\"},{\"@type\":\"WebPage\",\"@id\":\"https:\\\/\\\/www.cavallcartro.cat\\\/es\\\/escuelas-infantiles-contra-despilfarro-alimentario\",\"url\":\"https:\\\/\\\/www.cavallcartro.cat\\\/es\\\/escuelas-infantiles-contra-despilfarro-alimentario\",\"name\":\"Escuelas infantiles Cavall de Cartr\u00f3 contra el despilfarro alimentario\",\"isPartOf\":{\"@id\":\"https:\\\/\\\/www.cavallcartro.cat\\\/#website\"},\"primaryImageOfPage\":{\"@id\":\"https:\\\/\\\/www.cavallcartro.cat\\\/es\\\/escuelas-infantiles-contra-despilfarro-alimentario#primaryimage\"},\"image\":{\"@id\":\"https:\\\/\\\/www.cavallcartro.cat\\\/es\\\/escuelas-infantiles-contra-despilfarro-alimentario#primaryimage\"},\"thumbnailUrl\":\"https:\\\/\\\/www.cavallcartro.cat\\\/wp-content\\\/uploads\\\/2023\\\/12\\\/Pla-contra-el-malbaratament-alimentari-a-les-escoles-bressol-Cavall-de-Cartro.jpg\",\"datePublished\":\"2023-12-21T22:55:51+00:00\",\"dateModified\":\"2024-01-08T09:54:41+00:00\",\"description\":\"Las escuelas infantiles gestionadas por Cavall de Cartr\u00f3 trabajamos en una prueba piloto contra el despilfarro alimentario\",\"breadcrumb\":{\"@id\":\"https:\\\/\\\/www.cavallcartro.cat\\\/es\\\/escuelas-infantiles-contra-despilfarro-alimentario#breadcrumb\"},\"inLanguage\":\"es\",\"potentialAction\":[{\"@type\":\"ReadAction\",\"target\":[\"https:\\\/\\\/www.cavallcartro.cat\\\/es\\\/escuelas-infantiles-contra-despilfarro-alimentario\"]}]},{\"@type\":\"ImageObject\",\"inLanguage\":\"es\",\"@id\":\"https:\\\/\\\/www.cavallcartro.cat\\\/es\\\/escuelas-infantiles-contra-despilfarro-alimentario#primaryimage\",\"url\":\"https:\\\/\\\/www.cavallcartro.cat\\\/wp-content\\\/uploads\\\/2023\\\/12\\\/Pla-contra-el-malbaratament-alimentari-a-les-escoles-bressol-Cavall-de-Cartro.jpg\",\"contentUrl\":\"https:\\\/\\\/www.cavallcartro.cat\\\/wp-content\\\/uploads\\\/2023\\\/12\\\/Pla-contra-el-malbaratament-alimentari-a-les-escoles-bressol-Cavall-de-Cartro.jpg\",\"width\":1200,\"height\":601,\"caption\":\"Pla contra el malbaratament alimentari a les escoles bressol Cavall de Cartr\u00f3\"},{\"@type\":\"BreadcrumbList\",\"@id\":\"https:\\\/\\\/www.cavallcartro.cat\\\/es\\\/escuelas-infantiles-contra-despilfarro-alimentario#breadcrumb\",\"itemListElement\":[{\"@type\":\"ListItem\",\"position\":1,\"name\":\"Portada\",\"item\":\"https:\\\/\\\/www.cavallcartro.cat\\\/es\"},{\"@type\":\"ListItem\",\"position\":2,\"name\":\"Las escuelas infantiles Cavall de Cartr\u00f3 trabajamos contra el despilfarro alimentario\"}]},{\"@type\":\"WebSite\",\"@id\":\"https:\\\/\\\/www.cavallcartro.cat\\\/#website\",\"url\":\"https:\\\/\\\/www.cavallcartro.cat\\\/\",\"name\":\"Cavall de Cartr\u00f3\",\"description\":\"Gesti\u00f3 d&#039;escoles bressol i llars d&#039;infants municipals a Barcelona i tota Catalunya.\",\"publisher\":{\"@id\":\"https:\\\/\\\/www.cavallcartro.cat\\\/#organization\"},\"potentialAction\":[{\"@type\":\"SearchAction\",\"target\":{\"@type\":\"EntryPoint\",\"urlTemplate\":\"https:\\\/\\\/www.cavallcartro.cat\\\/?s={search_term_string}\"},\"query-input\":{\"@type\":\"PropertyValueSpecification\",\"valueRequired\":true,\"valueName\":\"search_term_string\"}}],\"inLanguage\":\"es\"},{\"@type\":\"Organization\",\"@id\":\"https:\\\/\\\/www.cavallcartro.cat\\\/#organization\",\"name\":\"Cavall de Cartr\u00f3\",\"url\":\"https:\\\/\\\/www.cavallcartro.cat\\\/\",\"logo\":{\"@type\":\"ImageObject\",\"inLanguage\":\"es\",\"@id\":\"https:\\\/\\\/www.cavallcartro.cat\\\/#\\\/schema\\\/logo\\\/image\\\/\",\"url\":\"https:\\\/\\\/www.cavallcartro.cat\\\/wp-content\\\/uploads\\\/2020\\\/07\\\/Logo-Cavall-de-Cartr\u00f3-gesti\u00f3-escoles-bressol-i-menjadors-escolars-e1596129492304.png\",\"contentUrl\":\"https:\\\/\\\/www.cavallcartro.cat\\\/wp-content\\\/uploads\\\/2020\\\/07\\\/Logo-Cavall-de-Cartr\u00f3-gesti\u00f3-escoles-bressol-i-menjadors-escolars-e1596129492304.png\",\"width\":528,\"height\":274,\"caption\":\"Cavall de Cartr\u00f3\"},\"image\":{\"@id\":\"https:\\\/\\\/www.cavallcartro.cat\\\/#\\\/schema\\\/logo\\\/image\\\/\"},\"sameAs\":[\"https:\\\/\\\/www.facebook.com\\\/cavallcartroedu\",\"https:\\\/\\\/x.com\\\/cavallcartroedu\",\"https:\\\/\\\/www.instagram.com\\\/cavallcartroedu\\\/\",\"https:\\\/\\\/www.youtube.com\\\/@CavalldeCartro\"]},{\"@type\":\"Person\",\"@id\":\"https:\\\/\\\/www.cavallcartro.cat\\\/#\\\/schema\\\/person\\\/6747bc1660e32d545ab2b8e5927ea542\",\"name\":\"cgarcia\",\"image\":{\"@type\":\"ImageObject\",\"inLanguage\":\"es\",\"@id\":\"https:\\\/\\\/secure.gravatar.com\\\/avatar\\\/469990a84f48a39e93ee0d8243415a74ba5692f608ea41afee8cae0e81f99f77?s=96&d=mm&r=g\",\"url\":\"https:\\\/\\\/secure.gravatar.com\\\/avatar\\\/469990a84f48a39e93ee0d8243415a74ba5692f608ea41afee8cae0e81f99f77?s=96&d=mm&r=g\",\"contentUrl\":\"https:\\\/\\\/secure.gravatar.com\\\/avatar\\\/469990a84f48a39e93ee0d8243415a74ba5692f608ea41afee8cae0e81f99f77?s=96&d=mm&r=g\",\"caption\":\"cgarcia\"},\"url\":\"https:\\\/\\\/www.cavallcartro.cat\\\/es\\\/author\\\/cgarcia\"}]}<\/script>\n<!-- \/ Yoast SEO plugin. -->","yoast_head_json":{"title":"Escuelas infantiles Cavall de Cartr\u00f3 contra el despilfarro alimentario","description":"Las escuelas infantiles gestionadas por Cavall de Cartr\u00f3 trabajamos en una prueba piloto contra el despilfarro alimentario","robots":{"index":"index","follow":"follow","max-snippet":"max-snippet:-1","max-image-preview":"max-image-preview:large","max-video-preview":"max-video-preview:-1"},"canonical":"https:\/\/www.cavallcartro.cat\/es\/escuelas-infantiles-contra-despilfarro-alimentario","og_locale":"es_ES","og_type":"article","og_title":"Escuelas infantiles Cavall de Cartr\u00f3 contra el despilfarro alimentario","og_description":"Las escuelas infantiles gestionadas por Cavall de Cartr\u00f3 trabajamos en una prueba piloto contra el despilfarro alimentario","og_url":"https:\/\/www.cavallcartro.cat\/es\/escuelas-infantiles-contra-despilfarro-alimentario","og_site_name":"Cavall de Cartr\u00f3 - Serveis Educatius","article_publisher":"https:\/\/www.facebook.com\/cavallcartroedu","article_published_time":"2023-12-21T22:55:51+00:00","article_modified_time":"2024-01-08T09:54:41+00:00","og_image":[{"url":"https:\/\/www.cavallcartro.cat\/wp-content\/uploads\/2023\/12\/Pla-contra-el-malbaratament-alimentari-a-les-escoles-bressol-Cavall-de-Cartro-1024x513.jpg","type":"","width":"","height":""}],"author":"cgarcia","twitter_card":"summary_large_image","twitter_image":"https:\/\/www.cavallcartro.cat\/wp-content\/uploads\/2023\/12\/Pla-contra-el-malbaratament-alimentari-a-les-escoles-bressol-Cavall-de-Cartro-1024x513.jpg","twitter_creator":"@cavallcartroedu","twitter_site":"@cavallcartroedu","twitter_misc":{"Escrito por":"cgarcia","Tiempo de lectura":"2 minutos"},"schema":{"@context":"https:\/\/schema.org","@graph":[{"@type":"Article","@id":"https:\/\/www.cavallcartro.cat\/es\/escuelas-infantiles-contra-despilfarro-alimentario#article","isPartOf":{"@id":"https:\/\/www.cavallcartro.cat\/es\/escuelas-infantiles-contra-despilfarro-alimentario"},"author":{"name":"cgarcia","@id":"https:\/\/www.cavallcartro.cat\/#\/schema\/person\/6747bc1660e32d545ab2b8e5927ea542"},"headline":"Las escuelas infantiles Cavall de Cartr\u00f3 trabajamos contra el despilfarro alimentario","datePublished":"2023-12-21T22:55:51+00:00","dateModified":"2024-01-08T09:54:41+00:00","mainEntityOfPage":{"@id":"https:\/\/www.cavallcartro.cat\/es\/escuelas-infantiles-contra-despilfarro-alimentario"},"wordCount":380,"publisher":{"@id":"https:\/\/www.cavallcartro.cat\/#organization"},"image":{"@id":"https:\/\/www.cavallcartro.cat\/es\/escuelas-infantiles-contra-despilfarro-alimentario#primaryimage"},"thumbnailUrl":"https:\/\/www.cavallcartro.cat\/wp-content\/uploads\/2023\/12\/Pla-contra-el-malbaratament-alimentari-a-les-escoles-bressol-Cavall-de-Cartro.jpg","keywords":["alimentaci\u00f3n","desfilparro alimentario","Responsabilitat Social","rsc"],"articleSection":["Proyectos"],"inLanguage":"es"},{"@type":"WebPage","@id":"https:\/\/www.cavallcartro.cat\/es\/escuelas-infantiles-contra-despilfarro-alimentario","url":"https:\/\/www.cavallcartro.cat\/es\/escuelas-infantiles-contra-despilfarro-alimentario","name":"Escuelas infantiles Cavall de Cartr\u00f3 contra el despilfarro alimentario","isPartOf":{"@id":"https:\/\/www.cavallcartro.cat\/#website"},"primaryImageOfPage":{"@id":"https:\/\/www.cavallcartro.cat\/es\/escuelas-infantiles-contra-despilfarro-alimentario#primaryimage"},"image":{"@id":"https:\/\/www.cavallcartro.cat\/es\/escuelas-infantiles-contra-despilfarro-alimentario#primaryimage"},"thumbnailUrl":"https:\/\/www.cavallcartro.cat\/wp-content\/uploads\/2023\/12\/Pla-contra-el-malbaratament-alimentari-a-les-escoles-bressol-Cavall-de-Cartro.jpg","datePublished":"2023-12-21T22:55:51+00:00","dateModified":"2024-01-08T09:54:41+00:00","description":"Las escuelas infantiles gestionadas por Cavall de Cartr\u00f3 trabajamos en una prueba piloto contra el despilfarro alimentario","breadcrumb":{"@id":"https:\/\/www.cavallcartro.cat\/es\/escuelas-infantiles-contra-despilfarro-alimentario#breadcrumb"},"inLanguage":"es","potentialAction":[{"@type":"ReadAction","target":["https:\/\/www.cavallcartro.cat\/es\/escuelas-infantiles-contra-despilfarro-alimentario"]}]},{"@type":"ImageObject","inLanguage":"es","@id":"https:\/\/www.cavallcartro.cat\/es\/escuelas-infantiles-contra-despilfarro-alimentario#primaryimage","url":"https:\/\/www.cavallcartro.cat\/wp-content\/uploads\/2023\/12\/Pla-contra-el-malbaratament-alimentari-a-les-escoles-bressol-Cavall-de-Cartro.jpg","contentUrl":"https:\/\/www.cavallcartro.cat\/wp-content\/uploads\/2023\/12\/Pla-contra-el-malbaratament-alimentari-a-les-escoles-bressol-Cavall-de-Cartro.jpg","width":1200,"height":601,"caption":"Pla contra el malbaratament alimentari a les escoles bressol Cavall de Cartr\u00f3"},{"@type":"BreadcrumbList","@id":"https:\/\/www.cavallcartro.cat\/es\/escuelas-infantiles-contra-despilfarro-alimentario#breadcrumb","itemListElement":[{"@type":"ListItem","position":1,"name":"Portada","item":"https:\/\/www.cavallcartro.cat\/es"},{"@type":"ListItem","position":2,"name":"Las escuelas infantiles Cavall de Cartr\u00f3 trabajamos contra el despilfarro alimentario"}]},{"@type":"WebSite","@id":"https:\/\/www.cavallcartro.cat\/#website","url":"https:\/\/www.cavallcartro.cat\/","name":"Cavall de Cartr\u00f3","description":"Gesti\u00f3 d&#039;escoles bressol i llars d&#039;infants municipals a Barcelona i tota Catalunya.","publisher":{"@id":"https:\/\/www.cavallcartro.cat\/#organization"},"potentialAction":[{"@type":"SearchAction","target":{"@type":"EntryPoint","urlTemplate":"https:\/\/www.cavallcartro.cat\/?s={search_term_string}"},"query-input":{"@type":"PropertyValueSpecification","valueRequired":true,"valueName":"search_term_string"}}],"inLanguage":"es"},{"@type":"Organization","@id":"https:\/\/www.cavallcartro.cat\/#organization","name":"Cavall de Cartr\u00f3","url":"https:\/\/www.cavallcartro.cat\/","logo":{"@type":"ImageObject","inLanguage":"es","@id":"https:\/\/www.cavallcartro.cat\/#\/schema\/logo\/image\/","url":"https:\/\/www.cavallcartro.cat\/wp-content\/uploads\/2020\/07\/Logo-Cavall-de-Cartr\u00f3-gesti\u00f3-escoles-bressol-i-menjadors-escolars-e1596129492304.png","contentUrl":"https:\/\/www.cavallcartro.cat\/wp-content\/uploads\/2020\/07\/Logo-Cavall-de-Cartr\u00f3-gesti\u00f3-escoles-bressol-i-menjadors-escolars-e1596129492304.png","width":528,"height":274,"caption":"Cavall de Cartr\u00f3"},"image":{"@id":"https:\/\/www.cavallcartro.cat\/#\/schema\/logo\/image\/"},"sameAs":["https:\/\/www.facebook.com\/cavallcartroedu","https:\/\/x.com\/cavallcartroedu","https:\/\/www.instagram.com\/cavallcartroedu\/","https:\/\/www.youtube.com\/@CavalldeCartro"]},{"@type":"Person","@id":"https:\/\/www.cavallcartro.cat\/#\/schema\/person\/6747bc1660e32d545ab2b8e5927ea542","name":"cgarcia","image":{"@type":"ImageObject","inLanguage":"es","@id":"https:\/\/secure.gravatar.com\/avatar\/469990a84f48a39e93ee0d8243415a74ba5692f608ea41afee8cae0e81f99f77?s=96&d=mm&r=g","url":"https:\/\/secure.gravatar.com\/avatar\/469990a84f48a39e93ee0d8243415a74ba5692f608ea41afee8cae0e81f99f77?s=96&d=mm&r=g","contentUrl":"https:\/\/secure.gravatar.com\/avatar\/469990a84f48a39e93ee0d8243415a74ba5692f608ea41afee8cae0e81f99f77?s=96&d=mm&r=g","caption":"cgarcia"},"url":"https:\/\/www.cavallcartro.cat\/es\/author\/cgarcia"}]}},"_links":{"self":[{"href":"https:\/\/www.cavallcartro.cat\/es\/wp-json\/wp\/v2\/posts\/6284","targetHints":{"allow":["GET"]}}],"collection":[{"href":"https:\/\/www.cavallcartro.cat\/es\/wp-json\/wp\/v2\/posts"}],"about":[{"href":"https:\/\/www.cavallcartro.cat\/es\/wp-json\/wp\/v2\/types\/post"}],"author":[{"embeddable":true,"href":"https:\/\/www.cavallcartro.cat\/es\/wp-json\/wp\/v2\/users\/1"}],"replies":[{"embeddable":true,"href":"https:\/\/www.cavallcartro.cat\/es\/wp-json\/wp\/v2\/comments?post=6284"}],"version-history":[{"count":5,"href":"https:\/\/www.cavallcartro.cat\/es\/wp-json\/wp\/v2\/posts\/6284\/revisions"}],"predecessor-version":[{"id":6335,"href":"https:\/\/www.cavallcartro.cat\/es\/wp-json\/wp\/v2\/posts\/6284\/revisions\/6335"}],"wp:featuredmedia":[{"embeddable":true,"href":"https:\/\/www.cavallcartro.cat\/es\/wp-json\/wp\/v2\/media\/6278"}],"wp:attachment":[{"href":"https:\/\/www.cavallcartro.cat\/es\/wp-json\/wp\/v2\/media?parent=6284"}],"wp:term":[{"taxonomy":"category","embeddable":true,"href":"https:\/\/www.cavallcartro.cat\/es\/wp-json\/wp\/v2\/categories?post=6284"},{"taxonomy":"post_tag","embeddable":true,"href":"https:\/\/www.cavallcartro.cat\/es\/wp-json\/wp\/v2\/tags?post=6284"}],"curies":[{"name":"wp","href":"https:\/\/api.w.org\/{rel}","templated":true}]}}