{"id":6121,"date":"2023-07-25T08:44:58","date_gmt":"2023-07-25T08:44:58","guid":{"rendered":"https:\/\/www.cavallcartro.cat\/como-prevenir-los-golpes-de-calor-en-los-ninos-y-ninas"},"modified":"2023-07-25T09:10:35","modified_gmt":"2023-07-25T09:10:35","slug":"como-prevenir-golpes-calor-ninos","status":"publish","type":"post","link":"https:\/\/www.cavallcartro.cat\/es\/como-prevenir-golpes-calor-ninos","title":{"rendered":"C\u00f3mo prevenir los golpes de calor en los ni\u00f1os y ni\u00f1as"},"content":{"rendered":"<h3>Prevenir los golpes de calor es esencial para evitar sobresaltos ante unos veranos con temperaturas inusualmente altas. Compartimos algunos consejos dirigidos a familias con ni\u00f1os y ni\u00f1as de corta edad.<\/h3>\n<p>Cada vez son m\u00e1s habituales las <strong><a href=\"https:\/\/educacio.gencat.cat\/ca\/actualitat\/parlem\/mesures-onades-calor\/\" target=\"_blank\" rel=\"noopener\">olas de calor<\/a><\/strong>, que a su vez son m\u00e1s intensas y frecuentes. Esta realidad aumenta el riesgo de sufrir una insolaci\u00f3n o un golpe de calor. Esto es a\u00fan m\u00e1s notable entre los menores de cinco a\u00f1os, ya que son uno de los grupos m\u00e1s sensibles a los cambios de temperatura y, por lo tanto, m\u00e1s propensos a sufrir un golpe de calor.<\/p>\n<p>En este contexto, resulta <strong>clave conocer los s\u00edntomas que pueden experimentar los m\u00e1s peque\u00f1os<\/strong> para tomar las medidas preventivas necesarias y, en todos los casos posibles, evitar un golpe de calor.<\/p>\n<p>Vivir uno de estos trastornos, ocasionados por el exceso de calor en el cuerpo, conlleva una deshidrataci\u00f3n grave y una p\u00e9rdida excesiva de l\u00edquido debido a las altas temperaturas. Cuando esto ocurre, el organismo tiene dificultades para autorregular su temperatura.<\/p>\n<p>Ante la gravedad de esta situaci\u00f3n, es <strong>importante identificar cu\u00e1les son los indicadores de alerta para poder reaccionar a tiempo<\/strong>.<\/p>\n<p>As\u00ed pues, en una fase inicial, aparecen el dolor de cabeza, los mareos, las n\u00e1useas e incluso los v\u00f3mitos.<\/p>\n<p>Posteriormente, ya en una segunda etapa, se desarrollan nuevos s\u00edntomas como calambres, aumento de la temperatura corporal -que puede llegar hasta 40 grados en unos 10-15 minutos-, convulsiones, alteraci\u00f3n de la conciencia y desorientaci\u00f3n.<\/p>\n<p>Mantener una buena hidrataci\u00f3n, llevar ropa adecuada, caminar a la sombra, tener una buena alimentaci\u00f3n y evitar los espacios exteriores durante las horas de mayor calor, son siempre la mejor opci\u00f3n para contrarrestar las altas temperaturas.<\/p>\n<p>No obstante, desde <strong><a href=\"https:\/\/www.cavallcartro.cat\/\">Cavall de Cartr\u00f3<\/a><\/strong> &#8211; entidad centrada en acompa\u00f1ar en su desarrollo educativo, emocional y social a ni\u00f1os, ni\u00f1as y adolescentes &#8211; compartimos algunas recomendaciones adicionales que pueden ser realmente \u00fatiles en la prevenci\u00f3n de un golpe de calor.<\/p>\n<div  class=\"swmsc_horizontal_line\" style=\"padding-top:20px;padding-bottom:80px;\">\n                        <span class=\"swmsc_horizontal_line_h_line\" style=\"border-color:#99d01b;\"><\/span><span class=\"swmsc_horizontal_line_icon\"><i class=\"fa fa-compass\" style=\"color:#99d01b;\"><\/i><\/span>\n                    <div class=\"clear\"><\/div>\n                    <\/div>\n<p>&nbsp;<\/p>\n<h3>PREVENIR LOS GOLPES DE CALOR EN CASA:<\/h3>\n<ul>\n<li>Durante el d\u00eda, bajar las persianas de las ventanas donde da el sol.<\/li>\n<li>Por la noche, abrir las ventanas de casa para refrescarla.<\/li>\n<li>Utilizar las habitaciones m\u00e1s frescas de la casa.<\/li>\n<li>Si es posible, recurrir a alg\u00fan tipo de climatizaci\u00f3n como ventiladores o aire acondicionado.<\/li>\n<li>Si no es posible refrescarnos en casa, ir a lugares climatizados como centros comerciales o bibliotecas.<\/li>\n<li>Refrescarnos con duchas o toallas mojadas con agua.<\/li>\n<\/ul>\n<div  class=\"swmsc_horizontal_line\" style=\"padding-top:20px;padding-bottom:80px;\">\n                        <span class=\"swmsc_horizontal_line_h_line\" style=\"border-color:#99d01b;\"><\/span><span class=\"swmsc_horizontal_line_icon\"><i class=\"fa fa-compass\" style=\"color:#99d01b;\"><\/i><\/span>\n                    <div class=\"clear\"><\/div>\n                    <\/div>\n<p>&nbsp;<\/p>\n<h3>PREVENIR LOS GOLPES DE CALOR EN LA CALLE:<\/h3>\n<ul>\n<li>Evitar directamente el sol desde las 12 hasta las 16 horas.<\/li>\n<li>Llevar una gorra o un sombrero.<\/li>\n<li>Utilizar ropa ligera (algod\u00f3n), de colores claros y que no sea ajustada.<\/li>\n<li>Caminar por la sombra, estar bajo una sombrilla en la playa y descansar en lugares frescos de la calle o ir a espacios cerrados que est\u00e9n climatizados.<\/li>\n<li>Cuando salimos a la calle llevar siempre agua y beberla frecuentemente aunque no se tenga sed.<\/li>\n<li>Evitar salir en las horas de m\u00e1s calor y evitar las actividades f\u00edsicas intensas.<\/li>\n<li>Evitar viajar en coche durante las horas de m\u00e1s calor y llevar siempre l\u00edquidos para mantener una buena hidrataci\u00f3n.<\/li>\n<li>No dejar nunca a los ni\u00f1os\/as ni a las personas especialmente vulnerables en el interior de un veh\u00edculo con las ventanas cerradas.<\/li>\n<\/ul>\n<div  class=\"swmsc_horizontal_line\" style=\"padding-top:20px;padding-bottom:80px;\">\n                        <span class=\"swmsc_horizontal_line_h_line\" style=\"border-color:#99d01b;\"><\/span><span class=\"swmsc_horizontal_line_icon\"><i class=\"fa fa-compass\" style=\"color:#99d01b;\"><\/i><\/span>\n                    <div class=\"clear\"><\/div>\n                    <\/div>\n<p>&nbsp;<\/p>\n<h3>ALIMENTACI\u00d3N DE VERANO PARA PREVENIR LOS GOLPES DE CALOR:<\/h3>\n<ul>\n<li>Beber agua fresca de manera habitual aunque no se tenga sed.<\/li>\n<li>Hacer comidas ligeras, evitar las comidas muy calientes y las que aporten muchas calor\u00edas.<\/li>\n<li>Tomar alimentos ricos en agua (frutas, verduras y hortalizas).<\/li>\n<li>Beber jugos de fruta naturales.<\/li>\n<\/ul>\n<div  class=\"swmsc_horizontal_line\" style=\"padding-top:20px;padding-bottom:80px;\">\n                        <span class=\"swmsc_horizontal_line_h_line\" style=\"border-color:#99d01b;\"><\/span><span class=\"swmsc_horizontal_line_icon\"><i class=\"fa fa-compass\" style=\"color:#99d01b;\"><\/i><\/span>\n                    <div class=\"clear\"><\/div>\n                    <\/div>\n<p>&nbsp;<\/p>\n<h3>QU\u00c9 HACER EN CASO DE SOSPECHAR DE UN GOLPE DE CALOR:<\/h3>\n<ul>\n<li>Avisar urgentemente a los servicios m\u00e9dicos o al 112.<\/li>\n<li>Trasladar al ni\u00f1o o ni\u00f1a a un lugar m\u00e1s fresco.<\/li>\n<li>Darle agua, mojarlo y ventilarlo hasta que lleguen los profesionales de la salud.<\/li>\n<\/ul>\n<p>&nbsp;<\/p>\n<p>Seguir estas pautas nos <strong>ayudar\u00e1 a prevenir, detectar y tratar a tiempo los golpes de calor habituales en este per\u00edodo del a\u00f1o<\/strong>.<\/p>\n<p>&nbsp;<\/p>\n<div  class=\"swmsc_horizontal_line\" style=\"padding-top:20px;padding-bottom:80px;\">\n                        <span class=\"swmsc_horizontal_line_h_line\" style=\"border-color:#99d01b;\"><\/span><span class=\"swmsc_horizontal_line_icon\"><i class=\"fa fa-compass\" style=\"color:#99d01b;\"><\/i><\/span>\n                    <div class=\"clear\"><\/div>\n                    <\/div>\n<p>&nbsp;<\/p>\n<p><iframe loading=\"lazy\" style=\"overflow: hidden; width: 1200px; height: 258px;\" src=\"\/\/www.facebook.com\/plugins\/likebox.php?href=http%3A%2F%2Fwww.facebook.com%2F354052831640272&amp;width=1200&amp;height=258&amp;show_faces=true&amp;colorscheme=light&amp;stream=false&amp;border_color=%23FFF&amp;header=false\" width=\"1200\" height=\"240\" frameborder=\"0\" scrolling=\"no\"><\/iframe><\/p>\n","protected":false},"excerpt":{"rendered":"<p>Prevenir los golpes de calor es esencial para evitar sustos ante unos veranos con temperaturas cada vez m\u00e1s altas<\/p>\n","protected":false},"author":1,"featured_media":6118,"comment_status":"closed","ping_status":"closed","sticky":false,"template":"","format":"standard","meta":{"footnotes":""},"categories":[87],"tags":[237,238,241,516],"class_list":["post-6121","post","type-post","status-publish","format-standard","has-post-thumbnail","hentry","category-infancia-es","tag-ninas","tag-ninos","tag-ninos-es","tag-salud"],"yoast_head":"<!-- This site is optimized with the Yoast SEO plugin v27.5 - https:\/\/yoast.com\/product\/yoast-seo-wordpress\/ -->\n<title>C\u00f3mo prevenir los golpes de calor en los ni\u00f1os y ni\u00f1as<\/title>\n<meta name=\"description\" content=\"Prevenir los golpes de calor es esencial para evitar sustos ante unos veranos con temperaturas cada vez m\u00e1s altas\" \/>\n<meta name=\"robots\" content=\"index, follow, max-snippet:-1, max-image-preview:large, max-video-preview:-1\" \/>\n<link rel=\"canonical\" href=\"https:\/\/www.cavallcartro.cat\/es\/como-prevenir-golpes-calor-ninos\" \/>\n<meta property=\"og:locale\" content=\"es_ES\" \/>\n<meta property=\"og:type\" content=\"article\" \/>\n<meta property=\"og:title\" content=\"C\u00f3mo prevenir los golpes de calor en los ni\u00f1os y ni\u00f1as\" \/>\n<meta property=\"og:description\" content=\"Prevenir los golpes de calor es esencial para evitar sustos ante unos veranos con temperaturas cada vez m\u00e1s altas\" \/>\n<meta property=\"og:url\" content=\"https:\/\/www.cavallcartro.cat\/es\/como-prevenir-golpes-calor-ninos\" \/>\n<meta property=\"og:site_name\" content=\"Cavall de Cartr\u00f3 - Serveis Educatius\" \/>\n<meta property=\"article:publisher\" content=\"https:\/\/www.facebook.com\/cavallcartroedu\" \/>\n<meta property=\"article:published_time\" content=\"2023-07-25T08:44:58+00:00\" \/>\n<meta property=\"article:modified_time\" content=\"2023-07-25T09:10:35+00:00\" \/>\n<meta property=\"og:image\" content=\"https:\/\/www.cavallcartro.cat\/wp-content\/uploads\/2023\/07\/Com-prevenir-els-cops-de-calor-en-els-infants-1024x512.jpg\" \/>\n<meta name=\"author\" content=\"cgarcia\" \/>\n<meta name=\"twitter:card\" content=\"summary_large_image\" \/>\n<meta name=\"twitter:image\" content=\"https:\/\/www.cavallcartro.cat\/wp-content\/uploads\/2023\/07\/Com-prevenir-els-cops-de-calor-en-els-infants-1024x512.jpg\" \/>\n<meta name=\"twitter:creator\" content=\"@cavallcartroedu\" \/>\n<meta name=\"twitter:site\" content=\"@cavallcartroedu\" \/>\n<meta name=\"twitter:label1\" content=\"Escrito por\" \/>\n\t<meta name=\"twitter:data1\" content=\"cgarcia\" \/>\n\t<meta name=\"twitter:label2\" content=\"Tiempo de lectura\" \/>\n\t<meta name=\"twitter:data2\" content=\"4 minutos\" \/>\n<script type=\"application\/ld+json\" class=\"yoast-schema-graph\">{\"@context\":\"https:\\\/\\\/schema.org\",\"@graph\":[{\"@type\":\"Article\",\"@id\":\"https:\\\/\\\/www.cavallcartro.cat\\\/es\\\/como-prevenir-golpes-calor-ninos#article\",\"isPartOf\":{\"@id\":\"https:\\\/\\\/www.cavallcartro.cat\\\/es\\\/como-prevenir-golpes-calor-ninos\"},\"author\":{\"name\":\"cgarcia\",\"@id\":\"https:\\\/\\\/www.cavallcartro.cat\\\/#\\\/schema\\\/person\\\/6747bc1660e32d545ab2b8e5927ea542\"},\"headline\":\"C\u00f3mo prevenir los golpes de calor en los ni\u00f1os y ni\u00f1as\",\"datePublished\":\"2023-07-25T08:44:58+00:00\",\"dateModified\":\"2023-07-25T09:10:35+00:00\",\"mainEntityOfPage\":{\"@id\":\"https:\\\/\\\/www.cavallcartro.cat\\\/es\\\/como-prevenir-golpes-calor-ninos\"},\"wordCount\":818,\"publisher\":{\"@id\":\"https:\\\/\\\/www.cavallcartro.cat\\\/#organization\"},\"image\":{\"@id\":\"https:\\\/\\\/www.cavallcartro.cat\\\/es\\\/como-prevenir-golpes-calor-ninos#primaryimage\"},\"thumbnailUrl\":\"https:\\\/\\\/www.cavallcartro.cat\\\/wp-content\\\/uploads\\\/2023\\\/07\\\/Com-prevenir-els-cops-de-calor-en-els-infants.jpg\",\"keywords\":[\"ni\u00f1as\",\"ni\u00f1os\",\"ni\u00f1os\",\"salud\"],\"articleSection\":[\"Infancia\"],\"inLanguage\":\"es\"},{\"@type\":\"WebPage\",\"@id\":\"https:\\\/\\\/www.cavallcartro.cat\\\/es\\\/como-prevenir-golpes-calor-ninos\",\"url\":\"https:\\\/\\\/www.cavallcartro.cat\\\/es\\\/como-prevenir-golpes-calor-ninos\",\"name\":\"C\u00f3mo prevenir los golpes de calor en los ni\u00f1os y ni\u00f1as\",\"isPartOf\":{\"@id\":\"https:\\\/\\\/www.cavallcartro.cat\\\/#website\"},\"primaryImageOfPage\":{\"@id\":\"https:\\\/\\\/www.cavallcartro.cat\\\/es\\\/como-prevenir-golpes-calor-ninos#primaryimage\"},\"image\":{\"@id\":\"https:\\\/\\\/www.cavallcartro.cat\\\/es\\\/como-prevenir-golpes-calor-ninos#primaryimage\"},\"thumbnailUrl\":\"https:\\\/\\\/www.cavallcartro.cat\\\/wp-content\\\/uploads\\\/2023\\\/07\\\/Com-prevenir-els-cops-de-calor-en-els-infants.jpg\",\"datePublished\":\"2023-07-25T08:44:58+00:00\",\"dateModified\":\"2023-07-25T09:10:35+00:00\",\"description\":\"Prevenir los golpes de calor es esencial para evitar sustos ante unos veranos con temperaturas cada vez m\u00e1s altas\",\"breadcrumb\":{\"@id\":\"https:\\\/\\\/www.cavallcartro.cat\\\/es\\\/como-prevenir-golpes-calor-ninos#breadcrumb\"},\"inLanguage\":\"es\",\"potentialAction\":[{\"@type\":\"ReadAction\",\"target\":[\"https:\\\/\\\/www.cavallcartro.cat\\\/es\\\/como-prevenir-golpes-calor-ninos\"]}]},{\"@type\":\"ImageObject\",\"inLanguage\":\"es\",\"@id\":\"https:\\\/\\\/www.cavallcartro.cat\\\/es\\\/como-prevenir-golpes-calor-ninos#primaryimage\",\"url\":\"https:\\\/\\\/www.cavallcartro.cat\\\/wp-content\\\/uploads\\\/2023\\\/07\\\/Com-prevenir-els-cops-de-calor-en-els-infants.jpg\",\"contentUrl\":\"https:\\\/\\\/www.cavallcartro.cat\\\/wp-content\\\/uploads\\\/2023\\\/07\\\/Com-prevenir-els-cops-de-calor-en-els-infants.jpg\",\"width\":1200,\"height\":600,\"caption\":\"Com prevenir els cops de calor en els infants\"},{\"@type\":\"BreadcrumbList\",\"@id\":\"https:\\\/\\\/www.cavallcartro.cat\\\/es\\\/como-prevenir-golpes-calor-ninos#breadcrumb\",\"itemListElement\":[{\"@type\":\"ListItem\",\"position\":1,\"name\":\"Portada\",\"item\":\"https:\\\/\\\/www.cavallcartro.cat\\\/es\"},{\"@type\":\"ListItem\",\"position\":2,\"name\":\"C\u00f3mo prevenir los golpes de calor en los ni\u00f1os y ni\u00f1as\"}]},{\"@type\":\"WebSite\",\"@id\":\"https:\\\/\\\/www.cavallcartro.cat\\\/#website\",\"url\":\"https:\\\/\\\/www.cavallcartro.cat\\\/\",\"name\":\"Cavall de Cartr\u00f3\",\"description\":\"Gesti\u00f3 d&#039;escoles bressol i llars d&#039;infants municipals a Barcelona i tota Catalunya.\",\"publisher\":{\"@id\":\"https:\\\/\\\/www.cavallcartro.cat\\\/#organization\"},\"potentialAction\":[{\"@type\":\"SearchAction\",\"target\":{\"@type\":\"EntryPoint\",\"urlTemplate\":\"https:\\\/\\\/www.cavallcartro.cat\\\/?s={search_term_string}\"},\"query-input\":{\"@type\":\"PropertyValueSpecification\",\"valueRequired\":true,\"valueName\":\"search_term_string\"}}],\"inLanguage\":\"es\"},{\"@type\":\"Organization\",\"@id\":\"https:\\\/\\\/www.cavallcartro.cat\\\/#organization\",\"name\":\"Cavall de Cartr\u00f3\",\"url\":\"https:\\\/\\\/www.cavallcartro.cat\\\/\",\"logo\":{\"@type\":\"ImageObject\",\"inLanguage\":\"es\",\"@id\":\"https:\\\/\\\/www.cavallcartro.cat\\\/#\\\/schema\\\/logo\\\/image\\\/\",\"url\":\"https:\\\/\\\/www.cavallcartro.cat\\\/wp-content\\\/uploads\\\/2020\\\/07\\\/Logo-Cavall-de-Cartr\u00f3-gesti\u00f3-escoles-bressol-i-menjadors-escolars-e1596129492304.png\",\"contentUrl\":\"https:\\\/\\\/www.cavallcartro.cat\\\/wp-content\\\/uploads\\\/2020\\\/07\\\/Logo-Cavall-de-Cartr\u00f3-gesti\u00f3-escoles-bressol-i-menjadors-escolars-e1596129492304.png\",\"width\":528,\"height\":274,\"caption\":\"Cavall de Cartr\u00f3\"},\"image\":{\"@id\":\"https:\\\/\\\/www.cavallcartro.cat\\\/#\\\/schema\\\/logo\\\/image\\\/\"},\"sameAs\":[\"https:\\\/\\\/www.facebook.com\\\/cavallcartroedu\",\"https:\\\/\\\/x.com\\\/cavallcartroedu\",\"https:\\\/\\\/www.instagram.com\\\/cavallcartroedu\\\/\",\"https:\\\/\\\/www.youtube.com\\\/@CavalldeCartro\"]},{\"@type\":\"Person\",\"@id\":\"https:\\\/\\\/www.cavallcartro.cat\\\/#\\\/schema\\\/person\\\/6747bc1660e32d545ab2b8e5927ea542\",\"name\":\"cgarcia\",\"image\":{\"@type\":\"ImageObject\",\"inLanguage\":\"es\",\"@id\":\"https:\\\/\\\/secure.gravatar.com\\\/avatar\\\/469990a84f48a39e93ee0d8243415a74ba5692f608ea41afee8cae0e81f99f77?s=96&d=mm&r=g\",\"url\":\"https:\\\/\\\/secure.gravatar.com\\\/avatar\\\/469990a84f48a39e93ee0d8243415a74ba5692f608ea41afee8cae0e81f99f77?s=96&d=mm&r=g\",\"contentUrl\":\"https:\\\/\\\/secure.gravatar.com\\\/avatar\\\/469990a84f48a39e93ee0d8243415a74ba5692f608ea41afee8cae0e81f99f77?s=96&d=mm&r=g\",\"caption\":\"cgarcia\"},\"url\":\"https:\\\/\\\/www.cavallcartro.cat\\\/es\\\/author\\\/cgarcia\"}]}<\/script>\n<!-- \/ Yoast SEO plugin. -->","yoast_head_json":{"title":"C\u00f3mo prevenir los golpes de calor en los ni\u00f1os y ni\u00f1as","description":"Prevenir los golpes de calor es esencial para evitar sustos ante unos veranos con temperaturas cada vez m\u00e1s altas","robots":{"index":"index","follow":"follow","max-snippet":"max-snippet:-1","max-image-preview":"max-image-preview:large","max-video-preview":"max-video-preview:-1"},"canonical":"https:\/\/www.cavallcartro.cat\/es\/como-prevenir-golpes-calor-ninos","og_locale":"es_ES","og_type":"article","og_title":"C\u00f3mo prevenir los golpes de calor en los ni\u00f1os y ni\u00f1as","og_description":"Prevenir los golpes de calor es esencial para evitar sustos ante unos veranos con temperaturas cada vez m\u00e1s altas","og_url":"https:\/\/www.cavallcartro.cat\/es\/como-prevenir-golpes-calor-ninos","og_site_name":"Cavall de Cartr\u00f3 - Serveis Educatius","article_publisher":"https:\/\/www.facebook.com\/cavallcartroedu","article_published_time":"2023-07-25T08:44:58+00:00","article_modified_time":"2023-07-25T09:10:35+00:00","og_image":[{"url":"https:\/\/www.cavallcartro.cat\/wp-content\/uploads\/2023\/07\/Com-prevenir-els-cops-de-calor-en-els-infants-1024x512.jpg","type":"","width":"","height":""}],"author":"cgarcia","twitter_card":"summary_large_image","twitter_image":"https:\/\/www.cavallcartro.cat\/wp-content\/uploads\/2023\/07\/Com-prevenir-els-cops-de-calor-en-els-infants-1024x512.jpg","twitter_creator":"@cavallcartroedu","twitter_site":"@cavallcartroedu","twitter_misc":{"Escrito por":"cgarcia","Tiempo de lectura":"4 minutos"},"schema":{"@context":"https:\/\/schema.org","@graph":[{"@type":"Article","@id":"https:\/\/www.cavallcartro.cat\/es\/como-prevenir-golpes-calor-ninos#article","isPartOf":{"@id":"https:\/\/www.cavallcartro.cat\/es\/como-prevenir-golpes-calor-ninos"},"author":{"name":"cgarcia","@id":"https:\/\/www.cavallcartro.cat\/#\/schema\/person\/6747bc1660e32d545ab2b8e5927ea542"},"headline":"C\u00f3mo prevenir los golpes de calor en los ni\u00f1os y ni\u00f1as","datePublished":"2023-07-25T08:44:58+00:00","dateModified":"2023-07-25T09:10:35+00:00","mainEntityOfPage":{"@id":"https:\/\/www.cavallcartro.cat\/es\/como-prevenir-golpes-calor-ninos"},"wordCount":818,"publisher":{"@id":"https:\/\/www.cavallcartro.cat\/#organization"},"image":{"@id":"https:\/\/www.cavallcartro.cat\/es\/como-prevenir-golpes-calor-ninos#primaryimage"},"thumbnailUrl":"https:\/\/www.cavallcartro.cat\/wp-content\/uploads\/2023\/07\/Com-prevenir-els-cops-de-calor-en-els-infants.jpg","keywords":["ni\u00f1as","ni\u00f1os","ni\u00f1os","salud"],"articleSection":["Infancia"],"inLanguage":"es"},{"@type":"WebPage","@id":"https:\/\/www.cavallcartro.cat\/es\/como-prevenir-golpes-calor-ninos","url":"https:\/\/www.cavallcartro.cat\/es\/como-prevenir-golpes-calor-ninos","name":"C\u00f3mo prevenir los golpes de calor en los ni\u00f1os y ni\u00f1as","isPartOf":{"@id":"https:\/\/www.cavallcartro.cat\/#website"},"primaryImageOfPage":{"@id":"https:\/\/www.cavallcartro.cat\/es\/como-prevenir-golpes-calor-ninos#primaryimage"},"image":{"@id":"https:\/\/www.cavallcartro.cat\/es\/como-prevenir-golpes-calor-ninos#primaryimage"},"thumbnailUrl":"https:\/\/www.cavallcartro.cat\/wp-content\/uploads\/2023\/07\/Com-prevenir-els-cops-de-calor-en-els-infants.jpg","datePublished":"2023-07-25T08:44:58+00:00","dateModified":"2023-07-25T09:10:35+00:00","description":"Prevenir los golpes de calor es esencial para evitar sustos ante unos veranos con temperaturas cada vez m\u00e1s altas","breadcrumb":{"@id":"https:\/\/www.cavallcartro.cat\/es\/como-prevenir-golpes-calor-ninos#breadcrumb"},"inLanguage":"es","potentialAction":[{"@type":"ReadAction","target":["https:\/\/www.cavallcartro.cat\/es\/como-prevenir-golpes-calor-ninos"]}]},{"@type":"ImageObject","inLanguage":"es","@id":"https:\/\/www.cavallcartro.cat\/es\/como-prevenir-golpes-calor-ninos#primaryimage","url":"https:\/\/www.cavallcartro.cat\/wp-content\/uploads\/2023\/07\/Com-prevenir-els-cops-de-calor-en-els-infants.jpg","contentUrl":"https:\/\/www.cavallcartro.cat\/wp-content\/uploads\/2023\/07\/Com-prevenir-els-cops-de-calor-en-els-infants.jpg","width":1200,"height":600,"caption":"Com prevenir els cops de calor en els infants"},{"@type":"BreadcrumbList","@id":"https:\/\/www.cavallcartro.cat\/es\/como-prevenir-golpes-calor-ninos#breadcrumb","itemListElement":[{"@type":"ListItem","position":1,"name":"Portada","item":"https:\/\/www.cavallcartro.cat\/es"},{"@type":"ListItem","position":2,"name":"C\u00f3mo prevenir los golpes de calor en los ni\u00f1os y ni\u00f1as"}]},{"@type":"WebSite","@id":"https:\/\/www.cavallcartro.cat\/#website","url":"https:\/\/www.cavallcartro.cat\/","name":"Cavall de Cartr\u00f3","description":"Gesti\u00f3 d&#039;escoles bressol i llars d&#039;infants municipals a Barcelona i tota Catalunya.","publisher":{"@id":"https:\/\/www.cavallcartro.cat\/#organization"},"potentialAction":[{"@type":"SearchAction","target":{"@type":"EntryPoint","urlTemplate":"https:\/\/www.cavallcartro.cat\/?s={search_term_string}"},"query-input":{"@type":"PropertyValueSpecification","valueRequired":true,"valueName":"search_term_string"}}],"inLanguage":"es"},{"@type":"Organization","@id":"https:\/\/www.cavallcartro.cat\/#organization","name":"Cavall de Cartr\u00f3","url":"https:\/\/www.cavallcartro.cat\/","logo":{"@type":"ImageObject","inLanguage":"es","@id":"https:\/\/www.cavallcartro.cat\/#\/schema\/logo\/image\/","url":"https:\/\/www.cavallcartro.cat\/wp-content\/uploads\/2020\/07\/Logo-Cavall-de-Cartr\u00f3-gesti\u00f3-escoles-bressol-i-menjadors-escolars-e1596129492304.png","contentUrl":"https:\/\/www.cavallcartro.cat\/wp-content\/uploads\/2020\/07\/Logo-Cavall-de-Cartr\u00f3-gesti\u00f3-escoles-bressol-i-menjadors-escolars-e1596129492304.png","width":528,"height":274,"caption":"Cavall de Cartr\u00f3"},"image":{"@id":"https:\/\/www.cavallcartro.cat\/#\/schema\/logo\/image\/"},"sameAs":["https:\/\/www.facebook.com\/cavallcartroedu","https:\/\/x.com\/cavallcartroedu","https:\/\/www.instagram.com\/cavallcartroedu\/","https:\/\/www.youtube.com\/@CavalldeCartro"]},{"@type":"Person","@id":"https:\/\/www.cavallcartro.cat\/#\/schema\/person\/6747bc1660e32d545ab2b8e5927ea542","name":"cgarcia","image":{"@type":"ImageObject","inLanguage":"es","@id":"https:\/\/secure.gravatar.com\/avatar\/469990a84f48a39e93ee0d8243415a74ba5692f608ea41afee8cae0e81f99f77?s=96&d=mm&r=g","url":"https:\/\/secure.gravatar.com\/avatar\/469990a84f48a39e93ee0d8243415a74ba5692f608ea41afee8cae0e81f99f77?s=96&d=mm&r=g","contentUrl":"https:\/\/secure.gravatar.com\/avatar\/469990a84f48a39e93ee0d8243415a74ba5692f608ea41afee8cae0e81f99f77?s=96&d=mm&r=g","caption":"cgarcia"},"url":"https:\/\/www.cavallcartro.cat\/es\/author\/cgarcia"}]}},"_links":{"self":[{"href":"https:\/\/www.cavallcartro.cat\/es\/wp-json\/wp\/v2\/posts\/6121","targetHints":{"allow":["GET"]}}],"collection":[{"href":"https:\/\/www.cavallcartro.cat\/es\/wp-json\/wp\/v2\/posts"}],"about":[{"href":"https:\/\/www.cavallcartro.cat\/es\/wp-json\/wp\/v2\/types\/post"}],"author":[{"embeddable":true,"href":"https:\/\/www.cavallcartro.cat\/es\/wp-json\/wp\/v2\/users\/1"}],"replies":[{"embeddable":true,"href":"https:\/\/www.cavallcartro.cat\/es\/wp-json\/wp\/v2\/comments?post=6121"}],"version-history":[{"count":2,"href":"https:\/\/www.cavallcartro.cat\/es\/wp-json\/wp\/v2\/posts\/6121\/revisions"}],"predecessor-version":[{"id":6124,"href":"https:\/\/www.cavallcartro.cat\/es\/wp-json\/wp\/v2\/posts\/6121\/revisions\/6124"}],"wp:featuredmedia":[{"embeddable":true,"href":"https:\/\/www.cavallcartro.cat\/es\/wp-json\/wp\/v2\/media\/6118"}],"wp:attachment":[{"href":"https:\/\/www.cavallcartro.cat\/es\/wp-json\/wp\/v2\/media?parent=6121"}],"wp:term":[{"taxonomy":"category","embeddable":true,"href":"https:\/\/www.cavallcartro.cat\/es\/wp-json\/wp\/v2\/categories?post=6121"},{"taxonomy":"post_tag","embeddable":true,"href":"https:\/\/www.cavallcartro.cat\/es\/wp-json\/wp\/v2\/tags?post=6121"}],"curies":[{"name":"wp","href":"https:\/\/api.w.org\/{rel}","templated":true}]}}