{"id":5918,"date":"2022-09-27T10:57:53","date_gmt":"2022-09-27T10:57:53","guid":{"rendered":"https:\/\/www.cavallcartro.cat\/las-relaciones-emocionales-claves-en-el-proceso-de-familiarizacion-en-la-escuela-infantil"},"modified":"2022-12-28T15:01:52","modified_gmt":"2022-12-28T15:01:52","slug":"las-relaciones-emocionales-claves-en-el-proceso-de-familiarizacion-en-la-escuela-infantil","status":"publish","type":"post","link":"https:\/\/www.cavallcartro.cat\/es\/las-relaciones-emocionales-claves-en-el-proceso-de-familiarizacion-en-la-escuela-infantil","title":{"rendered":"Las relaciones emocionales, claves en el proceso de familiarizaci\u00f3n en la escuela infantil"},"content":{"rendered":"<h3>Crear v\u00ednculos de confianza y relaciones emocionales es b\u00e1sico para una buena acogida de los ni\u00f1os y ni\u00f1as en las escuelas infantiles. Hacerlo de forma constante y gradual hace que ganen seguridad en el centro.<\/h3>\n<p>El inicio en la escuela se convierte en un per\u00edodo muy sensible debido a la cantidad de emociones y sentimientos que se mezclan, no s\u00f3lo por parte de los ni\u00f1os y ni\u00f1as \u2013aunque son quienes lo viven con m\u00e1s intensidad\u2013, sino tambi\u00e9n por la del resto de los agentes implicados.<\/p>\n<p>Por un lado, nos encontramos con los m\u00e1s peque\u00f1os y sus familias, algunos de las cuales <span style=\"color: #99cc00;\"><strong>experimentan la separaci\u00f3n por primera vez. En consecuencia, deben conocer nuevos espacios y nuevos adultos<\/strong><\/span> y, en ciertas ocasiones, esto genera incertidumbre. Por otra parte, tambi\u00e9n intervienen las personas educadoras de referencia y toda la comunidad educativa que forma parte del centro, las cuales deben crear nuevas sinergias entre la familia y la escuela.<\/p>\n<p>En este contexto, <span style=\"color: #99cc00;\"><strong>el proceso de familiarizaci\u00f3n resulta imprescindible para el acompa\u00f1amiento al ni\u00f1o<\/strong><\/span> y, para conseguirlo, es crucial establecer una relaci\u00f3n de confianza s\u00f3lida en el tiempo que ayude a detectar sus habilidades, conocimientos y niveles de socializaci\u00f3n.<br \/>\n<p  class=\"swmsc_alert_success_box swmsc_alert_boxes\" >Recopilar aspectos diferenciales del ni\u00f1o o la ni\u00f1a, como son sus h\u00e1bitos de sue\u00f1o, de alimentaci\u00f3n y todo lo que les padres o tutores quieran compartir, facilita que se pueda realizar un acompa\u00f1amiento esmerado a lo largo de la etapa de familiarizaci\u00f3n.<\/p>\n\u00a0<\/p>\n<div  class=\"swmsc_horizontal_line\" style=\"padding-top:20px;padding-bottom:80px;\">\n                        <span class=\"swmsc_horizontal_line_h_line\" style=\"border-color:#99d01b;\"><\/span><span class=\"swmsc_horizontal_line_icon\"><i class=\"fa fa-compass\" style=\"color:#99d01b;\"><\/i><\/span>\n                    <div class=\"clear\"><\/div>\n                    <\/div>\n<h3><strong>EL PERIODO DE ACOGIMIENTO EMPIEZA ANTES DE LA ENTRADA EN LA ESCUELA INFANTIL<\/strong><\/h3>\n<p>La bidireccionalidad entre los familiares y el equipo del centro comienza mucho antes de la entrada en la escuela, con <span style=\"color: #99cc00;\"><strong>las jornadas de puertas abiertas, la matriculaci\u00f3n y posteriormente con el encuentro con quienes ser\u00e1n los adultos de referencia<\/strong><\/span>. Es justamente en estas reuniones cuando empiezan a tejerse los primeros v\u00ednculos con la familia y la base de lo que debe acabar siendo una relaci\u00f3n de respeto, confianza y comunicaci\u00f3n.<\/p>\n<p>Recopilar aspectos diferenciales del ni\u00f1o o la ni\u00f1a \u2013como son sus h\u00e1bitos de sue\u00f1o, de alimentaci\u00f3n, situaciones particulares, y en definitiva, toda aquella informaci\u00f3n que los padres o tutores quieran compartir\u2013 facilita que se pueda hacer un acompa\u00f1amiento cuidadoso y consciente largo de esta etapa.<\/p>\n<p>Tambi\u00e9n es una oportunidad para hacerles part\u00edcipes, desde el inicio, del proyecto del centro, de c\u00f3mo ser\u00e1n los primeros d\u00edas y los que vendr\u00e1n, velando porque desde la escucha y el respeto se pueda hacer escuela de manera compartida .<\/p>\n<div  class=\"swmsc_horizontal_line\" style=\"padding-top:20px;padding-bottom:80px;\">\n                        <span class=\"swmsc_horizontal_line_h_line\" style=\"border-color:#99d01b;\"><\/span><span class=\"swmsc_horizontal_line_icon\"><i class=\"fa fa-compass\" style=\"color:#99d01b;\"><\/i><\/span>\n                    <div class=\"clear\"><\/div>\n                    <\/div>\n<h3><strong>LA FAMILIARIZACI\u00d3N DEBE ACOMPA\u00d1AR LAS NECESIDADES Y LOS TIEMPO DE CADA NI\u00d1O Y NI\u00d1A<\/strong><\/h3>\n<p>Una buena relaci\u00f3n emocional entre ni\u00f1os, sus iguales y los adultos, se construye de forma constante y gradual, lo que permite que, d\u00eda tras d\u00eda, se sientan m\u00e1s seguros.<\/p>\n<p>No se trata de poner plazos, y teniendo en cuenta que cada persona es diferente, cada una <span style=\"color: #99cc00;\"><strong>puede expresar de manera diferente este proceso, como puede ser a trav\u00e9s de la p\u00e9rdida de hambre, de alteraciones del sue\u00f1o, del llanto o de la tristeza<\/strong><\/span>, y la persona referente es quien debe recoger estos sentimientos y poder darles respuesta.<\/p>\n<p>\u00a0<\/p>\n<div  class=\"swmsc_horizontal_line\" style=\"padding-top:20px;padding-bottom:80px;\">\n                        <span class=\"swmsc_horizontal_line_h_line\" style=\"border-color:#99d01b;\"><\/span><span class=\"swmsc_horizontal_line_icon\"><i class=\"fa fa-compass\" style=\"color:#99d01b;\"><\/i><\/span>\n                    <div class=\"clear\"><\/div>\n                    <\/div>\n<p><iframe loading=\"lazy\" style=\"overflow: hidden; width: 1200px; height: 258px;\" src=\"\/\/www.facebook.com\/plugins\/likebox.php?href=http%3A%2F%2Fwww.facebook.com%2F354052831640272&#038;width=1200&#038;height=258&#038;show_faces=true&#038;colorscheme=light&#038;stream=false&#038;border_color=%23FFF&#038;header=false\" width=\"1200\" height=\"240\" frameborder=\"0\" scrolling=\"no\"><\/iframe><\/p>\n","protected":false},"excerpt":{"rendered":"<p>Crear v\u00ednculos de confianza y relaciones emocionales es b\u00e1sico para una buena acogida de los ni\u00f1os y ni\u00f1as en las escuelas infantiles. Hacerlo de forma constante y gradual hace que se sientan m\u00e1s seguros.<\/p>\n","protected":false},"author":1,"featured_media":5911,"comment_status":"closed","ping_status":"closed","sticky":false,"template":"","format":"standard","meta":{"footnotes":""},"categories":[87],"tags":[509,232,233,508],"class_list":["post-5918","post","type-post","status-publish","format-standard","has-post-thumbnail","hentry","category-infancia-es","tag-emociones","tag-escuelas-infantiles","tag-escuelas-infantiles-municipales","tag-familiarizacion"],"yoast_head":"<!-- This site is optimized with the Yoast SEO plugin v27.5 - https:\/\/yoast.com\/product\/yoast-seo-wordpress\/ -->\n<title>Las relaciones emocionales, claves en el proceso de familiarizaci\u00f3n en la escuela infantil<\/title>\n<meta name=\"description\" content=\"Crear v\u00ednculos de confianza y relaciones emocionales es b\u00e1sico para una buena acogida de los ni\u00f1os y ni\u00f1as en las escuelas infantiles. Hacerlo de forma constante y gradual hace que se sientan m\u00e1s seguros.\" \/>\n<meta name=\"robots\" content=\"index, follow, max-snippet:-1, max-image-preview:large, max-video-preview:-1\" \/>\n<link rel=\"canonical\" href=\"https:\/\/www.cavallcartro.cat\/es\/las-relaciones-emocionales-claves-en-el-proceso-de-familiarizacion-en-la-escuela-infantil\" \/>\n<meta property=\"og:locale\" content=\"es_ES\" \/>\n<meta property=\"og:type\" content=\"article\" \/>\n<meta property=\"og:title\" content=\"Las relaciones emocionales, claves en el proceso de familiarizaci\u00f3n en la escuela infantil\" \/>\n<meta property=\"og:description\" content=\"Crear v\u00ednculos de confianza y relaciones emocionales es b\u00e1sico para una buena acogida de los ni\u00f1os y ni\u00f1as en las escuelas infantiles. Hacerlo de forma constante y gradual hace que se sientan m\u00e1s seguros.\" \/>\n<meta property=\"og:url\" content=\"https:\/\/www.cavallcartro.cat\/es\/las-relaciones-emocionales-claves-en-el-proceso-de-familiarizacion-en-la-escuela-infantil\" \/>\n<meta property=\"og:site_name\" content=\"Cavall de Cartr\u00f3 - Serveis Educatius\" \/>\n<meta property=\"article:publisher\" content=\"https:\/\/www.facebook.com\/cavallcartroedu\" \/>\n<meta property=\"article:published_time\" content=\"2022-09-27T10:57:53+00:00\" \/>\n<meta property=\"article:modified_time\" content=\"2022-12-28T15:01:52+00:00\" \/>\n<meta property=\"og:image\" content=\"https:\/\/www.cavallcartro.cat\/wp-content\/uploads\/2022\/09\/Les-relacions-emocionals-claus-en-el-proces-de-familiaritzacio-a-lescola-bressol.jpg\" \/>\n\t<meta property=\"og:image:width\" content=\"1200\" \/>\n\t<meta property=\"og:image:height\" content=\"601\" \/>\n\t<meta property=\"og:image:type\" content=\"image\/jpeg\" \/>\n<meta name=\"author\" content=\"cgarcia\" \/>\n<meta name=\"twitter:card\" content=\"summary_large_image\" \/>\n<meta name=\"twitter:creator\" content=\"@cavallcartroedu\" \/>\n<meta name=\"twitter:site\" content=\"@cavallcartroedu\" \/>\n<meta name=\"twitter:label1\" content=\"Escrito por\" \/>\n\t<meta name=\"twitter:data1\" content=\"cgarcia\" \/>\n\t<meta name=\"twitter:label2\" content=\"Tiempo de lectura\" \/>\n\t<meta name=\"twitter:data2\" content=\"3 minutos\" \/>\n<script type=\"application\/ld+json\" class=\"yoast-schema-graph\">{\"@context\":\"https:\\\/\\\/schema.org\",\"@graph\":[{\"@type\":\"Article\",\"@id\":\"https:\\\/\\\/www.cavallcartro.cat\\\/es\\\/las-relaciones-emocionales-claves-en-el-proceso-de-familiarizacion-en-la-escuela-infantil#article\",\"isPartOf\":{\"@id\":\"https:\\\/\\\/www.cavallcartro.cat\\\/es\\\/las-relaciones-emocionales-claves-en-el-proceso-de-familiarizacion-en-la-escuela-infantil\"},\"author\":{\"name\":\"cgarcia\",\"@id\":\"https:\\\/\\\/www.cavallcartro.cat\\\/#\\\/schema\\\/person\\\/6747bc1660e32d545ab2b8e5927ea542\"},\"headline\":\"Las relaciones emocionales, claves en el proceso de familiarizaci\u00f3n en la escuela infantil\",\"datePublished\":\"2022-09-27T10:57:53+00:00\",\"dateModified\":\"2022-12-28T15:01:52+00:00\",\"mainEntityOfPage\":{\"@id\":\"https:\\\/\\\/www.cavallcartro.cat\\\/es\\\/las-relaciones-emocionales-claves-en-el-proceso-de-familiarizacion-en-la-escuela-infantil\"},\"wordCount\":650,\"publisher\":{\"@id\":\"https:\\\/\\\/www.cavallcartro.cat\\\/#organization\"},\"image\":{\"@id\":\"https:\\\/\\\/www.cavallcartro.cat\\\/es\\\/las-relaciones-emocionales-claves-en-el-proceso-de-familiarizacion-en-la-escuela-infantil#primaryimage\"},\"thumbnailUrl\":\"https:\\\/\\\/www.cavallcartro.cat\\\/wp-content\\\/uploads\\\/2022\\\/09\\\/Les-relacions-emocionals-claus-en-el-proces-de-familiaritzacio-a-lescola-bressol.jpg\",\"keywords\":[\"emociones\",\"escuelas infantiles\",\"escuelas infantiles municipales\",\"familiarizaci\u00f3n\"],\"articleSection\":[\"Infancia\"],\"inLanguage\":\"es\"},{\"@type\":\"WebPage\",\"@id\":\"https:\\\/\\\/www.cavallcartro.cat\\\/es\\\/las-relaciones-emocionales-claves-en-el-proceso-de-familiarizacion-en-la-escuela-infantil\",\"url\":\"https:\\\/\\\/www.cavallcartro.cat\\\/es\\\/las-relaciones-emocionales-claves-en-el-proceso-de-familiarizacion-en-la-escuela-infantil\",\"name\":\"Las relaciones emocionales, claves en el proceso de familiarizaci\u00f3n en la escuela infantil\",\"isPartOf\":{\"@id\":\"https:\\\/\\\/www.cavallcartro.cat\\\/#website\"},\"primaryImageOfPage\":{\"@id\":\"https:\\\/\\\/www.cavallcartro.cat\\\/es\\\/las-relaciones-emocionales-claves-en-el-proceso-de-familiarizacion-en-la-escuela-infantil#primaryimage\"},\"image\":{\"@id\":\"https:\\\/\\\/www.cavallcartro.cat\\\/es\\\/las-relaciones-emocionales-claves-en-el-proceso-de-familiarizacion-en-la-escuela-infantil#primaryimage\"},\"thumbnailUrl\":\"https:\\\/\\\/www.cavallcartro.cat\\\/wp-content\\\/uploads\\\/2022\\\/09\\\/Les-relacions-emocionals-claus-en-el-proces-de-familiaritzacio-a-lescola-bressol.jpg\",\"datePublished\":\"2022-09-27T10:57:53+00:00\",\"dateModified\":\"2022-12-28T15:01:52+00:00\",\"description\":\"Crear v\u00ednculos de confianza y relaciones emocionales es b\u00e1sico para una buena acogida de los ni\u00f1os y ni\u00f1as en las escuelas infantiles. Hacerlo de forma constante y gradual hace que se sientan m\u00e1s seguros.\",\"breadcrumb\":{\"@id\":\"https:\\\/\\\/www.cavallcartro.cat\\\/es\\\/las-relaciones-emocionales-claves-en-el-proceso-de-familiarizacion-en-la-escuela-infantil#breadcrumb\"},\"inLanguage\":\"es\",\"potentialAction\":[{\"@type\":\"ReadAction\",\"target\":[\"https:\\\/\\\/www.cavallcartro.cat\\\/es\\\/las-relaciones-emocionales-claves-en-el-proceso-de-familiarizacion-en-la-escuela-infantil\"]}]},{\"@type\":\"ImageObject\",\"inLanguage\":\"es\",\"@id\":\"https:\\\/\\\/www.cavallcartro.cat\\\/es\\\/las-relaciones-emocionales-claves-en-el-proceso-de-familiarizacion-en-la-escuela-infantil#primaryimage\",\"url\":\"https:\\\/\\\/www.cavallcartro.cat\\\/wp-content\\\/uploads\\\/2022\\\/09\\\/Les-relacions-emocionals-claus-en-el-proces-de-familiaritzacio-a-lescola-bressol.jpg\",\"contentUrl\":\"https:\\\/\\\/www.cavallcartro.cat\\\/wp-content\\\/uploads\\\/2022\\\/09\\\/Les-relacions-emocionals-claus-en-el-proces-de-familiaritzacio-a-lescola-bressol.jpg\",\"width\":1200,\"height\":601,\"caption\":\"Les relacions emocionals, claus en el proc\u00e9s de familiaritzaci\u00f3 a l\u2019escola bressol\"},{\"@type\":\"BreadcrumbList\",\"@id\":\"https:\\\/\\\/www.cavallcartro.cat\\\/es\\\/las-relaciones-emocionales-claves-en-el-proceso-de-familiarizacion-en-la-escuela-infantil#breadcrumb\",\"itemListElement\":[{\"@type\":\"ListItem\",\"position\":1,\"name\":\"Portada\",\"item\":\"https:\\\/\\\/www.cavallcartro.cat\\\/es\"},{\"@type\":\"ListItem\",\"position\":2,\"name\":\"Las relaciones emocionales, claves en el proceso de familiarizaci\u00f3n en la escuela infantil\"}]},{\"@type\":\"WebSite\",\"@id\":\"https:\\\/\\\/www.cavallcartro.cat\\\/#website\",\"url\":\"https:\\\/\\\/www.cavallcartro.cat\\\/\",\"name\":\"Cavall de Cartr\u00f3\",\"description\":\"Gesti\u00f3 d&#039;escoles bressol i llars d&#039;infants municipals a Barcelona i tota Catalunya.\",\"publisher\":{\"@id\":\"https:\\\/\\\/www.cavallcartro.cat\\\/#organization\"},\"potentialAction\":[{\"@type\":\"SearchAction\",\"target\":{\"@type\":\"EntryPoint\",\"urlTemplate\":\"https:\\\/\\\/www.cavallcartro.cat\\\/?s={search_term_string}\"},\"query-input\":{\"@type\":\"PropertyValueSpecification\",\"valueRequired\":true,\"valueName\":\"search_term_string\"}}],\"inLanguage\":\"es\"},{\"@type\":\"Organization\",\"@id\":\"https:\\\/\\\/www.cavallcartro.cat\\\/#organization\",\"name\":\"Cavall de Cartr\u00f3\",\"url\":\"https:\\\/\\\/www.cavallcartro.cat\\\/\",\"logo\":{\"@type\":\"ImageObject\",\"inLanguage\":\"es\",\"@id\":\"https:\\\/\\\/www.cavallcartro.cat\\\/#\\\/schema\\\/logo\\\/image\\\/\",\"url\":\"https:\\\/\\\/www.cavallcartro.cat\\\/wp-content\\\/uploads\\\/2020\\\/07\\\/Logo-Cavall-de-Cartr\u00f3-gesti\u00f3-escoles-bressol-i-menjadors-escolars-e1596129492304.png\",\"contentUrl\":\"https:\\\/\\\/www.cavallcartro.cat\\\/wp-content\\\/uploads\\\/2020\\\/07\\\/Logo-Cavall-de-Cartr\u00f3-gesti\u00f3-escoles-bressol-i-menjadors-escolars-e1596129492304.png\",\"width\":528,\"height\":274,\"caption\":\"Cavall de Cartr\u00f3\"},\"image\":{\"@id\":\"https:\\\/\\\/www.cavallcartro.cat\\\/#\\\/schema\\\/logo\\\/image\\\/\"},\"sameAs\":[\"https:\\\/\\\/www.facebook.com\\\/cavallcartroedu\",\"https:\\\/\\\/x.com\\\/cavallcartroedu\",\"https:\\\/\\\/www.instagram.com\\\/cavallcartroedu\\\/\",\"https:\\\/\\\/www.youtube.com\\\/@CavalldeCartro\"]},{\"@type\":\"Person\",\"@id\":\"https:\\\/\\\/www.cavallcartro.cat\\\/#\\\/schema\\\/person\\\/6747bc1660e32d545ab2b8e5927ea542\",\"name\":\"cgarcia\",\"image\":{\"@type\":\"ImageObject\",\"inLanguage\":\"es\",\"@id\":\"https:\\\/\\\/secure.gravatar.com\\\/avatar\\\/469990a84f48a39e93ee0d8243415a74ba5692f608ea41afee8cae0e81f99f77?s=96&d=mm&r=g\",\"url\":\"https:\\\/\\\/secure.gravatar.com\\\/avatar\\\/469990a84f48a39e93ee0d8243415a74ba5692f608ea41afee8cae0e81f99f77?s=96&d=mm&r=g\",\"contentUrl\":\"https:\\\/\\\/secure.gravatar.com\\\/avatar\\\/469990a84f48a39e93ee0d8243415a74ba5692f608ea41afee8cae0e81f99f77?s=96&d=mm&r=g\",\"caption\":\"cgarcia\"},\"url\":\"https:\\\/\\\/www.cavallcartro.cat\\\/es\\\/author\\\/cgarcia\"}]}<\/script>\n<!-- \/ Yoast SEO plugin. -->","yoast_head_json":{"title":"Las relaciones emocionales, claves en el proceso de familiarizaci\u00f3n en la escuela infantil","description":"Crear v\u00ednculos de confianza y relaciones emocionales es b\u00e1sico para una buena acogida de los ni\u00f1os y ni\u00f1as en las escuelas infantiles. Hacerlo de forma constante y gradual hace que se sientan m\u00e1s seguros.","robots":{"index":"index","follow":"follow","max-snippet":"max-snippet:-1","max-image-preview":"max-image-preview:large","max-video-preview":"max-video-preview:-1"},"canonical":"https:\/\/www.cavallcartro.cat\/es\/las-relaciones-emocionales-claves-en-el-proceso-de-familiarizacion-en-la-escuela-infantil","og_locale":"es_ES","og_type":"article","og_title":"Las relaciones emocionales, claves en el proceso de familiarizaci\u00f3n en la escuela infantil","og_description":"Crear v\u00ednculos de confianza y relaciones emocionales es b\u00e1sico para una buena acogida de los ni\u00f1os y ni\u00f1as en las escuelas infantiles. Hacerlo de forma constante y gradual hace que se sientan m\u00e1s seguros.","og_url":"https:\/\/www.cavallcartro.cat\/es\/las-relaciones-emocionales-claves-en-el-proceso-de-familiarizacion-en-la-escuela-infantil","og_site_name":"Cavall de Cartr\u00f3 - Serveis Educatius","article_publisher":"https:\/\/www.facebook.com\/cavallcartroedu","article_published_time":"2022-09-27T10:57:53+00:00","article_modified_time":"2022-12-28T15:01:52+00:00","og_image":[{"width":1200,"height":601,"url":"https:\/\/www.cavallcartro.cat\/wp-content\/uploads\/2022\/09\/Les-relacions-emocionals-claus-en-el-proces-de-familiaritzacio-a-lescola-bressol.jpg","type":"image\/jpeg"}],"author":"cgarcia","twitter_card":"summary_large_image","twitter_creator":"@cavallcartroedu","twitter_site":"@cavallcartroedu","twitter_misc":{"Escrito por":"cgarcia","Tiempo de lectura":"3 minutos"},"schema":{"@context":"https:\/\/schema.org","@graph":[{"@type":"Article","@id":"https:\/\/www.cavallcartro.cat\/es\/las-relaciones-emocionales-claves-en-el-proceso-de-familiarizacion-en-la-escuela-infantil#article","isPartOf":{"@id":"https:\/\/www.cavallcartro.cat\/es\/las-relaciones-emocionales-claves-en-el-proceso-de-familiarizacion-en-la-escuela-infantil"},"author":{"name":"cgarcia","@id":"https:\/\/www.cavallcartro.cat\/#\/schema\/person\/6747bc1660e32d545ab2b8e5927ea542"},"headline":"Las relaciones emocionales, claves en el proceso de familiarizaci\u00f3n en la escuela infantil","datePublished":"2022-09-27T10:57:53+00:00","dateModified":"2022-12-28T15:01:52+00:00","mainEntityOfPage":{"@id":"https:\/\/www.cavallcartro.cat\/es\/las-relaciones-emocionales-claves-en-el-proceso-de-familiarizacion-en-la-escuela-infantil"},"wordCount":650,"publisher":{"@id":"https:\/\/www.cavallcartro.cat\/#organization"},"image":{"@id":"https:\/\/www.cavallcartro.cat\/es\/las-relaciones-emocionales-claves-en-el-proceso-de-familiarizacion-en-la-escuela-infantil#primaryimage"},"thumbnailUrl":"https:\/\/www.cavallcartro.cat\/wp-content\/uploads\/2022\/09\/Les-relacions-emocionals-claus-en-el-proces-de-familiaritzacio-a-lescola-bressol.jpg","keywords":["emociones","escuelas infantiles","escuelas infantiles municipales","familiarizaci\u00f3n"],"articleSection":["Infancia"],"inLanguage":"es"},{"@type":"WebPage","@id":"https:\/\/www.cavallcartro.cat\/es\/las-relaciones-emocionales-claves-en-el-proceso-de-familiarizacion-en-la-escuela-infantil","url":"https:\/\/www.cavallcartro.cat\/es\/las-relaciones-emocionales-claves-en-el-proceso-de-familiarizacion-en-la-escuela-infantil","name":"Las relaciones emocionales, claves en el proceso de familiarizaci\u00f3n en la escuela infantil","isPartOf":{"@id":"https:\/\/www.cavallcartro.cat\/#website"},"primaryImageOfPage":{"@id":"https:\/\/www.cavallcartro.cat\/es\/las-relaciones-emocionales-claves-en-el-proceso-de-familiarizacion-en-la-escuela-infantil#primaryimage"},"image":{"@id":"https:\/\/www.cavallcartro.cat\/es\/las-relaciones-emocionales-claves-en-el-proceso-de-familiarizacion-en-la-escuela-infantil#primaryimage"},"thumbnailUrl":"https:\/\/www.cavallcartro.cat\/wp-content\/uploads\/2022\/09\/Les-relacions-emocionals-claus-en-el-proces-de-familiaritzacio-a-lescola-bressol.jpg","datePublished":"2022-09-27T10:57:53+00:00","dateModified":"2022-12-28T15:01:52+00:00","description":"Crear v\u00ednculos de confianza y relaciones emocionales es b\u00e1sico para una buena acogida de los ni\u00f1os y ni\u00f1as en las escuelas infantiles. Hacerlo de forma constante y gradual hace que se sientan m\u00e1s seguros.","breadcrumb":{"@id":"https:\/\/www.cavallcartro.cat\/es\/las-relaciones-emocionales-claves-en-el-proceso-de-familiarizacion-en-la-escuela-infantil#breadcrumb"},"inLanguage":"es","potentialAction":[{"@type":"ReadAction","target":["https:\/\/www.cavallcartro.cat\/es\/las-relaciones-emocionales-claves-en-el-proceso-de-familiarizacion-en-la-escuela-infantil"]}]},{"@type":"ImageObject","inLanguage":"es","@id":"https:\/\/www.cavallcartro.cat\/es\/las-relaciones-emocionales-claves-en-el-proceso-de-familiarizacion-en-la-escuela-infantil#primaryimage","url":"https:\/\/www.cavallcartro.cat\/wp-content\/uploads\/2022\/09\/Les-relacions-emocionals-claus-en-el-proces-de-familiaritzacio-a-lescola-bressol.jpg","contentUrl":"https:\/\/www.cavallcartro.cat\/wp-content\/uploads\/2022\/09\/Les-relacions-emocionals-claus-en-el-proces-de-familiaritzacio-a-lescola-bressol.jpg","width":1200,"height":601,"caption":"Les relacions emocionals, claus en el proc\u00e9s de familiaritzaci\u00f3 a l\u2019escola bressol"},{"@type":"BreadcrumbList","@id":"https:\/\/www.cavallcartro.cat\/es\/las-relaciones-emocionales-claves-en-el-proceso-de-familiarizacion-en-la-escuela-infantil#breadcrumb","itemListElement":[{"@type":"ListItem","position":1,"name":"Portada","item":"https:\/\/www.cavallcartro.cat\/es"},{"@type":"ListItem","position":2,"name":"Las relaciones emocionales, claves en el proceso de familiarizaci\u00f3n en la escuela infantil"}]},{"@type":"WebSite","@id":"https:\/\/www.cavallcartro.cat\/#website","url":"https:\/\/www.cavallcartro.cat\/","name":"Cavall de Cartr\u00f3","description":"Gesti\u00f3 d&#039;escoles bressol i llars d&#039;infants municipals a Barcelona i tota Catalunya.","publisher":{"@id":"https:\/\/www.cavallcartro.cat\/#organization"},"potentialAction":[{"@type":"SearchAction","target":{"@type":"EntryPoint","urlTemplate":"https:\/\/www.cavallcartro.cat\/?s={search_term_string}"},"query-input":{"@type":"PropertyValueSpecification","valueRequired":true,"valueName":"search_term_string"}}],"inLanguage":"es"},{"@type":"Organization","@id":"https:\/\/www.cavallcartro.cat\/#organization","name":"Cavall de Cartr\u00f3","url":"https:\/\/www.cavallcartro.cat\/","logo":{"@type":"ImageObject","inLanguage":"es","@id":"https:\/\/www.cavallcartro.cat\/#\/schema\/logo\/image\/","url":"https:\/\/www.cavallcartro.cat\/wp-content\/uploads\/2020\/07\/Logo-Cavall-de-Cartr\u00f3-gesti\u00f3-escoles-bressol-i-menjadors-escolars-e1596129492304.png","contentUrl":"https:\/\/www.cavallcartro.cat\/wp-content\/uploads\/2020\/07\/Logo-Cavall-de-Cartr\u00f3-gesti\u00f3-escoles-bressol-i-menjadors-escolars-e1596129492304.png","width":528,"height":274,"caption":"Cavall de Cartr\u00f3"},"image":{"@id":"https:\/\/www.cavallcartro.cat\/#\/schema\/logo\/image\/"},"sameAs":["https:\/\/www.facebook.com\/cavallcartroedu","https:\/\/x.com\/cavallcartroedu","https:\/\/www.instagram.com\/cavallcartroedu\/","https:\/\/www.youtube.com\/@CavalldeCartro"]},{"@type":"Person","@id":"https:\/\/www.cavallcartro.cat\/#\/schema\/person\/6747bc1660e32d545ab2b8e5927ea542","name":"cgarcia","image":{"@type":"ImageObject","inLanguage":"es","@id":"https:\/\/secure.gravatar.com\/avatar\/469990a84f48a39e93ee0d8243415a74ba5692f608ea41afee8cae0e81f99f77?s=96&d=mm&r=g","url":"https:\/\/secure.gravatar.com\/avatar\/469990a84f48a39e93ee0d8243415a74ba5692f608ea41afee8cae0e81f99f77?s=96&d=mm&r=g","contentUrl":"https:\/\/secure.gravatar.com\/avatar\/469990a84f48a39e93ee0d8243415a74ba5692f608ea41afee8cae0e81f99f77?s=96&d=mm&r=g","caption":"cgarcia"},"url":"https:\/\/www.cavallcartro.cat\/es\/author\/cgarcia"}]}},"_links":{"self":[{"href":"https:\/\/www.cavallcartro.cat\/es\/wp-json\/wp\/v2\/posts\/5918","targetHints":{"allow":["GET"]}}],"collection":[{"href":"https:\/\/www.cavallcartro.cat\/es\/wp-json\/wp\/v2\/posts"}],"about":[{"href":"https:\/\/www.cavallcartro.cat\/es\/wp-json\/wp\/v2\/types\/post"}],"author":[{"embeddable":true,"href":"https:\/\/www.cavallcartro.cat\/es\/wp-json\/wp\/v2\/users\/1"}],"replies":[{"embeddable":true,"href":"https:\/\/www.cavallcartro.cat\/es\/wp-json\/wp\/v2\/comments?post=5918"}],"version-history":[{"count":4,"href":"https:\/\/www.cavallcartro.cat\/es\/wp-json\/wp\/v2\/posts\/5918\/revisions"}],"predecessor-version":[{"id":5928,"href":"https:\/\/www.cavallcartro.cat\/es\/wp-json\/wp\/v2\/posts\/5918\/revisions\/5928"}],"wp:featuredmedia":[{"embeddable":true,"href":"https:\/\/www.cavallcartro.cat\/es\/wp-json\/wp\/v2\/media\/5911"}],"wp:attachment":[{"href":"https:\/\/www.cavallcartro.cat\/es\/wp-json\/wp\/v2\/media?parent=5918"}],"wp:term":[{"taxonomy":"category","embeddable":true,"href":"https:\/\/www.cavallcartro.cat\/es\/wp-json\/wp\/v2\/categories?post=5918"},{"taxonomy":"post_tag","embeddable":true,"href":"https:\/\/www.cavallcartro.cat\/es\/wp-json\/wp\/v2\/tags?post=5918"}],"curies":[{"name":"wp","href":"https:\/\/api.w.org\/{rel}","templated":true}]}}