{"id":5156,"date":"2020-05-14T10:34:46","date_gmt":"2020-05-14T10:34:46","guid":{"rendered":"https:\/\/www.cavallcartro.cat\/?p=5156"},"modified":"2020-08-10T17:57:17","modified_gmt":"2020-08-10T17:57:17","slug":"abandonamos-panal","status":"publish","type":"post","link":"https:\/\/www.cavallcartro.cat\/es\/abandonamos-panal","title":{"rendered":"\u00bfAbandonamos el pa\u00f1al?"},"content":{"rendered":"<h3>Cuando hablamos de la acci\u00f3n de quitar el pa\u00f1al nos vienen a la cabeza diferentes interrogantes.<\/h3>\n<p>\u00bfQu\u00e9 significa quitar el pa\u00f1al? \u00bfQui\u00e9n lo hace, la persona adulta o lo hacen los propios p\u00e1rvulos? \u00bfPor qu\u00e9 es tan necesario esperar a que sea el momento indicado? \u00bfCuando est\u00e1 preparado para hacer este proceso de abandono del pa\u00f1al?<\/p>\n<p>La acci\u00f3n de quitar el pa\u00f1al se produce en el momento que <span style=\"color: #99cc00;\"> <strong>ayudas y acompa\u00f1as <\/strong><\/span>a cambiar el pa\u00f1al, pero no para referirnos al proceso de abandono del pa\u00f1al. \u00bf\u00bbSacamos el pa\u00f1al\u00bb o es el p\u00e1rvulo quien \u00abdeja el pa\u00f1al\u00bb?<\/p>\n<p>Debemos saber que no hay un momento concreto para hacerlo desde la visi\u00f3n de la persona adulta, sino que son lo propios ni\u00f1os y ni\u00f1as los que, a partir de su desarrollo madurativo y neurol\u00f3gico, gestionaran este proceso. Por lo tanto, <span style=\"color: #99cc00;\"><strong>la familia<\/strong><\/span> no es quien debe decidir <strong><span style=\"color: # 99cc00;\">cuando,<\/span><\/strong> seg\u00fan sus necesidades y <span style=\"color: #99cc00;\"><strong>los p\u00e1rvulos <\/strong><\/span>deben vivir una etapa de felicidad que le debe ofrecer satisfacci\u00f3n, sensaci\u00f3n de placer y de hacerse mayor.<\/p>\n<p>Es un proceso que requiere de tiempo y calma. <span style=\"color: # 99cc00;\"><strong>Saber esperar como personas adultas a que sean los y las m\u00e1s peque\u00f1as quienes decidan<\/strong><\/span> har\u00e1 que este proceso fluya solo. De una manera natural, sabr\u00e1 gestionar ir solo al ba\u00f1o.<\/p>\n<h3>GANAS Y MOTIVACI\u00d3N PARA ABANDONAR EL PA\u00d1AL<\/h3>\n<p><span style=\"color: #99cc00;\"><strong>Las ganas y motivaci\u00f3n son una parte muy importante<\/strong><\/span> de este momento y si el adulto precipita esta decisi\u00f3n se puede convertir en un aprendizaje de prueba-error en el que el peque\u00f1o no sea capaz de \u00abhacer\u00bb aquello que se le pide, provoc\u00e1ndole frustraci\u00f3n o angustia por no poder cumplir las expectativas del adulto.<\/p>\n<p>Por su parte, la familia tambi\u00e9n puede sentir que es un proceso duro y amargo, pues no acaba de conseguir el objetivo que se hab\u00eda marcado.<\/p>\n<p>Es importante que en este proceso de abandono del pa\u00f1al, el p\u00e1rvulo se encuentre bien emocionalmente y con confianza. Mostrar\u00e1 una serie de <span style=\"color: #99cc00;\"><strong>se\u00f1ales<\/strong><\/span> que le ir\u00e1n indicando el momento de <span style=\"color: #99cc00;\"><strong>ofrecerle <\/strong><\/span>ir al lavabo. Debemos recordar que es \u00e9l quien debe decidir. Si no muestra inter\u00e9s o no tiene ganas de hacerlo, es mejor dejarlo estar.<\/p>\n<h3>EL ACOMPA\u00d1AMIENTO<\/h3>\n<p>Ser\u00e1 fundamental el papel de la persona adulta durante este proceso, <span style=\"color: # 99cc00;\"><strong>guiando, acompa\u00f1ando y ofreciendo la disponibilidad de un espacio adecuado <\/strong><\/span>y preparado para los ni\u00f1os y ni\u00f1as, as\u00ed como la utilizaci\u00f3n de ropa c\u00f3moda que fomentar\u00e1 su autonom\u00eda.<\/p>\n<p>El refuerzo positivo y el modo en que act\u00faa el adulto son una parte muy importante para los ellos en la evoluci\u00f3n de su proceso. <span style=\"color: #99cc00;\"><strong>Transmitiendo calma, tranquilidad, d\u00e1ndole tiempo y respetando su ritmo<\/strong><\/span> les ayudaremos a sentirse acompa\u00f1ados y acompa\u00f1adas en este camino.<\/p>\n<p>Es importante recordar que a veces este proceso requiere de cierto tiempo y que, por mucho que las personas adultas queramos acelerarlo, no lo conseguiremos antes. Se trata de una <span style=\"color: # 99cc00;\"><strong>maduraci\u00f3n fisiol\u00f3gica y neurol\u00f3gica <\/strong><\/span>que se da a diferentes ritmos en cada ni\u00f1o y ni\u00f1a.<\/p>\n<p><em>\u00a0\u00bfA una oruga, pens\u00e1is que grit\u00e1ndole se convertir\u00e1 antes en mariposa? Debemos darles tiempo y tener paciencia para esperar a que sean los y las m\u00e1s peque\u00f1as las que vayan indicando el camino.<\/em><\/p>\n<h3>SE\u00d1ALES DE QUE HA LLEGADO EL MOMENTO<\/h3>\n<p>Hay diferentes <span style=\"color: #99cc00;\"><strong>se\u00f1ales<\/strong><\/span>, gestuales o orales, que los p\u00e1rvulos muestran antes de abandonar el pa\u00f1al. Van adquiriendo la <span style=\"color: #99cc00;\"><strong><em>conciencia corporal <\/em><\/strong><\/span>suficiente para saber si tienen el pa\u00f1al mojado, si<span style=\"color: #99cc00;\"><strong><em> identifican el momento<\/em><\/strong><\/span> que van a hacer pipi y si <span style=\"color: #99cc00;\"><strong><em>reconocen la se\u00f1al <\/em><\/strong><\/span> y son capaces de retener y llegar al v\u00e1ter.<\/p>\n<p>Adelantarnos a estas se\u00f1ales para que llegue la fecha de los dos a\u00f1os, el inicio de P3, la llegada del buen tiempo&#8230; no ayuda al p\u00e1rvulo en este proceso de abandono del pa\u00f1al. La edad es una fecha orientativa y no debe verse como el momento en que la familia debe plantearse el inicio de este proceso.<\/p>\n<p><span style=\"color: #99cc00;\"><strong>Cada ni\u00f1o y ni\u00f1a es \u00fanico y tiene un ritmo<\/strong><\/span> y un proceso de maduraci\u00f3n diferente. Es necesario observar a los p\u00e1rvulos para ver qu\u00e9 se\u00f1ales muestran y valorar si es el momento de iniciar este proceso de abandono.<\/p>\n<p><em>\u00abLa posibilidad de establecer una auto regulaci\u00f3n al propio ritmo, sin la coerci\u00f3n de la persona adulta, preserva a los ni\u00f1os y las ni\u00f1as de trastornos considerables a corto o largo plazo\u00bb -Myrtha Chokler <\/em><\/p>\n<h3>UNA VEZ HECHO EL CAMBIO<\/h3>\n<p>Una vez se ha alcanzado este proceso surgen dudas, como si poner o no el pa\u00f1al durante el descanso. Siempre debemos hablar con los ni\u00f1os, saber qu\u00e9 quieren hacer y entender c\u00f3mo se sentir\u00e1n en ese momento. Debemos respetar esa decisi\u00f3n; aunque el pa\u00f1al est\u00e9 seco, tal vez necesitar\u00e1 m\u00e1s tiempo para acabar abandon\u00e1ndolo.<\/p>\n<p>Algunos ni\u00f1os y ni\u00f1as, a pesar de haber alcanzado el proceso de abandono del pa\u00f1al, por diferentes circunstancias pueden hacer una regresi\u00f3n y pedir que se lo volvamos a poner. Como personas adultas debemos respetar esta decisi\u00f3n y pon\u00e9rselo de nuevo, mostrando confianza en su decisi\u00f3n. Cuando vuelva a llegar el momento, nos lo har\u00e1n saber,<span style=\"color: #99cc00;\"> <strong> s\u00f3lo es cuesti\u00f3n de tiempo<\/strong>.<\/span><br \/>\n<p  class=\"swmsc_alert_success_box swmsc_alert_boxes\" >\u00bfDe qu\u00e9 hablamos cuando coloquialmente decimos \u00abquitar los pa\u00f1ales\u00bb? Nos lo explica el equipo educativo de l&#8217;EBM Pam i Pipa<\/p>\n","protected":false},"excerpt":{"rendered":"<p>\u00bfAbandonamos el pa\u00f1al? Debemos esperar a que el ni\u00f1o o ni\u00f1a lo decidan. Cada uno tiene un ritmo y proceso madurativo distinto.<\/p>\n","protected":false},"author":1,"featured_media":4890,"comment_status":"closed","ping_status":"closed","sticky":false,"template":"","format":"standard","meta":{"footnotes":""},"categories":[87],"tags":[],"class_list":["post-5156","post","type-post","status-publish","format-standard","has-post-thumbnail","hentry","category-infancia-es"],"yoast_head":"<!-- This site is optimized with the Yoast SEO plugin v27.5 - https:\/\/yoast.com\/product\/yoast-seo-wordpress\/ -->\n<title>\u00bfAbandonamos el pa\u00f1al?<\/title>\n<meta name=\"description\" content=\"\u00bfAbandonamos el pa\u00f1al? Debemos esperar a que el ni\u00f1o o ni\u00f1a lo decidan. Cada uno tiene un ritmo y proceso madurativo distinto.\" \/>\n<meta name=\"robots\" content=\"index, follow, max-snippet:-1, max-image-preview:large, max-video-preview:-1\" \/>\n<link rel=\"canonical\" href=\"https:\/\/www.cavallcartro.cat\/es\/abandonamos-panal\" \/>\n<meta property=\"og:locale\" content=\"es_ES\" \/>\n<meta property=\"og:type\" content=\"article\" \/>\n<meta property=\"og:title\" content=\"\u00bfAbandonamos el pa\u00f1al?\" \/>\n<meta property=\"og:description\" content=\"\u00bfAbandonamos el pa\u00f1al? Debemos esperar a que el ni\u00f1o o ni\u00f1a lo decidan. Cada uno tiene un ritmo y proceso madurativo distinto.\" \/>\n<meta property=\"og:url\" content=\"https:\/\/www.cavallcartro.cat\/es\/abandonamos-panal\" \/>\n<meta property=\"og:site_name\" content=\"Cavall de Cartr\u00f3 - Serveis Educatius\" \/>\n<meta property=\"article:publisher\" content=\"https:\/\/www.facebook.com\/cavallcartroedu\" \/>\n<meta property=\"article:published_time\" content=\"2020-05-14T10:34:46+00:00\" \/>\n<meta property=\"article:modified_time\" content=\"2020-08-10T17:57:17+00:00\" \/>\n<meta property=\"og:image\" content=\"https:\/\/www.cavallcartro.cat\/wp-content\/uploads\/2020\/05\/Treure-el-bolquer-als-infants.jpg\" \/>\n<meta name=\"author\" content=\"cgarcia\" \/>\n<meta name=\"twitter:card\" content=\"summary_large_image\" \/>\n<meta name=\"twitter:description\" content=\"\u00bfAbandonamos el pa\u00f1al? Debemos esperar a que el ni\u00f1o o ni\u00f1a lo decidan. Cada uno tiene un ritmo y proceso madurativo distinto.\" \/>\n<meta name=\"twitter:image\" content=\"https:\/\/www.cavallcartro.cat\/wp-content\/uploads\/2020\/05\/Treure-el-bolquer-als-infants.jpg\" \/>\n<meta name=\"twitter:creator\" content=\"@cavallcartroedu\" \/>\n<meta name=\"twitter:site\" content=\"@cavallcartroedu\" \/>\n<meta name=\"twitter:label1\" content=\"Escrito por\" \/>\n\t<meta name=\"twitter:data1\" content=\"cgarcia\" \/>\n\t<meta name=\"twitter:label2\" content=\"Tiempo de lectura\" \/>\n\t<meta name=\"twitter:data2\" content=\"5 minutos\" \/>\n<script type=\"application\/ld+json\" class=\"yoast-schema-graph\">{\"@context\":\"https:\\\/\\\/schema.org\",\"@graph\":[{\"@type\":\"Article\",\"@id\":\"https:\\\/\\\/www.cavallcartro.cat\\\/es\\\/abandonamos-panal#article\",\"isPartOf\":{\"@id\":\"https:\\\/\\\/www.cavallcartro.cat\\\/es\\\/abandonamos-panal\"},\"author\":{\"name\":\"cgarcia\",\"@id\":\"https:\\\/\\\/www.cavallcartro.cat\\\/#\\\/schema\\\/person\\\/6747bc1660e32d545ab2b8e5927ea542\"},\"headline\":\"\u00bfAbandonamos el pa\u00f1al?\",\"datePublished\":\"2020-05-14T10:34:46+00:00\",\"dateModified\":\"2020-08-10T17:57:17+00:00\",\"mainEntityOfPage\":{\"@id\":\"https:\\\/\\\/www.cavallcartro.cat\\\/es\\\/abandonamos-panal\"},\"wordCount\":960,\"publisher\":{\"@id\":\"https:\\\/\\\/www.cavallcartro.cat\\\/#organization\"},\"image\":{\"@id\":\"https:\\\/\\\/www.cavallcartro.cat\\\/es\\\/abandonamos-panal#primaryimage\"},\"thumbnailUrl\":\"https:\\\/\\\/www.cavallcartro.cat\\\/wp-content\\\/uploads\\\/2020\\\/05\\\/Treure-el-bolquer-als-infants.jpg\",\"articleSection\":[\"Infancia\"],\"inLanguage\":\"es\"},{\"@type\":\"WebPage\",\"@id\":\"https:\\\/\\\/www.cavallcartro.cat\\\/es\\\/abandonamos-panal\",\"url\":\"https:\\\/\\\/www.cavallcartro.cat\\\/es\\\/abandonamos-panal\",\"name\":\"\u00bfAbandonamos el pa\u00f1al?\",\"isPartOf\":{\"@id\":\"https:\\\/\\\/www.cavallcartro.cat\\\/#website\"},\"primaryImageOfPage\":{\"@id\":\"https:\\\/\\\/www.cavallcartro.cat\\\/es\\\/abandonamos-panal#primaryimage\"},\"image\":{\"@id\":\"https:\\\/\\\/www.cavallcartro.cat\\\/es\\\/abandonamos-panal#primaryimage\"},\"thumbnailUrl\":\"https:\\\/\\\/www.cavallcartro.cat\\\/wp-content\\\/uploads\\\/2020\\\/05\\\/Treure-el-bolquer-als-infants.jpg\",\"datePublished\":\"2020-05-14T10:34:46+00:00\",\"dateModified\":\"2020-08-10T17:57:17+00:00\",\"description\":\"\u00bfAbandonamos el pa\u00f1al? Debemos esperar a que el ni\u00f1o o ni\u00f1a lo decidan. Cada uno tiene un ritmo y proceso madurativo distinto.\",\"breadcrumb\":{\"@id\":\"https:\\\/\\\/www.cavallcartro.cat\\\/es\\\/abandonamos-panal#breadcrumb\"},\"inLanguage\":\"es\",\"potentialAction\":[{\"@type\":\"ReadAction\",\"target\":[\"https:\\\/\\\/www.cavallcartro.cat\\\/es\\\/abandonamos-panal\"]}]},{\"@type\":\"ImageObject\",\"inLanguage\":\"es\",\"@id\":\"https:\\\/\\\/www.cavallcartro.cat\\\/es\\\/abandonamos-panal#primaryimage\",\"url\":\"https:\\\/\\\/www.cavallcartro.cat\\\/wp-content\\\/uploads\\\/2020\\\/05\\\/Treure-el-bolquer-als-infants.jpg\",\"contentUrl\":\"https:\\\/\\\/www.cavallcartro.cat\\\/wp-content\\\/uploads\\\/2020\\\/05\\\/Treure-el-bolquer-als-infants.jpg\",\"width\":1200,\"height\":600,\"caption\":\"Treure el bolquer als infants\"},{\"@type\":\"BreadcrumbList\",\"@id\":\"https:\\\/\\\/www.cavallcartro.cat\\\/es\\\/abandonamos-panal#breadcrumb\",\"itemListElement\":[{\"@type\":\"ListItem\",\"position\":1,\"name\":\"Portada\",\"item\":\"https:\\\/\\\/www.cavallcartro.cat\\\/es\"},{\"@type\":\"ListItem\",\"position\":2,\"name\":\"\u00bfAbandonamos el pa\u00f1al?\"}]},{\"@type\":\"WebSite\",\"@id\":\"https:\\\/\\\/www.cavallcartro.cat\\\/#website\",\"url\":\"https:\\\/\\\/www.cavallcartro.cat\\\/\",\"name\":\"Cavall de Cartr\u00f3\",\"description\":\"Gesti\u00f3 d&#039;escoles bressol i llars d&#039;infants municipals a Barcelona i tota Catalunya.\",\"publisher\":{\"@id\":\"https:\\\/\\\/www.cavallcartro.cat\\\/#organization\"},\"potentialAction\":[{\"@type\":\"SearchAction\",\"target\":{\"@type\":\"EntryPoint\",\"urlTemplate\":\"https:\\\/\\\/www.cavallcartro.cat\\\/?s={search_term_string}\"},\"query-input\":{\"@type\":\"PropertyValueSpecification\",\"valueRequired\":true,\"valueName\":\"search_term_string\"}}],\"inLanguage\":\"es\"},{\"@type\":\"Organization\",\"@id\":\"https:\\\/\\\/www.cavallcartro.cat\\\/#organization\",\"name\":\"Cavall de Cartr\u00f3\",\"url\":\"https:\\\/\\\/www.cavallcartro.cat\\\/\",\"logo\":{\"@type\":\"ImageObject\",\"inLanguage\":\"es\",\"@id\":\"https:\\\/\\\/www.cavallcartro.cat\\\/#\\\/schema\\\/logo\\\/image\\\/\",\"url\":\"https:\\\/\\\/www.cavallcartro.cat\\\/wp-content\\\/uploads\\\/2020\\\/07\\\/Logo-Cavall-de-Cartr\u00f3-gesti\u00f3-escoles-bressol-i-menjadors-escolars-e1596129492304.png\",\"contentUrl\":\"https:\\\/\\\/www.cavallcartro.cat\\\/wp-content\\\/uploads\\\/2020\\\/07\\\/Logo-Cavall-de-Cartr\u00f3-gesti\u00f3-escoles-bressol-i-menjadors-escolars-e1596129492304.png\",\"width\":528,\"height\":274,\"caption\":\"Cavall de Cartr\u00f3\"},\"image\":{\"@id\":\"https:\\\/\\\/www.cavallcartro.cat\\\/#\\\/schema\\\/logo\\\/image\\\/\"},\"sameAs\":[\"https:\\\/\\\/www.facebook.com\\\/cavallcartroedu\",\"https:\\\/\\\/x.com\\\/cavallcartroedu\",\"https:\\\/\\\/www.instagram.com\\\/cavallcartroedu\\\/\",\"https:\\\/\\\/www.youtube.com\\\/@CavalldeCartro\"]},{\"@type\":\"Person\",\"@id\":\"https:\\\/\\\/www.cavallcartro.cat\\\/#\\\/schema\\\/person\\\/6747bc1660e32d545ab2b8e5927ea542\",\"name\":\"cgarcia\",\"image\":{\"@type\":\"ImageObject\",\"inLanguage\":\"es\",\"@id\":\"https:\\\/\\\/secure.gravatar.com\\\/avatar\\\/469990a84f48a39e93ee0d8243415a74ba5692f608ea41afee8cae0e81f99f77?s=96&d=mm&r=g\",\"url\":\"https:\\\/\\\/secure.gravatar.com\\\/avatar\\\/469990a84f48a39e93ee0d8243415a74ba5692f608ea41afee8cae0e81f99f77?s=96&d=mm&r=g\",\"contentUrl\":\"https:\\\/\\\/secure.gravatar.com\\\/avatar\\\/469990a84f48a39e93ee0d8243415a74ba5692f608ea41afee8cae0e81f99f77?s=96&d=mm&r=g\",\"caption\":\"cgarcia\"},\"url\":\"https:\\\/\\\/www.cavallcartro.cat\\\/es\\\/author\\\/cgarcia\"}]}<\/script>\n<!-- \/ Yoast SEO plugin. -->","yoast_head_json":{"title":"\u00bfAbandonamos el pa\u00f1al?","description":"\u00bfAbandonamos el pa\u00f1al? Debemos esperar a que el ni\u00f1o o ni\u00f1a lo decidan. Cada uno tiene un ritmo y proceso madurativo distinto.","robots":{"index":"index","follow":"follow","max-snippet":"max-snippet:-1","max-image-preview":"max-image-preview:large","max-video-preview":"max-video-preview:-1"},"canonical":"https:\/\/www.cavallcartro.cat\/es\/abandonamos-panal","og_locale":"es_ES","og_type":"article","og_title":"\u00bfAbandonamos el pa\u00f1al?","og_description":"\u00bfAbandonamos el pa\u00f1al? Debemos esperar a que el ni\u00f1o o ni\u00f1a lo decidan. Cada uno tiene un ritmo y proceso madurativo distinto.","og_url":"https:\/\/www.cavallcartro.cat\/es\/abandonamos-panal","og_site_name":"Cavall de Cartr\u00f3 - Serveis Educatius","article_publisher":"https:\/\/www.facebook.com\/cavallcartroedu","article_published_time":"2020-05-14T10:34:46+00:00","article_modified_time":"2020-08-10T17:57:17+00:00","og_image":[{"url":"https:\/\/www.cavallcartro.cat\/wp-content\/uploads\/2020\/05\/Treure-el-bolquer-als-infants.jpg","type":"","width":"","height":""}],"author":"cgarcia","twitter_card":"summary_large_image","twitter_description":"\u00bfAbandonamos el pa\u00f1al? Debemos esperar a que el ni\u00f1o o ni\u00f1a lo decidan. Cada uno tiene un ritmo y proceso madurativo distinto.","twitter_image":"https:\/\/www.cavallcartro.cat\/wp-content\/uploads\/2020\/05\/Treure-el-bolquer-als-infants.jpg","twitter_creator":"@cavallcartroedu","twitter_site":"@cavallcartroedu","twitter_misc":{"Escrito por":"cgarcia","Tiempo de lectura":"5 minutos"},"schema":{"@context":"https:\/\/schema.org","@graph":[{"@type":"Article","@id":"https:\/\/www.cavallcartro.cat\/es\/abandonamos-panal#article","isPartOf":{"@id":"https:\/\/www.cavallcartro.cat\/es\/abandonamos-panal"},"author":{"name":"cgarcia","@id":"https:\/\/www.cavallcartro.cat\/#\/schema\/person\/6747bc1660e32d545ab2b8e5927ea542"},"headline":"\u00bfAbandonamos el pa\u00f1al?","datePublished":"2020-05-14T10:34:46+00:00","dateModified":"2020-08-10T17:57:17+00:00","mainEntityOfPage":{"@id":"https:\/\/www.cavallcartro.cat\/es\/abandonamos-panal"},"wordCount":960,"publisher":{"@id":"https:\/\/www.cavallcartro.cat\/#organization"},"image":{"@id":"https:\/\/www.cavallcartro.cat\/es\/abandonamos-panal#primaryimage"},"thumbnailUrl":"https:\/\/www.cavallcartro.cat\/wp-content\/uploads\/2020\/05\/Treure-el-bolquer-als-infants.jpg","articleSection":["Infancia"],"inLanguage":"es"},{"@type":"WebPage","@id":"https:\/\/www.cavallcartro.cat\/es\/abandonamos-panal","url":"https:\/\/www.cavallcartro.cat\/es\/abandonamos-panal","name":"\u00bfAbandonamos el pa\u00f1al?","isPartOf":{"@id":"https:\/\/www.cavallcartro.cat\/#website"},"primaryImageOfPage":{"@id":"https:\/\/www.cavallcartro.cat\/es\/abandonamos-panal#primaryimage"},"image":{"@id":"https:\/\/www.cavallcartro.cat\/es\/abandonamos-panal#primaryimage"},"thumbnailUrl":"https:\/\/www.cavallcartro.cat\/wp-content\/uploads\/2020\/05\/Treure-el-bolquer-als-infants.jpg","datePublished":"2020-05-14T10:34:46+00:00","dateModified":"2020-08-10T17:57:17+00:00","description":"\u00bfAbandonamos el pa\u00f1al? Debemos esperar a que el ni\u00f1o o ni\u00f1a lo decidan. Cada uno tiene un ritmo y proceso madurativo distinto.","breadcrumb":{"@id":"https:\/\/www.cavallcartro.cat\/es\/abandonamos-panal#breadcrumb"},"inLanguage":"es","potentialAction":[{"@type":"ReadAction","target":["https:\/\/www.cavallcartro.cat\/es\/abandonamos-panal"]}]},{"@type":"ImageObject","inLanguage":"es","@id":"https:\/\/www.cavallcartro.cat\/es\/abandonamos-panal#primaryimage","url":"https:\/\/www.cavallcartro.cat\/wp-content\/uploads\/2020\/05\/Treure-el-bolquer-als-infants.jpg","contentUrl":"https:\/\/www.cavallcartro.cat\/wp-content\/uploads\/2020\/05\/Treure-el-bolquer-als-infants.jpg","width":1200,"height":600,"caption":"Treure el bolquer als infants"},{"@type":"BreadcrumbList","@id":"https:\/\/www.cavallcartro.cat\/es\/abandonamos-panal#breadcrumb","itemListElement":[{"@type":"ListItem","position":1,"name":"Portada","item":"https:\/\/www.cavallcartro.cat\/es"},{"@type":"ListItem","position":2,"name":"\u00bfAbandonamos el pa\u00f1al?"}]},{"@type":"WebSite","@id":"https:\/\/www.cavallcartro.cat\/#website","url":"https:\/\/www.cavallcartro.cat\/","name":"Cavall de Cartr\u00f3","description":"Gesti\u00f3 d&#039;escoles bressol i llars d&#039;infants municipals a Barcelona i tota Catalunya.","publisher":{"@id":"https:\/\/www.cavallcartro.cat\/#organization"},"potentialAction":[{"@type":"SearchAction","target":{"@type":"EntryPoint","urlTemplate":"https:\/\/www.cavallcartro.cat\/?s={search_term_string}"},"query-input":{"@type":"PropertyValueSpecification","valueRequired":true,"valueName":"search_term_string"}}],"inLanguage":"es"},{"@type":"Organization","@id":"https:\/\/www.cavallcartro.cat\/#organization","name":"Cavall de Cartr\u00f3","url":"https:\/\/www.cavallcartro.cat\/","logo":{"@type":"ImageObject","inLanguage":"es","@id":"https:\/\/www.cavallcartro.cat\/#\/schema\/logo\/image\/","url":"https:\/\/www.cavallcartro.cat\/wp-content\/uploads\/2020\/07\/Logo-Cavall-de-Cartr\u00f3-gesti\u00f3-escoles-bressol-i-menjadors-escolars-e1596129492304.png","contentUrl":"https:\/\/www.cavallcartro.cat\/wp-content\/uploads\/2020\/07\/Logo-Cavall-de-Cartr\u00f3-gesti\u00f3-escoles-bressol-i-menjadors-escolars-e1596129492304.png","width":528,"height":274,"caption":"Cavall de Cartr\u00f3"},"image":{"@id":"https:\/\/www.cavallcartro.cat\/#\/schema\/logo\/image\/"},"sameAs":["https:\/\/www.facebook.com\/cavallcartroedu","https:\/\/x.com\/cavallcartroedu","https:\/\/www.instagram.com\/cavallcartroedu\/","https:\/\/www.youtube.com\/@CavalldeCartro"]},{"@type":"Person","@id":"https:\/\/www.cavallcartro.cat\/#\/schema\/person\/6747bc1660e32d545ab2b8e5927ea542","name":"cgarcia","image":{"@type":"ImageObject","inLanguage":"es","@id":"https:\/\/secure.gravatar.com\/avatar\/469990a84f48a39e93ee0d8243415a74ba5692f608ea41afee8cae0e81f99f77?s=96&d=mm&r=g","url":"https:\/\/secure.gravatar.com\/avatar\/469990a84f48a39e93ee0d8243415a74ba5692f608ea41afee8cae0e81f99f77?s=96&d=mm&r=g","contentUrl":"https:\/\/secure.gravatar.com\/avatar\/469990a84f48a39e93ee0d8243415a74ba5692f608ea41afee8cae0e81f99f77?s=96&d=mm&r=g","caption":"cgarcia"},"url":"https:\/\/www.cavallcartro.cat\/es\/author\/cgarcia"}]}},"_links":{"self":[{"href":"https:\/\/www.cavallcartro.cat\/es\/wp-json\/wp\/v2\/posts\/5156","targetHints":{"allow":["GET"]}}],"collection":[{"href":"https:\/\/www.cavallcartro.cat\/es\/wp-json\/wp\/v2\/posts"}],"about":[{"href":"https:\/\/www.cavallcartro.cat\/es\/wp-json\/wp\/v2\/types\/post"}],"author":[{"embeddable":true,"href":"https:\/\/www.cavallcartro.cat\/es\/wp-json\/wp\/v2\/users\/1"}],"replies":[{"embeddable":true,"href":"https:\/\/www.cavallcartro.cat\/es\/wp-json\/wp\/v2\/comments?post=5156"}],"version-history":[{"count":6,"href":"https:\/\/www.cavallcartro.cat\/es\/wp-json\/wp\/v2\/posts\/5156\/revisions"}],"predecessor-version":[{"id":5187,"href":"https:\/\/www.cavallcartro.cat\/es\/wp-json\/wp\/v2\/posts\/5156\/revisions\/5187"}],"wp:featuredmedia":[{"embeddable":true,"href":"https:\/\/www.cavallcartro.cat\/es\/wp-json\/wp\/v2\/media\/4890"}],"wp:attachment":[{"href":"https:\/\/www.cavallcartro.cat\/es\/wp-json\/wp\/v2\/media?parent=5156"}],"wp:term":[{"taxonomy":"category","embeddable":true,"href":"https:\/\/www.cavallcartro.cat\/es\/wp-json\/wp\/v2\/categories?post=5156"},{"taxonomy":"post_tag","embeddable":true,"href":"https:\/\/www.cavallcartro.cat\/es\/wp-json\/wp\/v2\/tags?post=5156"}],"curies":[{"name":"wp","href":"https:\/\/api.w.org\/{rel}","templated":true}]}}