{"id":5151,"date":"2020-05-06T11:30:58","date_gmt":"2020-05-06T11:30:58","guid":{"rendered":"https:\/\/www.cavallcartro.cat\/?p=5151"},"modified":"2020-08-10T17:29:22","modified_gmt":"2020-08-10T17:29:22","slug":"que-hacer-casa-ninos-0-3-anos","status":"publish","type":"post","link":"https:\/\/www.cavallcartro.cat\/es\/que-hacer-casa-ninos-0-3-anos","title":{"rendered":"\u00bfQu\u00e9 podemos hacer en casa, con ni\u00f1os y ni\u00f1as de 0-3 a\u00f1os?"},"content":{"rendered":"<h3>En estos d\u00edas de confinamiento, y con el cierre de las escuelas, los ni\u00f1os y ni\u00f1as han visto c\u00f3mo ha cambiado su rutina diaria y han pasado a quedarse en casa muchas horas al d\u00eda.<\/h3>\n<p>Los adultos, como referentes, debemos transmitirles seguridad, reduciendo los posibles miedos, poniendo nombre a sus emociones e intentando <span style=\"color: #99cc00;\"> <strong> responder de manera clara a todo lo que nos pregunten<\/strong><\/span>.<\/p>\n<p>Hemos de<span style=\"color: # 99cc00;\"> <strong>establecer rutinas<\/strong><\/span>, con horarios para levantarnos, para ir a dormir o para hacer las diferentes comidas. Y reforzar, a\u00fan m\u00e1s, los<span style=\"color: # 99cc00;\"> <strong> h\u00e1bitos de higiene y protecci\u00f3n<\/strong><\/span>.<\/p>\n<p>Una de las preguntas que m\u00e1s se ha formulado estos d\u00edas es qu\u00e9 podemos hacer con ni\u00f1os tan peque\u00f1os tantas horas en casa. A continuaci\u00f3n, os ofrecemos algunas orientaciones.<\/p>\n<h3>PROPUESTAS EN CASA PARA NI\u00d1OS Y NI\u00d1AS DE 0-3 A\u00d1OS<\/h3>\n<p>Algunas de las propuestas m\u00e1s interesantes para esta edad son las de <span style=\"color: #99cc00;\"><strong>movimiento<\/strong><\/span>, que son muy f\u00e1ciles de hacer en casa.<\/p>\n<p><span style=\"color: # 99cc00;\"><strong>Propuestas en el suelo<\/strong><\/span>, si a\u00fan no caminan, con materiales que estimulen los sentidos, para favorecer su desplazamiento o, para los m\u00e1s grandes que ya caminan, organizar espacios aprovechando sillas, mesas o cajas, integrando la psicomotricidad en la vida cotidiana de cada hogar.<\/p>\n<p>Otras propuestas sencillas que podemos ofrecer son las de <span style=\"color: #99cc00;\"><strong>manipulaci\u00f3n y experimentaci\u00f3n<\/strong><\/span>, que les permitir\u00e1n hacer hip\u00f3tesis e investigar. Adem\u00e1s son muy f\u00e1ciles de preparar. Solo har\u00e1 falta una bandeja con una altura suficiente para que no se caiga lo que pongamos dentro, pero lo suficientemente baja para que el ni\u00f1o pueda manipular lo que introduzcamos, como puede ser arena, plantas arom\u00e1ticas, pieles de naranja, semillas&#8230;<\/p>\n<p>Tambi\u00e9n nos pueden ayudar a <span style=\"color: # 99cc00;\"><strong>cuidar las plantas, a cocinar, a poner y quitar la mesa<\/strong><\/span>&#8230; Podemos construir caba\u00f1as, jugar a hacer sombras o simplemente sentarnos y contar un cuento.<\/p>\n<p>Y sobre todo, no debemos tener miedo a que los ni\u00f1os y ni\u00f1as se aburran, ya que el aburrimiento incrementa la <span style=\"color: #99cc00;\"><strong>creatividad y la motivaci\u00f3n<\/strong><\/span>, rompiendo con las propuestas dirigidas y favoreciendo su imaginaci\u00f3n.<\/p>\n<p  class=\"swmsc_alert_success_box swmsc_alert_boxes\" >El aburrimiento estimula la creatividad, la reflexi\u00f3n, la curiosidad y la motivaci\u00f3n para emprender nuevos juegos y descubrimientos.<\/p>\n<div  class=\"swmsc_horizontal_line\" style=\"padding-top:80px;padding-bottom:80px;\">\n                        <span class=\"swmsc_horizontal_line_h_line\" style=\"border-color:#99d01b;\"><\/span><span class=\"swmsc_horizontal_line_icon\"><i class=\"fa fa-compass\" style=\"color:#99d01b;\"><\/i><\/span>\n                    <div class=\"clear\"><\/div>\n                    <\/div>\n<p>&nbsp;<\/p>\n<p><iframe loading=\"lazy\" style=\"overflow: hidden; width: 1200px; height: 258px;\" src=\"\/\/www.facebook.com\/plugins\/likebox.php?href=http%3A%2F%2Fwww.facebook.com%2F354052831640272&amp;width=1200&amp;height=258&amp;show_faces=true&amp;colorscheme=light&amp;stream=false&amp;border_color=%23FFF&amp;header=false\" width=\"1200\" height=\"240\" frameborder=\"0\" scrolling=\"no\"><\/iframe><\/p>\n","protected":false},"excerpt":{"rendered":"<p>Actividades que podemos hacer en casa con ni\u00f1os y ni\u00f1as de 0 a 3 a\u00f1os, relacionadas con el movimiento, la experimentaci\u00f3n y la manipulaci\u00f3n.<\/p>\n","protected":false},"author":1,"featured_media":4868,"comment_status":"closed","ping_status":"closed","sticky":false,"template":"","format":"standard","meta":{"footnotes":""},"categories":[87],"tags":[261,240,237,238],"class_list":["post-5151","post","type-post","status-publish","format-standard","has-post-thumbnail","hentry","category-infancia-es","tag-actividades","tag-experimentacion","tag-ninas","tag-ninos"],"yoast_head":"<!-- This site is optimized with the Yoast SEO plugin v27.5 - https:\/\/yoast.com\/product\/yoast-seo-wordpress\/ -->\n<title>\u00bfQu\u00e9 podemos hacer en casa, con ni\u00f1os y ni\u00f1as de 0-3 a\u00f1os?<\/title>\n<meta name=\"description\" content=\"Actividades que podemos hacer en casa con ni\u00f1os y ni\u00f1as de 0 a 3 a\u00f1os, relacionadas con el movimiento, la experimentaci\u00f3n y la manipulaci\u00f3n.\" \/>\n<meta name=\"robots\" content=\"index, follow, max-snippet:-1, max-image-preview:large, max-video-preview:-1\" \/>\n<link rel=\"canonical\" href=\"https:\/\/www.cavallcartro.cat\/es\/que-hacer-casa-ninos-0-3-anos\" \/>\n<meta property=\"og:locale\" content=\"es_ES\" \/>\n<meta property=\"og:type\" content=\"article\" \/>\n<meta property=\"og:title\" content=\"\u00bfQu\u00e9 podemos hacer en casa, con ni\u00f1os y ni\u00f1as de 0-3 a\u00f1os?\" \/>\n<meta property=\"og:description\" content=\"Actividades que podemos hacer en casa con ni\u00f1os y ni\u00f1as de 0 a 3 a\u00f1os, relacionadas con el movimiento, la experimentaci\u00f3n y la manipulaci\u00f3n.\" \/>\n<meta property=\"og:url\" content=\"https:\/\/www.cavallcartro.cat\/es\/que-hacer-casa-ninos-0-3-anos\" \/>\n<meta property=\"og:site_name\" content=\"Cavall de Cartr\u00f3 - Serveis Educatius\" \/>\n<meta property=\"article:publisher\" content=\"https:\/\/www.facebook.com\/cavallcartroedu\" \/>\n<meta property=\"article:published_time\" content=\"2020-05-06T11:30:58+00:00\" \/>\n<meta property=\"article:modified_time\" content=\"2020-08-10T17:29:22+00:00\" \/>\n<meta property=\"og:image\" content=\"https:\/\/www.cavallcartro.cat\/wp-content\/uploads\/2020\/05\/Qu\u00e8-podem-fer-a-casa-amb-infants-0-3-anys.jpg\" \/>\n\t<meta property=\"og:image:width\" content=\"1200\" \/>\n\t<meta property=\"og:image:height\" content=\"600\" \/>\n\t<meta property=\"og:image:type\" content=\"image\/jpeg\" \/>\n<meta name=\"author\" content=\"cgarcia\" \/>\n<meta name=\"twitter:card\" content=\"summary_large_image\" \/>\n<meta name=\"twitter:creator\" content=\"@cavallcartroedu\" \/>\n<meta name=\"twitter:site\" content=\"@cavallcartroedu\" \/>\n<meta name=\"twitter:label1\" content=\"Escrito por\" \/>\n\t<meta name=\"twitter:data1\" content=\"cgarcia\" \/>\n\t<meta name=\"twitter:label2\" content=\"Tiempo de lectura\" \/>\n\t<meta name=\"twitter:data2\" content=\"2 minutos\" \/>\n<script type=\"application\/ld+json\" class=\"yoast-schema-graph\">{\"@context\":\"https:\\\/\\\/schema.org\",\"@graph\":[{\"@type\":\"Article\",\"@id\":\"https:\\\/\\\/www.cavallcartro.cat\\\/es\\\/que-hacer-casa-ninos-0-3-anos#article\",\"isPartOf\":{\"@id\":\"https:\\\/\\\/www.cavallcartro.cat\\\/es\\\/que-hacer-casa-ninos-0-3-anos\"},\"author\":{\"name\":\"cgarcia\",\"@id\":\"https:\\\/\\\/www.cavallcartro.cat\\\/#\\\/schema\\\/person\\\/6747bc1660e32d545ab2b8e5927ea542\"},\"headline\":\"\u00bfQu\u00e9 podemos hacer en casa, con ni\u00f1os y ni\u00f1as de 0-3 a\u00f1os?\",\"datePublished\":\"2020-05-06T11:30:58+00:00\",\"dateModified\":\"2020-08-10T17:29:22+00:00\",\"mainEntityOfPage\":{\"@id\":\"https:\\\/\\\/www.cavallcartro.cat\\\/es\\\/que-hacer-casa-ninos-0-3-anos\"},\"wordCount\":428,\"publisher\":{\"@id\":\"https:\\\/\\\/www.cavallcartro.cat\\\/#organization\"},\"image\":{\"@id\":\"https:\\\/\\\/www.cavallcartro.cat\\\/es\\\/que-hacer-casa-ninos-0-3-anos#primaryimage\"},\"thumbnailUrl\":\"https:\\\/\\\/www.cavallcartro.cat\\\/wp-content\\\/uploads\\\/2020\\\/05\\\/Qu\u00e8-podem-fer-a-casa-amb-infants-0-3-anys.jpg\",\"keywords\":[\"actividades\",\"experimentaci\u00f3n\",\"ni\u00f1as\",\"ni\u00f1os\"],\"articleSection\":[\"Infancia\"],\"inLanguage\":\"es\"},{\"@type\":\"WebPage\",\"@id\":\"https:\\\/\\\/www.cavallcartro.cat\\\/es\\\/que-hacer-casa-ninos-0-3-anos\",\"url\":\"https:\\\/\\\/www.cavallcartro.cat\\\/es\\\/que-hacer-casa-ninos-0-3-anos\",\"name\":\"\u00bfQu\u00e9 podemos hacer en casa, con ni\u00f1os y ni\u00f1as de 0-3 a\u00f1os?\",\"isPartOf\":{\"@id\":\"https:\\\/\\\/www.cavallcartro.cat\\\/#website\"},\"primaryImageOfPage\":{\"@id\":\"https:\\\/\\\/www.cavallcartro.cat\\\/es\\\/que-hacer-casa-ninos-0-3-anos#primaryimage\"},\"image\":{\"@id\":\"https:\\\/\\\/www.cavallcartro.cat\\\/es\\\/que-hacer-casa-ninos-0-3-anos#primaryimage\"},\"thumbnailUrl\":\"https:\\\/\\\/www.cavallcartro.cat\\\/wp-content\\\/uploads\\\/2020\\\/05\\\/Qu\u00e8-podem-fer-a-casa-amb-infants-0-3-anys.jpg\",\"datePublished\":\"2020-05-06T11:30:58+00:00\",\"dateModified\":\"2020-08-10T17:29:22+00:00\",\"description\":\"Actividades que podemos hacer en casa con ni\u00f1os y ni\u00f1as de 0 a 3 a\u00f1os, relacionadas con el movimiento, la experimentaci\u00f3n y la manipulaci\u00f3n.\",\"breadcrumb\":{\"@id\":\"https:\\\/\\\/www.cavallcartro.cat\\\/es\\\/que-hacer-casa-ninos-0-3-anos#breadcrumb\"},\"inLanguage\":\"es\",\"potentialAction\":[{\"@type\":\"ReadAction\",\"target\":[\"https:\\\/\\\/www.cavallcartro.cat\\\/es\\\/que-hacer-casa-ninos-0-3-anos\"]}]},{\"@type\":\"ImageObject\",\"inLanguage\":\"es\",\"@id\":\"https:\\\/\\\/www.cavallcartro.cat\\\/es\\\/que-hacer-casa-ninos-0-3-anos#primaryimage\",\"url\":\"https:\\\/\\\/www.cavallcartro.cat\\\/wp-content\\\/uploads\\\/2020\\\/05\\\/Qu\u00e8-podem-fer-a-casa-amb-infants-0-3-anys.jpg\",\"contentUrl\":\"https:\\\/\\\/www.cavallcartro.cat\\\/wp-content\\\/uploads\\\/2020\\\/05\\\/Qu\u00e8-podem-fer-a-casa-amb-infants-0-3-anys.jpg\",\"width\":1200,\"height\":600,\"caption\":\"Qu\u00e8 podem fer a casa amb infants 0-3 anys\"},{\"@type\":\"BreadcrumbList\",\"@id\":\"https:\\\/\\\/www.cavallcartro.cat\\\/es\\\/que-hacer-casa-ninos-0-3-anos#breadcrumb\",\"itemListElement\":[{\"@type\":\"ListItem\",\"position\":1,\"name\":\"Portada\",\"item\":\"https:\\\/\\\/www.cavallcartro.cat\\\/es\"},{\"@type\":\"ListItem\",\"position\":2,\"name\":\"\u00bfQu\u00e9 podemos hacer en casa, con ni\u00f1os y ni\u00f1as de 0-3 a\u00f1os?\"}]},{\"@type\":\"WebSite\",\"@id\":\"https:\\\/\\\/www.cavallcartro.cat\\\/#website\",\"url\":\"https:\\\/\\\/www.cavallcartro.cat\\\/\",\"name\":\"Cavall de Cartr\u00f3\",\"description\":\"Gesti\u00f3 d&#039;escoles bressol i llars d&#039;infants municipals a Barcelona i tota Catalunya.\",\"publisher\":{\"@id\":\"https:\\\/\\\/www.cavallcartro.cat\\\/#organization\"},\"potentialAction\":[{\"@type\":\"SearchAction\",\"target\":{\"@type\":\"EntryPoint\",\"urlTemplate\":\"https:\\\/\\\/www.cavallcartro.cat\\\/?s={search_term_string}\"},\"query-input\":{\"@type\":\"PropertyValueSpecification\",\"valueRequired\":true,\"valueName\":\"search_term_string\"}}],\"inLanguage\":\"es\"},{\"@type\":\"Organization\",\"@id\":\"https:\\\/\\\/www.cavallcartro.cat\\\/#organization\",\"name\":\"Cavall de Cartr\u00f3\",\"url\":\"https:\\\/\\\/www.cavallcartro.cat\\\/\",\"logo\":{\"@type\":\"ImageObject\",\"inLanguage\":\"es\",\"@id\":\"https:\\\/\\\/www.cavallcartro.cat\\\/#\\\/schema\\\/logo\\\/image\\\/\",\"url\":\"https:\\\/\\\/www.cavallcartro.cat\\\/wp-content\\\/uploads\\\/2020\\\/07\\\/Logo-Cavall-de-Cartr\u00f3-gesti\u00f3-escoles-bressol-i-menjadors-escolars-e1596129492304.png\",\"contentUrl\":\"https:\\\/\\\/www.cavallcartro.cat\\\/wp-content\\\/uploads\\\/2020\\\/07\\\/Logo-Cavall-de-Cartr\u00f3-gesti\u00f3-escoles-bressol-i-menjadors-escolars-e1596129492304.png\",\"width\":528,\"height\":274,\"caption\":\"Cavall de Cartr\u00f3\"},\"image\":{\"@id\":\"https:\\\/\\\/www.cavallcartro.cat\\\/#\\\/schema\\\/logo\\\/image\\\/\"},\"sameAs\":[\"https:\\\/\\\/www.facebook.com\\\/cavallcartroedu\",\"https:\\\/\\\/x.com\\\/cavallcartroedu\",\"https:\\\/\\\/www.instagram.com\\\/cavallcartroedu\\\/\",\"https:\\\/\\\/www.youtube.com\\\/@CavalldeCartro\"]},{\"@type\":\"Person\",\"@id\":\"https:\\\/\\\/www.cavallcartro.cat\\\/#\\\/schema\\\/person\\\/6747bc1660e32d545ab2b8e5927ea542\",\"name\":\"cgarcia\",\"image\":{\"@type\":\"ImageObject\",\"inLanguage\":\"es\",\"@id\":\"https:\\\/\\\/secure.gravatar.com\\\/avatar\\\/469990a84f48a39e93ee0d8243415a74ba5692f608ea41afee8cae0e81f99f77?s=96&d=mm&r=g\",\"url\":\"https:\\\/\\\/secure.gravatar.com\\\/avatar\\\/469990a84f48a39e93ee0d8243415a74ba5692f608ea41afee8cae0e81f99f77?s=96&d=mm&r=g\",\"contentUrl\":\"https:\\\/\\\/secure.gravatar.com\\\/avatar\\\/469990a84f48a39e93ee0d8243415a74ba5692f608ea41afee8cae0e81f99f77?s=96&d=mm&r=g\",\"caption\":\"cgarcia\"},\"url\":\"https:\\\/\\\/www.cavallcartro.cat\\\/es\\\/author\\\/cgarcia\"}]}<\/script>\n<!-- \/ Yoast SEO plugin. -->","yoast_head_json":{"title":"\u00bfQu\u00e9 podemos hacer en casa, con ni\u00f1os y ni\u00f1as de 0-3 a\u00f1os?","description":"Actividades que podemos hacer en casa con ni\u00f1os y ni\u00f1as de 0 a 3 a\u00f1os, relacionadas con el movimiento, la experimentaci\u00f3n y la manipulaci\u00f3n.","robots":{"index":"index","follow":"follow","max-snippet":"max-snippet:-1","max-image-preview":"max-image-preview:large","max-video-preview":"max-video-preview:-1"},"canonical":"https:\/\/www.cavallcartro.cat\/es\/que-hacer-casa-ninos-0-3-anos","og_locale":"es_ES","og_type":"article","og_title":"\u00bfQu\u00e9 podemos hacer en casa, con ni\u00f1os y ni\u00f1as de 0-3 a\u00f1os?","og_description":"Actividades que podemos hacer en casa con ni\u00f1os y ni\u00f1as de 0 a 3 a\u00f1os, relacionadas con el movimiento, la experimentaci\u00f3n y la manipulaci\u00f3n.","og_url":"https:\/\/www.cavallcartro.cat\/es\/que-hacer-casa-ninos-0-3-anos","og_site_name":"Cavall de Cartr\u00f3 - Serveis Educatius","article_publisher":"https:\/\/www.facebook.com\/cavallcartroedu","article_published_time":"2020-05-06T11:30:58+00:00","article_modified_time":"2020-08-10T17:29:22+00:00","og_image":[{"width":1200,"height":600,"url":"https:\/\/www.cavallcartro.cat\/wp-content\/uploads\/2020\/05\/Qu\u00e8-podem-fer-a-casa-amb-infants-0-3-anys.jpg","type":"image\/jpeg"}],"author":"cgarcia","twitter_card":"summary_large_image","twitter_creator":"@cavallcartroedu","twitter_site":"@cavallcartroedu","twitter_misc":{"Escrito por":"cgarcia","Tiempo de lectura":"2 minutos"},"schema":{"@context":"https:\/\/schema.org","@graph":[{"@type":"Article","@id":"https:\/\/www.cavallcartro.cat\/es\/que-hacer-casa-ninos-0-3-anos#article","isPartOf":{"@id":"https:\/\/www.cavallcartro.cat\/es\/que-hacer-casa-ninos-0-3-anos"},"author":{"name":"cgarcia","@id":"https:\/\/www.cavallcartro.cat\/#\/schema\/person\/6747bc1660e32d545ab2b8e5927ea542"},"headline":"\u00bfQu\u00e9 podemos hacer en casa, con ni\u00f1os y ni\u00f1as de 0-3 a\u00f1os?","datePublished":"2020-05-06T11:30:58+00:00","dateModified":"2020-08-10T17:29:22+00:00","mainEntityOfPage":{"@id":"https:\/\/www.cavallcartro.cat\/es\/que-hacer-casa-ninos-0-3-anos"},"wordCount":428,"publisher":{"@id":"https:\/\/www.cavallcartro.cat\/#organization"},"image":{"@id":"https:\/\/www.cavallcartro.cat\/es\/que-hacer-casa-ninos-0-3-anos#primaryimage"},"thumbnailUrl":"https:\/\/www.cavallcartro.cat\/wp-content\/uploads\/2020\/05\/Qu\u00e8-podem-fer-a-casa-amb-infants-0-3-anys.jpg","keywords":["actividades","experimentaci\u00f3n","ni\u00f1as","ni\u00f1os"],"articleSection":["Infancia"],"inLanguage":"es"},{"@type":"WebPage","@id":"https:\/\/www.cavallcartro.cat\/es\/que-hacer-casa-ninos-0-3-anos","url":"https:\/\/www.cavallcartro.cat\/es\/que-hacer-casa-ninos-0-3-anos","name":"\u00bfQu\u00e9 podemos hacer en casa, con ni\u00f1os y ni\u00f1as de 0-3 a\u00f1os?","isPartOf":{"@id":"https:\/\/www.cavallcartro.cat\/#website"},"primaryImageOfPage":{"@id":"https:\/\/www.cavallcartro.cat\/es\/que-hacer-casa-ninos-0-3-anos#primaryimage"},"image":{"@id":"https:\/\/www.cavallcartro.cat\/es\/que-hacer-casa-ninos-0-3-anos#primaryimage"},"thumbnailUrl":"https:\/\/www.cavallcartro.cat\/wp-content\/uploads\/2020\/05\/Qu\u00e8-podem-fer-a-casa-amb-infants-0-3-anys.jpg","datePublished":"2020-05-06T11:30:58+00:00","dateModified":"2020-08-10T17:29:22+00:00","description":"Actividades que podemos hacer en casa con ni\u00f1os y ni\u00f1as de 0 a 3 a\u00f1os, relacionadas con el movimiento, la experimentaci\u00f3n y la manipulaci\u00f3n.","breadcrumb":{"@id":"https:\/\/www.cavallcartro.cat\/es\/que-hacer-casa-ninos-0-3-anos#breadcrumb"},"inLanguage":"es","potentialAction":[{"@type":"ReadAction","target":["https:\/\/www.cavallcartro.cat\/es\/que-hacer-casa-ninos-0-3-anos"]}]},{"@type":"ImageObject","inLanguage":"es","@id":"https:\/\/www.cavallcartro.cat\/es\/que-hacer-casa-ninos-0-3-anos#primaryimage","url":"https:\/\/www.cavallcartro.cat\/wp-content\/uploads\/2020\/05\/Qu\u00e8-podem-fer-a-casa-amb-infants-0-3-anys.jpg","contentUrl":"https:\/\/www.cavallcartro.cat\/wp-content\/uploads\/2020\/05\/Qu\u00e8-podem-fer-a-casa-amb-infants-0-3-anys.jpg","width":1200,"height":600,"caption":"Qu\u00e8 podem fer a casa amb infants 0-3 anys"},{"@type":"BreadcrumbList","@id":"https:\/\/www.cavallcartro.cat\/es\/que-hacer-casa-ninos-0-3-anos#breadcrumb","itemListElement":[{"@type":"ListItem","position":1,"name":"Portada","item":"https:\/\/www.cavallcartro.cat\/es"},{"@type":"ListItem","position":2,"name":"\u00bfQu\u00e9 podemos hacer en casa, con ni\u00f1os y ni\u00f1as de 0-3 a\u00f1os?"}]},{"@type":"WebSite","@id":"https:\/\/www.cavallcartro.cat\/#website","url":"https:\/\/www.cavallcartro.cat\/","name":"Cavall de Cartr\u00f3","description":"Gesti\u00f3 d&#039;escoles bressol i llars d&#039;infants municipals a Barcelona i tota Catalunya.","publisher":{"@id":"https:\/\/www.cavallcartro.cat\/#organization"},"potentialAction":[{"@type":"SearchAction","target":{"@type":"EntryPoint","urlTemplate":"https:\/\/www.cavallcartro.cat\/?s={search_term_string}"},"query-input":{"@type":"PropertyValueSpecification","valueRequired":true,"valueName":"search_term_string"}}],"inLanguage":"es"},{"@type":"Organization","@id":"https:\/\/www.cavallcartro.cat\/#organization","name":"Cavall de Cartr\u00f3","url":"https:\/\/www.cavallcartro.cat\/","logo":{"@type":"ImageObject","inLanguage":"es","@id":"https:\/\/www.cavallcartro.cat\/#\/schema\/logo\/image\/","url":"https:\/\/www.cavallcartro.cat\/wp-content\/uploads\/2020\/07\/Logo-Cavall-de-Cartr\u00f3-gesti\u00f3-escoles-bressol-i-menjadors-escolars-e1596129492304.png","contentUrl":"https:\/\/www.cavallcartro.cat\/wp-content\/uploads\/2020\/07\/Logo-Cavall-de-Cartr\u00f3-gesti\u00f3-escoles-bressol-i-menjadors-escolars-e1596129492304.png","width":528,"height":274,"caption":"Cavall de Cartr\u00f3"},"image":{"@id":"https:\/\/www.cavallcartro.cat\/#\/schema\/logo\/image\/"},"sameAs":["https:\/\/www.facebook.com\/cavallcartroedu","https:\/\/x.com\/cavallcartroedu","https:\/\/www.instagram.com\/cavallcartroedu\/","https:\/\/www.youtube.com\/@CavalldeCartro"]},{"@type":"Person","@id":"https:\/\/www.cavallcartro.cat\/#\/schema\/person\/6747bc1660e32d545ab2b8e5927ea542","name":"cgarcia","image":{"@type":"ImageObject","inLanguage":"es","@id":"https:\/\/secure.gravatar.com\/avatar\/469990a84f48a39e93ee0d8243415a74ba5692f608ea41afee8cae0e81f99f77?s=96&d=mm&r=g","url":"https:\/\/secure.gravatar.com\/avatar\/469990a84f48a39e93ee0d8243415a74ba5692f608ea41afee8cae0e81f99f77?s=96&d=mm&r=g","contentUrl":"https:\/\/secure.gravatar.com\/avatar\/469990a84f48a39e93ee0d8243415a74ba5692f608ea41afee8cae0e81f99f77?s=96&d=mm&r=g","caption":"cgarcia"},"url":"https:\/\/www.cavallcartro.cat\/es\/author\/cgarcia"}]}},"_links":{"self":[{"href":"https:\/\/www.cavallcartro.cat\/es\/wp-json\/wp\/v2\/posts\/5151","targetHints":{"allow":["GET"]}}],"collection":[{"href":"https:\/\/www.cavallcartro.cat\/es\/wp-json\/wp\/v2\/posts"}],"about":[{"href":"https:\/\/www.cavallcartro.cat\/es\/wp-json\/wp\/v2\/types\/post"}],"author":[{"embeddable":true,"href":"https:\/\/www.cavallcartro.cat\/es\/wp-json\/wp\/v2\/users\/1"}],"replies":[{"embeddable":true,"href":"https:\/\/www.cavallcartro.cat\/es\/wp-json\/wp\/v2\/comments?post=5151"}],"version-history":[{"count":4,"href":"https:\/\/www.cavallcartro.cat\/es\/wp-json\/wp\/v2\/posts\/5151\/revisions"}],"predecessor-version":[{"id":5176,"href":"https:\/\/www.cavallcartro.cat\/es\/wp-json\/wp\/v2\/posts\/5151\/revisions\/5176"}],"wp:featuredmedia":[{"embeddable":true,"href":"https:\/\/www.cavallcartro.cat\/es\/wp-json\/wp\/v2\/media\/4868"}],"wp:attachment":[{"href":"https:\/\/www.cavallcartro.cat\/es\/wp-json\/wp\/v2\/media?parent=5151"}],"wp:term":[{"taxonomy":"category","embeddable":true,"href":"https:\/\/www.cavallcartro.cat\/es\/wp-json\/wp\/v2\/categories?post=5151"},{"taxonomy":"post_tag","embeddable":true,"href":"https:\/\/www.cavallcartro.cat\/es\/wp-json\/wp\/v2\/tags?post=5151"}],"curies":[{"name":"wp","href":"https:\/\/api.w.org\/{rel}","templated":true}]}}