{"id":5147,"date":"2020-07-02T07:15:43","date_gmt":"2020-07-02T07:15:43","guid":{"rendered":"https:\/\/www.cavallcartro.cat\/las-emociones-en-la-pequena-infancia"},"modified":"2020-08-06T07:51:57","modified_gmt":"2020-08-06T07:51:57","slug":"las-emociones-en-la-pequena-infancia","status":"publish","type":"post","link":"https:\/\/www.cavallcartro.cat\/es\/las-emociones-en-la-pequena-infancia","title":{"rendered":"Las emociones en la peque\u00f1a infancia"},"content":{"rendered":"<h3>Hablamos de emociones en la peque\u00f1a infancia, en un art\u00edculo que disfrutar\u00e9is mucho, a cargo de la directora y una de las educadoras de la escuela infantil municipal Mestre Jan\u00e9.<\/h3>\n<p  class=\"swmsc_alert_success_box swmsc_alert_boxes\" >\u00ab\u00a1Los ni\u00f1os y las ni\u00f1as no necesitan que les ense\u00f1amos las palabras que definen las emociones, por la sencilla raz\u00f3n de que ya las saben! Las han aprendido viviendo, d\u00eda a d\u00eda, construyendo su identidad mediante el conjunto de relaciones sociales y culturales que caracterizan las respectivas existencias, en la familia, en la escuela y en el mundo \u00ab<em> &#8211; Gino Ferri.<\/em><\/p>\n<p>Es muy importante iniciar el escrito reflexionando sobre la importancia de los primeros a\u00f1os de vida de una persona, la peque\u00f1a infancia. Tal y como nos dice un gran experto en neurociencia, David Bueno, <strong> en los primeros a\u00f1os de vida se aprenden las cosas m\u00e1s importantes que condicionar\u00e1n el car\u00e1cter y temperamento<\/strong> de una persona; la \u00abcocci\u00f3n\u00bb inicial que se genera en el cerebro tiene mucha importancia y tenemos que intentar que sea lo m\u00e1s firme, s\u00f3lida y coherente.<\/p>\n<p>Nacen teniendo todas las capacidades para poder crecer. S\u00f3lo necesitan un buen acompa\u00f1amiento a lo largo de su vida. Es aqu\u00ed donde situamos la ra\u00edz de las emociones, en el <strong>\u00abcomo transmitimos como referentes\u00bb<\/strong> durante este acompa\u00f1amiento.<\/p>\n","protected":false},"excerpt":{"rendered":"<p>Hablamos de emociones en la peque\u00f1a infancia, en un art\u00edculo que disfrutar\u00e9is mucho, a cargo de la directora y una de las educadoras de la escuela infantil municipal Mestre Jan\u00e9. Es muy importante iniciar el escrito reflexionando sobre la importancia de los primeros a\u00f1os de vida de una persona, la [&hellip;]<\/p>\n","protected":false},"author":1,"featured_media":4975,"comment_status":"closed","ping_status":"closed","sticky":false,"template":"","format":"standard","meta":{"footnotes":""},"categories":[87],"tags":[],"class_list":["post-5147","post","type-post","status-publish","format-standard","has-post-thumbnail","hentry","category-infancia-es"],"yoast_head":"<!-- This site is optimized with the Yoast SEO plugin v27.5 - https:\/\/yoast.com\/product\/yoast-seo-wordpress\/ -->\n<title>Las emociones en la peque\u00f1a infancia<\/title>\n<meta name=\"robots\" content=\"index, follow, max-snippet:-1, max-image-preview:large, max-video-preview:-1\" \/>\n<link rel=\"canonical\" href=\"https:\/\/www.cavallcartro.cat\/es\/las-emociones-en-la-pequena-infancia\" \/>\n<meta property=\"og:locale\" content=\"es_ES\" \/>\n<meta property=\"og:type\" content=\"article\" \/>\n<meta property=\"og:title\" content=\"Las emociones en la peque\u00f1a infancia\" \/>\n<meta property=\"og:description\" content=\"Hablamos de emociones en la peque\u00f1a infancia, en un art\u00edculo que disfrutar\u00e9is mucho, a cargo de la directora y una de las educadoras de la escuela infantil municipal Mestre Jan\u00e9. Es muy importante iniciar el escrito reflexionando sobre la importancia de los primeros a\u00f1os de vida de una persona, la [&hellip;]\" \/>\n<meta property=\"og:url\" content=\"https:\/\/www.cavallcartro.cat\/es\/las-emociones-en-la-pequena-infancia\" \/>\n<meta property=\"og:site_name\" content=\"Cavall de Cartr\u00f3 - Serveis Educatius\" \/>\n<meta property=\"article:publisher\" content=\"https:\/\/www.facebook.com\/cavallcartroedu\" \/>\n<meta property=\"article:published_time\" content=\"2020-07-02T07:15:43+00:00\" \/>\n<meta property=\"article:modified_time\" content=\"2020-08-06T07:51:57+00:00\" \/>\n<meta property=\"og:image\" content=\"https:\/\/www.cavallcartro.cat\/wp-content\/uploads\/2020\/07\/Emocions-a-la-petita-inf\u00e0ncia-i-escoles-bressol.jpg\" \/>\n<meta name=\"author\" content=\"cgarcia\" \/>\n<meta name=\"twitter:card\" content=\"summary_large_image\" \/>\n<meta name=\"twitter:image\" content=\"https:\/\/www.cavallcartro.cat\/wp-content\/uploads\/2020\/07\/Emocions-a-la-petita-inf\u00e0ncia-i-escoles-bressol.jpg\" \/>\n<meta name=\"twitter:creator\" content=\"@cavallcartroedu\" \/>\n<meta name=\"twitter:site\" content=\"@cavallcartroedu\" \/>\n<meta name=\"twitter:label1\" content=\"Escrito por\" \/>\n\t<meta name=\"twitter:data1\" content=\"cgarcia\" \/>\n\t<meta name=\"twitter:label2\" content=\"Tiempo de lectura\" \/>\n\t<meta name=\"twitter:data2\" content=\"1 minuto\" \/>\n<script type=\"application\/ld+json\" class=\"yoast-schema-graph\">{\"@context\":\"https:\\\/\\\/schema.org\",\"@graph\":[{\"@type\":\"Article\",\"@id\":\"https:\\\/\\\/www.cavallcartro.cat\\\/es\\\/las-emociones-en-la-pequena-infancia#article\",\"isPartOf\":{\"@id\":\"https:\\\/\\\/www.cavallcartro.cat\\\/es\\\/las-emociones-en-la-pequena-infancia\"},\"author\":{\"name\":\"cgarcia\",\"@id\":\"https:\\\/\\\/www.cavallcartro.cat\\\/#\\\/schema\\\/person\\\/6747bc1660e32d545ab2b8e5927ea542\"},\"headline\":\"Las emociones en la peque\u00f1a infancia\",\"datePublished\":\"2020-07-02T07:15:43+00:00\",\"dateModified\":\"2020-08-06T07:51:57+00:00\",\"mainEntityOfPage\":{\"@id\":\"https:\\\/\\\/www.cavallcartro.cat\\\/es\\\/las-emociones-en-la-pequena-infancia\"},\"wordCount\":248,\"publisher\":{\"@id\":\"https:\\\/\\\/www.cavallcartro.cat\\\/#organization\"},\"image\":{\"@id\":\"https:\\\/\\\/www.cavallcartro.cat\\\/es\\\/las-emociones-en-la-pequena-infancia#primaryimage\"},\"thumbnailUrl\":\"https:\\\/\\\/www.cavallcartro.cat\\\/wp-content\\\/uploads\\\/2020\\\/07\\\/Emocions-a-la-petita-inf\u00e0ncia-i-escoles-bressol.jpg\",\"articleSection\":[\"Infancia\"],\"inLanguage\":\"es\"},{\"@type\":\"WebPage\",\"@id\":\"https:\\\/\\\/www.cavallcartro.cat\\\/es\\\/las-emociones-en-la-pequena-infancia\",\"url\":\"https:\\\/\\\/www.cavallcartro.cat\\\/es\\\/las-emociones-en-la-pequena-infancia\",\"name\":\"Las emociones en la peque\u00f1a infancia\",\"isPartOf\":{\"@id\":\"https:\\\/\\\/www.cavallcartro.cat\\\/#website\"},\"primaryImageOfPage\":{\"@id\":\"https:\\\/\\\/www.cavallcartro.cat\\\/es\\\/las-emociones-en-la-pequena-infancia#primaryimage\"},\"image\":{\"@id\":\"https:\\\/\\\/www.cavallcartro.cat\\\/es\\\/las-emociones-en-la-pequena-infancia#primaryimage\"},\"thumbnailUrl\":\"https:\\\/\\\/www.cavallcartro.cat\\\/wp-content\\\/uploads\\\/2020\\\/07\\\/Emocions-a-la-petita-inf\u00e0ncia-i-escoles-bressol.jpg\",\"datePublished\":\"2020-07-02T07:15:43+00:00\",\"dateModified\":\"2020-08-06T07:51:57+00:00\",\"breadcrumb\":{\"@id\":\"https:\\\/\\\/www.cavallcartro.cat\\\/es\\\/las-emociones-en-la-pequena-infancia#breadcrumb\"},\"inLanguage\":\"es\",\"potentialAction\":[{\"@type\":\"ReadAction\",\"target\":[\"https:\\\/\\\/www.cavallcartro.cat\\\/es\\\/las-emociones-en-la-pequena-infancia\"]}]},{\"@type\":\"ImageObject\",\"inLanguage\":\"es\",\"@id\":\"https:\\\/\\\/www.cavallcartro.cat\\\/es\\\/las-emociones-en-la-pequena-infancia#primaryimage\",\"url\":\"https:\\\/\\\/www.cavallcartro.cat\\\/wp-content\\\/uploads\\\/2020\\\/07\\\/Emocions-a-la-petita-inf\u00e0ncia-i-escoles-bressol.jpg\",\"contentUrl\":\"https:\\\/\\\/www.cavallcartro.cat\\\/wp-content\\\/uploads\\\/2020\\\/07\\\/Emocions-a-la-petita-inf\u00e0ncia-i-escoles-bressol.jpg\",\"width\":1200,\"height\":600,\"caption\":\"Emocions a la petita inf\u00e0ncia i escoles bressol\"},{\"@type\":\"BreadcrumbList\",\"@id\":\"https:\\\/\\\/www.cavallcartro.cat\\\/es\\\/las-emociones-en-la-pequena-infancia#breadcrumb\",\"itemListElement\":[{\"@type\":\"ListItem\",\"position\":1,\"name\":\"Portada\",\"item\":\"https:\\\/\\\/www.cavallcartro.cat\\\/es\"},{\"@type\":\"ListItem\",\"position\":2,\"name\":\"Las emociones en la peque\u00f1a infancia\"}]},{\"@type\":\"WebSite\",\"@id\":\"https:\\\/\\\/www.cavallcartro.cat\\\/#website\",\"url\":\"https:\\\/\\\/www.cavallcartro.cat\\\/\",\"name\":\"Cavall de Cartr\u00f3\",\"description\":\"Gesti\u00f3 d&#039;escoles bressol i llars d&#039;infants municipals a Barcelona i tota Catalunya.\",\"publisher\":{\"@id\":\"https:\\\/\\\/www.cavallcartro.cat\\\/#organization\"},\"potentialAction\":[{\"@type\":\"SearchAction\",\"target\":{\"@type\":\"EntryPoint\",\"urlTemplate\":\"https:\\\/\\\/www.cavallcartro.cat\\\/?s={search_term_string}\"},\"query-input\":{\"@type\":\"PropertyValueSpecification\",\"valueRequired\":true,\"valueName\":\"search_term_string\"}}],\"inLanguage\":\"es\"},{\"@type\":\"Organization\",\"@id\":\"https:\\\/\\\/www.cavallcartro.cat\\\/#organization\",\"name\":\"Cavall de Cartr\u00f3\",\"url\":\"https:\\\/\\\/www.cavallcartro.cat\\\/\",\"logo\":{\"@type\":\"ImageObject\",\"inLanguage\":\"es\",\"@id\":\"https:\\\/\\\/www.cavallcartro.cat\\\/#\\\/schema\\\/logo\\\/image\\\/\",\"url\":\"https:\\\/\\\/www.cavallcartro.cat\\\/wp-content\\\/uploads\\\/2020\\\/07\\\/Logo-Cavall-de-Cartr\u00f3-gesti\u00f3-escoles-bressol-i-menjadors-escolars-e1596129492304.png\",\"contentUrl\":\"https:\\\/\\\/www.cavallcartro.cat\\\/wp-content\\\/uploads\\\/2020\\\/07\\\/Logo-Cavall-de-Cartr\u00f3-gesti\u00f3-escoles-bressol-i-menjadors-escolars-e1596129492304.png\",\"width\":528,\"height\":274,\"caption\":\"Cavall de Cartr\u00f3\"},\"image\":{\"@id\":\"https:\\\/\\\/www.cavallcartro.cat\\\/#\\\/schema\\\/logo\\\/image\\\/\"},\"sameAs\":[\"https:\\\/\\\/www.facebook.com\\\/cavallcartroedu\",\"https:\\\/\\\/x.com\\\/cavallcartroedu\",\"https:\\\/\\\/www.instagram.com\\\/cavallcartroedu\\\/\",\"https:\\\/\\\/www.youtube.com\\\/@CavalldeCartro\"]},{\"@type\":\"Person\",\"@id\":\"https:\\\/\\\/www.cavallcartro.cat\\\/#\\\/schema\\\/person\\\/6747bc1660e32d545ab2b8e5927ea542\",\"name\":\"cgarcia\",\"image\":{\"@type\":\"ImageObject\",\"inLanguage\":\"es\",\"@id\":\"https:\\\/\\\/secure.gravatar.com\\\/avatar\\\/469990a84f48a39e93ee0d8243415a74ba5692f608ea41afee8cae0e81f99f77?s=96&d=mm&r=g\",\"url\":\"https:\\\/\\\/secure.gravatar.com\\\/avatar\\\/469990a84f48a39e93ee0d8243415a74ba5692f608ea41afee8cae0e81f99f77?s=96&d=mm&r=g\",\"contentUrl\":\"https:\\\/\\\/secure.gravatar.com\\\/avatar\\\/469990a84f48a39e93ee0d8243415a74ba5692f608ea41afee8cae0e81f99f77?s=96&d=mm&r=g\",\"caption\":\"cgarcia\"},\"url\":\"https:\\\/\\\/www.cavallcartro.cat\\\/es\\\/author\\\/cgarcia\"}]}<\/script>\n<!-- \/ Yoast SEO plugin. -->","yoast_head_json":{"title":"Las emociones en la peque\u00f1a infancia","robots":{"index":"index","follow":"follow","max-snippet":"max-snippet:-1","max-image-preview":"max-image-preview:large","max-video-preview":"max-video-preview:-1"},"canonical":"https:\/\/www.cavallcartro.cat\/es\/las-emociones-en-la-pequena-infancia","og_locale":"es_ES","og_type":"article","og_title":"Las emociones en la peque\u00f1a infancia","og_description":"Hablamos de emociones en la peque\u00f1a infancia, en un art\u00edculo que disfrutar\u00e9is mucho, a cargo de la directora y una de las educadoras de la escuela infantil municipal Mestre Jan\u00e9. Es muy importante iniciar el escrito reflexionando sobre la importancia de los primeros a\u00f1os de vida de una persona, la [&hellip;]","og_url":"https:\/\/www.cavallcartro.cat\/es\/las-emociones-en-la-pequena-infancia","og_site_name":"Cavall de Cartr\u00f3 - Serveis Educatius","article_publisher":"https:\/\/www.facebook.com\/cavallcartroedu","article_published_time":"2020-07-02T07:15:43+00:00","article_modified_time":"2020-08-06T07:51:57+00:00","og_image":[{"url":"https:\/\/www.cavallcartro.cat\/wp-content\/uploads\/2020\/07\/Emocions-a-la-petita-inf\u00e0ncia-i-escoles-bressol.jpg","type":"","width":"","height":""}],"author":"cgarcia","twitter_card":"summary_large_image","twitter_image":"https:\/\/www.cavallcartro.cat\/wp-content\/uploads\/2020\/07\/Emocions-a-la-petita-inf\u00e0ncia-i-escoles-bressol.jpg","twitter_creator":"@cavallcartroedu","twitter_site":"@cavallcartroedu","twitter_misc":{"Escrito por":"cgarcia","Tiempo de lectura":"1 minuto"},"schema":{"@context":"https:\/\/schema.org","@graph":[{"@type":"Article","@id":"https:\/\/www.cavallcartro.cat\/es\/las-emociones-en-la-pequena-infancia#article","isPartOf":{"@id":"https:\/\/www.cavallcartro.cat\/es\/las-emociones-en-la-pequena-infancia"},"author":{"name":"cgarcia","@id":"https:\/\/www.cavallcartro.cat\/#\/schema\/person\/6747bc1660e32d545ab2b8e5927ea542"},"headline":"Las emociones en la peque\u00f1a infancia","datePublished":"2020-07-02T07:15:43+00:00","dateModified":"2020-08-06T07:51:57+00:00","mainEntityOfPage":{"@id":"https:\/\/www.cavallcartro.cat\/es\/las-emociones-en-la-pequena-infancia"},"wordCount":248,"publisher":{"@id":"https:\/\/www.cavallcartro.cat\/#organization"},"image":{"@id":"https:\/\/www.cavallcartro.cat\/es\/las-emociones-en-la-pequena-infancia#primaryimage"},"thumbnailUrl":"https:\/\/www.cavallcartro.cat\/wp-content\/uploads\/2020\/07\/Emocions-a-la-petita-inf\u00e0ncia-i-escoles-bressol.jpg","articleSection":["Infancia"],"inLanguage":"es"},{"@type":"WebPage","@id":"https:\/\/www.cavallcartro.cat\/es\/las-emociones-en-la-pequena-infancia","url":"https:\/\/www.cavallcartro.cat\/es\/las-emociones-en-la-pequena-infancia","name":"Las emociones en la peque\u00f1a infancia","isPartOf":{"@id":"https:\/\/www.cavallcartro.cat\/#website"},"primaryImageOfPage":{"@id":"https:\/\/www.cavallcartro.cat\/es\/las-emociones-en-la-pequena-infancia#primaryimage"},"image":{"@id":"https:\/\/www.cavallcartro.cat\/es\/las-emociones-en-la-pequena-infancia#primaryimage"},"thumbnailUrl":"https:\/\/www.cavallcartro.cat\/wp-content\/uploads\/2020\/07\/Emocions-a-la-petita-inf\u00e0ncia-i-escoles-bressol.jpg","datePublished":"2020-07-02T07:15:43+00:00","dateModified":"2020-08-06T07:51:57+00:00","breadcrumb":{"@id":"https:\/\/www.cavallcartro.cat\/es\/las-emociones-en-la-pequena-infancia#breadcrumb"},"inLanguage":"es","potentialAction":[{"@type":"ReadAction","target":["https:\/\/www.cavallcartro.cat\/es\/las-emociones-en-la-pequena-infancia"]}]},{"@type":"ImageObject","inLanguage":"es","@id":"https:\/\/www.cavallcartro.cat\/es\/las-emociones-en-la-pequena-infancia#primaryimage","url":"https:\/\/www.cavallcartro.cat\/wp-content\/uploads\/2020\/07\/Emocions-a-la-petita-inf\u00e0ncia-i-escoles-bressol.jpg","contentUrl":"https:\/\/www.cavallcartro.cat\/wp-content\/uploads\/2020\/07\/Emocions-a-la-petita-inf\u00e0ncia-i-escoles-bressol.jpg","width":1200,"height":600,"caption":"Emocions a la petita inf\u00e0ncia i escoles bressol"},{"@type":"BreadcrumbList","@id":"https:\/\/www.cavallcartro.cat\/es\/las-emociones-en-la-pequena-infancia#breadcrumb","itemListElement":[{"@type":"ListItem","position":1,"name":"Portada","item":"https:\/\/www.cavallcartro.cat\/es"},{"@type":"ListItem","position":2,"name":"Las emociones en la peque\u00f1a infancia"}]},{"@type":"WebSite","@id":"https:\/\/www.cavallcartro.cat\/#website","url":"https:\/\/www.cavallcartro.cat\/","name":"Cavall de Cartr\u00f3","description":"Gesti\u00f3 d&#039;escoles bressol i llars d&#039;infants municipals a Barcelona i tota Catalunya.","publisher":{"@id":"https:\/\/www.cavallcartro.cat\/#organization"},"potentialAction":[{"@type":"SearchAction","target":{"@type":"EntryPoint","urlTemplate":"https:\/\/www.cavallcartro.cat\/?s={search_term_string}"},"query-input":{"@type":"PropertyValueSpecification","valueRequired":true,"valueName":"search_term_string"}}],"inLanguage":"es"},{"@type":"Organization","@id":"https:\/\/www.cavallcartro.cat\/#organization","name":"Cavall de Cartr\u00f3","url":"https:\/\/www.cavallcartro.cat\/","logo":{"@type":"ImageObject","inLanguage":"es","@id":"https:\/\/www.cavallcartro.cat\/#\/schema\/logo\/image\/","url":"https:\/\/www.cavallcartro.cat\/wp-content\/uploads\/2020\/07\/Logo-Cavall-de-Cartr\u00f3-gesti\u00f3-escoles-bressol-i-menjadors-escolars-e1596129492304.png","contentUrl":"https:\/\/www.cavallcartro.cat\/wp-content\/uploads\/2020\/07\/Logo-Cavall-de-Cartr\u00f3-gesti\u00f3-escoles-bressol-i-menjadors-escolars-e1596129492304.png","width":528,"height":274,"caption":"Cavall de Cartr\u00f3"},"image":{"@id":"https:\/\/www.cavallcartro.cat\/#\/schema\/logo\/image\/"},"sameAs":["https:\/\/www.facebook.com\/cavallcartroedu","https:\/\/x.com\/cavallcartroedu","https:\/\/www.instagram.com\/cavallcartroedu\/","https:\/\/www.youtube.com\/@CavalldeCartro"]},{"@type":"Person","@id":"https:\/\/www.cavallcartro.cat\/#\/schema\/person\/6747bc1660e32d545ab2b8e5927ea542","name":"cgarcia","image":{"@type":"ImageObject","inLanguage":"es","@id":"https:\/\/secure.gravatar.com\/avatar\/469990a84f48a39e93ee0d8243415a74ba5692f608ea41afee8cae0e81f99f77?s=96&d=mm&r=g","url":"https:\/\/secure.gravatar.com\/avatar\/469990a84f48a39e93ee0d8243415a74ba5692f608ea41afee8cae0e81f99f77?s=96&d=mm&r=g","contentUrl":"https:\/\/secure.gravatar.com\/avatar\/469990a84f48a39e93ee0d8243415a74ba5692f608ea41afee8cae0e81f99f77?s=96&d=mm&r=g","caption":"cgarcia"},"url":"https:\/\/www.cavallcartro.cat\/es\/author\/cgarcia"}]}},"_links":{"self":[{"href":"https:\/\/www.cavallcartro.cat\/es\/wp-json\/wp\/v2\/posts\/5147","targetHints":{"allow":["GET"]}}],"collection":[{"href":"https:\/\/www.cavallcartro.cat\/es\/wp-json\/wp\/v2\/posts"}],"about":[{"href":"https:\/\/www.cavallcartro.cat\/es\/wp-json\/wp\/v2\/types\/post"}],"author":[{"embeddable":true,"href":"https:\/\/www.cavallcartro.cat\/es\/wp-json\/wp\/v2\/users\/1"}],"replies":[{"embeddable":true,"href":"https:\/\/www.cavallcartro.cat\/es\/wp-json\/wp\/v2\/comments?post=5147"}],"version-history":[{"count":3,"href":"https:\/\/www.cavallcartro.cat\/es\/wp-json\/wp\/v2\/posts\/5147\/revisions"}],"predecessor-version":[{"id":5152,"href":"https:\/\/www.cavallcartro.cat\/es\/wp-json\/wp\/v2\/posts\/5147\/revisions\/5152"}],"wp:featuredmedia":[{"embeddable":true,"href":"https:\/\/www.cavallcartro.cat\/es\/wp-json\/wp\/v2\/media\/4975"}],"wp:attachment":[{"href":"https:\/\/www.cavallcartro.cat\/es\/wp-json\/wp\/v2\/media?parent=5147"}],"wp:term":[{"taxonomy":"category","embeddable":true,"href":"https:\/\/www.cavallcartro.cat\/es\/wp-json\/wp\/v2\/categories?post=5147"},{"taxonomy":"post_tag","embeddable":true,"href":"https:\/\/www.cavallcartro.cat\/es\/wp-json\/wp\/v2\/tags?post=5147"}],"curies":[{"name":"wp","href":"https:\/\/api.w.org\/{rel}","templated":true}]}}