{"id":4823,"date":"2020-03-02T14:28:58","date_gmt":"2020-03-02T14:28:58","guid":{"rendered":"https:\/\/www.cavallcartro.cat\/el-espacio-de-mediodia-un-espacio-educativo"},"modified":"2020-03-02T14:32:28","modified_gmt":"2020-03-02T14:32:28","slug":"espacio-de-mediodia-educativo","status":"publish","type":"post","link":"https:\/\/www.cavallcartro.cat\/es\/espacio-de-mediodia-educativo","title":{"rendered":"El espacio de mediod\u00eda, un espacio educativo"},"content":{"rendered":"<h3>\u00bfC\u00f3mo entendemos el espacio del mediod\u00eda? En Cavall de Cartr\u00f3 Cuina i Lleure, el espacio de mediod\u00eda s\u00f3lo lo podemos entender como un espacio educativo m\u00e1s dentro de la escuela.<\/h3>\n<p>A trav\u00e9s de la definici\u00f3n de una l\u00ednea pedag\u00f3gica clara, en la que <strong>los ni\u00f1os, ni\u00f1as y adolescentes son los protagonistas<\/strong>, pretendemos, en ellos, la toma de conciencia, el respeto y el compromiso con los dem\u00e1s y con uno mismo. Desde esta mirada, queremos que <strong>entiendan y valoren la diversidad de las personas<\/strong> y de todo aquello que les rodea.<\/p>\n<p>Basamos el <a href=\"https:\/\/www.cavallcartro.cat\/tag\/espai-de-migdia\"> <strong><span style=\"color: #99cc00;\">espacio del mediod\u00eda<\/span><\/strong><\/a> en una l\u00ednea bien definida, en la que, por medio de propuestas de juego, de talleres, de asambleas y de diferentes acciones medioambientales, <strong>trabajamos el respeto, los h\u00e1bitos, la autonom\u00eda y el esp\u00edritu cr\u00edtico.<\/strong><\/p>\n<p>Queremos de este modo que los j\u00f3venes sean capaces de poder cuestionarse tanto sus propias ideas como las de los dem\u00e1s.<\/p>\n<h3>LAS PROPUESTAS, LA CLAVE DEL ESPACIO DEL MEDIOD\u00cdA<\/h3>\n<p>Durante el curso escolar, preparamos diferentes propuestas que se convierten <span style=\"color: #99cc00;\"><a style=\"color: #99cc00;\" href=\"https:\/\/www.cavallcartro.cat\/valors\"><strong>transmisoras de valores<\/strong><\/a><\/span> y que fomentan la adquisici\u00f3n de habilidades y valores, mediante la coeducaci\u00f3n, la gesti\u00f3n de las emociones, el trabajo en equipo y la cooperaci\u00f3n.<\/p>\n<p>Trabajamos hacia una <strong>alimentaci\u00f3n sana y un consumo responsable de los alimentos<\/strong>. A trav\u00e9s de un buen acompa\u00f1amiento en el momento de las comidas, <strong>favorecemos h\u00e1bitos de autonom\u00eda, de alimentaci\u00f3n saludable y de higiene.<\/strong><\/p>\n<p>Integramos, tanto en el tiempo de alimentaci\u00f3n como en la del ocio, varias <strong>acciones medioambientales<\/strong>, como son clasificar y reciclar los desechos, o aprovechar el agua sobrante del momento de la comida. Tambi\u00e9n incorporamos <strong>propuestas participativas como son las asambleas<\/strong>, favoreciendo la conciencia sobre nuestro entorno.<\/p>\n<p  class=\"swmsc_alert_success_box swmsc_alert_boxes\" >El espacio de mediod\u00eda en las escuelas nos permite trabajar propuestas transmisoras de valores, de alimentaci\u00f3n saludable y de buenos h\u00e1bitos, de conciencia medioambiental y de socializaci\u00f3n desde el respeto a los dem\u00e1s.<\/p>\n<div  class=\"swmsc_horizontal_line\" style=\"padding-top:80px;padding-bottom:80px;\">\n                        <span class=\"swmsc_horizontal_line_h_line\" style=\"border-color:#99d01b;\"><\/span><span class=\"swmsc_horizontal_line_icon\"><i class=\"fa fa-compass\" style=\"color:#99d01b;\"><\/i><\/span>\n                    <div class=\"clear\"><\/div>\n                    <\/div>\n<p><iframe loading=\"lazy\" style=\"overflow: hidden; width: 1200px; height: 258px;\" src=\"\/\/www.facebook.com\/plugins\/likebox.php?href=http%3A%2F%2Fwww.facebook.com%2F354052831640272&amp;width=1200&amp;height=258&amp;show_faces=true&amp;colorscheme=light&amp;stream=false&amp;border_color=%23FFF&amp;header=false\" width=\"1200\" height=\"240\" frameborder=\"0\" scrolling=\"no\"><\/iframe><\/p>\n","protected":false},"excerpt":{"rendered":"<p>\u00bfC\u00f3mo entendemos el espacio del mediod\u00eda? En Cavall de Cartr\u00f3 Cuina i Lleure, el espacio de mediod\u00eda s\u00f3lo lo podemos entender como un espacio educativo m\u00e1s dentro de la escuela.<\/p>\n","protected":false},"author":1,"featured_media":4818,"comment_status":"closed","ping_status":"closed","sticky":false,"template":"","format":"standard","meta":{"footnotes":""},"categories":[400,88],"tags":[228,435,438],"class_list":["post-4823","post","type-post","status-publish","format-standard","has-post-thumbnail","hentry","category-escuelas-de-primaria","category-proyectos","tag-cavall-de-cartro-es","tag-comedor-escolar-es","tag-ocio-educativo-es"],"yoast_head":"<!-- This site is optimized with the Yoast SEO plugin v27.4 - https:\/\/yoast.com\/product\/yoast-seo-wordpress\/ -->\n<title>El espacio de mediod\u00eda, un espacio educativo<\/title>\n<meta name=\"description\" content=\"\u00bfC\u00f3mo entendemos el espacio del mediod\u00eda? En Cavall de Cartr\u00f3 Cuina i Lleure, el espacio de mediod\u00eda s\u00f3lo lo podemos entender como un espacio educativo m\u00e1s dentro de la escuela.\" \/>\n<meta name=\"robots\" content=\"index, follow, max-snippet:-1, max-image-preview:large, max-video-preview:-1\" \/>\n<link rel=\"canonical\" href=\"https:\/\/www.cavallcartro.cat\/es\/espacio-de-mediodia-educativo\" \/>\n<meta property=\"og:locale\" content=\"es_ES\" \/>\n<meta property=\"og:type\" content=\"article\" \/>\n<meta property=\"og:title\" content=\"El espacio de mediod\u00eda, un espacio educativo\" \/>\n<meta property=\"og:description\" content=\"\u00bfC\u00f3mo entendemos el espacio del mediod\u00eda? En Cavall de Cartr\u00f3 Cuina i Lleure, el espacio de mediod\u00eda s\u00f3lo lo podemos entender como un espacio educativo m\u00e1s dentro de la escuela.\" \/>\n<meta property=\"og:url\" content=\"https:\/\/www.cavallcartro.cat\/es\/espacio-de-mediodia-educativo\" \/>\n<meta property=\"og:site_name\" content=\"Cavall de Cartr\u00f3 - Serveis Educatius\" \/>\n<meta property=\"article:publisher\" content=\"https:\/\/www.facebook.com\/cavallcartroedu\" \/>\n<meta property=\"article:published_time\" content=\"2020-03-02T14:28:58+00:00\" \/>\n<meta property=\"article:modified_time\" content=\"2020-03-02T14:32:28+00:00\" \/>\n<meta property=\"og:image\" content=\"https:\/\/www.cavallcartro.cat\/wp-content\/uploads\/2020\/03\/Espai-de-migdia-espai-educatiu-Menjadors-escolars.jpg\" \/>\n\t<meta property=\"og:image:width\" content=\"1200\" \/>\n\t<meta property=\"og:image:height\" content=\"600\" \/>\n\t<meta property=\"og:image:type\" content=\"image\/jpeg\" \/>\n<meta name=\"author\" content=\"cgarcia\" \/>\n<meta name=\"twitter:card\" content=\"summary_large_image\" \/>\n<meta name=\"twitter:creator\" content=\"@cavallcartroedu\" \/>\n<meta name=\"twitter:site\" content=\"@cavallcartroedu\" \/>\n<meta name=\"twitter:label1\" content=\"Escrito por\" \/>\n\t<meta name=\"twitter:data1\" content=\"cgarcia\" \/>\n\t<meta name=\"twitter:label2\" content=\"Tiempo de lectura\" \/>\n\t<meta name=\"twitter:data2\" content=\"2 minutos\" \/>\n<script type=\"application\/ld+json\" class=\"yoast-schema-graph\">{\"@context\":\"https:\\\/\\\/schema.org\",\"@graph\":[{\"@type\":\"Article\",\"@id\":\"https:\\\/\\\/www.cavallcartro.cat\\\/es\\\/espacio-de-mediodia-educativo#article\",\"isPartOf\":{\"@id\":\"https:\\\/\\\/www.cavallcartro.cat\\\/es\\\/espacio-de-mediodia-educativo\"},\"author\":{\"name\":\"cgarcia\",\"@id\":\"https:\\\/\\\/www.cavallcartro.cat\\\/#\\\/schema\\\/person\\\/6747bc1660e32d545ab2b8e5927ea542\"},\"headline\":\"El espacio de mediod\u00eda, un espacio educativo\",\"datePublished\":\"2020-03-02T14:28:58+00:00\",\"dateModified\":\"2020-03-02T14:32:28+00:00\",\"mainEntityOfPage\":{\"@id\":\"https:\\\/\\\/www.cavallcartro.cat\\\/es\\\/espacio-de-mediodia-educativo\"},\"wordCount\":387,\"publisher\":{\"@id\":\"https:\\\/\\\/www.cavallcartro.cat\\\/#organization\"},\"image\":{\"@id\":\"https:\\\/\\\/www.cavallcartro.cat\\\/es\\\/espacio-de-mediodia-educativo#primaryimage\"},\"thumbnailUrl\":\"https:\\\/\\\/www.cavallcartro.cat\\\/wp-content\\\/uploads\\\/2020\\\/03\\\/Espai-de-migdia-espai-educatiu-Menjadors-escolars.jpg\",\"keywords\":[\"Cavall de Cartr\u00f3\",\"comedor escolar\",\"ocio educativo\"],\"articleSection\":[\"Escuelas de primaria\",\"Proyectos\"],\"inLanguage\":\"es\"},{\"@type\":\"WebPage\",\"@id\":\"https:\\\/\\\/www.cavallcartro.cat\\\/es\\\/espacio-de-mediodia-educativo\",\"url\":\"https:\\\/\\\/www.cavallcartro.cat\\\/es\\\/espacio-de-mediodia-educativo\",\"name\":\"El espacio de mediod\u00eda, un espacio educativo\",\"isPartOf\":{\"@id\":\"https:\\\/\\\/www.cavallcartro.cat\\\/#website\"},\"primaryImageOfPage\":{\"@id\":\"https:\\\/\\\/www.cavallcartro.cat\\\/es\\\/espacio-de-mediodia-educativo#primaryimage\"},\"image\":{\"@id\":\"https:\\\/\\\/www.cavallcartro.cat\\\/es\\\/espacio-de-mediodia-educativo#primaryimage\"},\"thumbnailUrl\":\"https:\\\/\\\/www.cavallcartro.cat\\\/wp-content\\\/uploads\\\/2020\\\/03\\\/Espai-de-migdia-espai-educatiu-Menjadors-escolars.jpg\",\"datePublished\":\"2020-03-02T14:28:58+00:00\",\"dateModified\":\"2020-03-02T14:32:28+00:00\",\"description\":\"\u00bfC\u00f3mo entendemos el espacio del mediod\u00eda? En Cavall de Cartr\u00f3 Cuina i Lleure, el espacio de mediod\u00eda s\u00f3lo lo podemos entender como un espacio educativo m\u00e1s dentro de la escuela.\",\"breadcrumb\":{\"@id\":\"https:\\\/\\\/www.cavallcartro.cat\\\/es\\\/espacio-de-mediodia-educativo#breadcrumb\"},\"inLanguage\":\"es\",\"potentialAction\":[{\"@type\":\"ReadAction\",\"target\":[\"https:\\\/\\\/www.cavallcartro.cat\\\/es\\\/espacio-de-mediodia-educativo\"]}]},{\"@type\":\"ImageObject\",\"inLanguage\":\"es\",\"@id\":\"https:\\\/\\\/www.cavallcartro.cat\\\/es\\\/espacio-de-mediodia-educativo#primaryimage\",\"url\":\"https:\\\/\\\/www.cavallcartro.cat\\\/wp-content\\\/uploads\\\/2020\\\/03\\\/Espai-de-migdia-espai-educatiu-Menjadors-escolars.jpg\",\"contentUrl\":\"https:\\\/\\\/www.cavallcartro.cat\\\/wp-content\\\/uploads\\\/2020\\\/03\\\/Espai-de-migdia-espai-educatiu-Menjadors-escolars.jpg\",\"width\":1200,\"height\":600,\"caption\":\"Espai de migdia, espai educatiu - Menjadors escolars\"},{\"@type\":\"BreadcrumbList\",\"@id\":\"https:\\\/\\\/www.cavallcartro.cat\\\/es\\\/espacio-de-mediodia-educativo#breadcrumb\",\"itemListElement\":[{\"@type\":\"ListItem\",\"position\":1,\"name\":\"Portada\",\"item\":\"https:\\\/\\\/www.cavallcartro.cat\\\/es\"},{\"@type\":\"ListItem\",\"position\":2,\"name\":\"El espacio de mediod\u00eda, un espacio educativo\"}]},{\"@type\":\"WebSite\",\"@id\":\"https:\\\/\\\/www.cavallcartro.cat\\\/#website\",\"url\":\"https:\\\/\\\/www.cavallcartro.cat\\\/\",\"name\":\"Cavall de Cartr\u00f3\",\"description\":\"Gesti\u00f3 d&#039;escoles bressol i llars d&#039;infants municipals a Barcelona i tota Catalunya.\",\"publisher\":{\"@id\":\"https:\\\/\\\/www.cavallcartro.cat\\\/#organization\"},\"potentialAction\":[{\"@type\":\"SearchAction\",\"target\":{\"@type\":\"EntryPoint\",\"urlTemplate\":\"https:\\\/\\\/www.cavallcartro.cat\\\/?s={search_term_string}\"},\"query-input\":{\"@type\":\"PropertyValueSpecification\",\"valueRequired\":true,\"valueName\":\"search_term_string\"}}],\"inLanguage\":\"es\"},{\"@type\":\"Organization\",\"@id\":\"https:\\\/\\\/www.cavallcartro.cat\\\/#organization\",\"name\":\"Cavall de Cartr\u00f3\",\"url\":\"https:\\\/\\\/www.cavallcartro.cat\\\/\",\"logo\":{\"@type\":\"ImageObject\",\"inLanguage\":\"es\",\"@id\":\"https:\\\/\\\/www.cavallcartro.cat\\\/#\\\/schema\\\/logo\\\/image\\\/\",\"url\":\"https:\\\/\\\/www.cavallcartro.cat\\\/wp-content\\\/uploads\\\/2020\\\/07\\\/Logo-Cavall-de-Cartr\u00f3-gesti\u00f3-escoles-bressol-i-menjadors-escolars-e1596129492304.png\",\"contentUrl\":\"https:\\\/\\\/www.cavallcartro.cat\\\/wp-content\\\/uploads\\\/2020\\\/07\\\/Logo-Cavall-de-Cartr\u00f3-gesti\u00f3-escoles-bressol-i-menjadors-escolars-e1596129492304.png\",\"width\":528,\"height\":274,\"caption\":\"Cavall de Cartr\u00f3\"},\"image\":{\"@id\":\"https:\\\/\\\/www.cavallcartro.cat\\\/#\\\/schema\\\/logo\\\/image\\\/\"},\"sameAs\":[\"https:\\\/\\\/www.facebook.com\\\/cavallcartroedu\",\"https:\\\/\\\/x.com\\\/cavallcartroedu\",\"https:\\\/\\\/www.instagram.com\\\/cavallcartroedu\\\/\",\"https:\\\/\\\/www.youtube.com\\\/@CavalldeCartro\"]},{\"@type\":\"Person\",\"@id\":\"https:\\\/\\\/www.cavallcartro.cat\\\/#\\\/schema\\\/person\\\/6747bc1660e32d545ab2b8e5927ea542\",\"name\":\"cgarcia\",\"image\":{\"@type\":\"ImageObject\",\"inLanguage\":\"es\",\"@id\":\"https:\\\/\\\/secure.gravatar.com\\\/avatar\\\/469990a84f48a39e93ee0d8243415a74ba5692f608ea41afee8cae0e81f99f77?s=96&d=mm&r=g\",\"url\":\"https:\\\/\\\/secure.gravatar.com\\\/avatar\\\/469990a84f48a39e93ee0d8243415a74ba5692f608ea41afee8cae0e81f99f77?s=96&d=mm&r=g\",\"contentUrl\":\"https:\\\/\\\/secure.gravatar.com\\\/avatar\\\/469990a84f48a39e93ee0d8243415a74ba5692f608ea41afee8cae0e81f99f77?s=96&d=mm&r=g\",\"caption\":\"cgarcia\"},\"url\":\"https:\\\/\\\/www.cavallcartro.cat\\\/es\\\/author\\\/cgarcia\"}]}<\/script>\n<!-- \/ Yoast SEO plugin. -->","yoast_head_json":{"title":"El espacio de mediod\u00eda, un espacio educativo","description":"\u00bfC\u00f3mo entendemos el espacio del mediod\u00eda? En Cavall de Cartr\u00f3 Cuina i Lleure, el espacio de mediod\u00eda s\u00f3lo lo podemos entender como un espacio educativo m\u00e1s dentro de la escuela.","robots":{"index":"index","follow":"follow","max-snippet":"max-snippet:-1","max-image-preview":"max-image-preview:large","max-video-preview":"max-video-preview:-1"},"canonical":"https:\/\/www.cavallcartro.cat\/es\/espacio-de-mediodia-educativo","og_locale":"es_ES","og_type":"article","og_title":"El espacio de mediod\u00eda, un espacio educativo","og_description":"\u00bfC\u00f3mo entendemos el espacio del mediod\u00eda? En Cavall de Cartr\u00f3 Cuina i Lleure, el espacio de mediod\u00eda s\u00f3lo lo podemos entender como un espacio educativo m\u00e1s dentro de la escuela.","og_url":"https:\/\/www.cavallcartro.cat\/es\/espacio-de-mediodia-educativo","og_site_name":"Cavall de Cartr\u00f3 - Serveis Educatius","article_publisher":"https:\/\/www.facebook.com\/cavallcartroedu","article_published_time":"2020-03-02T14:28:58+00:00","article_modified_time":"2020-03-02T14:32:28+00:00","og_image":[{"width":1200,"height":600,"url":"https:\/\/www.cavallcartro.cat\/wp-content\/uploads\/2020\/03\/Espai-de-migdia-espai-educatiu-Menjadors-escolars.jpg","type":"image\/jpeg"}],"author":"cgarcia","twitter_card":"summary_large_image","twitter_creator":"@cavallcartroedu","twitter_site":"@cavallcartroedu","twitter_misc":{"Escrito por":"cgarcia","Tiempo de lectura":"2 minutos"},"schema":{"@context":"https:\/\/schema.org","@graph":[{"@type":"Article","@id":"https:\/\/www.cavallcartro.cat\/es\/espacio-de-mediodia-educativo#article","isPartOf":{"@id":"https:\/\/www.cavallcartro.cat\/es\/espacio-de-mediodia-educativo"},"author":{"name":"cgarcia","@id":"https:\/\/www.cavallcartro.cat\/#\/schema\/person\/6747bc1660e32d545ab2b8e5927ea542"},"headline":"El espacio de mediod\u00eda, un espacio educativo","datePublished":"2020-03-02T14:28:58+00:00","dateModified":"2020-03-02T14:32:28+00:00","mainEntityOfPage":{"@id":"https:\/\/www.cavallcartro.cat\/es\/espacio-de-mediodia-educativo"},"wordCount":387,"publisher":{"@id":"https:\/\/www.cavallcartro.cat\/#organization"},"image":{"@id":"https:\/\/www.cavallcartro.cat\/es\/espacio-de-mediodia-educativo#primaryimage"},"thumbnailUrl":"https:\/\/www.cavallcartro.cat\/wp-content\/uploads\/2020\/03\/Espai-de-migdia-espai-educatiu-Menjadors-escolars.jpg","keywords":["Cavall de Cartr\u00f3","comedor escolar","ocio educativo"],"articleSection":["Escuelas de primaria","Proyectos"],"inLanguage":"es"},{"@type":"WebPage","@id":"https:\/\/www.cavallcartro.cat\/es\/espacio-de-mediodia-educativo","url":"https:\/\/www.cavallcartro.cat\/es\/espacio-de-mediodia-educativo","name":"El espacio de mediod\u00eda, un espacio educativo","isPartOf":{"@id":"https:\/\/www.cavallcartro.cat\/#website"},"primaryImageOfPage":{"@id":"https:\/\/www.cavallcartro.cat\/es\/espacio-de-mediodia-educativo#primaryimage"},"image":{"@id":"https:\/\/www.cavallcartro.cat\/es\/espacio-de-mediodia-educativo#primaryimage"},"thumbnailUrl":"https:\/\/www.cavallcartro.cat\/wp-content\/uploads\/2020\/03\/Espai-de-migdia-espai-educatiu-Menjadors-escolars.jpg","datePublished":"2020-03-02T14:28:58+00:00","dateModified":"2020-03-02T14:32:28+00:00","description":"\u00bfC\u00f3mo entendemos el espacio del mediod\u00eda? En Cavall de Cartr\u00f3 Cuina i Lleure, el espacio de mediod\u00eda s\u00f3lo lo podemos entender como un espacio educativo m\u00e1s dentro de la escuela.","breadcrumb":{"@id":"https:\/\/www.cavallcartro.cat\/es\/espacio-de-mediodia-educativo#breadcrumb"},"inLanguage":"es","potentialAction":[{"@type":"ReadAction","target":["https:\/\/www.cavallcartro.cat\/es\/espacio-de-mediodia-educativo"]}]},{"@type":"ImageObject","inLanguage":"es","@id":"https:\/\/www.cavallcartro.cat\/es\/espacio-de-mediodia-educativo#primaryimage","url":"https:\/\/www.cavallcartro.cat\/wp-content\/uploads\/2020\/03\/Espai-de-migdia-espai-educatiu-Menjadors-escolars.jpg","contentUrl":"https:\/\/www.cavallcartro.cat\/wp-content\/uploads\/2020\/03\/Espai-de-migdia-espai-educatiu-Menjadors-escolars.jpg","width":1200,"height":600,"caption":"Espai de migdia, espai educatiu - Menjadors escolars"},{"@type":"BreadcrumbList","@id":"https:\/\/www.cavallcartro.cat\/es\/espacio-de-mediodia-educativo#breadcrumb","itemListElement":[{"@type":"ListItem","position":1,"name":"Portada","item":"https:\/\/www.cavallcartro.cat\/es"},{"@type":"ListItem","position":2,"name":"El espacio de mediod\u00eda, un espacio educativo"}]},{"@type":"WebSite","@id":"https:\/\/www.cavallcartro.cat\/#website","url":"https:\/\/www.cavallcartro.cat\/","name":"Cavall de Cartr\u00f3","description":"Gesti\u00f3 d&#039;escoles bressol i llars d&#039;infants municipals a Barcelona i tota Catalunya.","publisher":{"@id":"https:\/\/www.cavallcartro.cat\/#organization"},"potentialAction":[{"@type":"SearchAction","target":{"@type":"EntryPoint","urlTemplate":"https:\/\/www.cavallcartro.cat\/?s={search_term_string}"},"query-input":{"@type":"PropertyValueSpecification","valueRequired":true,"valueName":"search_term_string"}}],"inLanguage":"es"},{"@type":"Organization","@id":"https:\/\/www.cavallcartro.cat\/#organization","name":"Cavall de Cartr\u00f3","url":"https:\/\/www.cavallcartro.cat\/","logo":{"@type":"ImageObject","inLanguage":"es","@id":"https:\/\/www.cavallcartro.cat\/#\/schema\/logo\/image\/","url":"https:\/\/www.cavallcartro.cat\/wp-content\/uploads\/2020\/07\/Logo-Cavall-de-Cartr\u00f3-gesti\u00f3-escoles-bressol-i-menjadors-escolars-e1596129492304.png","contentUrl":"https:\/\/www.cavallcartro.cat\/wp-content\/uploads\/2020\/07\/Logo-Cavall-de-Cartr\u00f3-gesti\u00f3-escoles-bressol-i-menjadors-escolars-e1596129492304.png","width":528,"height":274,"caption":"Cavall de Cartr\u00f3"},"image":{"@id":"https:\/\/www.cavallcartro.cat\/#\/schema\/logo\/image\/"},"sameAs":["https:\/\/www.facebook.com\/cavallcartroedu","https:\/\/x.com\/cavallcartroedu","https:\/\/www.instagram.com\/cavallcartroedu\/","https:\/\/www.youtube.com\/@CavalldeCartro"]},{"@type":"Person","@id":"https:\/\/www.cavallcartro.cat\/#\/schema\/person\/6747bc1660e32d545ab2b8e5927ea542","name":"cgarcia","image":{"@type":"ImageObject","inLanguage":"es","@id":"https:\/\/secure.gravatar.com\/avatar\/469990a84f48a39e93ee0d8243415a74ba5692f608ea41afee8cae0e81f99f77?s=96&d=mm&r=g","url":"https:\/\/secure.gravatar.com\/avatar\/469990a84f48a39e93ee0d8243415a74ba5692f608ea41afee8cae0e81f99f77?s=96&d=mm&r=g","contentUrl":"https:\/\/secure.gravatar.com\/avatar\/469990a84f48a39e93ee0d8243415a74ba5692f608ea41afee8cae0e81f99f77?s=96&d=mm&r=g","caption":"cgarcia"},"url":"https:\/\/www.cavallcartro.cat\/es\/author\/cgarcia"}]}},"_links":{"self":[{"href":"https:\/\/www.cavallcartro.cat\/es\/wp-json\/wp\/v2\/posts\/4823","targetHints":{"allow":["GET"]}}],"collection":[{"href":"https:\/\/www.cavallcartro.cat\/es\/wp-json\/wp\/v2\/posts"}],"about":[{"href":"https:\/\/www.cavallcartro.cat\/es\/wp-json\/wp\/v2\/types\/post"}],"author":[{"embeddable":true,"href":"https:\/\/www.cavallcartro.cat\/es\/wp-json\/wp\/v2\/users\/1"}],"replies":[{"embeddable":true,"href":"https:\/\/www.cavallcartro.cat\/es\/wp-json\/wp\/v2\/comments?post=4823"}],"version-history":[{"count":2,"href":"https:\/\/www.cavallcartro.cat\/es\/wp-json\/wp\/v2\/posts\/4823\/revisions"}],"predecessor-version":[{"id":4825,"href":"https:\/\/www.cavallcartro.cat\/es\/wp-json\/wp\/v2\/posts\/4823\/revisions\/4825"}],"wp:featuredmedia":[{"embeddable":true,"href":"https:\/\/www.cavallcartro.cat\/es\/wp-json\/wp\/v2\/media\/4818"}],"wp:attachment":[{"href":"https:\/\/www.cavallcartro.cat\/es\/wp-json\/wp\/v2\/media?parent=4823"}],"wp:term":[{"taxonomy":"category","embeddable":true,"href":"https:\/\/www.cavallcartro.cat\/es\/wp-json\/wp\/v2\/categories?post=4823"},{"taxonomy":"post_tag","embeddable":true,"href":"https:\/\/www.cavallcartro.cat\/es\/wp-json\/wp\/v2\/tags?post=4823"}],"curies":[{"name":"wp","href":"https:\/\/api.w.org\/{rel}","templated":true}]}}