{"id":4488,"date":"2019-04-26T15:57:55","date_gmt":"2019-04-26T15:57:55","guid":{"rendered":"https:\/\/www.cavallcartro.cat\/i-jornada-de-cavall-de-cartro-introduccion-a-la-vision-pikleriana"},"modified":"2019-06-10T16:10:49","modified_gmt":"2019-06-10T16:10:49","slug":"introduccion-vision-pikleriana","status":"publish","type":"post","link":"https:\/\/www.cavallcartro.cat\/es\/introduccion-vision-pikleriana","title":{"rendered":"I Jornada de Cavall de Cartr\u00f3: introducci\u00f3n a la visi\u00f3n pikleriana"},"content":{"rendered":"<h3>El pasado 15 de abril, desde <a href=\"https:\/\/www.cavallcartro.cat\/es\"><strong>Cavall de Cartr\u00f3<\/strong><\/a> organizamos una jornada de iniciaci\u00f3n a la visi\u00f3n Pikleriana, dirigida a nuestros equipos educativos y a las responsables de los servicios.<\/h3>\n<p>La jornada estuvo a cargo de <a href=\"http:\/\/soniakliass.com\/\" target=\"_blank\" rel=\"noopener\"><strong>S\u00f2nia Kliass<\/strong><\/a>, psic\u00f3loga y especialista en el desarrollo infantil de 0 a 7 a\u00f1os, siendo justamente una de sus principales referencias la de la visi\u00f3n pikleriana. La jornada tuvo un gran \u00e9xito con 84 asistentes.<\/p>\n<p><a href=\"https:\/\/ca.wikipedia.org\/wiki\/Emmi_Pikler\" target=\"_blank\" rel=\"noopener\"><strong>Emmi Pikler<\/strong><\/a> fue una pediatra h\u00fangara, nacida en 1902, a quien le debemos grandes descubrimientos gracias a sus observaciones e investigaciones relativas al desarrollo motriz del ni\u00f1o, as\u00ed como a la b\u00fasqueda de las condiciones \u00f3ptimas para su desarrollo.<\/p>\n<p>Comenz\u00f3 a trabajar como pediatra de familia, para pasar a trabajar en un hogar de Budapest donde los ni\u00f1os no ten\u00edan padres o \u00e9stos no se pod\u00edan hacer cargo. Gracias a estas investigaciones, cre\u00f3 un <strong>manual de aspectos de la crianza y de la vida cotidiana de los ni\u00f1os<\/strong>, de c\u00f3mo ofrecerles relaciones de calidad o de c\u00f3mo acompa\u00f1arlos mediante la observaci\u00f3n. El manual incluye tambi\u00e9n mobiliarios espec\u00edficos, utensilios para comer o prendas de vestir.<\/p>\n<h3>EL MOVIMIENTO LIBRE, PRIMER LENGUAJE DEL BEB\u00c9<\/h3>\n<p>La jornada estuvo centrada en el movimiento libre, entendiendo el movimiento como el primer lenguaje del beb\u00e9, en la <strong>no intervenci\u00f3n del adulto en el proceso motriz<\/strong> y en el trato respetuoso hacia el ni\u00f1o o ni\u00f1a. C\u00f3mo le hablamos, c\u00f3mo le tocamos, nuestros gestos y nuestra mirada es lo que reciben.<\/p>\n<p>De esta manera se pone de manifiesto la importancia de garantizar una <strong>relaci\u00f3n de calidad del adulto con el ni\u00f1o<\/strong> y de respetar su actividad aut\u00f3noma y sus ritmos individuales, que fue uno de los ejes principales de la jornada.<\/p>\n<p>Repasamos las diferentes etapas del proceso motriz de los ni\u00f1os a partir de las investigaciones de Emmi Pikler. Conocedoras que, cuando un ni\u00f1o nace, pasa de un medio acu\u00e1tico a un medio donde la fuerza de la gravedad supone un gran reto para el equilibrio, hay que plantearse <strong>como ayudar a los ni\u00f1os a que se sientan bien con su cuerpo<\/strong> y que tengan un buen dominio del mismo. Esto ser\u00e1 muy importante, tanto para su desarrollo global, como para conseguir una buena coordinaci\u00f3n y armon\u00eda de movimiento.<\/p>\n<p>Emmi Pikler, su manera de entender a los ni\u00f1os y de relacionarse con ellos, constituyen un modelo educativo de referencia indiscutible, y que nos hace reflexionar, <strong>replantear y mejorar d\u00eda a d\u00eda el modelo de nuestras de escuelas infantiles<\/strong>.<\/p>\n<p>Desde Cavall de Cartr\u00f3 impulsaremos nuevas jornadas que permitan acoger los deseos de mejora y de aprendizaje continuo de los equipos, b\u00e1sicos para la actualizaci\u00f3n de los conocimientos y de la innovaci\u00f3n permanente.<\/p>\n<p>Nuestro reto: seguir ofreciendo excelencia y experiencia en todo lo que hacemos.<\/p>\n<div  class=\"swmsc_horizontal_line\" style=\"padding-top:80px;padding-bottom:80px;\">\n                        <span class=\"swmsc_horizontal_line_h_line\" style=\"border-color:#99d01b;\"><\/span><span class=\"swmsc_horizontal_line_icon\"><i class=\"fa fa-compass\" style=\"color:#99d01b;\"><\/i><\/span>\n                    <div class=\"clear\"><\/div>\n                    <\/div>\n<p><img loading=\"lazy\" decoding=\"async\" class=\"aligncenter size-full wp-image-4402\" src=\"https:\/\/www.cavallcartro.cat\/wp-content\/uploads\/2019\/04\/Jornada-visi\u00f3-pikleriana-a-leducaci\u00f3-a-Cavall-de-Cartr\u00f3.jpg\" alt=\"Jornada visi\u00f3 pikleriana a l'educaci\u00f3 a Cavall de Cartr\u00f3\" width=\"1200\" height=\"583\" srcset=\"https:\/\/www.cavallcartro.cat\/wp-content\/uploads\/2019\/04\/Jornada-visi\u00f3-pikleriana-a-leducaci\u00f3-a-Cavall-de-Cartr\u00f3.jpg 1200w, https:\/\/www.cavallcartro.cat\/wp-content\/uploads\/2019\/04\/Jornada-visi\u00f3-pikleriana-a-leducaci\u00f3-a-Cavall-de-Cartr\u00f3-600x292.jpg 600w, https:\/\/www.cavallcartro.cat\/wp-content\/uploads\/2019\/04\/Jornada-visi\u00f3-pikleriana-a-leducaci\u00f3-a-Cavall-de-Cartr\u00f3-300x146.jpg 300w, https:\/\/www.cavallcartro.cat\/wp-content\/uploads\/2019\/04\/Jornada-visi\u00f3-pikleriana-a-leducaci\u00f3-a-Cavall-de-Cartr\u00f3-768x373.jpg 768w, https:\/\/www.cavallcartro.cat\/wp-content\/uploads\/2019\/04\/Jornada-visi\u00f3-pikleriana-a-leducaci\u00f3-a-Cavall-de-Cartr\u00f3-1024x497.jpg 1024w, https:\/\/www.cavallcartro.cat\/wp-content\/uploads\/2019\/04\/Jornada-visi\u00f3-pikleriana-a-leducaci\u00f3-a-Cavall-de-Cartr\u00f3-100x49.jpg 100w\" sizes=\"auto, (max-width: 1200px) 100vw, 1200px\" \/><\/p>\n<p>\u00a0<\/p>\n<p><iframe loading=\"lazy\" style=\"overflow: hidden; width: 1200px; height: 258px;\" src=\"\/\/www.facebook.com\/plugins\/likebox.php?href=http%3A%2F%2Fwww.facebook.com%2F354052831640272&#038;width=1200&#038;height=258&#038;show_faces=true&#038;colorscheme=light&#038;stream=false&#038;border_color=%23FFF&#038;header=false\" width=\"1200\" height=\"240\" frameborder=\"0\" scrolling=\"no\"><\/iframe><\/p>\n","protected":false},"excerpt":{"rendered":"<p>Desde Cavall de Cartr\u00f3 organizamos una jornada de iniciaci\u00f3n a la visi\u00f3n Pikleriana, dirigida a los equipos educativos de nuestras escuelas infantiles.<\/p>\n","protected":false},"author":1,"featured_media":4408,"comment_status":"closed","ping_status":"closed","sticky":false,"template":"","format":"standard","meta":{"footnotes":""},"categories":[222,88],"tags":[228,232,233,439,434,449,448],"class_list":["post-4488","post","type-post","status-publish","format-standard","has-post-thumbnail","hentry","category-calidad","category-proyectos","tag-cavall-de-cartro-es","tag-escuelas-infantiles","tag-escuelas-infantiles-municipales","tag-juego-libre","tag-movimiento-libre","tag-pikler-es","tag-reflexion"],"yoast_head":"<!-- This site is optimized with the Yoast SEO plugin v27.5 - https:\/\/yoast.com\/product\/yoast-seo-wordpress\/ -->\n<title>I Jornada de Cavall de Cartr\u00f3: introducci\u00f3n a la visi\u00f3n pikleriana<\/title>\n<meta name=\"description\" content=\"Desde Cavall de Cartr\u00f3 organizamos una jornada de iniciaci\u00f3n a la visi\u00f3n Pikleriana, dirigida a los equipos educativos de nuestras escuelas infantiles.\" \/>\n<meta name=\"robots\" content=\"index, follow, max-snippet:-1, max-image-preview:large, max-video-preview:-1\" \/>\n<link rel=\"canonical\" href=\"https:\/\/www.cavallcartro.cat\/es\/introduccion-vision-pikleriana\" \/>\n<meta property=\"og:locale\" content=\"es_ES\" \/>\n<meta property=\"og:type\" content=\"article\" \/>\n<meta property=\"og:title\" content=\"I Jornada de Cavall de Cartr\u00f3: introducci\u00f3n a la visi\u00f3n pikleriana\" \/>\n<meta property=\"og:description\" content=\"Desde Cavall de Cartr\u00f3 organizamos una jornada de iniciaci\u00f3n a la visi\u00f3n Pikleriana, dirigida a los equipos educativos de nuestras escuelas infantiles.\" \/>\n<meta property=\"og:url\" content=\"https:\/\/www.cavallcartro.cat\/es\/introduccion-vision-pikleriana\" \/>\n<meta property=\"og:site_name\" content=\"Cavall de Cartr\u00f3 - Serveis Educatius\" \/>\n<meta property=\"article:publisher\" content=\"https:\/\/www.facebook.com\/cavallcartroedu\" \/>\n<meta property=\"article:published_time\" content=\"2019-04-26T15:57:55+00:00\" \/>\n<meta property=\"article:modified_time\" content=\"2019-06-10T16:10:49+00:00\" \/>\n<meta property=\"og:image\" content=\"https:\/\/www.cavallcartro.cat\/wp-content\/uploads\/2019\/04\/Jornada-educaci\u00f3-infantil-Emili-Pikler-a-Cavall-de-Cartr\u00f3.jpg\" \/>\n\t<meta property=\"og:image:width\" content=\"1200\" \/>\n\t<meta property=\"og:image:height\" content=\"600\" \/>\n\t<meta property=\"og:image:type\" content=\"image\/jpeg\" \/>\n<meta name=\"author\" content=\"cgarcia\" \/>\n<meta name=\"twitter:card\" content=\"summary_large_image\" \/>\n<meta name=\"twitter:creator\" content=\"@cavallcartroedu\" \/>\n<meta name=\"twitter:site\" content=\"@cavallcartroedu\" \/>\n<meta name=\"twitter:label1\" content=\"Escrito por\" \/>\n\t<meta name=\"twitter:data1\" content=\"cgarcia\" \/>\n\t<meta name=\"twitter:label2\" content=\"Tiempo de lectura\" \/>\n\t<meta name=\"twitter:data2\" content=\"3 minutos\" \/>\n<script type=\"application\/ld+json\" class=\"yoast-schema-graph\">{\"@context\":\"https:\\\/\\\/schema.org\",\"@graph\":[{\"@type\":\"Article\",\"@id\":\"https:\\\/\\\/www.cavallcartro.cat\\\/es\\\/introduccion-vision-pikleriana#article\",\"isPartOf\":{\"@id\":\"https:\\\/\\\/www.cavallcartro.cat\\\/es\\\/introduccion-vision-pikleriana\"},\"author\":{\"name\":\"cgarcia\",\"@id\":\"https:\\\/\\\/www.cavallcartro.cat\\\/#\\\/schema\\\/person\\\/6747bc1660e32d545ab2b8e5927ea542\"},\"headline\":\"I Jornada de Cavall de Cartr\u00f3: introducci\u00f3n a la visi\u00f3n pikleriana\",\"datePublished\":\"2019-04-26T15:57:55+00:00\",\"dateModified\":\"2019-06-10T16:10:49+00:00\",\"mainEntityOfPage\":{\"@id\":\"https:\\\/\\\/www.cavallcartro.cat\\\/es\\\/introduccion-vision-pikleriana\"},\"wordCount\":521,\"publisher\":{\"@id\":\"https:\\\/\\\/www.cavallcartro.cat\\\/#organization\"},\"image\":{\"@id\":\"https:\\\/\\\/www.cavallcartro.cat\\\/es\\\/introduccion-vision-pikleriana#primaryimage\"},\"thumbnailUrl\":\"https:\\\/\\\/www.cavallcartro.cat\\\/wp-content\\\/uploads\\\/2019\\\/04\\\/Jornada-educaci\u00f3-infantil-Emili-Pikler-a-Cavall-de-Cartr\u00f3.jpg\",\"keywords\":[\"Cavall de Cartr\u00f3\",\"escuelas infantiles\",\"escuelas infantiles municipales\",\"juego libre\",\"movimiento libre\",\"Pikler\",\"reflexi\u00f3n\"],\"articleSection\":[\"Calidad\",\"Proyectos\"],\"inLanguage\":\"es\"},{\"@type\":\"WebPage\",\"@id\":\"https:\\\/\\\/www.cavallcartro.cat\\\/es\\\/introduccion-vision-pikleriana\",\"url\":\"https:\\\/\\\/www.cavallcartro.cat\\\/es\\\/introduccion-vision-pikleriana\",\"name\":\"I Jornada de Cavall de Cartr\u00f3: introducci\u00f3n a la visi\u00f3n pikleriana\",\"isPartOf\":{\"@id\":\"https:\\\/\\\/www.cavallcartro.cat\\\/#website\"},\"primaryImageOfPage\":{\"@id\":\"https:\\\/\\\/www.cavallcartro.cat\\\/es\\\/introduccion-vision-pikleriana#primaryimage\"},\"image\":{\"@id\":\"https:\\\/\\\/www.cavallcartro.cat\\\/es\\\/introduccion-vision-pikleriana#primaryimage\"},\"thumbnailUrl\":\"https:\\\/\\\/www.cavallcartro.cat\\\/wp-content\\\/uploads\\\/2019\\\/04\\\/Jornada-educaci\u00f3-infantil-Emili-Pikler-a-Cavall-de-Cartr\u00f3.jpg\",\"datePublished\":\"2019-04-26T15:57:55+00:00\",\"dateModified\":\"2019-06-10T16:10:49+00:00\",\"description\":\"Desde Cavall de Cartr\u00f3 organizamos una jornada de iniciaci\u00f3n a la visi\u00f3n Pikleriana, dirigida a los equipos educativos de nuestras escuelas infantiles.\",\"breadcrumb\":{\"@id\":\"https:\\\/\\\/www.cavallcartro.cat\\\/es\\\/introduccion-vision-pikleriana#breadcrumb\"},\"inLanguage\":\"es\",\"potentialAction\":[{\"@type\":\"ReadAction\",\"target\":[\"https:\\\/\\\/www.cavallcartro.cat\\\/es\\\/introduccion-vision-pikleriana\"]}]},{\"@type\":\"ImageObject\",\"inLanguage\":\"es\",\"@id\":\"https:\\\/\\\/www.cavallcartro.cat\\\/es\\\/introduccion-vision-pikleriana#primaryimage\",\"url\":\"https:\\\/\\\/www.cavallcartro.cat\\\/wp-content\\\/uploads\\\/2019\\\/04\\\/Jornada-educaci\u00f3-infantil-Emili-Pikler-a-Cavall-de-Cartr\u00f3.jpg\",\"contentUrl\":\"https:\\\/\\\/www.cavallcartro.cat\\\/wp-content\\\/uploads\\\/2019\\\/04\\\/Jornada-educaci\u00f3-infantil-Emili-Pikler-a-Cavall-de-Cartr\u00f3.jpg\",\"width\":1200,\"height\":600},{\"@type\":\"BreadcrumbList\",\"@id\":\"https:\\\/\\\/www.cavallcartro.cat\\\/es\\\/introduccion-vision-pikleriana#breadcrumb\",\"itemListElement\":[{\"@type\":\"ListItem\",\"position\":1,\"name\":\"Portada\",\"item\":\"https:\\\/\\\/www.cavallcartro.cat\\\/es\"},{\"@type\":\"ListItem\",\"position\":2,\"name\":\"I Jornada de Cavall de Cartr\u00f3: introducci\u00f3n a la visi\u00f3n pikleriana\"}]},{\"@type\":\"WebSite\",\"@id\":\"https:\\\/\\\/www.cavallcartro.cat\\\/#website\",\"url\":\"https:\\\/\\\/www.cavallcartro.cat\\\/\",\"name\":\"Cavall de Cartr\u00f3\",\"description\":\"Gesti\u00f3 d&#039;escoles bressol i llars d&#039;infants municipals a Barcelona i tota Catalunya.\",\"publisher\":{\"@id\":\"https:\\\/\\\/www.cavallcartro.cat\\\/#organization\"},\"potentialAction\":[{\"@type\":\"SearchAction\",\"target\":{\"@type\":\"EntryPoint\",\"urlTemplate\":\"https:\\\/\\\/www.cavallcartro.cat\\\/?s={search_term_string}\"},\"query-input\":{\"@type\":\"PropertyValueSpecification\",\"valueRequired\":true,\"valueName\":\"search_term_string\"}}],\"inLanguage\":\"es\"},{\"@type\":\"Organization\",\"@id\":\"https:\\\/\\\/www.cavallcartro.cat\\\/#organization\",\"name\":\"Cavall de Cartr\u00f3\",\"url\":\"https:\\\/\\\/www.cavallcartro.cat\\\/\",\"logo\":{\"@type\":\"ImageObject\",\"inLanguage\":\"es\",\"@id\":\"https:\\\/\\\/www.cavallcartro.cat\\\/#\\\/schema\\\/logo\\\/image\\\/\",\"url\":\"https:\\\/\\\/www.cavallcartro.cat\\\/wp-content\\\/uploads\\\/2020\\\/07\\\/Logo-Cavall-de-Cartr\u00f3-gesti\u00f3-escoles-bressol-i-menjadors-escolars-e1596129492304.png\",\"contentUrl\":\"https:\\\/\\\/www.cavallcartro.cat\\\/wp-content\\\/uploads\\\/2020\\\/07\\\/Logo-Cavall-de-Cartr\u00f3-gesti\u00f3-escoles-bressol-i-menjadors-escolars-e1596129492304.png\",\"width\":528,\"height\":274,\"caption\":\"Cavall de Cartr\u00f3\"},\"image\":{\"@id\":\"https:\\\/\\\/www.cavallcartro.cat\\\/#\\\/schema\\\/logo\\\/image\\\/\"},\"sameAs\":[\"https:\\\/\\\/www.facebook.com\\\/cavallcartroedu\",\"https:\\\/\\\/x.com\\\/cavallcartroedu\",\"https:\\\/\\\/www.instagram.com\\\/cavallcartroedu\\\/\",\"https:\\\/\\\/www.youtube.com\\\/@CavalldeCartro\"]},{\"@type\":\"Person\",\"@id\":\"https:\\\/\\\/www.cavallcartro.cat\\\/#\\\/schema\\\/person\\\/6747bc1660e32d545ab2b8e5927ea542\",\"name\":\"cgarcia\",\"image\":{\"@type\":\"ImageObject\",\"inLanguage\":\"es\",\"@id\":\"https:\\\/\\\/secure.gravatar.com\\\/avatar\\\/469990a84f48a39e93ee0d8243415a74ba5692f608ea41afee8cae0e81f99f77?s=96&d=mm&r=g\",\"url\":\"https:\\\/\\\/secure.gravatar.com\\\/avatar\\\/469990a84f48a39e93ee0d8243415a74ba5692f608ea41afee8cae0e81f99f77?s=96&d=mm&r=g\",\"contentUrl\":\"https:\\\/\\\/secure.gravatar.com\\\/avatar\\\/469990a84f48a39e93ee0d8243415a74ba5692f608ea41afee8cae0e81f99f77?s=96&d=mm&r=g\",\"caption\":\"cgarcia\"},\"url\":\"https:\\\/\\\/www.cavallcartro.cat\\\/es\\\/author\\\/cgarcia\"}]}<\/script>\n<!-- \/ Yoast SEO plugin. -->","yoast_head_json":{"title":"I Jornada de Cavall de Cartr\u00f3: introducci\u00f3n a la visi\u00f3n pikleriana","description":"Desde Cavall de Cartr\u00f3 organizamos una jornada de iniciaci\u00f3n a la visi\u00f3n Pikleriana, dirigida a los equipos educativos de nuestras escuelas infantiles.","robots":{"index":"index","follow":"follow","max-snippet":"max-snippet:-1","max-image-preview":"max-image-preview:large","max-video-preview":"max-video-preview:-1"},"canonical":"https:\/\/www.cavallcartro.cat\/es\/introduccion-vision-pikleriana","og_locale":"es_ES","og_type":"article","og_title":"I Jornada de Cavall de Cartr\u00f3: introducci\u00f3n a la visi\u00f3n pikleriana","og_description":"Desde Cavall de Cartr\u00f3 organizamos una jornada de iniciaci\u00f3n a la visi\u00f3n Pikleriana, dirigida a los equipos educativos de nuestras escuelas infantiles.","og_url":"https:\/\/www.cavallcartro.cat\/es\/introduccion-vision-pikleriana","og_site_name":"Cavall de Cartr\u00f3 - Serveis Educatius","article_publisher":"https:\/\/www.facebook.com\/cavallcartroedu","article_published_time":"2019-04-26T15:57:55+00:00","article_modified_time":"2019-06-10T16:10:49+00:00","og_image":[{"width":1200,"height":600,"url":"https:\/\/www.cavallcartro.cat\/wp-content\/uploads\/2019\/04\/Jornada-educaci\u00f3-infantil-Emili-Pikler-a-Cavall-de-Cartr\u00f3.jpg","type":"image\/jpeg"}],"author":"cgarcia","twitter_card":"summary_large_image","twitter_creator":"@cavallcartroedu","twitter_site":"@cavallcartroedu","twitter_misc":{"Escrito por":"cgarcia","Tiempo de lectura":"3 minutos"},"schema":{"@context":"https:\/\/schema.org","@graph":[{"@type":"Article","@id":"https:\/\/www.cavallcartro.cat\/es\/introduccion-vision-pikleriana#article","isPartOf":{"@id":"https:\/\/www.cavallcartro.cat\/es\/introduccion-vision-pikleriana"},"author":{"name":"cgarcia","@id":"https:\/\/www.cavallcartro.cat\/#\/schema\/person\/6747bc1660e32d545ab2b8e5927ea542"},"headline":"I Jornada de Cavall de Cartr\u00f3: introducci\u00f3n a la visi\u00f3n pikleriana","datePublished":"2019-04-26T15:57:55+00:00","dateModified":"2019-06-10T16:10:49+00:00","mainEntityOfPage":{"@id":"https:\/\/www.cavallcartro.cat\/es\/introduccion-vision-pikleriana"},"wordCount":521,"publisher":{"@id":"https:\/\/www.cavallcartro.cat\/#organization"},"image":{"@id":"https:\/\/www.cavallcartro.cat\/es\/introduccion-vision-pikleriana#primaryimage"},"thumbnailUrl":"https:\/\/www.cavallcartro.cat\/wp-content\/uploads\/2019\/04\/Jornada-educaci\u00f3-infantil-Emili-Pikler-a-Cavall-de-Cartr\u00f3.jpg","keywords":["Cavall de Cartr\u00f3","escuelas infantiles","escuelas infantiles municipales","juego libre","movimiento libre","Pikler","reflexi\u00f3n"],"articleSection":["Calidad","Proyectos"],"inLanguage":"es"},{"@type":"WebPage","@id":"https:\/\/www.cavallcartro.cat\/es\/introduccion-vision-pikleriana","url":"https:\/\/www.cavallcartro.cat\/es\/introduccion-vision-pikleriana","name":"I Jornada de Cavall de Cartr\u00f3: introducci\u00f3n a la visi\u00f3n pikleriana","isPartOf":{"@id":"https:\/\/www.cavallcartro.cat\/#website"},"primaryImageOfPage":{"@id":"https:\/\/www.cavallcartro.cat\/es\/introduccion-vision-pikleriana#primaryimage"},"image":{"@id":"https:\/\/www.cavallcartro.cat\/es\/introduccion-vision-pikleriana#primaryimage"},"thumbnailUrl":"https:\/\/www.cavallcartro.cat\/wp-content\/uploads\/2019\/04\/Jornada-educaci\u00f3-infantil-Emili-Pikler-a-Cavall-de-Cartr\u00f3.jpg","datePublished":"2019-04-26T15:57:55+00:00","dateModified":"2019-06-10T16:10:49+00:00","description":"Desde Cavall de Cartr\u00f3 organizamos una jornada de iniciaci\u00f3n a la visi\u00f3n Pikleriana, dirigida a los equipos educativos de nuestras escuelas infantiles.","breadcrumb":{"@id":"https:\/\/www.cavallcartro.cat\/es\/introduccion-vision-pikleriana#breadcrumb"},"inLanguage":"es","potentialAction":[{"@type":"ReadAction","target":["https:\/\/www.cavallcartro.cat\/es\/introduccion-vision-pikleriana"]}]},{"@type":"ImageObject","inLanguage":"es","@id":"https:\/\/www.cavallcartro.cat\/es\/introduccion-vision-pikleriana#primaryimage","url":"https:\/\/www.cavallcartro.cat\/wp-content\/uploads\/2019\/04\/Jornada-educaci\u00f3-infantil-Emili-Pikler-a-Cavall-de-Cartr\u00f3.jpg","contentUrl":"https:\/\/www.cavallcartro.cat\/wp-content\/uploads\/2019\/04\/Jornada-educaci\u00f3-infantil-Emili-Pikler-a-Cavall-de-Cartr\u00f3.jpg","width":1200,"height":600},{"@type":"BreadcrumbList","@id":"https:\/\/www.cavallcartro.cat\/es\/introduccion-vision-pikleriana#breadcrumb","itemListElement":[{"@type":"ListItem","position":1,"name":"Portada","item":"https:\/\/www.cavallcartro.cat\/es"},{"@type":"ListItem","position":2,"name":"I Jornada de Cavall de Cartr\u00f3: introducci\u00f3n a la visi\u00f3n pikleriana"}]},{"@type":"WebSite","@id":"https:\/\/www.cavallcartro.cat\/#website","url":"https:\/\/www.cavallcartro.cat\/","name":"Cavall de Cartr\u00f3","description":"Gesti\u00f3 d&#039;escoles bressol i llars d&#039;infants municipals a Barcelona i tota Catalunya.","publisher":{"@id":"https:\/\/www.cavallcartro.cat\/#organization"},"potentialAction":[{"@type":"SearchAction","target":{"@type":"EntryPoint","urlTemplate":"https:\/\/www.cavallcartro.cat\/?s={search_term_string}"},"query-input":{"@type":"PropertyValueSpecification","valueRequired":true,"valueName":"search_term_string"}}],"inLanguage":"es"},{"@type":"Organization","@id":"https:\/\/www.cavallcartro.cat\/#organization","name":"Cavall de Cartr\u00f3","url":"https:\/\/www.cavallcartro.cat\/","logo":{"@type":"ImageObject","inLanguage":"es","@id":"https:\/\/www.cavallcartro.cat\/#\/schema\/logo\/image\/","url":"https:\/\/www.cavallcartro.cat\/wp-content\/uploads\/2020\/07\/Logo-Cavall-de-Cartr\u00f3-gesti\u00f3-escoles-bressol-i-menjadors-escolars-e1596129492304.png","contentUrl":"https:\/\/www.cavallcartro.cat\/wp-content\/uploads\/2020\/07\/Logo-Cavall-de-Cartr\u00f3-gesti\u00f3-escoles-bressol-i-menjadors-escolars-e1596129492304.png","width":528,"height":274,"caption":"Cavall de Cartr\u00f3"},"image":{"@id":"https:\/\/www.cavallcartro.cat\/#\/schema\/logo\/image\/"},"sameAs":["https:\/\/www.facebook.com\/cavallcartroedu","https:\/\/x.com\/cavallcartroedu","https:\/\/www.instagram.com\/cavallcartroedu\/","https:\/\/www.youtube.com\/@CavalldeCartro"]},{"@type":"Person","@id":"https:\/\/www.cavallcartro.cat\/#\/schema\/person\/6747bc1660e32d545ab2b8e5927ea542","name":"cgarcia","image":{"@type":"ImageObject","inLanguage":"es","@id":"https:\/\/secure.gravatar.com\/avatar\/469990a84f48a39e93ee0d8243415a74ba5692f608ea41afee8cae0e81f99f77?s=96&d=mm&r=g","url":"https:\/\/secure.gravatar.com\/avatar\/469990a84f48a39e93ee0d8243415a74ba5692f608ea41afee8cae0e81f99f77?s=96&d=mm&r=g","contentUrl":"https:\/\/secure.gravatar.com\/avatar\/469990a84f48a39e93ee0d8243415a74ba5692f608ea41afee8cae0e81f99f77?s=96&d=mm&r=g","caption":"cgarcia"},"url":"https:\/\/www.cavallcartro.cat\/es\/author\/cgarcia"}]}},"_links":{"self":[{"href":"https:\/\/www.cavallcartro.cat\/es\/wp-json\/wp\/v2\/posts\/4488","targetHints":{"allow":["GET"]}}],"collection":[{"href":"https:\/\/www.cavallcartro.cat\/es\/wp-json\/wp\/v2\/posts"}],"about":[{"href":"https:\/\/www.cavallcartro.cat\/es\/wp-json\/wp\/v2\/types\/post"}],"author":[{"embeddable":true,"href":"https:\/\/www.cavallcartro.cat\/es\/wp-json\/wp\/v2\/users\/1"}],"replies":[{"embeddable":true,"href":"https:\/\/www.cavallcartro.cat\/es\/wp-json\/wp\/v2\/comments?post=4488"}],"version-history":[{"count":5,"href":"https:\/\/www.cavallcartro.cat\/es\/wp-json\/wp\/v2\/posts\/4488\/revisions"}],"predecessor-version":[{"id":4493,"href":"https:\/\/www.cavallcartro.cat\/es\/wp-json\/wp\/v2\/posts\/4488\/revisions\/4493"}],"wp:featuredmedia":[{"embeddable":true,"href":"https:\/\/www.cavallcartro.cat\/es\/wp-json\/wp\/v2\/media\/4408"}],"wp:attachment":[{"href":"https:\/\/www.cavallcartro.cat\/es\/wp-json\/wp\/v2\/media?parent=4488"}],"wp:term":[{"taxonomy":"category","embeddable":true,"href":"https:\/\/www.cavallcartro.cat\/es\/wp-json\/wp\/v2\/categories?post=4488"},{"taxonomy":"post_tag","embeddable":true,"href":"https:\/\/www.cavallcartro.cat\/es\/wp-json\/wp\/v2\/tags?post=4488"}],"curies":[{"name":"wp","href":"https:\/\/api.w.org\/{rel}","templated":true}]}}