{"id":4032,"date":"2018-12-24T10:31:02","date_gmt":"2018-12-24T10:31:02","guid":{"rendered":"https:\/\/www.cavallcartro.cat\/feliz-navidad-y-prospero-ano-2019"},"modified":"2024-01-08T09:48:31","modified_gmt":"2024-01-08T09:48:31","slug":"feliz-navidad-y-prospero-ano-2019","status":"publish","type":"post","link":"https:\/\/www.cavallcartro.cat\/es\/feliz-navidad-y-prospero-ano-2019","title":{"rendered":"Feliz Navidad y Pr\u00f3spero A\u00f1o 2019"},"content":{"rendered":"<p>\u00a1Feliz Navidad y que disfrut\u00e9is de un pr\u00f3spero A\u00f1o 2019! Desde las <a href=\"https:\/\/www.cavallcartro.cat\/es\/mapa-escuelas-infantiles\">escuelas infantiles Cavall de Cartr\u00f3<\/a> os deseamos unas fiestas navide\u00f1as con todo el amor de la familia. Que el nuevo <a href=\"http:\/\/ensenyament.gencat.cat\/ca\/arees-actuacio\/centres-serveis-educatius\/centres\/calendari-escolar\/curs-2018-2019\/\" target=\"_blank\" rel=\"noopener\">a\u00f1o 2019<\/a> sea generoso y os traiga felicidad.<\/p>\n<p>&nbsp;<\/p>\n<p><iframe width=\"840\" height=\"472\"\n  data-cookieblock-src=\"https:\/\/www.youtube.com\/embed\/o9e-rr9PhFQ\"\n  data-cookieconsent=\"marketing\"\n  frameborder=\"0\"\n  allowfullscreen=\"\"\n ><\/iframe><\/p>\n","protected":false},"excerpt":{"rendered":"<p>\u00a1Feliz Navidad y disfrutad de un generoso A\u00f1o 2019! Desde las escuelas infantiles Cavall de Cartr\u00f3 os deseamos unas fiestas navide\u00f1as con todo el amor de la familia. Que el nuevo a\u00f1o 2019 os traiga felicidad.<\/p>\n","protected":false},"author":1,"featured_media":6330,"comment_status":"closed","ping_status":"closed","sticky":false,"template":"","format":"standard","meta":{"footnotes":""},"categories":[218],"tags":[228,232,366],"class_list":["post-4032","post","type-post","status-publish","format-standard","has-post-thumbnail","hentry","category-festivos","tag-cavall-de-cartro-es","tag-escuelas-infantiles","tag-navidad"],"yoast_head":"<!-- This site is optimized with the Yoast SEO plugin v27.5 - https:\/\/yoast.com\/product\/yoast-seo-wordpress\/ -->\n<title>Feliz Navidad y Pr\u00f3spero A\u00f1o 2019<\/title>\n<meta name=\"description\" content=\"\u00a1Feliz Navidad y disfrutad de un generoso A\u00f1o 2019! Desde las escuelas infantiles Cavall de Cartr\u00f3 os deseamos unas fiestas navide\u00f1as con todo el amor de la familia.\" \/>\n<meta name=\"robots\" content=\"index, follow, max-snippet:-1, max-image-preview:large, max-video-preview:-1\" \/>\n<link rel=\"canonical\" href=\"https:\/\/www.cavallcartro.cat\/es\/feliz-navidad-y-prospero-ano-2019\" \/>\n<meta property=\"og:locale\" content=\"es_ES\" \/>\n<meta property=\"og:type\" content=\"article\" \/>\n<meta property=\"og:title\" content=\"Feliz Navidad y Pr\u00f3spero A\u00f1o 2019\" \/>\n<meta property=\"og:description\" content=\"\u00a1Feliz Navidad y disfrutad de un generoso A\u00f1o 2019! Desde las escuelas infantiles Cavall de Cartr\u00f3 os deseamos unas fiestas navide\u00f1as con todo el amor de la familia.\" \/>\n<meta property=\"og:url\" content=\"https:\/\/www.cavallcartro.cat\/es\/feliz-navidad-y-prospero-ano-2019\" \/>\n<meta property=\"og:site_name\" content=\"Cavall de Cartr\u00f3 - Serveis Educatius\" \/>\n<meta property=\"article:publisher\" content=\"https:\/\/www.facebook.com\/cavallcartroedu\" \/>\n<meta property=\"article:published_time\" content=\"2018-12-24T10:31:02+00:00\" \/>\n<meta property=\"article:modified_time\" content=\"2024-01-08T09:48:31+00:00\" \/>\n<meta property=\"og:image\" content=\"https:\/\/www.cavallcartro.cat\/wp-content\/uploads\/2018\/12\/Bon-Nadal-a-les-escoles-bressol.jpg\" \/>\n\t<meta property=\"og:image:width\" content=\"1200\" \/>\n\t<meta property=\"og:image:height\" content=\"600\" \/>\n\t<meta property=\"og:image:type\" content=\"image\/jpeg\" \/>\n<meta name=\"author\" content=\"cgarcia\" \/>\n<meta name=\"twitter:card\" content=\"summary_large_image\" \/>\n<meta name=\"twitter:creator\" content=\"@cavallcartroedu\" \/>\n<meta name=\"twitter:site\" content=\"@cavallcartroedu\" \/>\n<meta name=\"twitter:label1\" content=\"Escrito por\" \/>\n\t<meta name=\"twitter:data1\" content=\"cgarcia\" \/>\n\t<meta name=\"twitter:label2\" content=\"Tiempo de lectura\" \/>\n\t<meta name=\"twitter:data2\" content=\"1 minuto\" \/>\n<script type=\"application\/ld+json\" class=\"yoast-schema-graph\">{\"@context\":\"https:\\\/\\\/schema.org\",\"@graph\":[{\"@type\":\"Article\",\"@id\":\"https:\\\/\\\/www.cavallcartro.cat\\\/es\\\/feliz-navidad-y-prospero-ano-2019#article\",\"isPartOf\":{\"@id\":\"https:\\\/\\\/www.cavallcartro.cat\\\/es\\\/feliz-navidad-y-prospero-ano-2019\"},\"author\":{\"name\":\"cgarcia\",\"@id\":\"https:\\\/\\\/www.cavallcartro.cat\\\/#\\\/schema\\\/person\\\/6747bc1660e32d545ab2b8e5927ea542\"},\"headline\":\"Feliz Navidad y Pr\u00f3spero A\u00f1o 2019\",\"datePublished\":\"2018-12-24T10:31:02+00:00\",\"dateModified\":\"2024-01-08T09:48:31+00:00\",\"mainEntityOfPage\":{\"@id\":\"https:\\\/\\\/www.cavallcartro.cat\\\/es\\\/feliz-navidad-y-prospero-ano-2019\"},\"wordCount\":51,\"publisher\":{\"@id\":\"https:\\\/\\\/www.cavallcartro.cat\\\/#organization\"},\"image\":{\"@id\":\"https:\\\/\\\/www.cavallcartro.cat\\\/es\\\/feliz-navidad-y-prospero-ano-2019#primaryimage\"},\"thumbnailUrl\":\"https:\\\/\\\/www.cavallcartro.cat\\\/wp-content\\\/uploads\\\/2018\\\/12\\\/Bon-Nadal-a-les-escoles-bressol.jpg\",\"keywords\":[\"Cavall de Cartr\u00f3\",\"escuelas infantiles\",\"Navidad\"],\"articleSection\":[\"Festivos\"],\"inLanguage\":\"es\"},{\"@type\":\"WebPage\",\"@id\":\"https:\\\/\\\/www.cavallcartro.cat\\\/es\\\/feliz-navidad-y-prospero-ano-2019\",\"url\":\"https:\\\/\\\/www.cavallcartro.cat\\\/es\\\/feliz-navidad-y-prospero-ano-2019\",\"name\":\"Feliz Navidad y Pr\u00f3spero A\u00f1o 2019\",\"isPartOf\":{\"@id\":\"https:\\\/\\\/www.cavallcartro.cat\\\/#website\"},\"primaryImageOfPage\":{\"@id\":\"https:\\\/\\\/www.cavallcartro.cat\\\/es\\\/feliz-navidad-y-prospero-ano-2019#primaryimage\"},\"image\":{\"@id\":\"https:\\\/\\\/www.cavallcartro.cat\\\/es\\\/feliz-navidad-y-prospero-ano-2019#primaryimage\"},\"thumbnailUrl\":\"https:\\\/\\\/www.cavallcartro.cat\\\/wp-content\\\/uploads\\\/2018\\\/12\\\/Bon-Nadal-a-les-escoles-bressol.jpg\",\"datePublished\":\"2018-12-24T10:31:02+00:00\",\"dateModified\":\"2024-01-08T09:48:31+00:00\",\"description\":\"\u00a1Feliz Navidad y disfrutad de un generoso A\u00f1o 2019! Desde las escuelas infantiles Cavall de Cartr\u00f3 os deseamos unas fiestas navide\u00f1as con todo el amor de la familia.\",\"breadcrumb\":{\"@id\":\"https:\\\/\\\/www.cavallcartro.cat\\\/es\\\/feliz-navidad-y-prospero-ano-2019#breadcrumb\"},\"inLanguage\":\"es\",\"potentialAction\":[{\"@type\":\"ReadAction\",\"target\":[\"https:\\\/\\\/www.cavallcartro.cat\\\/es\\\/feliz-navidad-y-prospero-ano-2019\"]}]},{\"@type\":\"ImageObject\",\"inLanguage\":\"es\",\"@id\":\"https:\\\/\\\/www.cavallcartro.cat\\\/es\\\/feliz-navidad-y-prospero-ano-2019#primaryimage\",\"url\":\"https:\\\/\\\/www.cavallcartro.cat\\\/wp-content\\\/uploads\\\/2018\\\/12\\\/Bon-Nadal-a-les-escoles-bressol.jpg\",\"contentUrl\":\"https:\\\/\\\/www.cavallcartro.cat\\\/wp-content\\\/uploads\\\/2018\\\/12\\\/Bon-Nadal-a-les-escoles-bressol.jpg\",\"width\":1200,\"height\":600,\"caption\":\"Bon Nadal a les escoles bressol\"},{\"@type\":\"BreadcrumbList\",\"@id\":\"https:\\\/\\\/www.cavallcartro.cat\\\/es\\\/feliz-navidad-y-prospero-ano-2019#breadcrumb\",\"itemListElement\":[{\"@type\":\"ListItem\",\"position\":1,\"name\":\"Portada\",\"item\":\"https:\\\/\\\/www.cavallcartro.cat\\\/es\"},{\"@type\":\"ListItem\",\"position\":2,\"name\":\"Feliz Navidad y Pr\u00f3spero A\u00f1o 2019\"}]},{\"@type\":\"WebSite\",\"@id\":\"https:\\\/\\\/www.cavallcartro.cat\\\/#website\",\"url\":\"https:\\\/\\\/www.cavallcartro.cat\\\/\",\"name\":\"Cavall de Cartr\u00f3\",\"description\":\"Gesti\u00f3 d&#039;escoles bressol i llars d&#039;infants municipals a Barcelona i tota Catalunya.\",\"publisher\":{\"@id\":\"https:\\\/\\\/www.cavallcartro.cat\\\/#organization\"},\"potentialAction\":[{\"@type\":\"SearchAction\",\"target\":{\"@type\":\"EntryPoint\",\"urlTemplate\":\"https:\\\/\\\/www.cavallcartro.cat\\\/?s={search_term_string}\"},\"query-input\":{\"@type\":\"PropertyValueSpecification\",\"valueRequired\":true,\"valueName\":\"search_term_string\"}}],\"inLanguage\":\"es\"},{\"@type\":\"Organization\",\"@id\":\"https:\\\/\\\/www.cavallcartro.cat\\\/#organization\",\"name\":\"Cavall de Cartr\u00f3\",\"url\":\"https:\\\/\\\/www.cavallcartro.cat\\\/\",\"logo\":{\"@type\":\"ImageObject\",\"inLanguage\":\"es\",\"@id\":\"https:\\\/\\\/www.cavallcartro.cat\\\/#\\\/schema\\\/logo\\\/image\\\/\",\"url\":\"https:\\\/\\\/www.cavallcartro.cat\\\/wp-content\\\/uploads\\\/2020\\\/07\\\/Logo-Cavall-de-Cartr\u00f3-gesti\u00f3-escoles-bressol-i-menjadors-escolars-e1596129492304.png\",\"contentUrl\":\"https:\\\/\\\/www.cavallcartro.cat\\\/wp-content\\\/uploads\\\/2020\\\/07\\\/Logo-Cavall-de-Cartr\u00f3-gesti\u00f3-escoles-bressol-i-menjadors-escolars-e1596129492304.png\",\"width\":528,\"height\":274,\"caption\":\"Cavall de Cartr\u00f3\"},\"image\":{\"@id\":\"https:\\\/\\\/www.cavallcartro.cat\\\/#\\\/schema\\\/logo\\\/image\\\/\"},\"sameAs\":[\"https:\\\/\\\/www.facebook.com\\\/cavallcartroedu\",\"https:\\\/\\\/x.com\\\/cavallcartroedu\",\"https:\\\/\\\/www.instagram.com\\\/cavallcartroedu\\\/\",\"https:\\\/\\\/www.youtube.com\\\/@CavalldeCartro\"]},{\"@type\":\"Person\",\"@id\":\"https:\\\/\\\/www.cavallcartro.cat\\\/#\\\/schema\\\/person\\\/6747bc1660e32d545ab2b8e5927ea542\",\"name\":\"cgarcia\",\"image\":{\"@type\":\"ImageObject\",\"inLanguage\":\"es\",\"@id\":\"https:\\\/\\\/secure.gravatar.com\\\/avatar\\\/469990a84f48a39e93ee0d8243415a74ba5692f608ea41afee8cae0e81f99f77?s=96&d=mm&r=g\",\"url\":\"https:\\\/\\\/secure.gravatar.com\\\/avatar\\\/469990a84f48a39e93ee0d8243415a74ba5692f608ea41afee8cae0e81f99f77?s=96&d=mm&r=g\",\"contentUrl\":\"https:\\\/\\\/secure.gravatar.com\\\/avatar\\\/469990a84f48a39e93ee0d8243415a74ba5692f608ea41afee8cae0e81f99f77?s=96&d=mm&r=g\",\"caption\":\"cgarcia\"},\"url\":\"https:\\\/\\\/www.cavallcartro.cat\\\/es\\\/author\\\/cgarcia\"}]}<\/script>\n<!-- \/ Yoast SEO plugin. -->","yoast_head_json":{"title":"Feliz Navidad y Pr\u00f3spero A\u00f1o 2019","description":"\u00a1Feliz Navidad y disfrutad de un generoso A\u00f1o 2019! Desde las escuelas infantiles Cavall de Cartr\u00f3 os deseamos unas fiestas navide\u00f1as con todo el amor de la familia.","robots":{"index":"index","follow":"follow","max-snippet":"max-snippet:-1","max-image-preview":"max-image-preview:large","max-video-preview":"max-video-preview:-1"},"canonical":"https:\/\/www.cavallcartro.cat\/es\/feliz-navidad-y-prospero-ano-2019","og_locale":"es_ES","og_type":"article","og_title":"Feliz Navidad y Pr\u00f3spero A\u00f1o 2019","og_description":"\u00a1Feliz Navidad y disfrutad de un generoso A\u00f1o 2019! Desde las escuelas infantiles Cavall de Cartr\u00f3 os deseamos unas fiestas navide\u00f1as con todo el amor de la familia.","og_url":"https:\/\/www.cavallcartro.cat\/es\/feliz-navidad-y-prospero-ano-2019","og_site_name":"Cavall de Cartr\u00f3 - Serveis Educatius","article_publisher":"https:\/\/www.facebook.com\/cavallcartroedu","article_published_time":"2018-12-24T10:31:02+00:00","article_modified_time":"2024-01-08T09:48:31+00:00","og_image":[{"width":1200,"height":600,"url":"https:\/\/www.cavallcartro.cat\/wp-content\/uploads\/2018\/12\/Bon-Nadal-a-les-escoles-bressol.jpg","type":"image\/jpeg"}],"author":"cgarcia","twitter_card":"summary_large_image","twitter_creator":"@cavallcartroedu","twitter_site":"@cavallcartroedu","twitter_misc":{"Escrito por":"cgarcia","Tiempo de lectura":"1 minuto"},"schema":{"@context":"https:\/\/schema.org","@graph":[{"@type":"Article","@id":"https:\/\/www.cavallcartro.cat\/es\/feliz-navidad-y-prospero-ano-2019#article","isPartOf":{"@id":"https:\/\/www.cavallcartro.cat\/es\/feliz-navidad-y-prospero-ano-2019"},"author":{"name":"cgarcia","@id":"https:\/\/www.cavallcartro.cat\/#\/schema\/person\/6747bc1660e32d545ab2b8e5927ea542"},"headline":"Feliz Navidad y Pr\u00f3spero A\u00f1o 2019","datePublished":"2018-12-24T10:31:02+00:00","dateModified":"2024-01-08T09:48:31+00:00","mainEntityOfPage":{"@id":"https:\/\/www.cavallcartro.cat\/es\/feliz-navidad-y-prospero-ano-2019"},"wordCount":51,"publisher":{"@id":"https:\/\/www.cavallcartro.cat\/#organization"},"image":{"@id":"https:\/\/www.cavallcartro.cat\/es\/feliz-navidad-y-prospero-ano-2019#primaryimage"},"thumbnailUrl":"https:\/\/www.cavallcartro.cat\/wp-content\/uploads\/2018\/12\/Bon-Nadal-a-les-escoles-bressol.jpg","keywords":["Cavall de Cartr\u00f3","escuelas infantiles","Navidad"],"articleSection":["Festivos"],"inLanguage":"es"},{"@type":"WebPage","@id":"https:\/\/www.cavallcartro.cat\/es\/feliz-navidad-y-prospero-ano-2019","url":"https:\/\/www.cavallcartro.cat\/es\/feliz-navidad-y-prospero-ano-2019","name":"Feliz Navidad y Pr\u00f3spero A\u00f1o 2019","isPartOf":{"@id":"https:\/\/www.cavallcartro.cat\/#website"},"primaryImageOfPage":{"@id":"https:\/\/www.cavallcartro.cat\/es\/feliz-navidad-y-prospero-ano-2019#primaryimage"},"image":{"@id":"https:\/\/www.cavallcartro.cat\/es\/feliz-navidad-y-prospero-ano-2019#primaryimage"},"thumbnailUrl":"https:\/\/www.cavallcartro.cat\/wp-content\/uploads\/2018\/12\/Bon-Nadal-a-les-escoles-bressol.jpg","datePublished":"2018-12-24T10:31:02+00:00","dateModified":"2024-01-08T09:48:31+00:00","description":"\u00a1Feliz Navidad y disfrutad de un generoso A\u00f1o 2019! Desde las escuelas infantiles Cavall de Cartr\u00f3 os deseamos unas fiestas navide\u00f1as con todo el amor de la familia.","breadcrumb":{"@id":"https:\/\/www.cavallcartro.cat\/es\/feliz-navidad-y-prospero-ano-2019#breadcrumb"},"inLanguage":"es","potentialAction":[{"@type":"ReadAction","target":["https:\/\/www.cavallcartro.cat\/es\/feliz-navidad-y-prospero-ano-2019"]}]},{"@type":"ImageObject","inLanguage":"es","@id":"https:\/\/www.cavallcartro.cat\/es\/feliz-navidad-y-prospero-ano-2019#primaryimage","url":"https:\/\/www.cavallcartro.cat\/wp-content\/uploads\/2018\/12\/Bon-Nadal-a-les-escoles-bressol.jpg","contentUrl":"https:\/\/www.cavallcartro.cat\/wp-content\/uploads\/2018\/12\/Bon-Nadal-a-les-escoles-bressol.jpg","width":1200,"height":600,"caption":"Bon Nadal a les escoles bressol"},{"@type":"BreadcrumbList","@id":"https:\/\/www.cavallcartro.cat\/es\/feliz-navidad-y-prospero-ano-2019#breadcrumb","itemListElement":[{"@type":"ListItem","position":1,"name":"Portada","item":"https:\/\/www.cavallcartro.cat\/es"},{"@type":"ListItem","position":2,"name":"Feliz Navidad y Pr\u00f3spero A\u00f1o 2019"}]},{"@type":"WebSite","@id":"https:\/\/www.cavallcartro.cat\/#website","url":"https:\/\/www.cavallcartro.cat\/","name":"Cavall de Cartr\u00f3","description":"Gesti\u00f3 d&#039;escoles bressol i llars d&#039;infants municipals a Barcelona i tota Catalunya.","publisher":{"@id":"https:\/\/www.cavallcartro.cat\/#organization"},"potentialAction":[{"@type":"SearchAction","target":{"@type":"EntryPoint","urlTemplate":"https:\/\/www.cavallcartro.cat\/?s={search_term_string}"},"query-input":{"@type":"PropertyValueSpecification","valueRequired":true,"valueName":"search_term_string"}}],"inLanguage":"es"},{"@type":"Organization","@id":"https:\/\/www.cavallcartro.cat\/#organization","name":"Cavall de Cartr\u00f3","url":"https:\/\/www.cavallcartro.cat\/","logo":{"@type":"ImageObject","inLanguage":"es","@id":"https:\/\/www.cavallcartro.cat\/#\/schema\/logo\/image\/","url":"https:\/\/www.cavallcartro.cat\/wp-content\/uploads\/2020\/07\/Logo-Cavall-de-Cartr\u00f3-gesti\u00f3-escoles-bressol-i-menjadors-escolars-e1596129492304.png","contentUrl":"https:\/\/www.cavallcartro.cat\/wp-content\/uploads\/2020\/07\/Logo-Cavall-de-Cartr\u00f3-gesti\u00f3-escoles-bressol-i-menjadors-escolars-e1596129492304.png","width":528,"height":274,"caption":"Cavall de Cartr\u00f3"},"image":{"@id":"https:\/\/www.cavallcartro.cat\/#\/schema\/logo\/image\/"},"sameAs":["https:\/\/www.facebook.com\/cavallcartroedu","https:\/\/x.com\/cavallcartroedu","https:\/\/www.instagram.com\/cavallcartroedu\/","https:\/\/www.youtube.com\/@CavalldeCartro"]},{"@type":"Person","@id":"https:\/\/www.cavallcartro.cat\/#\/schema\/person\/6747bc1660e32d545ab2b8e5927ea542","name":"cgarcia","image":{"@type":"ImageObject","inLanguage":"es","@id":"https:\/\/secure.gravatar.com\/avatar\/469990a84f48a39e93ee0d8243415a74ba5692f608ea41afee8cae0e81f99f77?s=96&d=mm&r=g","url":"https:\/\/secure.gravatar.com\/avatar\/469990a84f48a39e93ee0d8243415a74ba5692f608ea41afee8cae0e81f99f77?s=96&d=mm&r=g","contentUrl":"https:\/\/secure.gravatar.com\/avatar\/469990a84f48a39e93ee0d8243415a74ba5692f608ea41afee8cae0e81f99f77?s=96&d=mm&r=g","caption":"cgarcia"},"url":"https:\/\/www.cavallcartro.cat\/es\/author\/cgarcia"}]}},"_links":{"self":[{"href":"https:\/\/www.cavallcartro.cat\/es\/wp-json\/wp\/v2\/posts\/4032","targetHints":{"allow":["GET"]}}],"collection":[{"href":"https:\/\/www.cavallcartro.cat\/es\/wp-json\/wp\/v2\/posts"}],"about":[{"href":"https:\/\/www.cavallcartro.cat\/es\/wp-json\/wp\/v2\/types\/post"}],"author":[{"embeddable":true,"href":"https:\/\/www.cavallcartro.cat\/es\/wp-json\/wp\/v2\/users\/1"}],"replies":[{"embeddable":true,"href":"https:\/\/www.cavallcartro.cat\/es\/wp-json\/wp\/v2\/comments?post=4032"}],"version-history":[{"count":4,"href":"https:\/\/www.cavallcartro.cat\/es\/wp-json\/wp\/v2\/posts\/4032\/revisions"}],"predecessor-version":[{"id":6329,"href":"https:\/\/www.cavallcartro.cat\/es\/wp-json\/wp\/v2\/posts\/4032\/revisions\/6329"}],"wp:featuredmedia":[{"embeddable":true,"href":"https:\/\/www.cavallcartro.cat\/es\/wp-json\/wp\/v2\/media\/6330"}],"wp:attachment":[{"href":"https:\/\/www.cavallcartro.cat\/es\/wp-json\/wp\/v2\/media?parent=4032"}],"wp:term":[{"taxonomy":"category","embeddable":true,"href":"https:\/\/www.cavallcartro.cat\/es\/wp-json\/wp\/v2\/categories?post=4032"},{"taxonomy":"post_tag","embeddable":true,"href":"https:\/\/www.cavallcartro.cat\/es\/wp-json\/wp\/v2\/tags?post=4032"}],"curies":[{"name":"wp","href":"https:\/\/api.w.org\/{rel}","templated":true}]}}