{"id":3520,"date":"2018-07-20T17:10:45","date_gmt":"2018-07-20T17:10:45","guid":{"rendered":"https:\/\/www.cavallcartro.cat\/?p=3520"},"modified":"2018-07-20T17:33:35","modified_gmt":"2018-07-20T17:33:35","slug":"intervencion-asistida-perros-iap-escuela","status":"publish","type":"post","link":"https:\/\/www.cavallcartro.cat\/es\/intervencion-asistida-perros-iap-escuela","title":{"rendered":"Intervenci\u00f3n asistida con perros (IAP) en la escuela infantil"},"content":{"rendered":"<p><H3>La intervenci\u00f3n asistida con perros (IAG) es una actividad que utiliza la introducci\u00f3n de un perro como acompa\u00f1amiento y apoyo.<\/H3><\/p>\n<p>Tiene un efecto positivo sobre las personas: la interacci\u00f3n con el animal consigue disminuir la ansiedad, modificar la conducta, crear un sentimiento de responsabilidad, aumentar el sentimiento de val\u00eda personal y la autoestima, mejorar la comunicaci\u00f3n, la empat\u00eda y la asertividad y motiva a participar en los ejercicios que se proponen. De esta manera tambi\u00e9n se consigue <strong>mejorar las capacidades cognitivas, intelectuales y psicomotrices de los participantes.<\/strong><\/p>\n<p>La IAG se lleva a cabo en pa\u00edses alrededor del mundo y se ha comprobado su eficacia mediante diversos estudios publicados en diversos medios de comunicaci\u00f3n y revistas del sector. Actualmente se est\u00e1 extendiendo en nuestro pa\u00eds con resultados ampliamente comprobados.<\/p>\n<p>En la escuela infantil el Gall Mullat, del<a href=\"http:\/\/www.viladepiera.cat\/\" rel=\"noopener\" target=\"_blank\"><strong>Ayuntamiento de Piera<\/strong><\/a>, nos visita el Kiru, un perro espec\u00edficamente entrenado para el trabajo en sesiones terap\u00e9uticas.<\/p>\n<p  class=\"swmsc_alert_success_box swmsc_alert_boxes\" >Las terapias con perros ayudan a mejorar la empat\u00eda, la asertividad, la autoestima, la responsabilidad&#8230;<\/p>\n<div  class=\"swmsc_horizontal_line\" style=\"padding-top:80px;padding-bottom:80px;\">\n                        <span class=\"swmsc_horizontal_line_h_line\" style=\"border-color:#99d01b;\"><\/span><span class=\"swmsc_horizontal_line_icon\"><i class=\"fa fa-compass\" style=\"color:#99d01b;\"><\/i><\/span>\n                    <div class=\"clear\"><\/div>\n                    <\/div>\n<p><H2>\u00bfC\u00d3MO SON LAS SESIONES DE TERAPIA CON PERROS EN LA ESCUELA?<\/H2><\/p>\n<p>Las sesiones se dividen en tres partes: <\/p>\n<h4>1. Saludo<\/h4>\n<p>Empezamos con el saludo, un momento en el que nos presentan al perro, c\u00f3mo se llama, c\u00f3mo es, cu\u00e1les son sus partes y se pregunta a los ni\u00f1os si tienen perro en casa. El saludo se realiza primero en grupo y var\u00eda seg\u00fan el nivel, pero sigue siempre la misma rutina.<\/p>\n<p>Despu\u00e9s el saludo se hace de forma individual. Damos una golosina a cada ni\u00f1o, que la ofrece al perro, <strong> lo saluda y tambi\u00e9n lo puede acariciar<\/strong>.<\/p>\n<p>Durante el tiempo dedicado al saludo, conseguimos que los ni\u00f1os se sientan <strong>c\u00f3modos dentro del espacio y el grupo<\/strong> y mejore el v\u00ednculo afectivo con el perro.<\/p>\n<div id='gallery-1' class='gallery galleryid-3520 gallery-columns-2 gallery-size-full'><dl class='gallery-item'>\n\t\t\t<dt class='gallery-icon landscape'>\n\t\t\t\t<a title=\"Ter\u00e0pia acompanyament amb gossos EBM Gall Mullat de Piera 4\" class=\"kidsworld_popup_gallery\" href='https:\/\/www.cavallcartro.cat\/wp-content\/uploads\/2018\/07\/Ter\u00e0pia-acompanyament-amb-gossos-EBM-Gall-Mullat-de-Piera-4.jpg'><img loading=\"lazy\" decoding=\"async\" width=\"800\" height=\"533\" src=\"https:\/\/www.cavallcartro.cat\/wp-content\/uploads\/2018\/07\/Ter\u00e0pia-acompanyament-amb-gossos-EBM-Gall-Mullat-de-Piera-4.jpg\" class=\"attachment-full size-full\" alt=\"\" srcset=\"https:\/\/www.cavallcartro.cat\/wp-content\/uploads\/2018\/07\/Ter\u00e0pia-acompanyament-amb-gossos-EBM-Gall-Mullat-de-Piera-4.jpg 800w, https:\/\/www.cavallcartro.cat\/wp-content\/uploads\/2018\/07\/Ter\u00e0pia-acompanyament-amb-gossos-EBM-Gall-Mullat-de-Piera-4-600x400.jpg 600w, https:\/\/www.cavallcartro.cat\/wp-content\/uploads\/2018\/07\/Ter\u00e0pia-acompanyament-amb-gossos-EBM-Gall-Mullat-de-Piera-4-300x200.jpg 300w, https:\/\/www.cavallcartro.cat\/wp-content\/uploads\/2018\/07\/Ter\u00e0pia-acompanyament-amb-gossos-EBM-Gall-Mullat-de-Piera-4-768x512.jpg 768w, https:\/\/www.cavallcartro.cat\/wp-content\/uploads\/2018\/07\/Ter\u00e0pia-acompanyament-amb-gossos-EBM-Gall-Mullat-de-Piera-4-100x67.jpg 100w\" sizes=\"auto, (max-width: 800px) 100vw, 800px\" \/><\/a>\n\t\t\t<\/dt><\/dl><dl class='gallery-item'>\n\t\t\t<dt class='gallery-icon landscape'>\n\t\t\t\t<a title=\"Ter\u00e0pia acompanyament amb gossos EBM Gall Mullat de Piera\" class=\"kidsworld_popup_gallery\" href='https:\/\/www.cavallcartro.cat\/wp-content\/uploads\/2018\/07\/Ter\u00e0pia-acompanyament-amb-gossos-EBM-Gall-Mullat-de-Piera.jpg'><img loading=\"lazy\" decoding=\"async\" width=\"800\" height=\"533\" src=\"https:\/\/www.cavallcartro.cat\/wp-content\/uploads\/2018\/07\/Ter\u00e0pia-acompanyament-amb-gossos-EBM-Gall-Mullat-de-Piera.jpg\" class=\"attachment-full size-full\" alt=\"\" srcset=\"https:\/\/www.cavallcartro.cat\/wp-content\/uploads\/2018\/07\/Ter\u00e0pia-acompanyament-amb-gossos-EBM-Gall-Mullat-de-Piera.jpg 800w, https:\/\/www.cavallcartro.cat\/wp-content\/uploads\/2018\/07\/Ter\u00e0pia-acompanyament-amb-gossos-EBM-Gall-Mullat-de-Piera-600x400.jpg 600w, https:\/\/www.cavallcartro.cat\/wp-content\/uploads\/2018\/07\/Ter\u00e0pia-acompanyament-amb-gossos-EBM-Gall-Mullat-de-Piera-300x200.jpg 300w, https:\/\/www.cavallcartro.cat\/wp-content\/uploads\/2018\/07\/Ter\u00e0pia-acompanyament-amb-gossos-EBM-Gall-Mullat-de-Piera-768x512.jpg 768w, https:\/\/www.cavallcartro.cat\/wp-content\/uploads\/2018\/07\/Ter\u00e0pia-acompanyament-amb-gossos-EBM-Gall-Mullat-de-Piera-100x67.jpg 100w\" sizes=\"auto, (max-width: 800px) 100vw, 800px\" \/><\/a>\n\t\t\t<\/dt><\/dl><br style=\"clear: both\" \/>\n\t\t<\/div>\n\n&nbsp;<\/p>\n<h4>2. Cuerpo de la terapia<\/h4>\n<p>La parte central del tiempo la destinamos a hacer diferentes ejercicios y actividades, seg\u00fan los objetivos. Para el correcto funcionamiento de la terapia hay <strong>sesiones que se realizan en el interior, en una sala, y hay otras que se realizan en el exterior<\/strong>, si la climatolog\u00eda y las pautas de la actividad lo permiten y seg\u00fan las necesidades requeridas.<\/p>\n<p>Las sesiones las realizamos con un <strong>grupo reducido<\/strong> (unos 9 ni\u00f1os). El tiempo se divide equitativamente entre los ni\u00f1os para realizar los ejercicios. Favorecemos el respeto por los turnos y la observaci\u00f3n y tambi\u00e9n favorecemos el mantenimiento de la atenci\u00f3n sostenida durante el tiempo de intervenci\u00f3n de los compa\u00f1eros.<\/p>\n<p>El orden es importante, siendo preferible que empiecen aquellos a quienes les gusta el perro y dejando para despu\u00e9s aquellos que puedan sentir un poco de miedo o respeto. De esta manera, les ofrecemos el tiempo necesario para que se<strong> acostumbren al animal y tomen confianza<\/strong>, viendo que sus compa\u00f1eros no sienten miedo, sino al contrario, muestran reacciones positivas.<\/p>\n<div id='gallery-2' class='gallery galleryid-3520 gallery-columns-2 gallery-size-full'><dl class='gallery-item'>\n\t\t\t<dt class='gallery-icon landscape'>\n\t\t\t\t<a title=\"Ter\u00e0pia acompanyament amb gossos EBM Gall Mullat de Piera 3\" class=\"kidsworld_popup_gallery\" href='https:\/\/www.cavallcartro.cat\/wp-content\/uploads\/2018\/07\/Ter\u00e0pia-acompanyament-amb-gossos-EBM-Gall-Mullat-de-Piera-3.jpg'><img loading=\"lazy\" decoding=\"async\" width=\"800\" height=\"531\" src=\"https:\/\/www.cavallcartro.cat\/wp-content\/uploads\/2018\/07\/Ter\u00e0pia-acompanyament-amb-gossos-EBM-Gall-Mullat-de-Piera-3.jpg\" class=\"attachment-full size-full\" alt=\"\" srcset=\"https:\/\/www.cavallcartro.cat\/wp-content\/uploads\/2018\/07\/Ter\u00e0pia-acompanyament-amb-gossos-EBM-Gall-Mullat-de-Piera-3.jpg 800w, https:\/\/www.cavallcartro.cat\/wp-content\/uploads\/2018\/07\/Ter\u00e0pia-acompanyament-amb-gossos-EBM-Gall-Mullat-de-Piera-3-600x398.jpg 600w, https:\/\/www.cavallcartro.cat\/wp-content\/uploads\/2018\/07\/Ter\u00e0pia-acompanyament-amb-gossos-EBM-Gall-Mullat-de-Piera-3-300x199.jpg 300w, https:\/\/www.cavallcartro.cat\/wp-content\/uploads\/2018\/07\/Ter\u00e0pia-acompanyament-amb-gossos-EBM-Gall-Mullat-de-Piera-3-768x510.jpg 768w, https:\/\/www.cavallcartro.cat\/wp-content\/uploads\/2018\/07\/Ter\u00e0pia-acompanyament-amb-gossos-EBM-Gall-Mullat-de-Piera-3-100x66.jpg 100w\" sizes=\"auto, (max-width: 800px) 100vw, 800px\" \/><\/a>\n\t\t\t<\/dt><\/dl><dl class='gallery-item'>\n\t\t\t<dt class='gallery-icon landscape'>\n\t\t\t\t<a title=\"Ter\u00e0pia acompanyament amb gossos EBM Gall Mullat de Piera\" class=\"kidsworld_popup_gallery\" href='https:\/\/www.cavallcartro.cat\/wp-content\/uploads\/2018\/07\/Ter\u00e0pia-acompanyament-amb-gossos-EBM-Gall-Mullat-de-Piera.jpg'><img loading=\"lazy\" decoding=\"async\" width=\"800\" height=\"533\" src=\"https:\/\/www.cavallcartro.cat\/wp-content\/uploads\/2018\/07\/Ter\u00e0pia-acompanyament-amb-gossos-EBM-Gall-Mullat-de-Piera.jpg\" class=\"attachment-full size-full\" alt=\"\" srcset=\"https:\/\/www.cavallcartro.cat\/wp-content\/uploads\/2018\/07\/Ter\u00e0pia-acompanyament-amb-gossos-EBM-Gall-Mullat-de-Piera.jpg 800w, https:\/\/www.cavallcartro.cat\/wp-content\/uploads\/2018\/07\/Ter\u00e0pia-acompanyament-amb-gossos-EBM-Gall-Mullat-de-Piera-600x400.jpg 600w, https:\/\/www.cavallcartro.cat\/wp-content\/uploads\/2018\/07\/Ter\u00e0pia-acompanyament-amb-gossos-EBM-Gall-Mullat-de-Piera-300x200.jpg 300w, https:\/\/www.cavallcartro.cat\/wp-content\/uploads\/2018\/07\/Ter\u00e0pia-acompanyament-amb-gossos-EBM-Gall-Mullat-de-Piera-768x512.jpg 768w, https:\/\/www.cavallcartro.cat\/wp-content\/uploads\/2018\/07\/Ter\u00e0pia-acompanyament-amb-gossos-EBM-Gall-Mullat-de-Piera-100x67.jpg 100w\" sizes=\"auto, (max-width: 800px) 100vw, 800px\" \/><\/a>\n\t\t\t<\/dt><\/dl><br style=\"clear: both\" \/>\n\t\t<\/div>\n\n&nbsp;<\/p>\n<p><H4> 3. Despido <\/H4><br \/>\nLos \u00faltimos minutos los dedicamos a <strong>cepillar al perro<\/strong>, un acto que le hace bajar la tensi\u00f3n arterial y lo tranquiliza. A continuaci\u00f3n, procedemos a despedir el perro, con una din\u00e1mica similar a la del saludo, estableciendo una rutina que anticipe el final de la sesi\u00f3n.<\/p>\n<p>Acabamos anunciando nuestra marcha y el perro marca el final con alguna acci\u00f3n definida (un ladrido, ponerse sobre las dos patas traseras, levantar la pata&#8230;).<\/p>\n<p  class=\"swmsc_alert_success_box swmsc_alert_boxes\" >Una sesi\u00f3n de terapia con perros consta de 3 partes, haciendo que los ni\u00f1os se acostumbren al animal y se sientan c\u00f3modos.<\/p>\n<p>&nbsp;<\/p>\n<p><strong>Raquel Morote Man\u00e1n<\/strong><\/p>\n<p><strong>Directora Escuela Infantil El Gall Mullat, de Piera<\/strong><\/p>\n<p><strong>Julio de 2018<\/strong><\/p>\n<div  class=\"swmsc_horizontal_line\" style=\"padding-top:80px;padding-bottom:80px;\">\n                        <span class=\"swmsc_horizontal_line_h_line\" style=\"border-color:#99d01b;\"><\/span><span class=\"swmsc_horizontal_line_icon\"><i class=\"fa fa-compass\" style=\"color:#99d01b;\"><\/i><\/span>\n                    <div class=\"clear\"><\/div>\n                    <\/div>\n<p><iframe loading=\"lazy\" style=\"overflow: hidden; width: 1200px; height: 258px;\" src=\"\/\/www.facebook.com\/plugins\/likebox.php?href=http%3A%2F%2Fwww.facebook.com%2F354052831640272&amp;width=1200&amp;height=258&amp;show_faces=true&amp;colorscheme=light&amp;stream=false&amp;border_color=%23FFF&amp;header=false\" width=\"1200\" height=\"240\" frameborder=\"0\" scrolling=\"no\"><\/iframe><\/p>\n","protected":false},"excerpt":{"rendered":"<p>La intervenci\u00f3n asistida con perros (IAP), actividad que usa la introducci\u00f3n de un perro como acompa\u00f1amiento y apoyo en la escuela El Gall Mullat de Piera.<\/p>\n","protected":false},"author":1,"featured_media":3512,"comment_status":"closed","ping_status":"closed","sticky":false,"template":"","format":"standard","meta":{"footnotes":""},"categories":[88],"tags":[228,234,232,237,238,352,320],"class_list":["post-3520","post","type-post","status-publish","format-standard","has-post-thumbnail","hentry","category-proyectos","tag-cavall-de-cartro-es","tag-escuela-infantil-municipal","tag-escuelas-infantiles","tag-ninas","tag-ninos","tag-perros","tag-vivencias"],"yoast_head":"<!-- This site is optimized with the Yoast SEO plugin v27.5 - https:\/\/yoast.com\/product\/yoast-seo-wordpress\/ -->\n<title>Intervenci\u00f3n asistida con perros (IAP) en la escuela infantil<\/title>\n<meta name=\"description\" content=\"La intervenci\u00f3n asistida con perros (IAP), actividad que usa la introducci\u00f3n de un perro como acompa\u00f1amiento y apoyo en la escuela El Gall Mullat de Piera.\" \/>\n<meta name=\"robots\" content=\"index, follow, max-snippet:-1, max-image-preview:large, max-video-preview:-1\" \/>\n<link rel=\"canonical\" href=\"https:\/\/www.cavallcartro.cat\/es\/intervencion-asistida-perros-iap-escuela\" \/>\n<meta property=\"og:locale\" content=\"es_ES\" \/>\n<meta property=\"og:type\" content=\"article\" \/>\n<meta property=\"og:title\" content=\"Intervenci\u00f3n asistida con perros (IAP) en la escuela infantil\" \/>\n<meta property=\"og:description\" content=\"La intervenci\u00f3n asistida con perros (IAP), actividad que usa la introducci\u00f3n de un perro como acompa\u00f1amiento y apoyo en la escuela El Gall Mullat de Piera.\" \/>\n<meta property=\"og:url\" content=\"https:\/\/www.cavallcartro.cat\/es\/intervencion-asistida-perros-iap-escuela\" \/>\n<meta property=\"og:site_name\" content=\"Cavall de Cartr\u00f3 - Serveis Educatius\" \/>\n<meta property=\"article:publisher\" content=\"https:\/\/www.facebook.com\/cavallcartroedu\" \/>\n<meta property=\"article:published_time\" content=\"2018-07-20T17:10:45+00:00\" \/>\n<meta property=\"article:modified_time\" content=\"2018-07-20T17:33:35+00:00\" \/>\n<meta property=\"og:image\" content=\"https:\/\/www.cavallcartro.cat\/wp-content\/uploads\/2018\/07\/Ter\u00e0pia-acompanyament-amb-gossos-EBM-Gall-Mullat-de-Piera-5.jpg\" \/>\n\t<meta property=\"og:image:width\" content=\"1200\" \/>\n\t<meta property=\"og:image:height\" content=\"601\" \/>\n\t<meta property=\"og:image:type\" content=\"image\/jpeg\" \/>\n<meta name=\"author\" content=\"cgarcia\" \/>\n<meta name=\"twitter:card\" content=\"summary_large_image\" \/>\n<meta name=\"twitter:creator\" content=\"@cavallcartroedu\" \/>\n<meta name=\"twitter:site\" content=\"@cavallcartroedu\" \/>\n<meta name=\"twitter:label1\" content=\"Escrito por\" \/>\n\t<meta name=\"twitter:data1\" content=\"cgarcia\" \/>\n\t<meta name=\"twitter:label2\" content=\"Tiempo de lectura\" \/>\n\t<meta name=\"twitter:data2\" content=\"3 minutos\" \/>\n<script type=\"application\/ld+json\" class=\"yoast-schema-graph\">{\"@context\":\"https:\\\/\\\/schema.org\",\"@graph\":[{\"@type\":\"Article\",\"@id\":\"https:\\\/\\\/www.cavallcartro.cat\\\/es\\\/intervencion-asistida-perros-iap-escuela#article\",\"isPartOf\":{\"@id\":\"https:\\\/\\\/www.cavallcartro.cat\\\/es\\\/intervencion-asistida-perros-iap-escuela\"},\"author\":{\"name\":\"cgarcia\",\"@id\":\"https:\\\/\\\/www.cavallcartro.cat\\\/#\\\/schema\\\/person\\\/6747bc1660e32d545ab2b8e5927ea542\"},\"headline\":\"Intervenci\u00f3n asistida con perros (IAP) en la escuela infantil\",\"datePublished\":\"2018-07-20T17:10:45+00:00\",\"dateModified\":\"2018-07-20T17:33:35+00:00\",\"mainEntityOfPage\":{\"@id\":\"https:\\\/\\\/www.cavallcartro.cat\\\/es\\\/intervencion-asistida-perros-iap-escuela\"},\"wordCount\":696,\"publisher\":{\"@id\":\"https:\\\/\\\/www.cavallcartro.cat\\\/#organization\"},\"image\":{\"@id\":\"https:\\\/\\\/www.cavallcartro.cat\\\/es\\\/intervencion-asistida-perros-iap-escuela#primaryimage\"},\"thumbnailUrl\":\"https:\\\/\\\/www.cavallcartro.cat\\\/wp-content\\\/uploads\\\/2018\\\/07\\\/Ter\u00e0pia-acompanyament-amb-gossos-EBM-Gall-Mullat-de-Piera-5.jpg\",\"keywords\":[\"Cavall de Cartr\u00f3\",\"escuela infantil municipal\",\"escuelas infantiles\",\"ni\u00f1as\",\"ni\u00f1os\",\"perros\",\"vivencias\"],\"articleSection\":[\"Proyectos\"],\"inLanguage\":\"es\"},{\"@type\":\"WebPage\",\"@id\":\"https:\\\/\\\/www.cavallcartro.cat\\\/es\\\/intervencion-asistida-perros-iap-escuela\",\"url\":\"https:\\\/\\\/www.cavallcartro.cat\\\/es\\\/intervencion-asistida-perros-iap-escuela\",\"name\":\"Intervenci\u00f3n asistida con perros (IAP) en la escuela infantil\",\"isPartOf\":{\"@id\":\"https:\\\/\\\/www.cavallcartro.cat\\\/#website\"},\"primaryImageOfPage\":{\"@id\":\"https:\\\/\\\/www.cavallcartro.cat\\\/es\\\/intervencion-asistida-perros-iap-escuela#primaryimage\"},\"image\":{\"@id\":\"https:\\\/\\\/www.cavallcartro.cat\\\/es\\\/intervencion-asistida-perros-iap-escuela#primaryimage\"},\"thumbnailUrl\":\"https:\\\/\\\/www.cavallcartro.cat\\\/wp-content\\\/uploads\\\/2018\\\/07\\\/Ter\u00e0pia-acompanyament-amb-gossos-EBM-Gall-Mullat-de-Piera-5.jpg\",\"datePublished\":\"2018-07-20T17:10:45+00:00\",\"dateModified\":\"2018-07-20T17:33:35+00:00\",\"description\":\"La intervenci\u00f3n asistida con perros (IAP), actividad que usa la introducci\u00f3n de un perro como acompa\u00f1amiento y apoyo en la escuela El Gall Mullat de Piera.\",\"breadcrumb\":{\"@id\":\"https:\\\/\\\/www.cavallcartro.cat\\\/es\\\/intervencion-asistida-perros-iap-escuela#breadcrumb\"},\"inLanguage\":\"es\",\"potentialAction\":[{\"@type\":\"ReadAction\",\"target\":[\"https:\\\/\\\/www.cavallcartro.cat\\\/es\\\/intervencion-asistida-perros-iap-escuela\"]}]},{\"@type\":\"ImageObject\",\"inLanguage\":\"es\",\"@id\":\"https:\\\/\\\/www.cavallcartro.cat\\\/es\\\/intervencion-asistida-perros-iap-escuela#primaryimage\",\"url\":\"https:\\\/\\\/www.cavallcartro.cat\\\/wp-content\\\/uploads\\\/2018\\\/07\\\/Ter\u00e0pia-acompanyament-amb-gossos-EBM-Gall-Mullat-de-Piera-5.jpg\",\"contentUrl\":\"https:\\\/\\\/www.cavallcartro.cat\\\/wp-content\\\/uploads\\\/2018\\\/07\\\/Ter\u00e0pia-acompanyament-amb-gossos-EBM-Gall-Mullat-de-Piera-5.jpg\",\"width\":1200,\"height\":601,\"caption\":\"Ter\u00e0pia acompanyament amb gossos EBM Gall Mullat de Piera 5\"},{\"@type\":\"BreadcrumbList\",\"@id\":\"https:\\\/\\\/www.cavallcartro.cat\\\/es\\\/intervencion-asistida-perros-iap-escuela#breadcrumb\",\"itemListElement\":[{\"@type\":\"ListItem\",\"position\":1,\"name\":\"Portada\",\"item\":\"https:\\\/\\\/www.cavallcartro.cat\\\/es\"},{\"@type\":\"ListItem\",\"position\":2,\"name\":\"Intervenci\u00f3n asistida con perros (IAP) en la escuela infantil\"}]},{\"@type\":\"WebSite\",\"@id\":\"https:\\\/\\\/www.cavallcartro.cat\\\/#website\",\"url\":\"https:\\\/\\\/www.cavallcartro.cat\\\/\",\"name\":\"Cavall de Cartr\u00f3\",\"description\":\"Gesti\u00f3 d&#039;escoles bressol i llars d&#039;infants municipals a Barcelona i tota Catalunya.\",\"publisher\":{\"@id\":\"https:\\\/\\\/www.cavallcartro.cat\\\/#organization\"},\"potentialAction\":[{\"@type\":\"SearchAction\",\"target\":{\"@type\":\"EntryPoint\",\"urlTemplate\":\"https:\\\/\\\/www.cavallcartro.cat\\\/?s={search_term_string}\"},\"query-input\":{\"@type\":\"PropertyValueSpecification\",\"valueRequired\":true,\"valueName\":\"search_term_string\"}}],\"inLanguage\":\"es\"},{\"@type\":\"Organization\",\"@id\":\"https:\\\/\\\/www.cavallcartro.cat\\\/#organization\",\"name\":\"Cavall de Cartr\u00f3\",\"url\":\"https:\\\/\\\/www.cavallcartro.cat\\\/\",\"logo\":{\"@type\":\"ImageObject\",\"inLanguage\":\"es\",\"@id\":\"https:\\\/\\\/www.cavallcartro.cat\\\/#\\\/schema\\\/logo\\\/image\\\/\",\"url\":\"https:\\\/\\\/www.cavallcartro.cat\\\/wp-content\\\/uploads\\\/2020\\\/07\\\/Logo-Cavall-de-Cartr\u00f3-gesti\u00f3-escoles-bressol-i-menjadors-escolars-e1596129492304.png\",\"contentUrl\":\"https:\\\/\\\/www.cavallcartro.cat\\\/wp-content\\\/uploads\\\/2020\\\/07\\\/Logo-Cavall-de-Cartr\u00f3-gesti\u00f3-escoles-bressol-i-menjadors-escolars-e1596129492304.png\",\"width\":528,\"height\":274,\"caption\":\"Cavall de Cartr\u00f3\"},\"image\":{\"@id\":\"https:\\\/\\\/www.cavallcartro.cat\\\/#\\\/schema\\\/logo\\\/image\\\/\"},\"sameAs\":[\"https:\\\/\\\/www.facebook.com\\\/cavallcartroedu\",\"https:\\\/\\\/x.com\\\/cavallcartroedu\",\"https:\\\/\\\/www.instagram.com\\\/cavallcartroedu\\\/\",\"https:\\\/\\\/www.youtube.com\\\/@CavalldeCartro\"]},{\"@type\":\"Person\",\"@id\":\"https:\\\/\\\/www.cavallcartro.cat\\\/#\\\/schema\\\/person\\\/6747bc1660e32d545ab2b8e5927ea542\",\"name\":\"cgarcia\",\"image\":{\"@type\":\"ImageObject\",\"inLanguage\":\"es\",\"@id\":\"https:\\\/\\\/secure.gravatar.com\\\/avatar\\\/469990a84f48a39e93ee0d8243415a74ba5692f608ea41afee8cae0e81f99f77?s=96&d=mm&r=g\",\"url\":\"https:\\\/\\\/secure.gravatar.com\\\/avatar\\\/469990a84f48a39e93ee0d8243415a74ba5692f608ea41afee8cae0e81f99f77?s=96&d=mm&r=g\",\"contentUrl\":\"https:\\\/\\\/secure.gravatar.com\\\/avatar\\\/469990a84f48a39e93ee0d8243415a74ba5692f608ea41afee8cae0e81f99f77?s=96&d=mm&r=g\",\"caption\":\"cgarcia\"},\"url\":\"https:\\\/\\\/www.cavallcartro.cat\\\/es\\\/author\\\/cgarcia\"}]}<\/script>\n<!-- \/ Yoast SEO plugin. -->","yoast_head_json":{"title":"Intervenci\u00f3n asistida con perros (IAP) en la escuela infantil","description":"La intervenci\u00f3n asistida con perros (IAP), actividad que usa la introducci\u00f3n de un perro como acompa\u00f1amiento y apoyo en la escuela El Gall Mullat de Piera.","robots":{"index":"index","follow":"follow","max-snippet":"max-snippet:-1","max-image-preview":"max-image-preview:large","max-video-preview":"max-video-preview:-1"},"canonical":"https:\/\/www.cavallcartro.cat\/es\/intervencion-asistida-perros-iap-escuela","og_locale":"es_ES","og_type":"article","og_title":"Intervenci\u00f3n asistida con perros (IAP) en la escuela infantil","og_description":"La intervenci\u00f3n asistida con perros (IAP), actividad que usa la introducci\u00f3n de un perro como acompa\u00f1amiento y apoyo en la escuela El Gall Mullat de Piera.","og_url":"https:\/\/www.cavallcartro.cat\/es\/intervencion-asistida-perros-iap-escuela","og_site_name":"Cavall de Cartr\u00f3 - Serveis Educatius","article_publisher":"https:\/\/www.facebook.com\/cavallcartroedu","article_published_time":"2018-07-20T17:10:45+00:00","article_modified_time":"2018-07-20T17:33:35+00:00","og_image":[{"width":1200,"height":601,"url":"https:\/\/www.cavallcartro.cat\/wp-content\/uploads\/2018\/07\/Ter\u00e0pia-acompanyament-amb-gossos-EBM-Gall-Mullat-de-Piera-5.jpg","type":"image\/jpeg"}],"author":"cgarcia","twitter_card":"summary_large_image","twitter_creator":"@cavallcartroedu","twitter_site":"@cavallcartroedu","twitter_misc":{"Escrito por":"cgarcia","Tiempo de lectura":"3 minutos"},"schema":{"@context":"https:\/\/schema.org","@graph":[{"@type":"Article","@id":"https:\/\/www.cavallcartro.cat\/es\/intervencion-asistida-perros-iap-escuela#article","isPartOf":{"@id":"https:\/\/www.cavallcartro.cat\/es\/intervencion-asistida-perros-iap-escuela"},"author":{"name":"cgarcia","@id":"https:\/\/www.cavallcartro.cat\/#\/schema\/person\/6747bc1660e32d545ab2b8e5927ea542"},"headline":"Intervenci\u00f3n asistida con perros (IAP) en la escuela infantil","datePublished":"2018-07-20T17:10:45+00:00","dateModified":"2018-07-20T17:33:35+00:00","mainEntityOfPage":{"@id":"https:\/\/www.cavallcartro.cat\/es\/intervencion-asistida-perros-iap-escuela"},"wordCount":696,"publisher":{"@id":"https:\/\/www.cavallcartro.cat\/#organization"},"image":{"@id":"https:\/\/www.cavallcartro.cat\/es\/intervencion-asistida-perros-iap-escuela#primaryimage"},"thumbnailUrl":"https:\/\/www.cavallcartro.cat\/wp-content\/uploads\/2018\/07\/Ter\u00e0pia-acompanyament-amb-gossos-EBM-Gall-Mullat-de-Piera-5.jpg","keywords":["Cavall de Cartr\u00f3","escuela infantil municipal","escuelas infantiles","ni\u00f1as","ni\u00f1os","perros","vivencias"],"articleSection":["Proyectos"],"inLanguage":"es"},{"@type":"WebPage","@id":"https:\/\/www.cavallcartro.cat\/es\/intervencion-asistida-perros-iap-escuela","url":"https:\/\/www.cavallcartro.cat\/es\/intervencion-asistida-perros-iap-escuela","name":"Intervenci\u00f3n asistida con perros (IAP) en la escuela infantil","isPartOf":{"@id":"https:\/\/www.cavallcartro.cat\/#website"},"primaryImageOfPage":{"@id":"https:\/\/www.cavallcartro.cat\/es\/intervencion-asistida-perros-iap-escuela#primaryimage"},"image":{"@id":"https:\/\/www.cavallcartro.cat\/es\/intervencion-asistida-perros-iap-escuela#primaryimage"},"thumbnailUrl":"https:\/\/www.cavallcartro.cat\/wp-content\/uploads\/2018\/07\/Ter\u00e0pia-acompanyament-amb-gossos-EBM-Gall-Mullat-de-Piera-5.jpg","datePublished":"2018-07-20T17:10:45+00:00","dateModified":"2018-07-20T17:33:35+00:00","description":"La intervenci\u00f3n asistida con perros (IAP), actividad que usa la introducci\u00f3n de un perro como acompa\u00f1amiento y apoyo en la escuela El Gall Mullat de Piera.","breadcrumb":{"@id":"https:\/\/www.cavallcartro.cat\/es\/intervencion-asistida-perros-iap-escuela#breadcrumb"},"inLanguage":"es","potentialAction":[{"@type":"ReadAction","target":["https:\/\/www.cavallcartro.cat\/es\/intervencion-asistida-perros-iap-escuela"]}]},{"@type":"ImageObject","inLanguage":"es","@id":"https:\/\/www.cavallcartro.cat\/es\/intervencion-asistida-perros-iap-escuela#primaryimage","url":"https:\/\/www.cavallcartro.cat\/wp-content\/uploads\/2018\/07\/Ter\u00e0pia-acompanyament-amb-gossos-EBM-Gall-Mullat-de-Piera-5.jpg","contentUrl":"https:\/\/www.cavallcartro.cat\/wp-content\/uploads\/2018\/07\/Ter\u00e0pia-acompanyament-amb-gossos-EBM-Gall-Mullat-de-Piera-5.jpg","width":1200,"height":601,"caption":"Ter\u00e0pia acompanyament amb gossos EBM Gall Mullat de Piera 5"},{"@type":"BreadcrumbList","@id":"https:\/\/www.cavallcartro.cat\/es\/intervencion-asistida-perros-iap-escuela#breadcrumb","itemListElement":[{"@type":"ListItem","position":1,"name":"Portada","item":"https:\/\/www.cavallcartro.cat\/es"},{"@type":"ListItem","position":2,"name":"Intervenci\u00f3n asistida con perros (IAP) en la escuela infantil"}]},{"@type":"WebSite","@id":"https:\/\/www.cavallcartro.cat\/#website","url":"https:\/\/www.cavallcartro.cat\/","name":"Cavall de Cartr\u00f3","description":"Gesti\u00f3 d&#039;escoles bressol i llars d&#039;infants municipals a Barcelona i tota Catalunya.","publisher":{"@id":"https:\/\/www.cavallcartro.cat\/#organization"},"potentialAction":[{"@type":"SearchAction","target":{"@type":"EntryPoint","urlTemplate":"https:\/\/www.cavallcartro.cat\/?s={search_term_string}"},"query-input":{"@type":"PropertyValueSpecification","valueRequired":true,"valueName":"search_term_string"}}],"inLanguage":"es"},{"@type":"Organization","@id":"https:\/\/www.cavallcartro.cat\/#organization","name":"Cavall de Cartr\u00f3","url":"https:\/\/www.cavallcartro.cat\/","logo":{"@type":"ImageObject","inLanguage":"es","@id":"https:\/\/www.cavallcartro.cat\/#\/schema\/logo\/image\/","url":"https:\/\/www.cavallcartro.cat\/wp-content\/uploads\/2020\/07\/Logo-Cavall-de-Cartr\u00f3-gesti\u00f3-escoles-bressol-i-menjadors-escolars-e1596129492304.png","contentUrl":"https:\/\/www.cavallcartro.cat\/wp-content\/uploads\/2020\/07\/Logo-Cavall-de-Cartr\u00f3-gesti\u00f3-escoles-bressol-i-menjadors-escolars-e1596129492304.png","width":528,"height":274,"caption":"Cavall de Cartr\u00f3"},"image":{"@id":"https:\/\/www.cavallcartro.cat\/#\/schema\/logo\/image\/"},"sameAs":["https:\/\/www.facebook.com\/cavallcartroedu","https:\/\/x.com\/cavallcartroedu","https:\/\/www.instagram.com\/cavallcartroedu\/","https:\/\/www.youtube.com\/@CavalldeCartro"]},{"@type":"Person","@id":"https:\/\/www.cavallcartro.cat\/#\/schema\/person\/6747bc1660e32d545ab2b8e5927ea542","name":"cgarcia","image":{"@type":"ImageObject","inLanguage":"es","@id":"https:\/\/secure.gravatar.com\/avatar\/469990a84f48a39e93ee0d8243415a74ba5692f608ea41afee8cae0e81f99f77?s=96&d=mm&r=g","url":"https:\/\/secure.gravatar.com\/avatar\/469990a84f48a39e93ee0d8243415a74ba5692f608ea41afee8cae0e81f99f77?s=96&d=mm&r=g","contentUrl":"https:\/\/secure.gravatar.com\/avatar\/469990a84f48a39e93ee0d8243415a74ba5692f608ea41afee8cae0e81f99f77?s=96&d=mm&r=g","caption":"cgarcia"},"url":"https:\/\/www.cavallcartro.cat\/es\/author\/cgarcia"}]}},"_links":{"self":[{"href":"https:\/\/www.cavallcartro.cat\/es\/wp-json\/wp\/v2\/posts\/3520","targetHints":{"allow":["GET"]}}],"collection":[{"href":"https:\/\/www.cavallcartro.cat\/es\/wp-json\/wp\/v2\/posts"}],"about":[{"href":"https:\/\/www.cavallcartro.cat\/es\/wp-json\/wp\/v2\/types\/post"}],"author":[{"embeddable":true,"href":"https:\/\/www.cavallcartro.cat\/es\/wp-json\/wp\/v2\/users\/1"}],"replies":[{"embeddable":true,"href":"https:\/\/www.cavallcartro.cat\/es\/wp-json\/wp\/v2\/comments?post=3520"}],"version-history":[{"count":4,"href":"https:\/\/www.cavallcartro.cat\/es\/wp-json\/wp\/v2\/posts\/3520\/revisions"}],"predecessor-version":[{"id":3524,"href":"https:\/\/www.cavallcartro.cat\/es\/wp-json\/wp\/v2\/posts\/3520\/revisions\/3524"}],"wp:featuredmedia":[{"embeddable":true,"href":"https:\/\/www.cavallcartro.cat\/es\/wp-json\/wp\/v2\/media\/3512"}],"wp:attachment":[{"href":"https:\/\/www.cavallcartro.cat\/es\/wp-json\/wp\/v2\/media?parent=3520"}],"wp:term":[{"taxonomy":"category","embeddable":true,"href":"https:\/\/www.cavallcartro.cat\/es\/wp-json\/wp\/v2\/categories?post=3520"},{"taxonomy":"post_tag","embeddable":true,"href":"https:\/\/www.cavallcartro.cat\/es\/wp-json\/wp\/v2\/tags?post=3520"}],"curies":[{"name":"wp","href":"https:\/\/api.w.org\/{rel}","templated":true}]}}