{"id":3449,"date":"2018-06-13T14:26:10","date_gmt":"2018-06-13T14:26:10","guid":{"rendered":"http:\/\/www.cavallcartro.cat?p=3449"},"modified":"2019-01-29T09:45:59","modified_gmt":"2019-01-29T09:45:59","slug":"espacio-ciencia-escuela-virolet","status":"publish","type":"post","link":"https:\/\/www.cavallcartro.cat\/es\/espacio-ciencia-escuela-virolet","title":{"rendered":"Espacio Ciencia en la escuela infantil municipal Virolet"},"content":{"rendered":"<h3>\u00bfC\u00f3mo nace el Espacio Ciencia en una escuela infantil municipal? \u00bfC\u00f3mo ayuda a los ni\u00f1os a ser curiosos y a experimentar?<\/h3>\n<p>El Espacio Ciencia se inici\u00f3 hace tres a\u00f1os por iniciativa del AMPA de la EBM Virolet, del <a href=\"http:\/\/badalona.cat\/\" target=\"_blank\" rel=\"noopener\"><strong>Ayuntamiento de Badalona<\/strong><\/a>. Cuando se cre\u00f3, la intenci\u00f3n era que los ni\u00f1os tuvieran un <strong>espacio tranquilo, relajado y confortable<\/strong>. Un espacio que favoreciera la concentraci\u00f3n y donde poder manipular y descubrir los elementos naturales de la flora y la fauna tan rica que rodea la ciudad. La intenci\u00f3n: acercarlos al mundo real, para que adquirieran experiencia sobre estos elementos.<\/p>\n<p>Lo que en un inicio era el almac\u00e9n del patio se reconvirti\u00f3 en un espacio donde los ni\u00f1os pueden <strong>experimentar, manipular y descubrir<\/strong> a partir de las diferentes propuestas y actividades relacionadas con el entorno natural de Badalona.<\/p>\n<p>Todos sabemos que <strong>los materiales naturales ofrecen una gran variedad manipulativa<\/strong> y tienen mucha riqueza sensorial. Despiertan la curiosidad, hacen ganas de manipular y de tocar, y con todo ello, crean actitudes positivas ante el aprendizaje, en general.<\/p>\n<p>Oler las plantas arom\u00e1ticas, recoger pi\u00f1as, piedras, tocar arena de playa&#8230; estimula el reconocimiento de diferentes texturas y de olores, haciendo que los ni\u00f1os vayan interiorizando las diferencias de los diversos elementos naturales.<\/p>\n<p>Visualmente hemos intentado que el conjunto de los materiales, los recursos y la est\u00e9tica creen un entorno lo m\u00e1s real posible. Por este motivo, <strong>el espacio ambienta con un sonido que imita el bosque<\/strong>, y la est\u00e9tica simula un gran \u00e1rbol con lianas.<\/p>\n<p  class=\"swmsc_alert_success_box swmsc_alert_boxes\" >Un espacio donde experimentar con materiales naturales y que simula un paraje en medio del bosque.<\/p>\n<div id='gallery-1' class='gallery galleryid-3449 gallery-columns-3 gallery-size-full'><dl class='gallery-item'>\n\t\t\t<dt class='gallery-icon landscape'>\n\t\t\t\t<a title=\"Experiments de ci\u00e8ncia a escola bressol Virolet Badalona 4\" class=\"kidsworld_popup_gallery\" href='https:\/\/www.cavallcartro.cat\/wp-content\/uploads\/2018\/06\/Experiments-de-ci\u00e8ncia-a-escola-bressol-Virolet-Badalona-4.jpg'><img loading=\"lazy\" decoding=\"async\" width=\"800\" height=\"600\" src=\"https:\/\/www.cavallcartro.cat\/wp-content\/uploads\/2018\/06\/Experiments-de-ci\u00e8ncia-a-escola-bressol-Virolet-Badalona-4.jpg\" class=\"attachment-full size-full\" alt=\"Experiments de ci\u00e8ncia a escola bressol Virolet Badalona 4\" srcset=\"https:\/\/www.cavallcartro.cat\/wp-content\/uploads\/2018\/06\/Experiments-de-ci\u00e8ncia-a-escola-bressol-Virolet-Badalona-4.jpg 800w, https:\/\/www.cavallcartro.cat\/wp-content\/uploads\/2018\/06\/Experiments-de-ci\u00e8ncia-a-escola-bressol-Virolet-Badalona-4-600x450.jpg 600w, https:\/\/www.cavallcartro.cat\/wp-content\/uploads\/2018\/06\/Experiments-de-ci\u00e8ncia-a-escola-bressol-Virolet-Badalona-4-300x225.jpg 300w, https:\/\/www.cavallcartro.cat\/wp-content\/uploads\/2018\/06\/Experiments-de-ci\u00e8ncia-a-escola-bressol-Virolet-Badalona-4-768x576.jpg 768w, https:\/\/www.cavallcartro.cat\/wp-content\/uploads\/2018\/06\/Experiments-de-ci\u00e8ncia-a-escola-bressol-Virolet-Badalona-4-100x75.jpg 100w\" sizes=\"auto, (max-width: 800px) 100vw, 800px\" \/><\/a>\n\t\t\t<\/dt><\/dl><dl class='gallery-item'>\n\t\t\t<dt class='gallery-icon landscape'>\n\t\t\t\t<a title=\"Projecte educatiu observaci\u00f3 escola bressol Virolet Badalona\" class=\"kidsworld_popup_gallery\" href='https:\/\/www.cavallcartro.cat\/wp-content\/uploads\/2018\/06\/Projecte-educatiu-observaci\u00f3-escola-bressol-Virolet-Badalona.jpg'><img loading=\"lazy\" decoding=\"async\" width=\"800\" height=\"600\" src=\"https:\/\/www.cavallcartro.cat\/wp-content\/uploads\/2018\/06\/Projecte-educatiu-observaci\u00f3-escola-bressol-Virolet-Badalona.jpg\" class=\"attachment-full size-full\" alt=\"Projecte educatiu observaci\u00f3 escola bressol Virolet Badalona\" srcset=\"https:\/\/www.cavallcartro.cat\/wp-content\/uploads\/2018\/06\/Projecte-educatiu-observaci\u00f3-escola-bressol-Virolet-Badalona.jpg 800w, https:\/\/www.cavallcartro.cat\/wp-content\/uploads\/2018\/06\/Projecte-educatiu-observaci\u00f3-escola-bressol-Virolet-Badalona-600x450.jpg 600w, https:\/\/www.cavallcartro.cat\/wp-content\/uploads\/2018\/06\/Projecte-educatiu-observaci\u00f3-escola-bressol-Virolet-Badalona-300x225.jpg 300w, https:\/\/www.cavallcartro.cat\/wp-content\/uploads\/2018\/06\/Projecte-educatiu-observaci\u00f3-escola-bressol-Virolet-Badalona-768x576.jpg 768w, https:\/\/www.cavallcartro.cat\/wp-content\/uploads\/2018\/06\/Projecte-educatiu-observaci\u00f3-escola-bressol-Virolet-Badalona-100x75.jpg 100w\" sizes=\"auto, (max-width: 800px) 100vw, 800px\" \/><\/a>\n\t\t\t<\/dt><\/dl><dl class='gallery-item'>\n\t\t\t<dt class='gallery-icon landscape'>\n\t\t\t\t<a title=\"Taula de llum a escola bressol Virolet Badalona\" class=\"kidsworld_popup_gallery\" href='https:\/\/www.cavallcartro.cat\/wp-content\/uploads\/2018\/06\/Taula-de-llum-a-escola-bressol-Virolet-Badalona.jpg'><img loading=\"lazy\" decoding=\"async\" width=\"800\" height=\"600\" src=\"https:\/\/www.cavallcartro.cat\/wp-content\/uploads\/2018\/06\/Taula-de-llum-a-escola-bressol-Virolet-Badalona.jpg\" class=\"attachment-full size-full\" alt=\"Taula de llum a escola bressol Virolet Badalona\" srcset=\"https:\/\/www.cavallcartro.cat\/wp-content\/uploads\/2018\/06\/Taula-de-llum-a-escola-bressol-Virolet-Badalona.jpg 800w, https:\/\/www.cavallcartro.cat\/wp-content\/uploads\/2018\/06\/Taula-de-llum-a-escola-bressol-Virolet-Badalona-600x450.jpg 600w, https:\/\/www.cavallcartro.cat\/wp-content\/uploads\/2018\/06\/Taula-de-llum-a-escola-bressol-Virolet-Badalona-300x225.jpg 300w, https:\/\/www.cavallcartro.cat\/wp-content\/uploads\/2018\/06\/Taula-de-llum-a-escola-bressol-Virolet-Badalona-768x576.jpg 768w, https:\/\/www.cavallcartro.cat\/wp-content\/uploads\/2018\/06\/Taula-de-llum-a-escola-bressol-Virolet-Badalona-100x75.jpg 100w\" sizes=\"auto, (max-width: 800px) 100vw, 800px\" \/><\/a>\n\t\t\t<\/dt><\/dl><br style=\"clear: both\" \/>\n\t\t<\/div>\n\n<h2>\u00bfQU\u00c9 PROPUESTAS ENCONTRAMOS EN EL ESPACIO CIENCIA?<\/h2>\n<p>Las propuestas se organizan con materiales espec\u00edficos de cada contexto.<\/p>\n<ul>\n<li>Encontramos las <strong>propuestas sensoriales y manipulativas<\/strong> formadas por diferentes olores. &lt;\/ Li&gt;<\/li>\n<li>Piedras, minerales, plumas y conchas de playa, que permiten obtener diferentes <strong> sensaciones al tacto.<\/strong>.<\/li>\n<li><strong> Ca\u00f1as de bamb\u00fa para disfrutar del sonido <\/strong> que proporcionan.<\/li>\n<li><strong> Diferentes elementos de la naturaleza <\/strong> que durante todo el curso iremos a\u00f1adiendo seg\u00fan las estaciones del a\u00f1o: pi\u00f1as, granadas, insectos disecados, hojas, caracoles, gusanos de seda, etc. &lt;\/Li &gt;<\/li>\n<li>En este contexto ofrecemos a los ni\u00f1os la oportunidad de observar estos elementos a trav\u00e9s de un <strong>microscopio y muchos tipos de lupas<\/strong>.<\/li>\n<li>Una <strong>mesa de luz <\/strong> con radiograf\u00edas de animales.<\/li>\n<\/ul>\n<p  class=\"swmsc_alert_success_box swmsc_alert_boxes\" > Todo est\u00e1 por descubrir el mundo de los ni\u00f1os: la textura de las plumas, de la piel de naranja seca, de las c\u00e1scaras de coco&#8230; <\/p>\n<div id='gallery-2' class='gallery galleryid-3449 gallery-columns-2 gallery-size-full'><dl class='gallery-item'>\n\t\t\t<dt class='gallery-icon landscape'>\n\t\t\t\t<a title=\"Aula espai de ci\u00e8ncia Escola bressol Virolet Badalona\" class=\"kidsworld_popup_gallery\" href='https:\/\/www.cavallcartro.cat\/wp-content\/uploads\/2018\/06\/Aula-espai-de-ci\u00e8ncia-Escola-bressol-Virolet-Badalona.jpg'><img loading=\"lazy\" decoding=\"async\" width=\"800\" height=\"607\" src=\"https:\/\/www.cavallcartro.cat\/wp-content\/uploads\/2018\/06\/Aula-espai-de-ci\u00e8ncia-Escola-bressol-Virolet-Badalona.jpg\" class=\"attachment-full size-full\" alt=\"Aula espai de ci\u00e8ncia Escola bressol Virolet Badalona\" srcset=\"https:\/\/www.cavallcartro.cat\/wp-content\/uploads\/2018\/06\/Aula-espai-de-ci\u00e8ncia-Escola-bressol-Virolet-Badalona.jpg 800w, https:\/\/www.cavallcartro.cat\/wp-content\/uploads\/2018\/06\/Aula-espai-de-ci\u00e8ncia-Escola-bressol-Virolet-Badalona-600x455.jpg 600w, https:\/\/www.cavallcartro.cat\/wp-content\/uploads\/2018\/06\/Aula-espai-de-ci\u00e8ncia-Escola-bressol-Virolet-Badalona-300x228.jpg 300w, https:\/\/www.cavallcartro.cat\/wp-content\/uploads\/2018\/06\/Aula-espai-de-ci\u00e8ncia-Escola-bressol-Virolet-Badalona-768x583.jpg 768w, https:\/\/www.cavallcartro.cat\/wp-content\/uploads\/2018\/06\/Aula-espai-de-ci\u00e8ncia-Escola-bressol-Virolet-Badalona-100x76.jpg 100w\" sizes=\"auto, (max-width: 800px) 100vw, 800px\" \/><\/a>\n\t\t\t<\/dt><\/dl><dl class='gallery-item'>\n\t\t\t<dt class='gallery-icon landscape'>\n\t\t\t\t<a title=\"Bosc dintre escola bressol Virolet Badalona\" class=\"kidsworld_popup_gallery\" href='https:\/\/www.cavallcartro.cat\/wp-content\/uploads\/2018\/06\/Bosc-dintre-escola-bressol-Virolet-Badalona.jpg'><img loading=\"lazy\" decoding=\"async\" width=\"800\" height=\"607\" src=\"https:\/\/www.cavallcartro.cat\/wp-content\/uploads\/2018\/06\/Bosc-dintre-escola-bressol-Virolet-Badalona.jpg\" class=\"attachment-full size-full\" alt=\"Bosc dintre escola bressol Virolet Badalona\" srcset=\"https:\/\/www.cavallcartro.cat\/wp-content\/uploads\/2018\/06\/Bosc-dintre-escola-bressol-Virolet-Badalona.jpg 800w, https:\/\/www.cavallcartro.cat\/wp-content\/uploads\/2018\/06\/Bosc-dintre-escola-bressol-Virolet-Badalona-600x455.jpg 600w, https:\/\/www.cavallcartro.cat\/wp-content\/uploads\/2018\/06\/Bosc-dintre-escola-bressol-Virolet-Badalona-300x228.jpg 300w, https:\/\/www.cavallcartro.cat\/wp-content\/uploads\/2018\/06\/Bosc-dintre-escola-bressol-Virolet-Badalona-768x583.jpg 768w, https:\/\/www.cavallcartro.cat\/wp-content\/uploads\/2018\/06\/Bosc-dintre-escola-bressol-Virolet-Badalona-100x76.jpg 100w\" sizes=\"auto, (max-width: 800px) 100vw, 800px\" \/><\/a>\n\t\t\t<\/dt><\/dl><br style=\"clear: both\" \/>\n\t\t<\/div>\n\n<p>&nbsp;<\/p>\n<p>La propuesta tranquila est\u00e1 formada por cojines y diferentes <strong>libros de cuentos relacionados con la naturaleza <\/strong> y los materiales de la sala. De esta manera, con el apoyo visual, pueden establecer relaciones entre lo manipulan y lo que ven.<\/p>\n<p>Por \u00faltimo, el contexto de experimentaci\u00f3n est\u00e1 formado por: cajas de arena de playa, piel de naranja seca y triturada, flores secas&#8230; y que se complementan con otros diferentes elementos naturales que sirven para hacer trasvases: c\u00e1scaras de cocos, cucharas de madera, cuencos de madera, etc.<\/p>\n<p>El uso de este espacio est\u00e1 pensado para <strong>ni\u00f1os de 2 -3 a\u00f1os<\/strong> y en grupos muy reducidos de 4 o 5 ni\u00f1os y ni\u00f1as que interaccionan, en grupo o individualmente, de forma libre con los materiales y con las actividades que encontramos para <strong>generar aprendizajes<\/strong>.<\/p>\n<p>Vamos normalmente una vez a la semana y estamos <strong>entre 20 y 30 minutos <\/strong>.<\/p>\n<p>El papel del adulto es el de acompa\u00f1ar a los ni\u00f1os en el <strong>proceso del descubrimiento<\/strong>, como observadores y como impulsor de retos. Pero nuestro papel no debe ir m\u00e1s all\u00e1, porque cada uno de los ni\u00f1os y ni\u00f1as debe actuar libremente, conforme a su propia din\u00e1mica.<\/p>\n<p  class=\"swmsc_alert_success_box swmsc_alert_boxes\" >Estimulamos el descubrimiento libre en los ni\u00f1os y ni\u00f1as, sin intervenci\u00f3n de adultos, no yendo m\u00e1s all\u00e1 que observar y orientar.<\/p>\n<p>&nbsp;<\/p>\n<p>&nbsp;<\/p>\n<p><strong>Equipo de la Escola Bressol Municipal Virolet<\/strong><\/p>\n<p><strong>Junio de 2018<\/strong><\/p>\n<div  class=\"swmsc_horizontal_line\" style=\"padding-top:80px;padding-bottom:80px;\">\n                        <span class=\"swmsc_horizontal_line_h_line\" style=\"border-color:#99d01b;\"><\/span><span class=\"swmsc_horizontal_line_icon\"><i class=\"fa fa-compass\" style=\"color:#99d01b;\"><\/i><\/span>\n                    <div class=\"clear\"><\/div>\n                    <\/div>\n<p><iframe loading=\"lazy\" style=\"overflow: hidden; width: 1200px; height: 258px;\" src=\"\/\/www.facebook.com\/plugins\/likebox.php?href=http%3A%2F%2Fwww.facebook.com%2F354052831640272&amp;width=1200&amp;height=258&amp;show_faces=true&amp;colorscheme=light&amp;stream=false&amp;border_color=%23FFF&amp;header=false\" width=\"1200\" height=\"240\" frameborder=\"0\" scrolling=\"no\"><\/iframe><\/p>\n","protected":false},"excerpt":{"rendered":"<p>\u00bfC\u00f3mo nace el Espacio Ciencia en una escuela infantil municipal? \u00bfC\u00f3mo ayuda a los ni\u00f1os a ser curiosos y a experimentar? <\/p>\n","protected":false},"author":1,"featured_media":3436,"comment_status":"closed","ping_status":"closed","sticky":false,"template":"","format":"standard","meta":{"footnotes":""},"categories":[88],"tags":[261,371,228,445,230,229,131,233,443,240,436,237,238,458],"class_list":["post-3449","post","type-post","status-publish","format-standard","has-post-thumbnail","hentry","category-proyectos","tag-actividades","tag-badalona-es","tag-cavall-de-cartro-es","tag-ciencia-es","tag-descubrimientos","tag-ebm-es","tag-escuela-infantil","tag-escuelas-infantiles-municipales","tag-espacios","tag-experimentacion","tag-materiales-naturales","tag-ninas","tag-ninos","tag-virolet-es"],"yoast_head":"<!-- This site is optimized with the Yoast SEO plugin v27.5 - https:\/\/yoast.com\/product\/yoast-seo-wordpress\/ -->\n<title>Espacio Ciencia en la escuela infantil municipal Virolet<\/title>\n<meta name=\"description\" content=\"\u00bfC\u00f3mo nace el Espacio Ciencia en una escuela infantil municipal? \u00bfC\u00f3mo ayuda a los ni\u00f1os a ser curiosos y a experimentar?\" \/>\n<meta name=\"robots\" content=\"index, follow, max-snippet:-1, max-image-preview:large, max-video-preview:-1\" \/>\n<link rel=\"canonical\" href=\"https:\/\/www.cavallcartro.cat\/es\/espacio-ciencia-escuela-virolet\" \/>\n<meta property=\"og:locale\" content=\"es_ES\" \/>\n<meta property=\"og:type\" content=\"article\" \/>\n<meta property=\"og:title\" content=\"Espacio Ciencia en la escuela infantil municipal Virolet\" \/>\n<meta property=\"og:description\" content=\"\u00bfC\u00f3mo nace el Espacio Ciencia en una escuela infantil municipal? \u00bfC\u00f3mo ayuda a los ni\u00f1os a ser curiosos y a experimentar?\" \/>\n<meta property=\"og:url\" content=\"https:\/\/www.cavallcartro.cat\/es\/espacio-ciencia-escuela-virolet\" \/>\n<meta property=\"og:site_name\" content=\"Cavall de Cartr\u00f3 - Serveis Educatius\" \/>\n<meta property=\"article:publisher\" content=\"https:\/\/www.facebook.com\/cavallcartroedu\" \/>\n<meta property=\"article:published_time\" content=\"2018-06-13T14:26:10+00:00\" \/>\n<meta property=\"article:modified_time\" content=\"2019-01-29T09:45:59+00:00\" \/>\n<meta property=\"og:image\" content=\"https:\/\/www.cavallcartro.cat\/wp-content\/uploads\/2018\/06\/Espai-de-ci\u00e8ncia-a-Escola-bressol-Virolet-Badalona.jpg\" \/>\n\t<meta property=\"og:image:width\" content=\"1200\" \/>\n\t<meta property=\"og:image:height\" content=\"601\" \/>\n\t<meta property=\"og:image:type\" content=\"image\/jpeg\" \/>\n<meta name=\"author\" content=\"cgarcia\" \/>\n<meta name=\"twitter:card\" content=\"summary_large_image\" \/>\n<meta name=\"twitter:creator\" content=\"@cavallcartroedu\" \/>\n<meta name=\"twitter:site\" content=\"@cavallcartroedu\" \/>\n<meta name=\"twitter:label1\" content=\"Escrito por\" \/>\n\t<meta name=\"twitter:data1\" content=\"cgarcia\" \/>\n\t<meta name=\"twitter:label2\" content=\"Tiempo de lectura\" \/>\n\t<meta name=\"twitter:data2\" content=\"4 minutos\" \/>\n<script type=\"application\/ld+json\" class=\"yoast-schema-graph\">{\"@context\":\"https:\\\/\\\/schema.org\",\"@graph\":[{\"@type\":\"Article\",\"@id\":\"https:\\\/\\\/www.cavallcartro.cat\\\/es\\\/espacio-ciencia-escuela-virolet#article\",\"isPartOf\":{\"@id\":\"https:\\\/\\\/www.cavallcartro.cat\\\/es\\\/espacio-ciencia-escuela-virolet\"},\"author\":{\"name\":\"cgarcia\",\"@id\":\"https:\\\/\\\/www.cavallcartro.cat\\\/#\\\/schema\\\/person\\\/6747bc1660e32d545ab2b8e5927ea542\"},\"headline\":\"Espacio Ciencia en la escuela infantil municipal Virolet\",\"datePublished\":\"2018-06-13T14:26:10+00:00\",\"dateModified\":\"2019-01-29T09:45:59+00:00\",\"mainEntityOfPage\":{\"@id\":\"https:\\\/\\\/www.cavallcartro.cat\\\/es\\\/espacio-ciencia-escuela-virolet\"},\"wordCount\":733,\"publisher\":{\"@id\":\"https:\\\/\\\/www.cavallcartro.cat\\\/#organization\"},\"image\":{\"@id\":\"https:\\\/\\\/www.cavallcartro.cat\\\/es\\\/espacio-ciencia-escuela-virolet#primaryimage\"},\"thumbnailUrl\":\"https:\\\/\\\/www.cavallcartro.cat\\\/wp-content\\\/uploads\\\/2018\\\/06\\\/Espai-de-ci\u00e8ncia-a-Escola-bressol-Virolet-Badalona.jpg\",\"keywords\":[\"actividades\",\"Badalona\",\"Cavall de Cartr\u00f3\",\"ciencia\",\"descubrimientos\",\"EBM\",\"escuela infantil\",\"escuelas infantiles municipales\",\"espacios\",\"experimentaci\u00f3n\",\"materiales naturales\",\"ni\u00f1as\",\"ni\u00f1os\",\"Virolet\"],\"articleSection\":[\"Proyectos\"],\"inLanguage\":\"es\"},{\"@type\":\"WebPage\",\"@id\":\"https:\\\/\\\/www.cavallcartro.cat\\\/es\\\/espacio-ciencia-escuela-virolet\",\"url\":\"https:\\\/\\\/www.cavallcartro.cat\\\/es\\\/espacio-ciencia-escuela-virolet\",\"name\":\"Espacio Ciencia en la escuela infantil municipal Virolet\",\"isPartOf\":{\"@id\":\"https:\\\/\\\/www.cavallcartro.cat\\\/#website\"},\"primaryImageOfPage\":{\"@id\":\"https:\\\/\\\/www.cavallcartro.cat\\\/es\\\/espacio-ciencia-escuela-virolet#primaryimage\"},\"image\":{\"@id\":\"https:\\\/\\\/www.cavallcartro.cat\\\/es\\\/espacio-ciencia-escuela-virolet#primaryimage\"},\"thumbnailUrl\":\"https:\\\/\\\/www.cavallcartro.cat\\\/wp-content\\\/uploads\\\/2018\\\/06\\\/Espai-de-ci\u00e8ncia-a-Escola-bressol-Virolet-Badalona.jpg\",\"datePublished\":\"2018-06-13T14:26:10+00:00\",\"dateModified\":\"2019-01-29T09:45:59+00:00\",\"description\":\"\u00bfC\u00f3mo nace el Espacio Ciencia en una escuela infantil municipal? \u00bfC\u00f3mo ayuda a los ni\u00f1os a ser curiosos y a experimentar?\",\"breadcrumb\":{\"@id\":\"https:\\\/\\\/www.cavallcartro.cat\\\/es\\\/espacio-ciencia-escuela-virolet#breadcrumb\"},\"inLanguage\":\"es\",\"potentialAction\":[{\"@type\":\"ReadAction\",\"target\":[\"https:\\\/\\\/www.cavallcartro.cat\\\/es\\\/espacio-ciencia-escuela-virolet\"]}]},{\"@type\":\"ImageObject\",\"inLanguage\":\"es\",\"@id\":\"https:\\\/\\\/www.cavallcartro.cat\\\/es\\\/espacio-ciencia-escuela-virolet#primaryimage\",\"url\":\"https:\\\/\\\/www.cavallcartro.cat\\\/wp-content\\\/uploads\\\/2018\\\/06\\\/Espai-de-ci\u00e8ncia-a-Escola-bressol-Virolet-Badalona.jpg\",\"contentUrl\":\"https:\\\/\\\/www.cavallcartro.cat\\\/wp-content\\\/uploads\\\/2018\\\/06\\\/Espai-de-ci\u00e8ncia-a-Escola-bressol-Virolet-Badalona.jpg\",\"width\":1200,\"height\":601,\"caption\":\"Espai de ci\u00e8ncia a Escola bressol Virolet Badalona\"},{\"@type\":\"BreadcrumbList\",\"@id\":\"https:\\\/\\\/www.cavallcartro.cat\\\/es\\\/espacio-ciencia-escuela-virolet#breadcrumb\",\"itemListElement\":[{\"@type\":\"ListItem\",\"position\":1,\"name\":\"Portada\",\"item\":\"https:\\\/\\\/www.cavallcartro.cat\\\/es\"},{\"@type\":\"ListItem\",\"position\":2,\"name\":\"Espacio Ciencia en la escuela infantil municipal Virolet\"}]},{\"@type\":\"WebSite\",\"@id\":\"https:\\\/\\\/www.cavallcartro.cat\\\/#website\",\"url\":\"https:\\\/\\\/www.cavallcartro.cat\\\/\",\"name\":\"Cavall de Cartr\u00f3\",\"description\":\"Gesti\u00f3 d&#039;escoles bressol i llars d&#039;infants municipals a Barcelona i tota Catalunya.\",\"publisher\":{\"@id\":\"https:\\\/\\\/www.cavallcartro.cat\\\/#organization\"},\"potentialAction\":[{\"@type\":\"SearchAction\",\"target\":{\"@type\":\"EntryPoint\",\"urlTemplate\":\"https:\\\/\\\/www.cavallcartro.cat\\\/?s={search_term_string}\"},\"query-input\":{\"@type\":\"PropertyValueSpecification\",\"valueRequired\":true,\"valueName\":\"search_term_string\"}}],\"inLanguage\":\"es\"},{\"@type\":\"Organization\",\"@id\":\"https:\\\/\\\/www.cavallcartro.cat\\\/#organization\",\"name\":\"Cavall de Cartr\u00f3\",\"url\":\"https:\\\/\\\/www.cavallcartro.cat\\\/\",\"logo\":{\"@type\":\"ImageObject\",\"inLanguage\":\"es\",\"@id\":\"https:\\\/\\\/www.cavallcartro.cat\\\/#\\\/schema\\\/logo\\\/image\\\/\",\"url\":\"https:\\\/\\\/www.cavallcartro.cat\\\/wp-content\\\/uploads\\\/2020\\\/07\\\/Logo-Cavall-de-Cartr\u00f3-gesti\u00f3-escoles-bressol-i-menjadors-escolars-e1596129492304.png\",\"contentUrl\":\"https:\\\/\\\/www.cavallcartro.cat\\\/wp-content\\\/uploads\\\/2020\\\/07\\\/Logo-Cavall-de-Cartr\u00f3-gesti\u00f3-escoles-bressol-i-menjadors-escolars-e1596129492304.png\",\"width\":528,\"height\":274,\"caption\":\"Cavall de Cartr\u00f3\"},\"image\":{\"@id\":\"https:\\\/\\\/www.cavallcartro.cat\\\/#\\\/schema\\\/logo\\\/image\\\/\"},\"sameAs\":[\"https:\\\/\\\/www.facebook.com\\\/cavallcartroedu\",\"https:\\\/\\\/x.com\\\/cavallcartroedu\",\"https:\\\/\\\/www.instagram.com\\\/cavallcartroedu\\\/\",\"https:\\\/\\\/www.youtube.com\\\/@CavalldeCartro\"]},{\"@type\":\"Person\",\"@id\":\"https:\\\/\\\/www.cavallcartro.cat\\\/#\\\/schema\\\/person\\\/6747bc1660e32d545ab2b8e5927ea542\",\"name\":\"cgarcia\",\"image\":{\"@type\":\"ImageObject\",\"inLanguage\":\"es\",\"@id\":\"https:\\\/\\\/secure.gravatar.com\\\/avatar\\\/469990a84f48a39e93ee0d8243415a74ba5692f608ea41afee8cae0e81f99f77?s=96&d=mm&r=g\",\"url\":\"https:\\\/\\\/secure.gravatar.com\\\/avatar\\\/469990a84f48a39e93ee0d8243415a74ba5692f608ea41afee8cae0e81f99f77?s=96&d=mm&r=g\",\"contentUrl\":\"https:\\\/\\\/secure.gravatar.com\\\/avatar\\\/469990a84f48a39e93ee0d8243415a74ba5692f608ea41afee8cae0e81f99f77?s=96&d=mm&r=g\",\"caption\":\"cgarcia\"},\"url\":\"https:\\\/\\\/www.cavallcartro.cat\\\/es\\\/author\\\/cgarcia\"}]}<\/script>\n<!-- \/ Yoast SEO plugin. -->","yoast_head_json":{"title":"Espacio Ciencia en la escuela infantil municipal Virolet","description":"\u00bfC\u00f3mo nace el Espacio Ciencia en una escuela infantil municipal? \u00bfC\u00f3mo ayuda a los ni\u00f1os a ser curiosos y a experimentar?","robots":{"index":"index","follow":"follow","max-snippet":"max-snippet:-1","max-image-preview":"max-image-preview:large","max-video-preview":"max-video-preview:-1"},"canonical":"https:\/\/www.cavallcartro.cat\/es\/espacio-ciencia-escuela-virolet","og_locale":"es_ES","og_type":"article","og_title":"Espacio Ciencia en la escuela infantil municipal Virolet","og_description":"\u00bfC\u00f3mo nace el Espacio Ciencia en una escuela infantil municipal? \u00bfC\u00f3mo ayuda a los ni\u00f1os a ser curiosos y a experimentar?","og_url":"https:\/\/www.cavallcartro.cat\/es\/espacio-ciencia-escuela-virolet","og_site_name":"Cavall de Cartr\u00f3 - Serveis Educatius","article_publisher":"https:\/\/www.facebook.com\/cavallcartroedu","article_published_time":"2018-06-13T14:26:10+00:00","article_modified_time":"2019-01-29T09:45:59+00:00","og_image":[{"width":1200,"height":601,"url":"https:\/\/www.cavallcartro.cat\/wp-content\/uploads\/2018\/06\/Espai-de-ci\u00e8ncia-a-Escola-bressol-Virolet-Badalona.jpg","type":"image\/jpeg"}],"author":"cgarcia","twitter_card":"summary_large_image","twitter_creator":"@cavallcartroedu","twitter_site":"@cavallcartroedu","twitter_misc":{"Escrito por":"cgarcia","Tiempo de lectura":"4 minutos"},"schema":{"@context":"https:\/\/schema.org","@graph":[{"@type":"Article","@id":"https:\/\/www.cavallcartro.cat\/es\/espacio-ciencia-escuela-virolet#article","isPartOf":{"@id":"https:\/\/www.cavallcartro.cat\/es\/espacio-ciencia-escuela-virolet"},"author":{"name":"cgarcia","@id":"https:\/\/www.cavallcartro.cat\/#\/schema\/person\/6747bc1660e32d545ab2b8e5927ea542"},"headline":"Espacio Ciencia en la escuela infantil municipal Virolet","datePublished":"2018-06-13T14:26:10+00:00","dateModified":"2019-01-29T09:45:59+00:00","mainEntityOfPage":{"@id":"https:\/\/www.cavallcartro.cat\/es\/espacio-ciencia-escuela-virolet"},"wordCount":733,"publisher":{"@id":"https:\/\/www.cavallcartro.cat\/#organization"},"image":{"@id":"https:\/\/www.cavallcartro.cat\/es\/espacio-ciencia-escuela-virolet#primaryimage"},"thumbnailUrl":"https:\/\/www.cavallcartro.cat\/wp-content\/uploads\/2018\/06\/Espai-de-ci\u00e8ncia-a-Escola-bressol-Virolet-Badalona.jpg","keywords":["actividades","Badalona","Cavall de Cartr\u00f3","ciencia","descubrimientos","EBM","escuela infantil","escuelas infantiles municipales","espacios","experimentaci\u00f3n","materiales naturales","ni\u00f1as","ni\u00f1os","Virolet"],"articleSection":["Proyectos"],"inLanguage":"es"},{"@type":"WebPage","@id":"https:\/\/www.cavallcartro.cat\/es\/espacio-ciencia-escuela-virolet","url":"https:\/\/www.cavallcartro.cat\/es\/espacio-ciencia-escuela-virolet","name":"Espacio Ciencia en la escuela infantil municipal Virolet","isPartOf":{"@id":"https:\/\/www.cavallcartro.cat\/#website"},"primaryImageOfPage":{"@id":"https:\/\/www.cavallcartro.cat\/es\/espacio-ciencia-escuela-virolet#primaryimage"},"image":{"@id":"https:\/\/www.cavallcartro.cat\/es\/espacio-ciencia-escuela-virolet#primaryimage"},"thumbnailUrl":"https:\/\/www.cavallcartro.cat\/wp-content\/uploads\/2018\/06\/Espai-de-ci\u00e8ncia-a-Escola-bressol-Virolet-Badalona.jpg","datePublished":"2018-06-13T14:26:10+00:00","dateModified":"2019-01-29T09:45:59+00:00","description":"\u00bfC\u00f3mo nace el Espacio Ciencia en una escuela infantil municipal? \u00bfC\u00f3mo ayuda a los ni\u00f1os a ser curiosos y a experimentar?","breadcrumb":{"@id":"https:\/\/www.cavallcartro.cat\/es\/espacio-ciencia-escuela-virolet#breadcrumb"},"inLanguage":"es","potentialAction":[{"@type":"ReadAction","target":["https:\/\/www.cavallcartro.cat\/es\/espacio-ciencia-escuela-virolet"]}]},{"@type":"ImageObject","inLanguage":"es","@id":"https:\/\/www.cavallcartro.cat\/es\/espacio-ciencia-escuela-virolet#primaryimage","url":"https:\/\/www.cavallcartro.cat\/wp-content\/uploads\/2018\/06\/Espai-de-ci\u00e8ncia-a-Escola-bressol-Virolet-Badalona.jpg","contentUrl":"https:\/\/www.cavallcartro.cat\/wp-content\/uploads\/2018\/06\/Espai-de-ci\u00e8ncia-a-Escola-bressol-Virolet-Badalona.jpg","width":1200,"height":601,"caption":"Espai de ci\u00e8ncia a Escola bressol Virolet Badalona"},{"@type":"BreadcrumbList","@id":"https:\/\/www.cavallcartro.cat\/es\/espacio-ciencia-escuela-virolet#breadcrumb","itemListElement":[{"@type":"ListItem","position":1,"name":"Portada","item":"https:\/\/www.cavallcartro.cat\/es"},{"@type":"ListItem","position":2,"name":"Espacio Ciencia en la escuela infantil municipal Virolet"}]},{"@type":"WebSite","@id":"https:\/\/www.cavallcartro.cat\/#website","url":"https:\/\/www.cavallcartro.cat\/","name":"Cavall de Cartr\u00f3","description":"Gesti\u00f3 d&#039;escoles bressol i llars d&#039;infants municipals a Barcelona i tota Catalunya.","publisher":{"@id":"https:\/\/www.cavallcartro.cat\/#organization"},"potentialAction":[{"@type":"SearchAction","target":{"@type":"EntryPoint","urlTemplate":"https:\/\/www.cavallcartro.cat\/?s={search_term_string}"},"query-input":{"@type":"PropertyValueSpecification","valueRequired":true,"valueName":"search_term_string"}}],"inLanguage":"es"},{"@type":"Organization","@id":"https:\/\/www.cavallcartro.cat\/#organization","name":"Cavall de Cartr\u00f3","url":"https:\/\/www.cavallcartro.cat\/","logo":{"@type":"ImageObject","inLanguage":"es","@id":"https:\/\/www.cavallcartro.cat\/#\/schema\/logo\/image\/","url":"https:\/\/www.cavallcartro.cat\/wp-content\/uploads\/2020\/07\/Logo-Cavall-de-Cartr\u00f3-gesti\u00f3-escoles-bressol-i-menjadors-escolars-e1596129492304.png","contentUrl":"https:\/\/www.cavallcartro.cat\/wp-content\/uploads\/2020\/07\/Logo-Cavall-de-Cartr\u00f3-gesti\u00f3-escoles-bressol-i-menjadors-escolars-e1596129492304.png","width":528,"height":274,"caption":"Cavall de Cartr\u00f3"},"image":{"@id":"https:\/\/www.cavallcartro.cat\/#\/schema\/logo\/image\/"},"sameAs":["https:\/\/www.facebook.com\/cavallcartroedu","https:\/\/x.com\/cavallcartroedu","https:\/\/www.instagram.com\/cavallcartroedu\/","https:\/\/www.youtube.com\/@CavalldeCartro"]},{"@type":"Person","@id":"https:\/\/www.cavallcartro.cat\/#\/schema\/person\/6747bc1660e32d545ab2b8e5927ea542","name":"cgarcia","image":{"@type":"ImageObject","inLanguage":"es","@id":"https:\/\/secure.gravatar.com\/avatar\/469990a84f48a39e93ee0d8243415a74ba5692f608ea41afee8cae0e81f99f77?s=96&d=mm&r=g","url":"https:\/\/secure.gravatar.com\/avatar\/469990a84f48a39e93ee0d8243415a74ba5692f608ea41afee8cae0e81f99f77?s=96&d=mm&r=g","contentUrl":"https:\/\/secure.gravatar.com\/avatar\/469990a84f48a39e93ee0d8243415a74ba5692f608ea41afee8cae0e81f99f77?s=96&d=mm&r=g","caption":"cgarcia"},"url":"https:\/\/www.cavallcartro.cat\/es\/author\/cgarcia"}]}},"_links":{"self":[{"href":"https:\/\/www.cavallcartro.cat\/es\/wp-json\/wp\/v2\/posts\/3449","targetHints":{"allow":["GET"]}}],"collection":[{"href":"https:\/\/www.cavallcartro.cat\/es\/wp-json\/wp\/v2\/posts"}],"about":[{"href":"https:\/\/www.cavallcartro.cat\/es\/wp-json\/wp\/v2\/types\/post"}],"author":[{"embeddable":true,"href":"https:\/\/www.cavallcartro.cat\/es\/wp-json\/wp\/v2\/users\/1"}],"replies":[{"embeddable":true,"href":"https:\/\/www.cavallcartro.cat\/es\/wp-json\/wp\/v2\/comments?post=3449"}],"version-history":[{"count":8,"href":"https:\/\/www.cavallcartro.cat\/es\/wp-json\/wp\/v2\/posts\/3449\/revisions"}],"predecessor-version":[{"id":4192,"href":"https:\/\/www.cavallcartro.cat\/es\/wp-json\/wp\/v2\/posts\/3449\/revisions\/4192"}],"wp:featuredmedia":[{"embeddable":true,"href":"https:\/\/www.cavallcartro.cat\/es\/wp-json\/wp\/v2\/media\/3436"}],"wp:attachment":[{"href":"https:\/\/www.cavallcartro.cat\/es\/wp-json\/wp\/v2\/media?parent=3449"}],"wp:term":[{"taxonomy":"category","embeddable":true,"href":"https:\/\/www.cavallcartro.cat\/es\/wp-json\/wp\/v2\/categories?post=3449"},{"taxonomy":"post_tag","embeddable":true,"href":"https:\/\/www.cavallcartro.cat\/es\/wp-json\/wp\/v2\/tags?post=3449"}],"curies":[{"name":"wp","href":"https:\/\/api.w.org\/{rel}","templated":true}]}}