{"id":3377,"date":"2018-04-18T09:01:12","date_gmt":"2018-04-18T09:01:12","guid":{"rendered":"http:\/\/www.cavallcartro.cat?p=3377"},"modified":"2018-04-18T09:01:12","modified_gmt":"2018-04-18T09:01:12","slug":"fiesta-huerto-escuela-infantil-cargol","status":"publish","type":"post","link":"https:\/\/www.cavallcartro.cat\/es\/fiesta-huerto-escuela-infantil-cargol","title":{"rendered":"La Fiesta del Huerto en la escuela infantil municipal El Cargol"},"content":{"rendered":"<h3>Hemos celebrado la tradicional Fiesta del Huerto en la LLIM El Cargol de Sant Pere de Ribes.<\/h3>\n<p>Desde hace m\u00e1s de 4 a\u00f1os, coincidiendo con el inicio de la primavera, nos reunimos con las familias para\u00a0<strong>compartir y disfrutar del huerto de la escuela.<\/strong><\/p>\n<p>Este fin de semana hemos aprovechado que comienza la primavera y el buen tiempo para quedar todas y todos y ver\u00a0<strong>qu\u00e9 verduras tiene nuestro huerto<\/strong>, as\u00ed como para realizar una serie de actividades.<\/p>\n<p>Grandes y peque\u00f1os hemos disfrutado de varias propuestas:<\/p>\n<ul>\n<li>Representaci\u00f3n del cuento \u201cLa oruga goluda\u201d<\/li>\n<li>Taller de pintura con verduras<\/li>\n<li>Taller de plantaci\u00f3n de semillas<\/li>\n<li>Sorteo de paneras de productos de proximidad<\/li>\n<li>Y hemos finalizado la jornada con la explicaci\u00f3n del agricultor que nos cuida el huerto<\/li>\n<\/ul>\n<div id='gallery-1' class='gallery galleryid-3377 gallery-columns-4 gallery-size-full'><dl class='gallery-item'>\n\t\t\t<dt class='gallery-icon portrait'>\n\t\t\t\t<a title=\"Festa Hort - Llar infants municipal El Cargol Sant Pere de Ribes 5\" class=\"kidsworld_popup_gallery\" href='https:\/\/www.cavallcartro.cat\/wp-content\/uploads\/2018\/03\/Festa-Hort-Llar-infants-municipal-El-Cargol-Sant-Pere-de-Ribes-5.jpg'><img loading=\"lazy\" decoding=\"async\" width=\"380\" height=\"450\" src=\"https:\/\/www.cavallcartro.cat\/wp-content\/uploads\/2018\/03\/Festa-Hort-Llar-infants-municipal-El-Cargol-Sant-Pere-de-Ribes-5.jpg\" class=\"attachment-full size-full\" alt=\"Festa Hort - Llar infants municipal El Cargol Sant Pere de Ribes 5\" aria-describedby=\"gallery-1-3355\" srcset=\"https:\/\/www.cavallcartro.cat\/wp-content\/uploads\/2018\/03\/Festa-Hort-Llar-infants-municipal-El-Cargol-Sant-Pere-de-Ribes-5.jpg 380w, https:\/\/www.cavallcartro.cat\/wp-content\/uploads\/2018\/03\/Festa-Hort-Llar-infants-municipal-El-Cargol-Sant-Pere-de-Ribes-5-253x300.jpg 253w, https:\/\/www.cavallcartro.cat\/wp-content\/uploads\/2018\/03\/Festa-Hort-Llar-infants-municipal-El-Cargol-Sant-Pere-de-Ribes-5-100x118.jpg 100w\" sizes=\"auto, (max-width: 380px) 100vw, 380px\" \/><\/a>\n\t\t\t<\/dt>\n\t\t\t\t<dd class='wp-caption-text gallery-caption' id='gallery-1-3355'>\n\t\t\t\tFem transvassaments amb sorra\n\t\t\t\t<\/dd><\/dl><dl class='gallery-item'>\n\t\t\t<dt class='gallery-icon portrait'>\n\t\t\t\t<a title=\"Festa Hort - Llar infants municipal El Cargol Sant Pere de Ribes 4\" class=\"kidsworld_popup_gallery\" href='https:\/\/www.cavallcartro.cat\/wp-content\/uploads\/2018\/03\/Festa-Hort-Llar-infants-municipal-El-Cargol-Sant-Pere-de-Ribes-4.jpg'><img loading=\"lazy\" decoding=\"async\" width=\"380\" height=\"450\" src=\"https:\/\/www.cavallcartro.cat\/wp-content\/uploads\/2018\/03\/Festa-Hort-Llar-infants-municipal-El-Cargol-Sant-Pere-de-Ribes-4.jpg\" class=\"attachment-full size-full\" alt=\"Festa Hort - Llar infants municipal El Cargol Sant Pere de Ribes 4\" aria-describedby=\"gallery-1-3354\" srcset=\"https:\/\/www.cavallcartro.cat\/wp-content\/uploads\/2018\/03\/Festa-Hort-Llar-infants-municipal-El-Cargol-Sant-Pere-de-Ribes-4.jpg 380w, https:\/\/www.cavallcartro.cat\/wp-content\/uploads\/2018\/03\/Festa-Hort-Llar-infants-municipal-El-Cargol-Sant-Pere-de-Ribes-4-253x300.jpg 253w, https:\/\/www.cavallcartro.cat\/wp-content\/uploads\/2018\/03\/Festa-Hort-Llar-infants-municipal-El-Cargol-Sant-Pere-de-Ribes-4-100x118.jpg 100w\" sizes=\"auto, (max-width: 380px) 100vw, 380px\" \/><\/a>\n\t\t\t<\/dt>\n\t\t\t\t<dd class='wp-caption-text gallery-caption' id='gallery-1-3354'>\n\t\t\t\tEns expressem amb la pintura\n\t\t\t\t<\/dd><\/dl><dl class='gallery-item'>\n\t\t\t<dt class='gallery-icon portrait'>\n\t\t\t\t<a title=\"Festa Hort - Llar infants municipal El Cargol Sant Pere de Ribes 3\" class=\"kidsworld_popup_gallery\" href='https:\/\/www.cavallcartro.cat\/wp-content\/uploads\/2018\/03\/Festa-Hort-Llar-infants-municipal-El-Cargol-Sant-Pere-de-Ribes-3.jpg'><img loading=\"lazy\" decoding=\"async\" width=\"380\" height=\"450\" src=\"https:\/\/www.cavallcartro.cat\/wp-content\/uploads\/2018\/03\/Festa-Hort-Llar-infants-municipal-El-Cargol-Sant-Pere-de-Ribes-3.jpg\" class=\"attachment-full size-full\" alt=\"Festa Hort - Llar infants municipal El Cargol Sant Pere de Ribes 3\" aria-describedby=\"gallery-1-3353\" srcset=\"https:\/\/www.cavallcartro.cat\/wp-content\/uploads\/2018\/03\/Festa-Hort-Llar-infants-municipal-El-Cargol-Sant-Pere-de-Ribes-3.jpg 380w, https:\/\/www.cavallcartro.cat\/wp-content\/uploads\/2018\/03\/Festa-Hort-Llar-infants-municipal-El-Cargol-Sant-Pere-de-Ribes-3-253x300.jpg 253w, https:\/\/www.cavallcartro.cat\/wp-content\/uploads\/2018\/03\/Festa-Hort-Llar-infants-municipal-El-Cargol-Sant-Pere-de-Ribes-3-100x118.jpg 100w\" sizes=\"auto, (max-width: 380px) 100vw, 380px\" \/><\/a>\n\t\t\t<\/dt>\n\t\t\t\t<dd class='wp-caption-text gallery-caption' id='gallery-1-3353'>\n\t\t\t\tQu\u00e8 amaguen les beines?\n\t\t\t\t<\/dd><\/dl><dl class='gallery-item'>\n\t\t\t<dt class='gallery-icon portrait'>\n\t\t\t\t<a title=\"Festa Hort - Llar infants municipal El Cargol Sant Pere de Ribes\" class=\"kidsworld_popup_gallery\" href='https:\/\/www.cavallcartro.cat\/wp-content\/uploads\/2018\/03\/Festa-Hort-Llar-infants-municipal-El-Cargol-Sant-Pere-de-Ribes.jpg'><img loading=\"lazy\" decoding=\"async\" width=\"380\" height=\"450\" src=\"https:\/\/www.cavallcartro.cat\/wp-content\/uploads\/2018\/03\/Festa-Hort-Llar-infants-municipal-El-Cargol-Sant-Pere-de-Ribes.jpg\" class=\"attachment-full size-full\" alt=\"Festa Hort - Llar infants municipal El Cargol Sant Pere de Ribes\" aria-describedby=\"gallery-1-3352\" srcset=\"https:\/\/www.cavallcartro.cat\/wp-content\/uploads\/2018\/03\/Festa-Hort-Llar-infants-municipal-El-Cargol-Sant-Pere-de-Ribes.jpg 380w, https:\/\/www.cavallcartro.cat\/wp-content\/uploads\/2018\/03\/Festa-Hort-Llar-infants-municipal-El-Cargol-Sant-Pere-de-Ribes-253x300.jpg 253w, https:\/\/www.cavallcartro.cat\/wp-content\/uploads\/2018\/03\/Festa-Hort-Llar-infants-municipal-El-Cargol-Sant-Pere-de-Ribes-100x118.jpg 100w\" sizes=\"auto, (max-width: 380px) 100vw, 380px\" \/><\/a>\n\t\t\t<\/dt>\n\t\t\t\t<dd class='wp-caption-text gallery-caption' id='gallery-1-3352'>\n\t\t\t\tReguem l&#8217;hort\n\t\t\t\t<\/dd><\/dl><br style=\"clear: both\" \/>\n\t\t<\/div>\n\n<p>El pay\u00e9s nos explic\u00f3 cada uno de los alimentos que crecen en el huerto. Tambi\u00e9n pudimos ver algunas herramientas de trabajo. Y nos sorprendi\u00f3 detallando\u00a0<strong>qu\u00e9 alimentos se esconden dentro de las vainas<\/strong>\u00a0que hab\u00eda bajo aquellas tijas verdes, tan relucientes, que nos ten\u00edan a todas intrigadas, <strong>o bajo el suelo<\/strong>. Se esconden guisantes, habas, porros, cebollas&#8230;<\/p>\n<p>Padres, madres, abuelos, abuelas, hermanos grandes y peque\u00f1os, junto con el equipo educativo, seguimos\u00a0<strong>creando lazos alrededor de un almuerzo saludable<\/strong>\u00a0y aprendiendo de donde salen muchos de los alimentos que despu\u00e9s todas las familias utilizamos para elaborar nuestros platos favoritos.<\/p>\n<p>&nbsp;<\/p>\n<p  class=\"swmsc_alert_success_box swmsc_alert_boxes\" >Hacemos crecer hortalizas en el huerto escolar y aprendemos c\u00f3mo se hacen los alimentos de nuestros platos preferidos.<\/p>\n<p>&nbsp;<\/p>\n<div id='gallery-2' class='gallery galleryid-3377 gallery-columns-2 gallery-size-full'><dl class='gallery-item'>\n\t\t\t<dt class='gallery-icon landscape'>\n\t\t\t\t<a title=\"Festa Hort - Llar infants municipal El Cargol Sant Pere de Ribes 6\" class=\"kidsworld_popup_gallery\" href='https:\/\/www.cavallcartro.cat\/wp-content\/uploads\/2018\/03\/Festa-Hort-Llar-infants-municipal-El-Cargol-Sant-Pere-de-Ribes-6.jpg'><img loading=\"lazy\" decoding=\"async\" width=\"600\" height=\"450\" src=\"https:\/\/www.cavallcartro.cat\/wp-content\/uploads\/2018\/03\/Festa-Hort-Llar-infants-municipal-El-Cargol-Sant-Pere-de-Ribes-6.jpg\" class=\"attachment-full size-full\" alt=\"Festa Hort - Llar infants municipal El Cargol Sant Pere de Ribes 6\" aria-describedby=\"gallery-2-3358\" srcset=\"https:\/\/www.cavallcartro.cat\/wp-content\/uploads\/2018\/03\/Festa-Hort-Llar-infants-municipal-El-Cargol-Sant-Pere-de-Ribes-6.jpg 600w, https:\/\/www.cavallcartro.cat\/wp-content\/uploads\/2018\/03\/Festa-Hort-Llar-infants-municipal-El-Cargol-Sant-Pere-de-Ribes-6-300x225.jpg 300w, https:\/\/www.cavallcartro.cat\/wp-content\/uploads\/2018\/03\/Festa-Hort-Llar-infants-municipal-El-Cargol-Sant-Pere-de-Ribes-6-100x75.jpg 100w\" sizes=\"auto, (max-width: 600px) 100vw, 600px\" \/><\/a>\n\t\t\t<\/dt>\n\t\t\t\t<dd class='wp-caption-text gallery-caption' id='gallery-2-3358'>\n\t\t\t\tCistelles de proximitat\n\t\t\t\t<\/dd><\/dl><dl class='gallery-item'>\n\t\t\t<dt class='gallery-icon landscape'>\n\t\t\t\t<a title=\"Festa Hort - Llar infants municipal El Cargol Sant Pere de Ribes 2\" class=\"kidsworld_popup_gallery\" href='https:\/\/www.cavallcartro.cat\/wp-content\/uploads\/2018\/03\/Festa-Hort-Llar-infants-municipal-El-Cargol-Sant-Pere-de-Ribes-2.jpg'><img loading=\"lazy\" decoding=\"async\" width=\"600\" height=\"450\" src=\"https:\/\/www.cavallcartro.cat\/wp-content\/uploads\/2018\/03\/Festa-Hort-Llar-infants-municipal-El-Cargol-Sant-Pere-de-Ribes-2.jpg\" class=\"attachment-full size-full\" alt=\"Festa Hort - Llar infants municipal El Cargol Sant Pere de Ribes 2\" aria-describedby=\"gallery-2-3357\" srcset=\"https:\/\/www.cavallcartro.cat\/wp-content\/uploads\/2018\/03\/Festa-Hort-Llar-infants-municipal-El-Cargol-Sant-Pere-de-Ribes-2.jpg 600w, https:\/\/www.cavallcartro.cat\/wp-content\/uploads\/2018\/03\/Festa-Hort-Llar-infants-municipal-El-Cargol-Sant-Pere-de-Ribes-2-300x225.jpg 300w, https:\/\/www.cavallcartro.cat\/wp-content\/uploads\/2018\/03\/Festa-Hort-Llar-infants-municipal-El-Cargol-Sant-Pere-de-Ribes-2-100x75.jpg 100w\" sizes=\"auto, (max-width: 600px) 100vw, 600px\" \/><\/a>\n\t\t\t<\/dt>\n\t\t\t\t<dd class='wp-caption-text gallery-caption' id='gallery-2-3357'>\n\t\t\t\tCada educadora presenta un fruit de l&#8217;hort\n\t\t\t\t<\/dd><\/dl><br style=\"clear: both\" \/>\n\t\t<\/div>\n\n<p>&nbsp;<\/p>\n<p><strong>Laia Bartra<\/strong><\/p>\n<p><strong>Directora LLIM El Cargol, Ajuntament de Sant Pere de Ribes<\/strong><\/p>\n<p><strong>Marzo de 2018<\/strong><\/p>\n<div  class=\"swmsc_horizontal_line\" style=\"padding-top:80px;padding-bottom:80px;\">\n                        <span class=\"swmsc_horizontal_line_h_line\" style=\"border-color:#99d01b;\"><\/span><span class=\"swmsc_horizontal_line_icon\"><i class=\"fa fa-compass\" style=\"color:#99d01b;\"><\/i><\/span>\n                    <div class=\"clear\"><\/div>\n                    <\/div>\n<p><iframe loading=\"lazy\" style=\"overflow: hidden; width: 1200px; height: 258px;\" src=\"\/\/www.facebook.com\/plugins\/likebox.php?href=http%3A%2F%2Fwww.facebook.com%2F354052831640272&amp;width=1200&amp;height=258&amp;show_faces=true&amp;colorscheme=light&amp;stream=false&amp;border_color=%23FFF&amp;header=false\" width=\"1200\" height=\"240\" frameborder=\"0\" scrolling=\"no\"><\/iframe><\/p>\n","protected":false},"excerpt":{"rendered":"<p>Hemos celebrado la tradicional Fiesta del Huerto en la LLIM El Cargol de Sant Pere de Ribes. Desde hace m\u00e1s de 4 a\u00f1os, coincidiendo con el inicio de la primavera, nos reunimos con las familias para disfrutar del huerto escolar.<\/p>\n","protected":false},"author":1,"featured_media":6297,"comment_status":"closed","ping_status":"closed","sticky":false,"template":"","format":"standard","meta":{"footnotes":""},"categories":[88],"tags":[283,377,228,232,233,444,375,288,456,460],"class_list":["post-3377","post","type-post","status-publish","format-standard","has-post-thumbnail","hentry","category-proyectos","tag-alimentacion","tag-alimentos-saludables","tag-cavall-de-cartro-es","tag-escuelas-infantiles","tag-escuelas-infantiles-municipales","tag-familias","tag-garraf-es","tag-hortalizas","tag-primavera-es","tag-sant-pere-de-ribes-es"],"yoast_head":"<!-- This site is optimized with the Yoast SEO plugin v27.5 - https:\/\/yoast.com\/product\/yoast-seo-wordpress\/ -->\n<title>La Fiesta del Huerto en la escuela infantil municipal El Cargol<\/title>\n<meta name=\"description\" content=\"Fiesta del Huerto en la LLIM El Cargol de Sant Pere de Ribes. Desde hace 4 a\u00f1os nos reunimos con las familias para disfrutar del huerto escolar.\" \/>\n<meta name=\"robots\" content=\"index, follow, max-snippet:-1, max-image-preview:large, max-video-preview:-1\" \/>\n<link rel=\"canonical\" href=\"https:\/\/www.cavallcartro.cat\/es\/fiesta-huerto-escuela-infantil-cargol\" \/>\n<meta property=\"og:locale\" content=\"es_ES\" \/>\n<meta property=\"og:type\" content=\"article\" \/>\n<meta property=\"og:title\" content=\"La Fiesta del Huerto en la escuela infantil municipal El Cargol\" \/>\n<meta property=\"og:description\" content=\"Fiesta del Huerto en la LLIM El Cargol de Sant Pere de Ribes. Desde hace 4 a\u00f1os nos reunimos con las familias para disfrutar del huerto escolar.\" \/>\n<meta property=\"og:url\" content=\"https:\/\/www.cavallcartro.cat\/es\/fiesta-huerto-escuela-infantil-cargol\" \/>\n<meta property=\"og:site_name\" content=\"Cavall de Cartr\u00f3 - Serveis Educatius\" \/>\n<meta property=\"article:publisher\" content=\"https:\/\/www.facebook.com\/cavallcartroedu\" \/>\n<meta property=\"article:published_time\" content=\"2018-04-18T09:01:12+00:00\" \/>\n<meta property=\"og:image\" content=\"https:\/\/www.cavallcartro.cat\/wp-content\/uploads\/2018\/03\/La-Festa-de-lHort-a-la-llar-dinfants-municipal-El-Cargol.jpg\" \/>\n\t<meta property=\"og:image:width\" content=\"1200\" \/>\n\t<meta property=\"og:image:height\" content=\"600\" \/>\n\t<meta property=\"og:image:type\" content=\"image\/jpeg\" \/>\n<meta name=\"author\" content=\"cgarcia\" \/>\n<meta name=\"twitter:card\" content=\"summary_large_image\" \/>\n<meta name=\"twitter:creator\" content=\"@cavallcartroedu\" \/>\n<meta name=\"twitter:site\" content=\"@cavallcartroedu\" \/>\n<meta name=\"twitter:label1\" content=\"Escrito por\" \/>\n\t<meta name=\"twitter:data1\" content=\"cgarcia\" \/>\n\t<meta name=\"twitter:label2\" content=\"Tiempo de lectura\" \/>\n\t<meta name=\"twitter:data2\" content=\"2 minutos\" \/>\n<script type=\"application\/ld+json\" class=\"yoast-schema-graph\">{\"@context\":\"https:\\\/\\\/schema.org\",\"@graph\":[{\"@type\":\"Article\",\"@id\":\"https:\\\/\\\/www.cavallcartro.cat\\\/es\\\/fiesta-huerto-escuela-infantil-cargol#article\",\"isPartOf\":{\"@id\":\"https:\\\/\\\/www.cavallcartro.cat\\\/es\\\/fiesta-huerto-escuela-infantil-cargol\"},\"author\":{\"name\":\"cgarcia\",\"@id\":\"https:\\\/\\\/www.cavallcartro.cat\\\/#\\\/schema\\\/person\\\/6747bc1660e32d545ab2b8e5927ea542\"},\"headline\":\"La Fiesta del Huerto en la escuela infantil municipal El Cargol\",\"datePublished\":\"2018-04-18T09:01:12+00:00\",\"mainEntityOfPage\":{\"@id\":\"https:\\\/\\\/www.cavallcartro.cat\\\/es\\\/fiesta-huerto-escuela-infantil-cargol\"},\"wordCount\":321,\"publisher\":{\"@id\":\"https:\\\/\\\/www.cavallcartro.cat\\\/#organization\"},\"image\":{\"@id\":\"https:\\\/\\\/www.cavallcartro.cat\\\/es\\\/fiesta-huerto-escuela-infantil-cargol#primaryimage\"},\"thumbnailUrl\":\"https:\\\/\\\/www.cavallcartro.cat\\\/wp-content\\\/uploads\\\/2018\\\/03\\\/La-Festa-de-lHort-a-la-llar-dinfants-municipal-El-Cargol.jpg\",\"keywords\":[\"alimentaci\u00f3n\",\"alimentos saludables\",\"Cavall de Cartr\u00f3\",\"escuelas infantiles\",\"escuelas infantiles municipales\",\"familias\",\"Garraf\",\"hortalizas\",\"primavera\",\"Sant Pere de Ribes\"],\"articleSection\":[\"Proyectos\"],\"inLanguage\":\"es\"},{\"@type\":\"WebPage\",\"@id\":\"https:\\\/\\\/www.cavallcartro.cat\\\/es\\\/fiesta-huerto-escuela-infantil-cargol\",\"url\":\"https:\\\/\\\/www.cavallcartro.cat\\\/es\\\/fiesta-huerto-escuela-infantil-cargol\",\"name\":\"La Fiesta del Huerto en la escuela infantil municipal El Cargol\",\"isPartOf\":{\"@id\":\"https:\\\/\\\/www.cavallcartro.cat\\\/#website\"},\"primaryImageOfPage\":{\"@id\":\"https:\\\/\\\/www.cavallcartro.cat\\\/es\\\/fiesta-huerto-escuela-infantil-cargol#primaryimage\"},\"image\":{\"@id\":\"https:\\\/\\\/www.cavallcartro.cat\\\/es\\\/fiesta-huerto-escuela-infantil-cargol#primaryimage\"},\"thumbnailUrl\":\"https:\\\/\\\/www.cavallcartro.cat\\\/wp-content\\\/uploads\\\/2018\\\/03\\\/La-Festa-de-lHort-a-la-llar-dinfants-municipal-El-Cargol.jpg\",\"datePublished\":\"2018-04-18T09:01:12+00:00\",\"description\":\"Fiesta del Huerto en la LLIM El Cargol de Sant Pere de Ribes. Desde hace 4 a\u00f1os nos reunimos con las familias para disfrutar del huerto escolar.\",\"breadcrumb\":{\"@id\":\"https:\\\/\\\/www.cavallcartro.cat\\\/es\\\/fiesta-huerto-escuela-infantil-cargol#breadcrumb\"},\"inLanguage\":\"es\",\"potentialAction\":[{\"@type\":\"ReadAction\",\"target\":[\"https:\\\/\\\/www.cavallcartro.cat\\\/es\\\/fiesta-huerto-escuela-infantil-cargol\"]}]},{\"@type\":\"ImageObject\",\"inLanguage\":\"es\",\"@id\":\"https:\\\/\\\/www.cavallcartro.cat\\\/es\\\/fiesta-huerto-escuela-infantil-cargol#primaryimage\",\"url\":\"https:\\\/\\\/www.cavallcartro.cat\\\/wp-content\\\/uploads\\\/2018\\\/03\\\/La-Festa-de-lHort-a-la-llar-dinfants-municipal-El-Cargol.jpg\",\"contentUrl\":\"https:\\\/\\\/www.cavallcartro.cat\\\/wp-content\\\/uploads\\\/2018\\\/03\\\/La-Festa-de-lHort-a-la-llar-dinfants-municipal-El-Cargol.jpg\",\"width\":1200,\"height\":600,\"caption\":\"La Festa de l\u2019Hort a la llar d\u2019infants municipal El Cargol\"},{\"@type\":\"BreadcrumbList\",\"@id\":\"https:\\\/\\\/www.cavallcartro.cat\\\/es\\\/fiesta-huerto-escuela-infantil-cargol#breadcrumb\",\"itemListElement\":[{\"@type\":\"ListItem\",\"position\":1,\"name\":\"Portada\",\"item\":\"https:\\\/\\\/www.cavallcartro.cat\\\/es\"},{\"@type\":\"ListItem\",\"position\":2,\"name\":\"La Fiesta del Huerto en la escuela infantil municipal El Cargol\"}]},{\"@type\":\"WebSite\",\"@id\":\"https:\\\/\\\/www.cavallcartro.cat\\\/#website\",\"url\":\"https:\\\/\\\/www.cavallcartro.cat\\\/\",\"name\":\"Cavall de Cartr\u00f3\",\"description\":\"Gesti\u00f3 d&#039;escoles bressol i llars d&#039;infants municipals a Barcelona i tota Catalunya.\",\"publisher\":{\"@id\":\"https:\\\/\\\/www.cavallcartro.cat\\\/#organization\"},\"potentialAction\":[{\"@type\":\"SearchAction\",\"target\":{\"@type\":\"EntryPoint\",\"urlTemplate\":\"https:\\\/\\\/www.cavallcartro.cat\\\/?s={search_term_string}\"},\"query-input\":{\"@type\":\"PropertyValueSpecification\",\"valueRequired\":true,\"valueName\":\"search_term_string\"}}],\"inLanguage\":\"es\"},{\"@type\":\"Organization\",\"@id\":\"https:\\\/\\\/www.cavallcartro.cat\\\/#organization\",\"name\":\"Cavall de Cartr\u00f3\",\"url\":\"https:\\\/\\\/www.cavallcartro.cat\\\/\",\"logo\":{\"@type\":\"ImageObject\",\"inLanguage\":\"es\",\"@id\":\"https:\\\/\\\/www.cavallcartro.cat\\\/#\\\/schema\\\/logo\\\/image\\\/\",\"url\":\"https:\\\/\\\/www.cavallcartro.cat\\\/wp-content\\\/uploads\\\/2020\\\/07\\\/Logo-Cavall-de-Cartr\u00f3-gesti\u00f3-escoles-bressol-i-menjadors-escolars-e1596129492304.png\",\"contentUrl\":\"https:\\\/\\\/www.cavallcartro.cat\\\/wp-content\\\/uploads\\\/2020\\\/07\\\/Logo-Cavall-de-Cartr\u00f3-gesti\u00f3-escoles-bressol-i-menjadors-escolars-e1596129492304.png\",\"width\":528,\"height\":274,\"caption\":\"Cavall de Cartr\u00f3\"},\"image\":{\"@id\":\"https:\\\/\\\/www.cavallcartro.cat\\\/#\\\/schema\\\/logo\\\/image\\\/\"},\"sameAs\":[\"https:\\\/\\\/www.facebook.com\\\/cavallcartroedu\",\"https:\\\/\\\/x.com\\\/cavallcartroedu\",\"https:\\\/\\\/www.instagram.com\\\/cavallcartroedu\\\/\",\"https:\\\/\\\/www.youtube.com\\\/@CavalldeCartro\"]},{\"@type\":\"Person\",\"@id\":\"https:\\\/\\\/www.cavallcartro.cat\\\/#\\\/schema\\\/person\\\/6747bc1660e32d545ab2b8e5927ea542\",\"name\":\"cgarcia\",\"image\":{\"@type\":\"ImageObject\",\"inLanguage\":\"es\",\"@id\":\"https:\\\/\\\/secure.gravatar.com\\\/avatar\\\/469990a84f48a39e93ee0d8243415a74ba5692f608ea41afee8cae0e81f99f77?s=96&d=mm&r=g\",\"url\":\"https:\\\/\\\/secure.gravatar.com\\\/avatar\\\/469990a84f48a39e93ee0d8243415a74ba5692f608ea41afee8cae0e81f99f77?s=96&d=mm&r=g\",\"contentUrl\":\"https:\\\/\\\/secure.gravatar.com\\\/avatar\\\/469990a84f48a39e93ee0d8243415a74ba5692f608ea41afee8cae0e81f99f77?s=96&d=mm&r=g\",\"caption\":\"cgarcia\"},\"url\":\"https:\\\/\\\/www.cavallcartro.cat\\\/es\\\/author\\\/cgarcia\"}]}<\/script>\n<!-- \/ Yoast SEO plugin. -->","yoast_head_json":{"title":"La Fiesta del Huerto en la escuela infantil municipal El Cargol","description":"Fiesta del Huerto en la LLIM El Cargol de Sant Pere de Ribes. Desde hace 4 a\u00f1os nos reunimos con las familias para disfrutar del huerto escolar.","robots":{"index":"index","follow":"follow","max-snippet":"max-snippet:-1","max-image-preview":"max-image-preview:large","max-video-preview":"max-video-preview:-1"},"canonical":"https:\/\/www.cavallcartro.cat\/es\/fiesta-huerto-escuela-infantil-cargol","og_locale":"es_ES","og_type":"article","og_title":"La Fiesta del Huerto en la escuela infantil municipal El Cargol","og_description":"Fiesta del Huerto en la LLIM El Cargol de Sant Pere de Ribes. Desde hace 4 a\u00f1os nos reunimos con las familias para disfrutar del huerto escolar.","og_url":"https:\/\/www.cavallcartro.cat\/es\/fiesta-huerto-escuela-infantil-cargol","og_site_name":"Cavall de Cartr\u00f3 - Serveis Educatius","article_publisher":"https:\/\/www.facebook.com\/cavallcartroedu","article_published_time":"2018-04-18T09:01:12+00:00","og_image":[{"width":1200,"height":600,"url":"https:\/\/www.cavallcartro.cat\/wp-content\/uploads\/2018\/03\/La-Festa-de-lHort-a-la-llar-dinfants-municipal-El-Cargol.jpg","type":"image\/jpeg"}],"author":"cgarcia","twitter_card":"summary_large_image","twitter_creator":"@cavallcartroedu","twitter_site":"@cavallcartroedu","twitter_misc":{"Escrito por":"cgarcia","Tiempo de lectura":"2 minutos"},"schema":{"@context":"https:\/\/schema.org","@graph":[{"@type":"Article","@id":"https:\/\/www.cavallcartro.cat\/es\/fiesta-huerto-escuela-infantil-cargol#article","isPartOf":{"@id":"https:\/\/www.cavallcartro.cat\/es\/fiesta-huerto-escuela-infantil-cargol"},"author":{"name":"cgarcia","@id":"https:\/\/www.cavallcartro.cat\/#\/schema\/person\/6747bc1660e32d545ab2b8e5927ea542"},"headline":"La Fiesta del Huerto en la escuela infantil municipal El Cargol","datePublished":"2018-04-18T09:01:12+00:00","mainEntityOfPage":{"@id":"https:\/\/www.cavallcartro.cat\/es\/fiesta-huerto-escuela-infantil-cargol"},"wordCount":321,"publisher":{"@id":"https:\/\/www.cavallcartro.cat\/#organization"},"image":{"@id":"https:\/\/www.cavallcartro.cat\/es\/fiesta-huerto-escuela-infantil-cargol#primaryimage"},"thumbnailUrl":"https:\/\/www.cavallcartro.cat\/wp-content\/uploads\/2018\/03\/La-Festa-de-lHort-a-la-llar-dinfants-municipal-El-Cargol.jpg","keywords":["alimentaci\u00f3n","alimentos saludables","Cavall de Cartr\u00f3","escuelas infantiles","escuelas infantiles municipales","familias","Garraf","hortalizas","primavera","Sant Pere de Ribes"],"articleSection":["Proyectos"],"inLanguage":"es"},{"@type":"WebPage","@id":"https:\/\/www.cavallcartro.cat\/es\/fiesta-huerto-escuela-infantil-cargol","url":"https:\/\/www.cavallcartro.cat\/es\/fiesta-huerto-escuela-infantil-cargol","name":"La Fiesta del Huerto en la escuela infantil municipal El Cargol","isPartOf":{"@id":"https:\/\/www.cavallcartro.cat\/#website"},"primaryImageOfPage":{"@id":"https:\/\/www.cavallcartro.cat\/es\/fiesta-huerto-escuela-infantil-cargol#primaryimage"},"image":{"@id":"https:\/\/www.cavallcartro.cat\/es\/fiesta-huerto-escuela-infantil-cargol#primaryimage"},"thumbnailUrl":"https:\/\/www.cavallcartro.cat\/wp-content\/uploads\/2018\/03\/La-Festa-de-lHort-a-la-llar-dinfants-municipal-El-Cargol.jpg","datePublished":"2018-04-18T09:01:12+00:00","description":"Fiesta del Huerto en la LLIM El Cargol de Sant Pere de Ribes. Desde hace 4 a\u00f1os nos reunimos con las familias para disfrutar del huerto escolar.","breadcrumb":{"@id":"https:\/\/www.cavallcartro.cat\/es\/fiesta-huerto-escuela-infantil-cargol#breadcrumb"},"inLanguage":"es","potentialAction":[{"@type":"ReadAction","target":["https:\/\/www.cavallcartro.cat\/es\/fiesta-huerto-escuela-infantil-cargol"]}]},{"@type":"ImageObject","inLanguage":"es","@id":"https:\/\/www.cavallcartro.cat\/es\/fiesta-huerto-escuela-infantil-cargol#primaryimage","url":"https:\/\/www.cavallcartro.cat\/wp-content\/uploads\/2018\/03\/La-Festa-de-lHort-a-la-llar-dinfants-municipal-El-Cargol.jpg","contentUrl":"https:\/\/www.cavallcartro.cat\/wp-content\/uploads\/2018\/03\/La-Festa-de-lHort-a-la-llar-dinfants-municipal-El-Cargol.jpg","width":1200,"height":600,"caption":"La Festa de l\u2019Hort a la llar d\u2019infants municipal El Cargol"},{"@type":"BreadcrumbList","@id":"https:\/\/www.cavallcartro.cat\/es\/fiesta-huerto-escuela-infantil-cargol#breadcrumb","itemListElement":[{"@type":"ListItem","position":1,"name":"Portada","item":"https:\/\/www.cavallcartro.cat\/es"},{"@type":"ListItem","position":2,"name":"La Fiesta del Huerto en la escuela infantil municipal El Cargol"}]},{"@type":"WebSite","@id":"https:\/\/www.cavallcartro.cat\/#website","url":"https:\/\/www.cavallcartro.cat\/","name":"Cavall de Cartr\u00f3","description":"Gesti\u00f3 d&#039;escoles bressol i llars d&#039;infants municipals a Barcelona i tota Catalunya.","publisher":{"@id":"https:\/\/www.cavallcartro.cat\/#organization"},"potentialAction":[{"@type":"SearchAction","target":{"@type":"EntryPoint","urlTemplate":"https:\/\/www.cavallcartro.cat\/?s={search_term_string}"},"query-input":{"@type":"PropertyValueSpecification","valueRequired":true,"valueName":"search_term_string"}}],"inLanguage":"es"},{"@type":"Organization","@id":"https:\/\/www.cavallcartro.cat\/#organization","name":"Cavall de Cartr\u00f3","url":"https:\/\/www.cavallcartro.cat\/","logo":{"@type":"ImageObject","inLanguage":"es","@id":"https:\/\/www.cavallcartro.cat\/#\/schema\/logo\/image\/","url":"https:\/\/www.cavallcartro.cat\/wp-content\/uploads\/2020\/07\/Logo-Cavall-de-Cartr\u00f3-gesti\u00f3-escoles-bressol-i-menjadors-escolars-e1596129492304.png","contentUrl":"https:\/\/www.cavallcartro.cat\/wp-content\/uploads\/2020\/07\/Logo-Cavall-de-Cartr\u00f3-gesti\u00f3-escoles-bressol-i-menjadors-escolars-e1596129492304.png","width":528,"height":274,"caption":"Cavall de Cartr\u00f3"},"image":{"@id":"https:\/\/www.cavallcartro.cat\/#\/schema\/logo\/image\/"},"sameAs":["https:\/\/www.facebook.com\/cavallcartroedu","https:\/\/x.com\/cavallcartroedu","https:\/\/www.instagram.com\/cavallcartroedu\/","https:\/\/www.youtube.com\/@CavalldeCartro"]},{"@type":"Person","@id":"https:\/\/www.cavallcartro.cat\/#\/schema\/person\/6747bc1660e32d545ab2b8e5927ea542","name":"cgarcia","image":{"@type":"ImageObject","inLanguage":"es","@id":"https:\/\/secure.gravatar.com\/avatar\/469990a84f48a39e93ee0d8243415a74ba5692f608ea41afee8cae0e81f99f77?s=96&d=mm&r=g","url":"https:\/\/secure.gravatar.com\/avatar\/469990a84f48a39e93ee0d8243415a74ba5692f608ea41afee8cae0e81f99f77?s=96&d=mm&r=g","contentUrl":"https:\/\/secure.gravatar.com\/avatar\/469990a84f48a39e93ee0d8243415a74ba5692f608ea41afee8cae0e81f99f77?s=96&d=mm&r=g","caption":"cgarcia"},"url":"https:\/\/www.cavallcartro.cat\/es\/author\/cgarcia"}]}},"_links":{"self":[{"href":"https:\/\/www.cavallcartro.cat\/es\/wp-json\/wp\/v2\/posts\/3377","targetHints":{"allow":["GET"]}}],"collection":[{"href":"https:\/\/www.cavallcartro.cat\/es\/wp-json\/wp\/v2\/posts"}],"about":[{"href":"https:\/\/www.cavallcartro.cat\/es\/wp-json\/wp\/v2\/types\/post"}],"author":[{"embeddable":true,"href":"https:\/\/www.cavallcartro.cat\/es\/wp-json\/wp\/v2\/users\/1"}],"replies":[{"embeddable":true,"href":"https:\/\/www.cavallcartro.cat\/es\/wp-json\/wp\/v2\/comments?post=3377"}],"version-history":[{"count":1,"href":"https:\/\/www.cavallcartro.cat\/es\/wp-json\/wp\/v2\/posts\/3377\/revisions"}],"predecessor-version":[{"id":3378,"href":"https:\/\/www.cavallcartro.cat\/es\/wp-json\/wp\/v2\/posts\/3377\/revisions\/3378"}],"wp:featuredmedia":[{"embeddable":true,"href":"https:\/\/www.cavallcartro.cat\/es\/wp-json\/wp\/v2\/media\/6297"}],"wp:attachment":[{"href":"https:\/\/www.cavallcartro.cat\/es\/wp-json\/wp\/v2\/media?parent=3377"}],"wp:term":[{"taxonomy":"category","embeddable":true,"href":"https:\/\/www.cavallcartro.cat\/es\/wp-json\/wp\/v2\/categories?post=3377"},{"taxonomy":"post_tag","embeddable":true,"href":"https:\/\/www.cavallcartro.cat\/es\/wp-json\/wp\/v2\/tags?post=3377"}],"curies":[{"name":"wp","href":"https:\/\/api.w.org\/{rel}","templated":true}]}}