{"id":3346,"date":"2018-03-07T12:24:29","date_gmt":"2018-03-07T12:24:29","guid":{"rendered":"http:\/\/www.cavallcartro.cat?p=3346"},"modified":"2018-03-07T12:24:29","modified_gmt":"2018-03-07T12:24:29","slug":"escoger-la-escuela-mas-adecuada-hijos","status":"publish","type":"post","link":"https:\/\/www.cavallcartro.cat\/es\/escoger-la-escuela-mas-adecuada-hijos","title":{"rendered":"\u00bfC\u00f3mo escoger la escuela m\u00e1s adecuada para nuestros hijos?"},"content":{"rendered":"<h3>Es una decisi\u00f3n importante: c\u00f3mo elegir la escuela m\u00e1s adecuada para nuestros hijos e hijas. Escuchamos los consejos de Ruth Marrugat, psic\u00f3loga infantil.<\/h3>\n<p>Quiz\u00e1s una de las decisiones m\u00e1s importantes que los padres y madres tendremos que tomar ser\u00e1 <strong>qu\u00e9 escuela escoger<\/strong>. Transcurridas las jornadas de puertas abiertas de las diferentes escuelas del municipio, deberemos decidir cu\u00e1l es la mejor opci\u00f3n.<\/p>\n<p>Elegir un colegio para nuestro hijo o hija es un paso significativo. Supone un cambio del funcionamiento de la guarder\u00eda a P3; o bien, de estar en casa con la familia a separarse por primera vez y asistir a un centro educativo.<\/p>\n<p>En la nueva escuela, nuestros hijos ir\u00e1n de los 3 a los 12 a\u00f1os y por tanto, como m\u00ednimo, <strong>pasar\u00e1n el resto de su infancia<\/strong>. As\u00ed pues, para escoger la escuela lo primero que hay que hacer es reflexionar sobre algunos aspectos:<\/p>\n<ul>\n<li><span style=\"color: #99d01b;\"><strong>\u00bfC\u00f3mo es nuestro hijo o hija?<\/strong><\/span><\/li>\n<\/ul>\n<p>\u00bfQu\u00e9 cosas le gustan, es m\u00e1s bien juguet\u00f3n y necesita moverse o le gusta m\u00e1s hacer actividades pausadas? \u00bfDe qu\u00e9 manera aprende las cosas? (Jugando, observando, experimentando&#8230;) \u00bfQu\u00e9 puntos fuertes tiene y cu\u00e1les son sus puntos d\u00e9biles&#8230;?<\/p>\n<ul>\n<li><span style=\"color: #99d01b;\"><strong>\u00bfC\u00f3mo somos nosotros?<\/strong><\/span><\/li>\n<\/ul>\n<p>\u00bfQu\u00e9 ideas tenemos sobre la educaci\u00f3n? \u00bfSomos religiosos o no? \u00bfNos gusta participar en las actividades escolares? \u00bfTenemos informaci\u00f3n sobre las diversas l\u00edneas pedag\u00f3gicas que se aplican actualmente (tradicional, religiosa, innovadora&#8230;)? \u00bfTrabajamos? \u00bfQu\u00e9 horarios tenemos?<\/p>\n<ul>\n<li><span style=\"color: #99d01b;\"><strong>\u00bfC\u00f3mo es nuestra familia?<\/strong><\/span><\/li>\n<\/ul>\n<p>\u00bfQu\u00e9 tipo de familia somos? \u00bfHay otros hermanos m\u00e1s grandes o m\u00e1s peque\u00f1os? \u00bfTenemos apoyo familiar, abuelos, t\u00edos y t\u00edas&#8230;? \u00bfViven cerca?<\/p>\n<p>&nbsp;<\/p>\n<p  class=\"swmsc_alert_success_box swmsc_alert_boxes\" > \u00bfC\u00f3mo es nuestro hijo o hija, c\u00f3mo somos nosotros y c\u00f3mo es nuestra familia? Tambi\u00e9n condiciona qu\u00e9 escuela nos es m\u00e1s acertada.<\/p>\n<div  class=\"swmsc_horizontal_line\" style=\"padding-top:80px;padding-bottom:80px;\">\n                        <span class=\"swmsc_horizontal_line_h_line\" style=\"border-color:#99d01b;\"><\/span><span class=\"swmsc_horizontal_line_icon\"><i class=\"fa fa-compass\" style=\"color:#99d01b;\"><\/i><\/span>\n                    <div class=\"clear\"><\/div>\n                    <\/div>\n<p>Una vez hemos podido reflexionar sobre estos aspectos, ya podemos estar un poco m\u00e1s orientados. Para acabar de decidirnos, os presentamos algunas recomendaciones que pueden ser de ayuda:<\/p>\n<ul>\n<li style=\"list-style-type: none;\">\n<ul>\n<Li> Debemos conocer bien la manera de trabajar de cada escuela, por tanto <strong>hay que conocer su proyecto educativo<\/strong>. Es importante que este sea coherente en nuestra manera de entender la educaci\u00f3n, en nuestros valores y nuestras preferencias pedag\u00f3gicas. <\/Li><br \/>\n <Li> Es importante ir a las jornadas de puertas abiertas de las diferentes escuelas que puedan ser de nuestro inter\u00e9s&#8230; o de nuestra zona. <Strong>Hay que informarse del proceso de asignaci\u00f3n de plazas<\/strong> y de las fechas de matriculaci\u00f3n de cada centro. <\/Li><br \/>\n <Li> Si es posible, <strong>hay que visitar la escuela en funcionamiento<\/strong>. Conocer las actividades que hacen, los profesionales que se relacionar\u00e1n diariamente con nuestro hijo o hija, el n\u00famero de alumnos por aula, las din\u00e1micas diarias dentro de la escuela (h\u00e1bitos, rincones, trabajo por proyectos, fichas&#8230;), el uso de las instalaciones y la relaci\u00f3n familia-escuela&#8230; Es recomendable consultar las webs de las diferentes escuelas.<\/ li><br \/>\n <Li> Es importante tambi\u00e9n <strong>valorar la parte pr\u00e1ctica del d\u00eda a d\u00eda<\/strong> y la forma en que acudiremos a la escuela; \u00bfpodemos ir a pie, necesitamos el coche o bien hay transporte escolar? \u00bfCu\u00e1nto tiempo hay de casa a la escuela? Si alg\u00fan d\u00eda no podemos recoger nuestro hijo, \u00bftenemos alguna alternativa? Tener la escuela cerca de casa puede facilitar mucho nuestro d\u00eda a d\u00eda, as\u00ed como la relaci\u00f3n de nuestro hijo con sus amigos y compa\u00f1eros.<\/Li><br \/>\n <Li> Hay que pensar si los horarios de la escuela se ajustan a nuestras necesidades familiares y tambi\u00e9n valorar si son adecuados por nuestros hijo. Por lo tanto, <strong>debemos considerar si hay servicio de acogida, de comedor o la posibilidad de realizar alguna actividad extraescolar<\/strong>. <\/Li><br \/>\n <Li> Debemos tambi\u00e9n <strong>informarnos del funcionamiento del comedor escolar<\/strong>, en caso de que necesitemos usarlo; y por tanto tambi\u00e9n valorar si es coherente con nuestras convicciones y si sigue un estilo de alimentaci\u00f3n saludable. <\/li>\n<p> <Li> La parte econ\u00f3mica es tambi\u00e9n importante: <strong>qu\u00e9 gastos nos supondr\u00e1<\/strong> llevar nuestro ni\u00f1o a una determinada escuela (si es p\u00fablica, privada o concertada, el importe de la acogida, del comedor escolar y de las extraescolares, el transporte&#8230;) <\/li>\n<p> <Li> Por \u00faltimo, si nuestro hijo tiene alguna dificultad, <strong>debemos contactar previamente con el EAP<\/strong> (Equipo de Asesoramiento y orientaci\u00f3n Psicopedag\u00f3gica) de la zona. <\/ Li>\n<\/ul>\n<\/li>\n<\/ul>\n<p>&nbsp;<\/p>\n<p  class=\"swmsc_alert_success_box swmsc_alert_boxes\" > El proyecto educativo, el d\u00eda a d\u00eda de nuestras rutinas, el transporte, el servicio de comedor, las actividades extraescolares, los gastos&#8230; Todo debemos valorarlo.<\/p>\n<div  class=\"swmsc_horizontal_line\" style=\"padding-top:80px;padding-bottom:80px;\">\n                        <span class=\"swmsc_horizontal_line_h_line\" style=\"border-color:#99d01b;\"><\/span><span class=\"swmsc_horizontal_line_icon\"><i class=\"fa fa-compass\" style=\"color:#99d01b;\"><\/i><\/span>\n                    <div class=\"clear\"><\/div>\n                    <\/div>\n<p>Otro aspecto relevante a la hora de escoger la escuela es el tipo. A menudo esto est\u00e1 directamente relacionado con el <strong>proyecto educativo de cada centro<\/strong>, con el funcionamiento diario de la escuela y con la visi\u00f3n sobre c\u00f3mo aprender\u00e1n los alumnos.<\/p>\n<p>De este modo, las escuelas pueden ser por un lado: <strong>p\u00fablicas, privadas o concertadas.<\/Strong><\/p>\n<p>Por otro lado, pueden ser escuelas con <strong>metodolog\u00edas tradicionales o m\u00e1s innovadoras<\/strong>, como aquellas que participan en el proyecto de Nova Escola 21. Actualmente, hay un aumento de escuelas que trabajan con pedagog\u00edas consideradas alternativas: son las habitualmente llamadas <strong>escuelas de educaci\u00f3n libre o de educaci\u00f3n viva<\/strong>. Estas escuelas suelen basarse en modelos espec\u00edficos escritos por varios autores, como ejemplo Montessori, Pikler, Waldorf, Reggio Emilia&#8230;<\/p>\n<p>Finalmente, debemos indicar que el tipo de escuela tambi\u00e9n se puede definir pensando en los siguientes elementos:<\/p>\n<ul>\n<li>si son religiosas o no<\/li>\n<li>si separan a los ni\u00f1os de las ni\u00f1as<\/li>\n<li>si son escuelas rurales<\/li>\n<li>si son escuelas verdes<\/li>\n<li>si forman grupos de alumnos mezclando edades<\/li>\n<li>si ofrecen diversos idiomas<\/li>\n<li>si siguen modelos educativos extranjeros<\/li>\n<li>o bien, si atienden a la diversidad cultural y funcional de los alumnos<\/li>\n<\/ul>\n<p  class=\"swmsc_alert_success_box swmsc_alert_boxes\" > Elegir escuela es una decisi\u00f3n clave. El ni\u00f1o o ni\u00f1a ir\u00e1 de los 3 a los 12 a\u00f1os y por tanto, como m\u00ednimo, pasar\u00e1 el resto de su infancia.<\/p>\n<p>&nbsp;<\/p>\n<p><a href=\"https:\/\/www.cavallcartro.cat\/wp-content\/uploads\/2018\/03\/Com-triar-una-escola-bressol-Cavall-de-Cartr\u00f3.jpg\"><img loading=\"lazy\" decoding=\"async\" class=\"alignnone size-full wp-image-3338\" src=\"https:\/\/www.cavallcartro.cat\/wp-content\/uploads\/2018\/03\/Com-triar-una-escola-bressol-Cavall-de-Cartr\u00f3.jpg\" alt=\"Com triar una escola bressol - Cavall de Cartr\u00f3\" width=\"629\" height=\"504\" srcset=\"https:\/\/www.cavallcartro.cat\/wp-content\/uploads\/2018\/03\/Com-triar-una-escola-bressol-Cavall-de-Cartr\u00f3.jpg 629w, https:\/\/www.cavallcartro.cat\/wp-content\/uploads\/2018\/03\/Com-triar-una-escola-bressol-Cavall-de-Cartr\u00f3-600x481.jpg 600w, https:\/\/www.cavallcartro.cat\/wp-content\/uploads\/2018\/03\/Com-triar-una-escola-bressol-Cavall-de-Cartr\u00f3-300x240.jpg 300w, https:\/\/www.cavallcartro.cat\/wp-content\/uploads\/2018\/03\/Com-triar-una-escola-bressol-Cavall-de-Cartr\u00f3-100x80.jpg 100w\" sizes=\"auto, (max-width: 629px) 100vw, 629px\" \/><\/a><\/p>\n<p>&nbsp;<\/p>\n<p><em><strong>RUTH MARRUGAT<\/strong><\/em><\/p>\n<p><strong>Psic\u00f2loga 15.129<\/strong><\/p>\n<p><a href=\"http:\/\/ruthmarrugat.com\/\" target=\"_blank\" rel=\"noopener noreferrer\"><strong>ruthmarrugat.com<\/strong><\/a><\/p>\n<p><strong>Febrer de 2018<\/strong><\/p>\n<p><iframe loading=\"lazy\" style=\"overflow: hidden; width: 1200px; height: 258px;\" src=\"\/\/www.facebook.com\/plugins\/likebox.php?href=http%3A%2F%2Fwww.facebook.com%2F354052831640272&amp;width=1200&amp;height=258&amp;show_faces=true&amp;colorscheme=light&amp;stream=false&amp;border_color=%23FFF&amp;header=false\" width=\"1200\" height=\"240\" frameborder=\"0\" scrolling=\"no\"><\/iframe><\/p>\n","protected":false},"excerpt":{"rendered":"<p>Escoger una escuela para nuestro hijo o hija es un paso significativo. Supone un cambio del funcionamiento de la guarder\u00eda a P3; o bien, de estar en casa con la familia a separarse por primera vez y asistir a un centro educativo.<\/p>\n","protected":false},"author":1,"featured_media":3340,"comment_status":"closed","ping_status":"closed","sticky":false,"template":"","format":"standard","meta":{"footnotes":""},"categories":[88],"tags":[334,330,232,237,238],"class_list":["post-3346","post","type-post","status-publish","format-standard","has-post-thumbnail","hentry","category-proyectos","tag-elegir-colegio","tag-escuelas","tag-escuelas-infantiles","tag-ninas","tag-ninos"],"yoast_head":"<!-- This site is optimized with the Yoast SEO plugin v27.5 - https:\/\/yoast.com\/product\/yoast-seo-wordpress\/ -->\n<title>\u00bfC\u00f3mo escoger la escuela m\u00e1s adecuada para nuestros hijos?<\/title>\n<meta name=\"description\" content=\"Escoger una escuela para nuestros hijos es un paso significativo, un cambio de funcionamiento de la guarder\u00eda a P3. Te damos las claves para elegir colegio.\" \/>\n<meta name=\"robots\" content=\"index, follow, max-snippet:-1, max-image-preview:large, max-video-preview:-1\" \/>\n<link rel=\"canonical\" href=\"https:\/\/www.cavallcartro.cat\/es\/escoger-la-escuela-mas-adecuada-hijos\" \/>\n<meta property=\"og:locale\" content=\"es_ES\" \/>\n<meta property=\"og:type\" content=\"article\" \/>\n<meta property=\"og:title\" content=\"\u00bfC\u00f3mo escoger la escuela m\u00e1s adecuada para nuestros hijos?\" \/>\n<meta property=\"og:description\" content=\"Escoger una escuela para nuestros hijos es un paso significativo, un cambio de funcionamiento de la guarder\u00eda a P3. Te damos las claves para elegir colegio.\" \/>\n<meta property=\"og:url\" content=\"https:\/\/www.cavallcartro.cat\/es\/escoger-la-escuela-mas-adecuada-hijos\" \/>\n<meta property=\"og:site_name\" content=\"Cavall de Cartr\u00f3 - Serveis Educatius\" \/>\n<meta property=\"article:publisher\" content=\"https:\/\/www.facebook.com\/cavallcartroedu\" \/>\n<meta property=\"article:published_time\" content=\"2018-03-07T12:24:29+00:00\" \/>\n<meta property=\"og:image\" content=\"https:\/\/www.cavallcartro.cat\/wp-content\/uploads\/2018\/03\/Com-triar-escola-per-als-nostres-fills.jpg\" \/>\n\t<meta property=\"og:image:width\" content=\"1200\" \/>\n\t<meta property=\"og:image:height\" content=\"600\" \/>\n\t<meta property=\"og:image:type\" content=\"image\/jpeg\" \/>\n<meta name=\"author\" content=\"cgarcia\" \/>\n<meta name=\"twitter:card\" content=\"summary_large_image\" \/>\n<meta name=\"twitter:creator\" content=\"@cavallcartroedu\" \/>\n<meta name=\"twitter:site\" content=\"@cavallcartroedu\" \/>\n<meta name=\"twitter:label1\" content=\"Escrito por\" \/>\n\t<meta name=\"twitter:data1\" content=\"cgarcia\" \/>\n\t<meta name=\"twitter:label2\" content=\"Tiempo de lectura\" \/>\n\t<meta name=\"twitter:data2\" content=\"5 minutos\" \/>\n<script type=\"application\/ld+json\" class=\"yoast-schema-graph\">{\"@context\":\"https:\\\/\\\/schema.org\",\"@graph\":[{\"@type\":\"Article\",\"@id\":\"https:\\\/\\\/www.cavallcartro.cat\\\/es\\\/escoger-la-escuela-mas-adecuada-hijos#article\",\"isPartOf\":{\"@id\":\"https:\\\/\\\/www.cavallcartro.cat\\\/es\\\/escoger-la-escuela-mas-adecuada-hijos\"},\"author\":{\"name\":\"cgarcia\",\"@id\":\"https:\\\/\\\/www.cavallcartro.cat\\\/#\\\/schema\\\/person\\\/6747bc1660e32d545ab2b8e5927ea542\"},\"headline\":\"\u00bfC\u00f3mo escoger la escuela m\u00e1s adecuada para nuestros hijos?\",\"datePublished\":\"2018-03-07T12:24:29+00:00\",\"mainEntityOfPage\":{\"@id\":\"https:\\\/\\\/www.cavallcartro.cat\\\/es\\\/escoger-la-escuela-mas-adecuada-hijos\"},\"wordCount\":1066,\"publisher\":{\"@id\":\"https:\\\/\\\/www.cavallcartro.cat\\\/#organization\"},\"image\":{\"@id\":\"https:\\\/\\\/www.cavallcartro.cat\\\/es\\\/escoger-la-escuela-mas-adecuada-hijos#primaryimage\"},\"thumbnailUrl\":\"https:\\\/\\\/www.cavallcartro.cat\\\/wp-content\\\/uploads\\\/2018\\\/03\\\/Com-triar-escola-per-als-nostres-fills.jpg\",\"keywords\":[\"elegir colegio\",\"escuelas\",\"escuelas infantiles\",\"ni\u00f1as\",\"ni\u00f1os\"],\"articleSection\":[\"Proyectos\"],\"inLanguage\":\"es\"},{\"@type\":\"WebPage\",\"@id\":\"https:\\\/\\\/www.cavallcartro.cat\\\/es\\\/escoger-la-escuela-mas-adecuada-hijos\",\"url\":\"https:\\\/\\\/www.cavallcartro.cat\\\/es\\\/escoger-la-escuela-mas-adecuada-hijos\",\"name\":\"\u00bfC\u00f3mo escoger la escuela m\u00e1s adecuada para nuestros hijos?\",\"isPartOf\":{\"@id\":\"https:\\\/\\\/www.cavallcartro.cat\\\/#website\"},\"primaryImageOfPage\":{\"@id\":\"https:\\\/\\\/www.cavallcartro.cat\\\/es\\\/escoger-la-escuela-mas-adecuada-hijos#primaryimage\"},\"image\":{\"@id\":\"https:\\\/\\\/www.cavallcartro.cat\\\/es\\\/escoger-la-escuela-mas-adecuada-hijos#primaryimage\"},\"thumbnailUrl\":\"https:\\\/\\\/www.cavallcartro.cat\\\/wp-content\\\/uploads\\\/2018\\\/03\\\/Com-triar-escola-per-als-nostres-fills.jpg\",\"datePublished\":\"2018-03-07T12:24:29+00:00\",\"description\":\"Escoger una escuela para nuestros hijos es un paso significativo, un cambio de funcionamiento de la guarder\u00eda a P3. Te damos las claves para elegir colegio.\",\"breadcrumb\":{\"@id\":\"https:\\\/\\\/www.cavallcartro.cat\\\/es\\\/escoger-la-escuela-mas-adecuada-hijos#breadcrumb\"},\"inLanguage\":\"es\",\"potentialAction\":[{\"@type\":\"ReadAction\",\"target\":[\"https:\\\/\\\/www.cavallcartro.cat\\\/es\\\/escoger-la-escuela-mas-adecuada-hijos\"]}]},{\"@type\":\"ImageObject\",\"inLanguage\":\"es\",\"@id\":\"https:\\\/\\\/www.cavallcartro.cat\\\/es\\\/escoger-la-escuela-mas-adecuada-hijos#primaryimage\",\"url\":\"https:\\\/\\\/www.cavallcartro.cat\\\/wp-content\\\/uploads\\\/2018\\\/03\\\/Com-triar-escola-per-als-nostres-fills.jpg\",\"contentUrl\":\"https:\\\/\\\/www.cavallcartro.cat\\\/wp-content\\\/uploads\\\/2018\\\/03\\\/Com-triar-escola-per-als-nostres-fills.jpg\",\"width\":1200,\"height\":600},{\"@type\":\"BreadcrumbList\",\"@id\":\"https:\\\/\\\/www.cavallcartro.cat\\\/es\\\/escoger-la-escuela-mas-adecuada-hijos#breadcrumb\",\"itemListElement\":[{\"@type\":\"ListItem\",\"position\":1,\"name\":\"Portada\",\"item\":\"https:\\\/\\\/www.cavallcartro.cat\\\/es\"},{\"@type\":\"ListItem\",\"position\":2,\"name\":\"\u00bfC\u00f3mo escoger la escuela m\u00e1s adecuada para nuestros hijos?\"}]},{\"@type\":\"WebSite\",\"@id\":\"https:\\\/\\\/www.cavallcartro.cat\\\/#website\",\"url\":\"https:\\\/\\\/www.cavallcartro.cat\\\/\",\"name\":\"Cavall de Cartr\u00f3\",\"description\":\"Gesti\u00f3 d&#039;escoles bressol i llars d&#039;infants municipals a Barcelona i tota Catalunya.\",\"publisher\":{\"@id\":\"https:\\\/\\\/www.cavallcartro.cat\\\/#organization\"},\"potentialAction\":[{\"@type\":\"SearchAction\",\"target\":{\"@type\":\"EntryPoint\",\"urlTemplate\":\"https:\\\/\\\/www.cavallcartro.cat\\\/?s={search_term_string}\"},\"query-input\":{\"@type\":\"PropertyValueSpecification\",\"valueRequired\":true,\"valueName\":\"search_term_string\"}}],\"inLanguage\":\"es\"},{\"@type\":\"Organization\",\"@id\":\"https:\\\/\\\/www.cavallcartro.cat\\\/#organization\",\"name\":\"Cavall de Cartr\u00f3\",\"url\":\"https:\\\/\\\/www.cavallcartro.cat\\\/\",\"logo\":{\"@type\":\"ImageObject\",\"inLanguage\":\"es\",\"@id\":\"https:\\\/\\\/www.cavallcartro.cat\\\/#\\\/schema\\\/logo\\\/image\\\/\",\"url\":\"https:\\\/\\\/www.cavallcartro.cat\\\/wp-content\\\/uploads\\\/2020\\\/07\\\/Logo-Cavall-de-Cartr\u00f3-gesti\u00f3-escoles-bressol-i-menjadors-escolars-e1596129492304.png\",\"contentUrl\":\"https:\\\/\\\/www.cavallcartro.cat\\\/wp-content\\\/uploads\\\/2020\\\/07\\\/Logo-Cavall-de-Cartr\u00f3-gesti\u00f3-escoles-bressol-i-menjadors-escolars-e1596129492304.png\",\"width\":528,\"height\":274,\"caption\":\"Cavall de Cartr\u00f3\"},\"image\":{\"@id\":\"https:\\\/\\\/www.cavallcartro.cat\\\/#\\\/schema\\\/logo\\\/image\\\/\"},\"sameAs\":[\"https:\\\/\\\/www.facebook.com\\\/cavallcartroedu\",\"https:\\\/\\\/x.com\\\/cavallcartroedu\",\"https:\\\/\\\/www.instagram.com\\\/cavallcartroedu\\\/\",\"https:\\\/\\\/www.youtube.com\\\/@CavalldeCartro\"]},{\"@type\":\"Person\",\"@id\":\"https:\\\/\\\/www.cavallcartro.cat\\\/#\\\/schema\\\/person\\\/6747bc1660e32d545ab2b8e5927ea542\",\"name\":\"cgarcia\",\"image\":{\"@type\":\"ImageObject\",\"inLanguage\":\"es\",\"@id\":\"https:\\\/\\\/secure.gravatar.com\\\/avatar\\\/469990a84f48a39e93ee0d8243415a74ba5692f608ea41afee8cae0e81f99f77?s=96&d=mm&r=g\",\"url\":\"https:\\\/\\\/secure.gravatar.com\\\/avatar\\\/469990a84f48a39e93ee0d8243415a74ba5692f608ea41afee8cae0e81f99f77?s=96&d=mm&r=g\",\"contentUrl\":\"https:\\\/\\\/secure.gravatar.com\\\/avatar\\\/469990a84f48a39e93ee0d8243415a74ba5692f608ea41afee8cae0e81f99f77?s=96&d=mm&r=g\",\"caption\":\"cgarcia\"},\"url\":\"https:\\\/\\\/www.cavallcartro.cat\\\/es\\\/author\\\/cgarcia\"}]}<\/script>\n<!-- \/ Yoast SEO plugin. -->","yoast_head_json":{"title":"\u00bfC\u00f3mo escoger la escuela m\u00e1s adecuada para nuestros hijos?","description":"Escoger una escuela para nuestros hijos es un paso significativo, un cambio de funcionamiento de la guarder\u00eda a P3. Te damos las claves para elegir colegio.","robots":{"index":"index","follow":"follow","max-snippet":"max-snippet:-1","max-image-preview":"max-image-preview:large","max-video-preview":"max-video-preview:-1"},"canonical":"https:\/\/www.cavallcartro.cat\/es\/escoger-la-escuela-mas-adecuada-hijos","og_locale":"es_ES","og_type":"article","og_title":"\u00bfC\u00f3mo escoger la escuela m\u00e1s adecuada para nuestros hijos?","og_description":"Escoger una escuela para nuestros hijos es un paso significativo, un cambio de funcionamiento de la guarder\u00eda a P3. Te damos las claves para elegir colegio.","og_url":"https:\/\/www.cavallcartro.cat\/es\/escoger-la-escuela-mas-adecuada-hijos","og_site_name":"Cavall de Cartr\u00f3 - Serveis Educatius","article_publisher":"https:\/\/www.facebook.com\/cavallcartroedu","article_published_time":"2018-03-07T12:24:29+00:00","og_image":[{"width":1200,"height":600,"url":"https:\/\/www.cavallcartro.cat\/wp-content\/uploads\/2018\/03\/Com-triar-escola-per-als-nostres-fills.jpg","type":"image\/jpeg"}],"author":"cgarcia","twitter_card":"summary_large_image","twitter_creator":"@cavallcartroedu","twitter_site":"@cavallcartroedu","twitter_misc":{"Escrito por":"cgarcia","Tiempo de lectura":"5 minutos"},"schema":{"@context":"https:\/\/schema.org","@graph":[{"@type":"Article","@id":"https:\/\/www.cavallcartro.cat\/es\/escoger-la-escuela-mas-adecuada-hijos#article","isPartOf":{"@id":"https:\/\/www.cavallcartro.cat\/es\/escoger-la-escuela-mas-adecuada-hijos"},"author":{"name":"cgarcia","@id":"https:\/\/www.cavallcartro.cat\/#\/schema\/person\/6747bc1660e32d545ab2b8e5927ea542"},"headline":"\u00bfC\u00f3mo escoger la escuela m\u00e1s adecuada para nuestros hijos?","datePublished":"2018-03-07T12:24:29+00:00","mainEntityOfPage":{"@id":"https:\/\/www.cavallcartro.cat\/es\/escoger-la-escuela-mas-adecuada-hijos"},"wordCount":1066,"publisher":{"@id":"https:\/\/www.cavallcartro.cat\/#organization"},"image":{"@id":"https:\/\/www.cavallcartro.cat\/es\/escoger-la-escuela-mas-adecuada-hijos#primaryimage"},"thumbnailUrl":"https:\/\/www.cavallcartro.cat\/wp-content\/uploads\/2018\/03\/Com-triar-escola-per-als-nostres-fills.jpg","keywords":["elegir colegio","escuelas","escuelas infantiles","ni\u00f1as","ni\u00f1os"],"articleSection":["Proyectos"],"inLanguage":"es"},{"@type":"WebPage","@id":"https:\/\/www.cavallcartro.cat\/es\/escoger-la-escuela-mas-adecuada-hijos","url":"https:\/\/www.cavallcartro.cat\/es\/escoger-la-escuela-mas-adecuada-hijos","name":"\u00bfC\u00f3mo escoger la escuela m\u00e1s adecuada para nuestros hijos?","isPartOf":{"@id":"https:\/\/www.cavallcartro.cat\/#website"},"primaryImageOfPage":{"@id":"https:\/\/www.cavallcartro.cat\/es\/escoger-la-escuela-mas-adecuada-hijos#primaryimage"},"image":{"@id":"https:\/\/www.cavallcartro.cat\/es\/escoger-la-escuela-mas-adecuada-hijos#primaryimage"},"thumbnailUrl":"https:\/\/www.cavallcartro.cat\/wp-content\/uploads\/2018\/03\/Com-triar-escola-per-als-nostres-fills.jpg","datePublished":"2018-03-07T12:24:29+00:00","description":"Escoger una escuela para nuestros hijos es un paso significativo, un cambio de funcionamiento de la guarder\u00eda a P3. Te damos las claves para elegir colegio.","breadcrumb":{"@id":"https:\/\/www.cavallcartro.cat\/es\/escoger-la-escuela-mas-adecuada-hijos#breadcrumb"},"inLanguage":"es","potentialAction":[{"@type":"ReadAction","target":["https:\/\/www.cavallcartro.cat\/es\/escoger-la-escuela-mas-adecuada-hijos"]}]},{"@type":"ImageObject","inLanguage":"es","@id":"https:\/\/www.cavallcartro.cat\/es\/escoger-la-escuela-mas-adecuada-hijos#primaryimage","url":"https:\/\/www.cavallcartro.cat\/wp-content\/uploads\/2018\/03\/Com-triar-escola-per-als-nostres-fills.jpg","contentUrl":"https:\/\/www.cavallcartro.cat\/wp-content\/uploads\/2018\/03\/Com-triar-escola-per-als-nostres-fills.jpg","width":1200,"height":600},{"@type":"BreadcrumbList","@id":"https:\/\/www.cavallcartro.cat\/es\/escoger-la-escuela-mas-adecuada-hijos#breadcrumb","itemListElement":[{"@type":"ListItem","position":1,"name":"Portada","item":"https:\/\/www.cavallcartro.cat\/es"},{"@type":"ListItem","position":2,"name":"\u00bfC\u00f3mo escoger la escuela m\u00e1s adecuada para nuestros hijos?"}]},{"@type":"WebSite","@id":"https:\/\/www.cavallcartro.cat\/#website","url":"https:\/\/www.cavallcartro.cat\/","name":"Cavall de Cartr\u00f3","description":"Gesti\u00f3 d&#039;escoles bressol i llars d&#039;infants municipals a Barcelona i tota Catalunya.","publisher":{"@id":"https:\/\/www.cavallcartro.cat\/#organization"},"potentialAction":[{"@type":"SearchAction","target":{"@type":"EntryPoint","urlTemplate":"https:\/\/www.cavallcartro.cat\/?s={search_term_string}"},"query-input":{"@type":"PropertyValueSpecification","valueRequired":true,"valueName":"search_term_string"}}],"inLanguage":"es"},{"@type":"Organization","@id":"https:\/\/www.cavallcartro.cat\/#organization","name":"Cavall de Cartr\u00f3","url":"https:\/\/www.cavallcartro.cat\/","logo":{"@type":"ImageObject","inLanguage":"es","@id":"https:\/\/www.cavallcartro.cat\/#\/schema\/logo\/image\/","url":"https:\/\/www.cavallcartro.cat\/wp-content\/uploads\/2020\/07\/Logo-Cavall-de-Cartr\u00f3-gesti\u00f3-escoles-bressol-i-menjadors-escolars-e1596129492304.png","contentUrl":"https:\/\/www.cavallcartro.cat\/wp-content\/uploads\/2020\/07\/Logo-Cavall-de-Cartr\u00f3-gesti\u00f3-escoles-bressol-i-menjadors-escolars-e1596129492304.png","width":528,"height":274,"caption":"Cavall de Cartr\u00f3"},"image":{"@id":"https:\/\/www.cavallcartro.cat\/#\/schema\/logo\/image\/"},"sameAs":["https:\/\/www.facebook.com\/cavallcartroedu","https:\/\/x.com\/cavallcartroedu","https:\/\/www.instagram.com\/cavallcartroedu\/","https:\/\/www.youtube.com\/@CavalldeCartro"]},{"@type":"Person","@id":"https:\/\/www.cavallcartro.cat\/#\/schema\/person\/6747bc1660e32d545ab2b8e5927ea542","name":"cgarcia","image":{"@type":"ImageObject","inLanguage":"es","@id":"https:\/\/secure.gravatar.com\/avatar\/469990a84f48a39e93ee0d8243415a74ba5692f608ea41afee8cae0e81f99f77?s=96&d=mm&r=g","url":"https:\/\/secure.gravatar.com\/avatar\/469990a84f48a39e93ee0d8243415a74ba5692f608ea41afee8cae0e81f99f77?s=96&d=mm&r=g","contentUrl":"https:\/\/secure.gravatar.com\/avatar\/469990a84f48a39e93ee0d8243415a74ba5692f608ea41afee8cae0e81f99f77?s=96&d=mm&r=g","caption":"cgarcia"},"url":"https:\/\/www.cavallcartro.cat\/es\/author\/cgarcia"}]}},"_links":{"self":[{"href":"https:\/\/www.cavallcartro.cat\/es\/wp-json\/wp\/v2\/posts\/3346","targetHints":{"allow":["GET"]}}],"collection":[{"href":"https:\/\/www.cavallcartro.cat\/es\/wp-json\/wp\/v2\/posts"}],"about":[{"href":"https:\/\/www.cavallcartro.cat\/es\/wp-json\/wp\/v2\/types\/post"}],"author":[{"embeddable":true,"href":"https:\/\/www.cavallcartro.cat\/es\/wp-json\/wp\/v2\/users\/1"}],"replies":[{"embeddable":true,"href":"https:\/\/www.cavallcartro.cat\/es\/wp-json\/wp\/v2\/comments?post=3346"}],"version-history":[{"count":1,"href":"https:\/\/www.cavallcartro.cat\/es\/wp-json\/wp\/v2\/posts\/3346\/revisions"}],"predecessor-version":[{"id":3347,"href":"https:\/\/www.cavallcartro.cat\/es\/wp-json\/wp\/v2\/posts\/3346\/revisions\/3347"}],"wp:featuredmedia":[{"embeddable":true,"href":"https:\/\/www.cavallcartro.cat\/es\/wp-json\/wp\/v2\/media\/3340"}],"wp:attachment":[{"href":"https:\/\/www.cavallcartro.cat\/es\/wp-json\/wp\/v2\/media?parent=3346"}],"wp:term":[{"taxonomy":"category","embeddable":true,"href":"https:\/\/www.cavallcartro.cat\/es\/wp-json\/wp\/v2\/categories?post=3346"},{"taxonomy":"post_tag","embeddable":true,"href":"https:\/\/www.cavallcartro.cat\/es\/wp-json\/wp\/v2\/tags?post=3346"}],"curies":[{"name":"wp","href":"https:\/\/api.w.org\/{rel}","templated":true}]}}