{"id":3335,"date":"2018-03-07T10:54:31","date_gmt":"2018-03-07T10:54:31","guid":{"rendered":"http:\/\/www.cavallcartro.cat?p=3335"},"modified":"2018-03-07T10:54:31","modified_gmt":"2018-03-07T10:54:31","slug":"carnaval-escuela-infantil","status":"publish","type":"post","link":"https:\/\/www.cavallcartro.cat\/es\/carnaval-escuela-infantil","title":{"rendered":"Carnaval en la escuela infantil"},"content":{"rendered":"<h3>El rey Carnestoltes llega a la escuela infantil. Y nos trae consignas para hacer toda la semana. \u00a1Son d\u00edas de mucha fiesta!<\/h3>\n<p>Las consignas siempre est\u00e1n relacionadas con el disfraz que llevar\u00e1n los peque\u00f1os el viernes, cuando hacemos la fiesta de Carnaval. As\u00ed, <strong>cada d\u00eda deben llevar un elemento, objeto o material<\/strong> relacionado con el disfraz final.<\/p>\n<p>Las propuestas de la escuela durante estos d\u00edas tambi\u00e9n est\u00e1n pensadas para acercarnos al tema escogida para el disfraz.<\/p>\n<p>Cuando el rey <strong>Carnestoltes<\/strong> marcha y hacemos el <strong>entierro de la Sardina<\/strong>, llega la <a href=\"http:\/\/lameva.barcelona.cat\/culturapopular\/ca\/festes-i-tradicions\/personatges-i-elements-festius\/vella-quaresma\" target=\"_blank\" rel=\"noopener noreferrer\"><strong>Vieja Cuaresma<\/strong><\/a> con sus siete piernas que indican las semanas que faltan para la Semana Santa. A partir de entonces, cada viernes de cada semana, cortamos entre todos una pierna a la Vieja Cuaresma.<\/p>\n<p>En esta ocasi\u00f3n nos hemos disfrazado de payasos y payasas. Las consignas han sido llevar el lunes una corbata bien colorida, el martes la nariz pintada y un peinado divertido, el mi\u00e9rcoles una flor no natural, el jueves un instrumento musical y el viernes  <strong>nos disfrazamos todas y todos de payasos<\/strong> con la totalidad de materiales tra\u00eddos y con los complementos hechos en la escuela.<\/p>\n<p>Las propuestas en las aulas han sido:<\/p>\n<ul>\n<li>Maquillarnos nosotros mismos, tambi\u00e9n unos a otros y a las mu\u00f1ecas.<\/li>\n<li>Disfrazarnos con ropas, sombreros y m\u00e1scaras.<\/li>\n<li>Trabajar las expresiones de la cara.<\/li>\n<li>Jugar con narices de payaso.<\/li>\n<li>Audiciones de piezas musicales de circo, acompa\u00f1adas de utensilios de circo.<\/li>\n<li>Hacemos un gorro de payaso.<\/li>\n<\/ul>\n<p  class=\"swmsc_alert_success_box swmsc_alert_boxes\" > Trabajamos d\u00eda a d\u00eda de la semana un aspecto del que ser\u00e1 el disfraz final de payaso.<\/p>\n<p>&nbsp;<\/p>\n<div id='gallery-1' class='gallery galleryid-3335 gallery-columns-3 gallery-size-full'><dl class='gallery-item'>\n\t\t\t<dt class='gallery-icon portrait'>\n\t\t\t\t<a title=\"Carnestoltes arriba a l'escola bressol\" class=\"kidsworld_popup_gallery\" href='https:\/\/www.cavallcartro.cat\/wp-content\/uploads\/2018\/02\/Carnestoltes-arriba-a-lescola-bressol.jpg'><img loading=\"lazy\" decoding=\"async\" width=\"500\" height=\"730\" src=\"https:\/\/www.cavallcartro.cat\/wp-content\/uploads\/2018\/02\/Carnestoltes-arriba-a-lescola-bressol.jpg\" class=\"attachment-full size-full\" alt=\"Carnestoltes arriba a l&#039;escola bressol\" srcset=\"https:\/\/www.cavallcartro.cat\/wp-content\/uploads\/2018\/02\/Carnestoltes-arriba-a-lescola-bressol.jpg 500w, https:\/\/www.cavallcartro.cat\/wp-content\/uploads\/2018\/02\/Carnestoltes-arriba-a-lescola-bressol-205x300.jpg 205w, https:\/\/www.cavallcartro.cat\/wp-content\/uploads\/2018\/02\/Carnestoltes-arriba-a-lescola-bressol-100x146.jpg 100w\" sizes=\"auto, (max-width: 500px) 100vw, 500px\" \/><\/a>\n\t\t\t<\/dt><\/dl><dl class='gallery-item'>\n\t\t\t<dt class='gallery-icon portrait'>\n\t\t\t\t<a title=\"Carnestoltes a l'escola bressol Petita Estelada de C\u00e0noves\" class=\"kidsworld_popup_gallery\" href='https:\/\/www.cavallcartro.cat\/wp-content\/uploads\/2018\/02\/Carnestoltes-a-lescola-bressol-Petita-Estelada-de-C\u00e0noves.jpg'><img loading=\"lazy\" decoding=\"async\" width=\"500\" height=\"730\" src=\"https:\/\/www.cavallcartro.cat\/wp-content\/uploads\/2018\/02\/Carnestoltes-a-lescola-bressol-Petita-Estelada-de-C\u00e0noves.jpg\" class=\"attachment-full size-full\" alt=\"Carnestoltes a l&#039;escola bressol Petita Estelada de C\u00e0noves\" srcset=\"https:\/\/www.cavallcartro.cat\/wp-content\/uploads\/2018\/02\/Carnestoltes-a-lescola-bressol-Petita-Estelada-de-C\u00e0noves.jpg 500w, https:\/\/www.cavallcartro.cat\/wp-content\/uploads\/2018\/02\/Carnestoltes-a-lescola-bressol-Petita-Estelada-de-C\u00e0noves-205x300.jpg 205w, https:\/\/www.cavallcartro.cat\/wp-content\/uploads\/2018\/02\/Carnestoltes-a-lescola-bressol-Petita-Estelada-de-C\u00e0noves-100x146.jpg 100w\" sizes=\"auto, (max-width: 500px) 100vw, 500px\" \/><\/a>\n\t\t\t<\/dt><\/dl><dl class='gallery-item'>\n\t\t\t<dt class='gallery-icon portrait'>\n\t\t\t\t<a title=\"Carnestoltes a l'escola bressol Cavall de Cartr\u00f3\" class=\"kidsworld_popup_gallery\" href='https:\/\/www.cavallcartro.cat\/wp-content\/uploads\/2018\/02\/Carnestoltes-a-lescola-bressol-Cavall-de-Cartr\u00f3.jpg'><img loading=\"lazy\" decoding=\"async\" width=\"500\" height=\"730\" src=\"https:\/\/www.cavallcartro.cat\/wp-content\/uploads\/2018\/02\/Carnestoltes-a-lescola-bressol-Cavall-de-Cartr\u00f3.jpg\" class=\"attachment-full size-full\" alt=\"Carnestoltes a l&#039;escola bressol Cavall de Cartr\u00f3\" srcset=\"https:\/\/www.cavallcartro.cat\/wp-content\/uploads\/2018\/02\/Carnestoltes-a-lescola-bressol-Cavall-de-Cartr\u00f3.jpg 500w, https:\/\/www.cavallcartro.cat\/wp-content\/uploads\/2018\/02\/Carnestoltes-a-lescola-bressol-Cavall-de-Cartr\u00f3-205x300.jpg 205w, https:\/\/www.cavallcartro.cat\/wp-content\/uploads\/2018\/02\/Carnestoltes-a-lescola-bressol-Cavall-de-Cartr\u00f3-100x146.jpg 100w\" sizes=\"auto, (max-width: 500px) 100vw, 500px\" \/><\/a>\n\t\t\t<\/dt><\/dl><br style=\"clear: both\" \/>\n\t\t<\/div>\n\n<div id='gallery-2' class='gallery galleryid-3335 gallery-columns-2 gallery-size-full'><dl class='gallery-item'>\n\t\t\t<dt class='gallery-icon landscape'>\n\t\t\t\t<a title=\"Carnestoltes i pintacares abans de la Vella Quaresma\" class=\"kidsworld_popup_gallery\" href='https:\/\/www.cavallcartro.cat\/wp-content\/uploads\/2018\/02\/Carnestoltes-i-pintacares-abans-de-la-Vella-Quaresma.jpg'><img loading=\"lazy\" decoding=\"async\" width=\"657\" height=\"500\" src=\"https:\/\/www.cavallcartro.cat\/wp-content\/uploads\/2018\/02\/Carnestoltes-i-pintacares-abans-de-la-Vella-Quaresma.jpg\" class=\"attachment-full size-full\" alt=\"Carnestoltes i pintacares abans de la Vella Quaresma\" srcset=\"https:\/\/www.cavallcartro.cat\/wp-content\/uploads\/2018\/02\/Carnestoltes-i-pintacares-abans-de-la-Vella-Quaresma.jpg 657w, https:\/\/www.cavallcartro.cat\/wp-content\/uploads\/2018\/02\/Carnestoltes-i-pintacares-abans-de-la-Vella-Quaresma-600x457.jpg 600w, https:\/\/www.cavallcartro.cat\/wp-content\/uploads\/2018\/02\/Carnestoltes-i-pintacares-abans-de-la-Vella-Quaresma-300x228.jpg 300w, https:\/\/www.cavallcartro.cat\/wp-content\/uploads\/2018\/02\/Carnestoltes-i-pintacares-abans-de-la-Vella-Quaresma-100x76.jpg 100w\" sizes=\"auto, (max-width: 657px) 100vw, 657px\" \/><\/a>\n\t\t\t<\/dt><\/dl><dl class='gallery-item'>\n\t\t\t<dt class='gallery-icon landscape'>\n\t\t\t\t<a title=\"Carnestoltes i m\u00e0scares per als infants de la Petita Estelada\" class=\"kidsworld_popup_gallery\" href='https:\/\/www.cavallcartro.cat\/wp-content\/uploads\/2018\/02\/Carnestoltes-i-m\u00e0scares-per-als-infants-de-la-Petita-Estelada.jpg'><img loading=\"lazy\" decoding=\"async\" width=\"657\" height=\"500\" src=\"https:\/\/www.cavallcartro.cat\/wp-content\/uploads\/2018\/02\/Carnestoltes-i-m\u00e0scares-per-als-infants-de-la-Petita-Estelada.jpg\" class=\"attachment-full size-full\" alt=\"Carnestoltes i m\u00e0scares per als infants de la Petita Estelada\" srcset=\"https:\/\/www.cavallcartro.cat\/wp-content\/uploads\/2018\/02\/Carnestoltes-i-m\u00e0scares-per-als-infants-de-la-Petita-Estelada.jpg 657w, https:\/\/www.cavallcartro.cat\/wp-content\/uploads\/2018\/02\/Carnestoltes-i-m\u00e0scares-per-als-infants-de-la-Petita-Estelada-600x457.jpg 600w, https:\/\/www.cavallcartro.cat\/wp-content\/uploads\/2018\/02\/Carnestoltes-i-m\u00e0scares-per-als-infants-de-la-Petita-Estelada-300x228.jpg 300w, https:\/\/www.cavallcartro.cat\/wp-content\/uploads\/2018\/02\/Carnestoltes-i-m\u00e0scares-per-als-infants-de-la-Petita-Estelada-100x76.jpg 100w\" sizes=\"auto, (max-width: 657px) 100vw, 657px\" \/><\/a>\n\t\t\t<\/dt><\/dl><br style=\"clear: both\" \/>\n\t\t<\/div>\n\n<p>&nbsp;<\/p>\n<p><em><strong>N\u00daRIA RUIZ SEBASTI\u00c0<\/strong><\/em><\/p>\n<p><strong>Directora EBM La Petita Estelada<\/strong><\/p>\n<p><strong>Ayuntamiento de C\u00e0noves i Samal\u00fas<\/strong><\/p>\n<p><strong>Febrer de 2018<\/strong><br \/>\n<iframe loading=\"lazy\" style=\"overflow: hidden; width: 1200px; height: 258px;\" src=\"\/\/www.facebook.com\/plugins\/likebox.php?href=http%3A%2F%2Fwww.facebook.com%2F354052831640272&amp;width=1200&amp;height=258&amp;show_faces=true&amp;colorscheme=light&amp;stream=false&amp;border_color=%23FFF&amp;header=false\" width=\"1200\" height=\"240\" frameborder=\"0\" scrolling=\"no\"><\/iframe><\/p>\n","protected":false},"excerpt":{"rendered":"<p>El rey Carnestoltes llega a la escuela infantil. Y nos trae consignas para hacer toda la semana. \u00a1Son d\u00edas de mucha fiesta!<\/p>\n","protected":false},"author":1,"featured_media":3311,"comment_status":"closed","ping_status":"closed","sticky":false,"template":"","format":"standard","meta":{"footnotes":""},"categories":[88],"tags":[247,373,228,233,237,238,387],"class_list":["post-3335","post","type-post","status-publish","format-standard","has-post-thumbnail","hentry","category-proyectos","tag-canoves-es","tag-carnaval","tag-cavall-de-cartro-es","tag-escuelas-infantiles-municipales","tag-ninas","tag-ninos","tag-tradiciones"],"yoast_head":"<!-- This site is optimized with the Yoast SEO plugin v27.5 - https:\/\/yoast.com\/product\/yoast-seo-wordpress\/ -->\n<title>Carnaval en la escuela infantil - Cavall de Cartr\u00f3 Serveis Educatius<\/title>\n<meta name=\"description\" content=\"El rey Carnestoltes llega a la escuela infantil. Y nos trae consignas para hacer toda la semana. \u00a1Son d\u00edas de mucha fiesta!\" \/>\n<meta name=\"robots\" content=\"index, follow, max-snippet:-1, max-image-preview:large, max-video-preview:-1\" \/>\n<link rel=\"canonical\" href=\"https:\/\/www.cavallcartro.cat\/es\/carnaval-escuela-infantil\" \/>\n<meta property=\"og:locale\" content=\"es_ES\" \/>\n<meta property=\"og:type\" content=\"article\" \/>\n<meta property=\"og:title\" content=\"Carnaval en la escuela infantil - Cavall de Cartr\u00f3 Serveis Educatius\" \/>\n<meta property=\"og:description\" content=\"El rey Carnestoltes llega a la escuela infantil. Y nos trae consignas para hacer toda la semana. \u00a1Son d\u00edas de mucha fiesta!\" \/>\n<meta property=\"og:url\" content=\"https:\/\/www.cavallcartro.cat\/es\/carnaval-escuela-infantil\" \/>\n<meta property=\"og:site_name\" content=\"Cavall de Cartr\u00f3 - Serveis Educatius\" \/>\n<meta property=\"article:publisher\" content=\"https:\/\/www.facebook.com\/cavallcartroedu\" \/>\n<meta property=\"article:published_time\" content=\"2018-03-07T10:54:31+00:00\" \/>\n<meta property=\"og:image\" content=\"https:\/\/www.cavallcartro.cat\/wp-content\/uploads\/2018\/02\/El-rei-Carnestoltes-a-lescola-bressol.jpg\" \/>\n\t<meta property=\"og:image:width\" content=\"1200\" \/>\n\t<meta property=\"og:image:height\" content=\"600\" \/>\n\t<meta property=\"og:image:type\" content=\"image\/jpeg\" \/>\n<meta name=\"author\" content=\"cgarcia\" \/>\n<meta name=\"twitter:card\" content=\"summary_large_image\" \/>\n<meta name=\"twitter:creator\" content=\"@cavallcartroedu\" \/>\n<meta name=\"twitter:site\" content=\"@cavallcartroedu\" \/>\n<meta name=\"twitter:label1\" content=\"Escrito por\" \/>\n\t<meta name=\"twitter:data1\" content=\"cgarcia\" \/>\n\t<meta name=\"twitter:label2\" content=\"Tiempo de lectura\" \/>\n\t<meta name=\"twitter:data2\" content=\"2 minutos\" \/>\n<script type=\"application\/ld+json\" class=\"yoast-schema-graph\">{\"@context\":\"https:\\\/\\\/schema.org\",\"@graph\":[{\"@type\":\"Article\",\"@id\":\"https:\\\/\\\/www.cavallcartro.cat\\\/es\\\/carnaval-escuela-infantil#article\",\"isPartOf\":{\"@id\":\"https:\\\/\\\/www.cavallcartro.cat\\\/es\\\/carnaval-escuela-infantil\"},\"author\":{\"name\":\"cgarcia\",\"@id\":\"https:\\\/\\\/www.cavallcartro.cat\\\/#\\\/schema\\\/person\\\/6747bc1660e32d545ab2b8e5927ea542\"},\"headline\":\"Carnaval en la escuela infantil\",\"datePublished\":\"2018-03-07T10:54:31+00:00\",\"mainEntityOfPage\":{\"@id\":\"https:\\\/\\\/www.cavallcartro.cat\\\/es\\\/carnaval-escuela-infantil\"},\"wordCount\":321,\"publisher\":{\"@id\":\"https:\\\/\\\/www.cavallcartro.cat\\\/#organization\"},\"image\":{\"@id\":\"https:\\\/\\\/www.cavallcartro.cat\\\/es\\\/carnaval-escuela-infantil#primaryimage\"},\"thumbnailUrl\":\"https:\\\/\\\/www.cavallcartro.cat\\\/wp-content\\\/uploads\\\/2018\\\/02\\\/El-rei-Carnestoltes-a-lescola-bressol.jpg\",\"keywords\":[\"C\u00e0noves\",\"Carnaval\",\"Cavall de Cartr\u00f3\",\"escuelas infantiles municipales\",\"ni\u00f1as\",\"ni\u00f1os\",\"tradiciones\"],\"articleSection\":[\"Proyectos\"],\"inLanguage\":\"es\"},{\"@type\":\"WebPage\",\"@id\":\"https:\\\/\\\/www.cavallcartro.cat\\\/es\\\/carnaval-escuela-infantil\",\"url\":\"https:\\\/\\\/www.cavallcartro.cat\\\/es\\\/carnaval-escuela-infantil\",\"name\":\"Carnaval en la escuela infantil - Cavall de Cartr\u00f3 Serveis Educatius\",\"isPartOf\":{\"@id\":\"https:\\\/\\\/www.cavallcartro.cat\\\/#website\"},\"primaryImageOfPage\":{\"@id\":\"https:\\\/\\\/www.cavallcartro.cat\\\/es\\\/carnaval-escuela-infantil#primaryimage\"},\"image\":{\"@id\":\"https:\\\/\\\/www.cavallcartro.cat\\\/es\\\/carnaval-escuela-infantil#primaryimage\"},\"thumbnailUrl\":\"https:\\\/\\\/www.cavallcartro.cat\\\/wp-content\\\/uploads\\\/2018\\\/02\\\/El-rei-Carnestoltes-a-lescola-bressol.jpg\",\"datePublished\":\"2018-03-07T10:54:31+00:00\",\"description\":\"El rey Carnestoltes llega a la escuela infantil. Y nos trae consignas para hacer toda la semana. \u00a1Son d\u00edas de mucha fiesta!\",\"breadcrumb\":{\"@id\":\"https:\\\/\\\/www.cavallcartro.cat\\\/es\\\/carnaval-escuela-infantil#breadcrumb\"},\"inLanguage\":\"es\",\"potentialAction\":[{\"@type\":\"ReadAction\",\"target\":[\"https:\\\/\\\/www.cavallcartro.cat\\\/es\\\/carnaval-escuela-infantil\"]}]},{\"@type\":\"ImageObject\",\"inLanguage\":\"es\",\"@id\":\"https:\\\/\\\/www.cavallcartro.cat\\\/es\\\/carnaval-escuela-infantil#primaryimage\",\"url\":\"https:\\\/\\\/www.cavallcartro.cat\\\/wp-content\\\/uploads\\\/2018\\\/02\\\/El-rei-Carnestoltes-a-lescola-bressol.jpg\",\"contentUrl\":\"https:\\\/\\\/www.cavallcartro.cat\\\/wp-content\\\/uploads\\\/2018\\\/02\\\/El-rei-Carnestoltes-a-lescola-bressol.jpg\",\"width\":1200,\"height\":600,\"caption\":\"El rei Carnestoltes a l'escola bressol\"},{\"@type\":\"BreadcrumbList\",\"@id\":\"https:\\\/\\\/www.cavallcartro.cat\\\/es\\\/carnaval-escuela-infantil#breadcrumb\",\"itemListElement\":[{\"@type\":\"ListItem\",\"position\":1,\"name\":\"Portada\",\"item\":\"https:\\\/\\\/www.cavallcartro.cat\\\/es\"},{\"@type\":\"ListItem\",\"position\":2,\"name\":\"Carnaval en la escuela infantil\"}]},{\"@type\":\"WebSite\",\"@id\":\"https:\\\/\\\/www.cavallcartro.cat\\\/#website\",\"url\":\"https:\\\/\\\/www.cavallcartro.cat\\\/\",\"name\":\"Cavall de Cartr\u00f3\",\"description\":\"Gesti\u00f3 d&#039;escoles bressol i llars d&#039;infants municipals a Barcelona i tota Catalunya.\",\"publisher\":{\"@id\":\"https:\\\/\\\/www.cavallcartro.cat\\\/#organization\"},\"potentialAction\":[{\"@type\":\"SearchAction\",\"target\":{\"@type\":\"EntryPoint\",\"urlTemplate\":\"https:\\\/\\\/www.cavallcartro.cat\\\/?s={search_term_string}\"},\"query-input\":{\"@type\":\"PropertyValueSpecification\",\"valueRequired\":true,\"valueName\":\"search_term_string\"}}],\"inLanguage\":\"es\"},{\"@type\":\"Organization\",\"@id\":\"https:\\\/\\\/www.cavallcartro.cat\\\/#organization\",\"name\":\"Cavall de Cartr\u00f3\",\"url\":\"https:\\\/\\\/www.cavallcartro.cat\\\/\",\"logo\":{\"@type\":\"ImageObject\",\"inLanguage\":\"es\",\"@id\":\"https:\\\/\\\/www.cavallcartro.cat\\\/#\\\/schema\\\/logo\\\/image\\\/\",\"url\":\"https:\\\/\\\/www.cavallcartro.cat\\\/wp-content\\\/uploads\\\/2020\\\/07\\\/Logo-Cavall-de-Cartr\u00f3-gesti\u00f3-escoles-bressol-i-menjadors-escolars-e1596129492304.png\",\"contentUrl\":\"https:\\\/\\\/www.cavallcartro.cat\\\/wp-content\\\/uploads\\\/2020\\\/07\\\/Logo-Cavall-de-Cartr\u00f3-gesti\u00f3-escoles-bressol-i-menjadors-escolars-e1596129492304.png\",\"width\":528,\"height\":274,\"caption\":\"Cavall de Cartr\u00f3\"},\"image\":{\"@id\":\"https:\\\/\\\/www.cavallcartro.cat\\\/#\\\/schema\\\/logo\\\/image\\\/\"},\"sameAs\":[\"https:\\\/\\\/www.facebook.com\\\/cavallcartroedu\",\"https:\\\/\\\/x.com\\\/cavallcartroedu\",\"https:\\\/\\\/www.instagram.com\\\/cavallcartroedu\\\/\",\"https:\\\/\\\/www.youtube.com\\\/@CavalldeCartro\"]},{\"@type\":\"Person\",\"@id\":\"https:\\\/\\\/www.cavallcartro.cat\\\/#\\\/schema\\\/person\\\/6747bc1660e32d545ab2b8e5927ea542\",\"name\":\"cgarcia\",\"image\":{\"@type\":\"ImageObject\",\"inLanguage\":\"es\",\"@id\":\"https:\\\/\\\/secure.gravatar.com\\\/avatar\\\/469990a84f48a39e93ee0d8243415a74ba5692f608ea41afee8cae0e81f99f77?s=96&d=mm&r=g\",\"url\":\"https:\\\/\\\/secure.gravatar.com\\\/avatar\\\/469990a84f48a39e93ee0d8243415a74ba5692f608ea41afee8cae0e81f99f77?s=96&d=mm&r=g\",\"contentUrl\":\"https:\\\/\\\/secure.gravatar.com\\\/avatar\\\/469990a84f48a39e93ee0d8243415a74ba5692f608ea41afee8cae0e81f99f77?s=96&d=mm&r=g\",\"caption\":\"cgarcia\"},\"url\":\"https:\\\/\\\/www.cavallcartro.cat\\\/es\\\/author\\\/cgarcia\"}]}<\/script>\n<!-- \/ Yoast SEO plugin. -->","yoast_head_json":{"title":"Carnaval en la escuela infantil - Cavall de Cartr\u00f3 Serveis Educatius","description":"El rey Carnestoltes llega a la escuela infantil. Y nos trae consignas para hacer toda la semana. \u00a1Son d\u00edas de mucha fiesta!","robots":{"index":"index","follow":"follow","max-snippet":"max-snippet:-1","max-image-preview":"max-image-preview:large","max-video-preview":"max-video-preview:-1"},"canonical":"https:\/\/www.cavallcartro.cat\/es\/carnaval-escuela-infantil","og_locale":"es_ES","og_type":"article","og_title":"Carnaval en la escuela infantil - Cavall de Cartr\u00f3 Serveis Educatius","og_description":"El rey Carnestoltes llega a la escuela infantil. Y nos trae consignas para hacer toda la semana. \u00a1Son d\u00edas de mucha fiesta!","og_url":"https:\/\/www.cavallcartro.cat\/es\/carnaval-escuela-infantil","og_site_name":"Cavall de Cartr\u00f3 - Serveis Educatius","article_publisher":"https:\/\/www.facebook.com\/cavallcartroedu","article_published_time":"2018-03-07T10:54:31+00:00","og_image":[{"width":1200,"height":600,"url":"https:\/\/www.cavallcartro.cat\/wp-content\/uploads\/2018\/02\/El-rei-Carnestoltes-a-lescola-bressol.jpg","type":"image\/jpeg"}],"author":"cgarcia","twitter_card":"summary_large_image","twitter_creator":"@cavallcartroedu","twitter_site":"@cavallcartroedu","twitter_misc":{"Escrito por":"cgarcia","Tiempo de lectura":"2 minutos"},"schema":{"@context":"https:\/\/schema.org","@graph":[{"@type":"Article","@id":"https:\/\/www.cavallcartro.cat\/es\/carnaval-escuela-infantil#article","isPartOf":{"@id":"https:\/\/www.cavallcartro.cat\/es\/carnaval-escuela-infantil"},"author":{"name":"cgarcia","@id":"https:\/\/www.cavallcartro.cat\/#\/schema\/person\/6747bc1660e32d545ab2b8e5927ea542"},"headline":"Carnaval en la escuela infantil","datePublished":"2018-03-07T10:54:31+00:00","mainEntityOfPage":{"@id":"https:\/\/www.cavallcartro.cat\/es\/carnaval-escuela-infantil"},"wordCount":321,"publisher":{"@id":"https:\/\/www.cavallcartro.cat\/#organization"},"image":{"@id":"https:\/\/www.cavallcartro.cat\/es\/carnaval-escuela-infantil#primaryimage"},"thumbnailUrl":"https:\/\/www.cavallcartro.cat\/wp-content\/uploads\/2018\/02\/El-rei-Carnestoltes-a-lescola-bressol.jpg","keywords":["C\u00e0noves","Carnaval","Cavall de Cartr\u00f3","escuelas infantiles municipales","ni\u00f1as","ni\u00f1os","tradiciones"],"articleSection":["Proyectos"],"inLanguage":"es"},{"@type":"WebPage","@id":"https:\/\/www.cavallcartro.cat\/es\/carnaval-escuela-infantil","url":"https:\/\/www.cavallcartro.cat\/es\/carnaval-escuela-infantil","name":"Carnaval en la escuela infantil - Cavall de Cartr\u00f3 Serveis Educatius","isPartOf":{"@id":"https:\/\/www.cavallcartro.cat\/#website"},"primaryImageOfPage":{"@id":"https:\/\/www.cavallcartro.cat\/es\/carnaval-escuela-infantil#primaryimage"},"image":{"@id":"https:\/\/www.cavallcartro.cat\/es\/carnaval-escuela-infantil#primaryimage"},"thumbnailUrl":"https:\/\/www.cavallcartro.cat\/wp-content\/uploads\/2018\/02\/El-rei-Carnestoltes-a-lescola-bressol.jpg","datePublished":"2018-03-07T10:54:31+00:00","description":"El rey Carnestoltes llega a la escuela infantil. Y nos trae consignas para hacer toda la semana. \u00a1Son d\u00edas de mucha fiesta!","breadcrumb":{"@id":"https:\/\/www.cavallcartro.cat\/es\/carnaval-escuela-infantil#breadcrumb"},"inLanguage":"es","potentialAction":[{"@type":"ReadAction","target":["https:\/\/www.cavallcartro.cat\/es\/carnaval-escuela-infantil"]}]},{"@type":"ImageObject","inLanguage":"es","@id":"https:\/\/www.cavallcartro.cat\/es\/carnaval-escuela-infantil#primaryimage","url":"https:\/\/www.cavallcartro.cat\/wp-content\/uploads\/2018\/02\/El-rei-Carnestoltes-a-lescola-bressol.jpg","contentUrl":"https:\/\/www.cavallcartro.cat\/wp-content\/uploads\/2018\/02\/El-rei-Carnestoltes-a-lescola-bressol.jpg","width":1200,"height":600,"caption":"El rei Carnestoltes a l'escola bressol"},{"@type":"BreadcrumbList","@id":"https:\/\/www.cavallcartro.cat\/es\/carnaval-escuela-infantil#breadcrumb","itemListElement":[{"@type":"ListItem","position":1,"name":"Portada","item":"https:\/\/www.cavallcartro.cat\/es"},{"@type":"ListItem","position":2,"name":"Carnaval en la escuela infantil"}]},{"@type":"WebSite","@id":"https:\/\/www.cavallcartro.cat\/#website","url":"https:\/\/www.cavallcartro.cat\/","name":"Cavall de Cartr\u00f3","description":"Gesti\u00f3 d&#039;escoles bressol i llars d&#039;infants municipals a Barcelona i tota Catalunya.","publisher":{"@id":"https:\/\/www.cavallcartro.cat\/#organization"},"potentialAction":[{"@type":"SearchAction","target":{"@type":"EntryPoint","urlTemplate":"https:\/\/www.cavallcartro.cat\/?s={search_term_string}"},"query-input":{"@type":"PropertyValueSpecification","valueRequired":true,"valueName":"search_term_string"}}],"inLanguage":"es"},{"@type":"Organization","@id":"https:\/\/www.cavallcartro.cat\/#organization","name":"Cavall de Cartr\u00f3","url":"https:\/\/www.cavallcartro.cat\/","logo":{"@type":"ImageObject","inLanguage":"es","@id":"https:\/\/www.cavallcartro.cat\/#\/schema\/logo\/image\/","url":"https:\/\/www.cavallcartro.cat\/wp-content\/uploads\/2020\/07\/Logo-Cavall-de-Cartr\u00f3-gesti\u00f3-escoles-bressol-i-menjadors-escolars-e1596129492304.png","contentUrl":"https:\/\/www.cavallcartro.cat\/wp-content\/uploads\/2020\/07\/Logo-Cavall-de-Cartr\u00f3-gesti\u00f3-escoles-bressol-i-menjadors-escolars-e1596129492304.png","width":528,"height":274,"caption":"Cavall de Cartr\u00f3"},"image":{"@id":"https:\/\/www.cavallcartro.cat\/#\/schema\/logo\/image\/"},"sameAs":["https:\/\/www.facebook.com\/cavallcartroedu","https:\/\/x.com\/cavallcartroedu","https:\/\/www.instagram.com\/cavallcartroedu\/","https:\/\/www.youtube.com\/@CavalldeCartro"]},{"@type":"Person","@id":"https:\/\/www.cavallcartro.cat\/#\/schema\/person\/6747bc1660e32d545ab2b8e5927ea542","name":"cgarcia","image":{"@type":"ImageObject","inLanguage":"es","@id":"https:\/\/secure.gravatar.com\/avatar\/469990a84f48a39e93ee0d8243415a74ba5692f608ea41afee8cae0e81f99f77?s=96&d=mm&r=g","url":"https:\/\/secure.gravatar.com\/avatar\/469990a84f48a39e93ee0d8243415a74ba5692f608ea41afee8cae0e81f99f77?s=96&d=mm&r=g","contentUrl":"https:\/\/secure.gravatar.com\/avatar\/469990a84f48a39e93ee0d8243415a74ba5692f608ea41afee8cae0e81f99f77?s=96&d=mm&r=g","caption":"cgarcia"},"url":"https:\/\/www.cavallcartro.cat\/es\/author\/cgarcia"}]}},"_links":{"self":[{"href":"https:\/\/www.cavallcartro.cat\/es\/wp-json\/wp\/v2\/posts\/3335","targetHints":{"allow":["GET"]}}],"collection":[{"href":"https:\/\/www.cavallcartro.cat\/es\/wp-json\/wp\/v2\/posts"}],"about":[{"href":"https:\/\/www.cavallcartro.cat\/es\/wp-json\/wp\/v2\/types\/post"}],"author":[{"embeddable":true,"href":"https:\/\/www.cavallcartro.cat\/es\/wp-json\/wp\/v2\/users\/1"}],"replies":[{"embeddable":true,"href":"https:\/\/www.cavallcartro.cat\/es\/wp-json\/wp\/v2\/comments?post=3335"}],"version-history":[{"count":1,"href":"https:\/\/www.cavallcartro.cat\/es\/wp-json\/wp\/v2\/posts\/3335\/revisions"}],"predecessor-version":[{"id":3336,"href":"https:\/\/www.cavallcartro.cat\/es\/wp-json\/wp\/v2\/posts\/3335\/revisions\/3336"}],"wp:featuredmedia":[{"embeddable":true,"href":"https:\/\/www.cavallcartro.cat\/es\/wp-json\/wp\/v2\/media\/3311"}],"wp:attachment":[{"href":"https:\/\/www.cavallcartro.cat\/es\/wp-json\/wp\/v2\/media?parent=3335"}],"wp:term":[{"taxonomy":"category","embeddable":true,"href":"https:\/\/www.cavallcartro.cat\/es\/wp-json\/wp\/v2\/categories?post=3335"},{"taxonomy":"post_tag","embeddable":true,"href":"https:\/\/www.cavallcartro.cat\/es\/wp-json\/wp\/v2\/tags?post=3335"}],"curies":[{"name":"wp","href":"https:\/\/api.w.org\/{rel}","templated":true}]}}