{"id":3183,"date":"2017-11-22T16:32:57","date_gmt":"2017-11-22T16:32:57","guid":{"rendered":"http:\/\/www.cavallcartro.cat?p=3183"},"modified":"2018-01-18T16:49:32","modified_gmt":"2018-01-18T16:49:32","slug":"representamos-musical-la-caperucita-roja-la-escuela-infantil","status":"publish","type":"post","link":"https:\/\/www.cavallcartro.cat\/es\/representamos-musical-la-caperucita-roja-la-escuela-infantil","title":{"rendered":"Representamos un musical de La Caperucita Roja en la escuela infantil"},"content":{"rendered":"<h3>Las educadoras de la LLIP Taitom, del <a href=\"http:\/\/www.olesademontserrat.cat\/\" target=\"_blank\" rel=\"noopener noreferrer\">Ayuntamiento de Olesa de Montserrat<\/a>, nos han hecho un musical de La Caperucita Roja.<\/h3>\n<p>Las ni\u00f1as y ni\u00f1os, junto a las educadoras del centro, hemos disfrutado much\u00edsimo del cuento, que ten\u00eda acompa\u00f1amiento musical.<\/p>\n<p>Y es que los cuentos infantiles son un medio excelente para transmitir consejos, ideas y valores.<\/p>\n<p>Todo el mundo sabe que<strong> los cuentos tienen un alt\u00edsimo potencial educativo<\/strong>: favorecen el aprendizaje de la m\u00fasica y la adquisici\u00f3n de h\u00e1bitos como son saber escuchar o el valor de la empat\u00eda, que los peque\u00f1os desarrollan hacia los personajes del cuento; tambi\u00e9n nos ofrece referentes y modelos, personajes con los cuales los ni\u00f1os y ni\u00f1as se miran en un espejo y aprenden a imitar comportamientos, actitudes y, en consecuencia, valores.<\/p>\n<p>Por eso hemos escogido el <strong>cuento musicado,<\/strong> con el fin de difundirlo tambi\u00e9n por medio de la m\u00fasica y la escenificaci\u00f3n. Y as\u00ed <strong>poder comunicar con m\u00e1s fuerza sus mensajes<\/strong> (el arte musical y el arte dram\u00e1tico) y educar a los ni\u00f1os en la escuela infantil.<\/p>\n<p>Hemos explicado un cuento cl\u00e1sico como La Caperucita Rojo <strong>sin palabras, utilizando recursos como son la m\u00fasica, los sonidos, los bailes&#8230;<\/strong> As\u00ed los ni\u00f1os pueden descubrir que hay distintas formas de explicar un cuento. La m\u00fasica habla por s\u00ed sola y nosotros la hemos verbalizado d\u00e1ndole mucha m\u00e1s importancia.<\/p>\n<p>A los peque\u00f1os espectadores les ha causado mucho inter\u00e9s la puesta en escena y la m\u00fasica.<\/p>\n<p>&nbsp;<\/p>\n<p><em><strong>MERITXELL FONT FARRAS<\/strong><\/em><\/p>\n<p><strong>Directora LLIP TAITOM Olesa de Montserrat<\/strong><\/p>\n<p><strong>Noviembre 2017<\/strong><\/p>\n<p><img loading=\"lazy\" decoding=\"async\" class=\"aligncenter wp-image-3126 size-full\" src=\"https:\/\/www.cavallcartro.cat\/wp-content\/uploads\/2017\/12\/Conte-La-Caputxeta-Vermella-llar-infants-Taitom-Olesa.jpg\" alt=\"Conte La Caputxeta Vermella llar infants Taitom Olesa\" width=\"1200\" height=\"675\" srcset=\"https:\/\/www.cavallcartro.cat\/wp-content\/uploads\/2017\/12\/Conte-La-Caputxeta-Vermella-llar-infants-Taitom-Olesa.jpg 1200w, https:\/\/www.cavallcartro.cat\/wp-content\/uploads\/2017\/12\/Conte-La-Caputxeta-Vermella-llar-infants-Taitom-Olesa-600x338.jpg 600w, https:\/\/www.cavallcartro.cat\/wp-content\/uploads\/2017\/12\/Conte-La-Caputxeta-Vermella-llar-infants-Taitom-Olesa-300x169.jpg 300w, https:\/\/www.cavallcartro.cat\/wp-content\/uploads\/2017\/12\/Conte-La-Caputxeta-Vermella-llar-infants-Taitom-Olesa-768x432.jpg 768w, https:\/\/www.cavallcartro.cat\/wp-content\/uploads\/2017\/12\/Conte-La-Caputxeta-Vermella-llar-infants-Taitom-Olesa-1024x576.jpg 1024w, https:\/\/www.cavallcartro.cat\/wp-content\/uploads\/2017\/12\/Conte-La-Caputxeta-Vermella-llar-infants-Taitom-Olesa-100x56.jpg 100w\" sizes=\"auto, (max-width: 1200px) 100vw, 1200px\" \/><br \/>\n<iframe loading=\"lazy\" style=\"overflow: hidden; width: 1200px; height: 258px;\" src=\"\/\/www.facebook.com\/plugins\/likebox.php?href=http%3A%2F%2Fwww.facebook.com%2F354052831640272&amp;width=1200&amp;height=258&amp;show_faces=true&amp;colorscheme=light&amp;stream=false&amp;border_color=%23FFF&amp;header=false\" width=\"1200\" height=\"240\" frameborder=\"0\" scrolling=\"no\"><\/iframe><\/p>\n","protected":false},"excerpt":{"rendered":"<p>Las educadoras de la LLIP Taitom, del Ayuntamiento de Olesa, nos han hecho un musical de La Caperucita Roja. Hemos experimentado con distintas formas de expresi\u00f3n art\u00edstica para los peque\u00f1os de la escuela infantil.<\/p>\n","protected":false},"author":1,"featured_media":3125,"comment_status":"closed","ping_status":"closed","sticky":false,"template":"","format":"standard","meta":{"footnotes":""},"categories":[88],"tags":[245,131,238,246],"class_list":["post-3183","post","type-post","status-publish","format-standard","has-post-thumbnail","hentry","category-proyectos","tag-caperucita-roja","tag-escuela-infantil","tag-ninos","tag-olesa-de-montserrat-es"],"yoast_head":"<!-- This site is optimized with the Yoast SEO plugin v27.5 - https:\/\/yoast.com\/product\/yoast-seo-wordpress\/ -->\n<title>Representamos un musical de La Caperucita Roja en la escuela infantil<\/title>\n<meta name=\"description\" content=\"Las educadoras de la LLIP Taitom del Ayuntamiento de Olesa han hecho un musical de La Caperucita Roja. Experimentamos con los alumnos de la escuela infantil\" \/>\n<meta name=\"robots\" content=\"index, follow, max-snippet:-1, max-image-preview:large, max-video-preview:-1\" \/>\n<link rel=\"canonical\" href=\"https:\/\/www.cavallcartro.cat\/es\/representamos-musical-la-caperucita-roja-la-escuela-infantil\" \/>\n<meta property=\"og:locale\" content=\"es_ES\" \/>\n<meta property=\"og:type\" content=\"article\" \/>\n<meta property=\"og:title\" content=\"Representamos un musical de La Caperucita Roja en la escuela infantil\" \/>\n<meta property=\"og:description\" content=\"Las educadoras de la LLIP Taitom del Ayuntamiento de Olesa han hecho un musical de La Caperucita Roja. Experimentamos con los alumnos de la escuela infantil\" \/>\n<meta property=\"og:url\" content=\"https:\/\/www.cavallcartro.cat\/es\/representamos-musical-la-caperucita-roja-la-escuela-infantil\" \/>\n<meta property=\"og:site_name\" content=\"Cavall de Cartr\u00f3 - Serveis Educatius\" \/>\n<meta property=\"article:publisher\" content=\"https:\/\/www.facebook.com\/cavallcartroedu\" \/>\n<meta property=\"article:published_time\" content=\"2017-11-22T16:32:57+00:00\" \/>\n<meta property=\"article:modified_time\" content=\"2018-01-18T16:49:32+00:00\" \/>\n<meta property=\"og:image\" content=\"https:\/\/www.cavallcartro.cat\/wp-content\/uploads\/2017\/12\/Conte-La-Caputxeta-Vermella-escola-bressol-Taitom-Olesa.jpg\" \/>\n\t<meta property=\"og:image:width\" content=\"1200\" \/>\n\t<meta property=\"og:image:height\" content=\"600\" \/>\n\t<meta property=\"og:image:type\" content=\"image\/jpeg\" \/>\n<meta name=\"author\" content=\"cgarcia\" \/>\n<meta name=\"twitter:card\" content=\"summary_large_image\" \/>\n<meta name=\"twitter:creator\" content=\"@cavallcartroedu\" \/>\n<meta name=\"twitter:site\" content=\"@cavallcartroedu\" \/>\n<meta name=\"twitter:label1\" content=\"Escrito por\" \/>\n\t<meta name=\"twitter:data1\" content=\"cgarcia\" \/>\n\t<meta name=\"twitter:label2\" content=\"Tiempo de lectura\" \/>\n\t<meta name=\"twitter:data2\" content=\"1 minuto\" \/>\n<script type=\"application\/ld+json\" class=\"yoast-schema-graph\">{\"@context\":\"https:\\\/\\\/schema.org\",\"@graph\":[{\"@type\":\"Article\",\"@id\":\"https:\\\/\\\/www.cavallcartro.cat\\\/es\\\/representamos-musical-la-caperucita-roja-la-escuela-infantil#article\",\"isPartOf\":{\"@id\":\"https:\\\/\\\/www.cavallcartro.cat\\\/es\\\/representamos-musical-la-caperucita-roja-la-escuela-infantil\"},\"author\":{\"name\":\"cgarcia\",\"@id\":\"https:\\\/\\\/www.cavallcartro.cat\\\/#\\\/schema\\\/person\\\/6747bc1660e32d545ab2b8e5927ea542\"},\"headline\":\"Representamos un musical de La Caperucita Roja en la escuela infantil\",\"datePublished\":\"2017-11-22T16:32:57+00:00\",\"dateModified\":\"2018-01-18T16:49:32+00:00\",\"mainEntityOfPage\":{\"@id\":\"https:\\\/\\\/www.cavallcartro.cat\\\/es\\\/representamos-musical-la-caperucita-roja-la-escuela-infantil\"},\"wordCount\":289,\"publisher\":{\"@id\":\"https:\\\/\\\/www.cavallcartro.cat\\\/#organization\"},\"image\":{\"@id\":\"https:\\\/\\\/www.cavallcartro.cat\\\/es\\\/representamos-musical-la-caperucita-roja-la-escuela-infantil#primaryimage\"},\"thumbnailUrl\":\"https:\\\/\\\/www.cavallcartro.cat\\\/wp-content\\\/uploads\\\/2017\\\/12\\\/Conte-La-Caputxeta-Vermella-escola-bressol-Taitom-Olesa.jpg\",\"keywords\":[\"Caperucita Roja\",\"escuela infantil\",\"ni\u00f1os\",\"Olesa de Montserrat\"],\"articleSection\":[\"Proyectos\"],\"inLanguage\":\"es\"},{\"@type\":\"WebPage\",\"@id\":\"https:\\\/\\\/www.cavallcartro.cat\\\/es\\\/representamos-musical-la-caperucita-roja-la-escuela-infantil\",\"url\":\"https:\\\/\\\/www.cavallcartro.cat\\\/es\\\/representamos-musical-la-caperucita-roja-la-escuela-infantil\",\"name\":\"Representamos un musical de La Caperucita Roja en la escuela infantil\",\"isPartOf\":{\"@id\":\"https:\\\/\\\/www.cavallcartro.cat\\\/#website\"},\"primaryImageOfPage\":{\"@id\":\"https:\\\/\\\/www.cavallcartro.cat\\\/es\\\/representamos-musical-la-caperucita-roja-la-escuela-infantil#primaryimage\"},\"image\":{\"@id\":\"https:\\\/\\\/www.cavallcartro.cat\\\/es\\\/representamos-musical-la-caperucita-roja-la-escuela-infantil#primaryimage\"},\"thumbnailUrl\":\"https:\\\/\\\/www.cavallcartro.cat\\\/wp-content\\\/uploads\\\/2017\\\/12\\\/Conte-La-Caputxeta-Vermella-escola-bressol-Taitom-Olesa.jpg\",\"datePublished\":\"2017-11-22T16:32:57+00:00\",\"dateModified\":\"2018-01-18T16:49:32+00:00\",\"description\":\"Las educadoras de la LLIP Taitom del Ayuntamiento de Olesa han hecho un musical de La Caperucita Roja. Experimentamos con los alumnos de la escuela infantil\",\"breadcrumb\":{\"@id\":\"https:\\\/\\\/www.cavallcartro.cat\\\/es\\\/representamos-musical-la-caperucita-roja-la-escuela-infantil#breadcrumb\"},\"inLanguage\":\"es\",\"potentialAction\":[{\"@type\":\"ReadAction\",\"target\":[\"https:\\\/\\\/www.cavallcartro.cat\\\/es\\\/representamos-musical-la-caperucita-roja-la-escuela-infantil\"]}]},{\"@type\":\"ImageObject\",\"inLanguage\":\"es\",\"@id\":\"https:\\\/\\\/www.cavallcartro.cat\\\/es\\\/representamos-musical-la-caperucita-roja-la-escuela-infantil#primaryimage\",\"url\":\"https:\\\/\\\/www.cavallcartro.cat\\\/wp-content\\\/uploads\\\/2017\\\/12\\\/Conte-La-Caputxeta-Vermella-escola-bressol-Taitom-Olesa.jpg\",\"contentUrl\":\"https:\\\/\\\/www.cavallcartro.cat\\\/wp-content\\\/uploads\\\/2017\\\/12\\\/Conte-La-Caputxeta-Vermella-escola-bressol-Taitom-Olesa.jpg\",\"width\":1200,\"height\":600,\"caption\":\"Conte La Caputxeta Vermella escola bressol Taitom Olesa\"},{\"@type\":\"BreadcrumbList\",\"@id\":\"https:\\\/\\\/www.cavallcartro.cat\\\/es\\\/representamos-musical-la-caperucita-roja-la-escuela-infantil#breadcrumb\",\"itemListElement\":[{\"@type\":\"ListItem\",\"position\":1,\"name\":\"Portada\",\"item\":\"https:\\\/\\\/www.cavallcartro.cat\\\/es\"},{\"@type\":\"ListItem\",\"position\":2,\"name\":\"Representamos un musical de La Caperucita Roja en la escuela infantil\"}]},{\"@type\":\"WebSite\",\"@id\":\"https:\\\/\\\/www.cavallcartro.cat\\\/#website\",\"url\":\"https:\\\/\\\/www.cavallcartro.cat\\\/\",\"name\":\"Cavall de Cartr\u00f3\",\"description\":\"Gesti\u00f3 d&#039;escoles bressol i llars d&#039;infants municipals a Barcelona i tota Catalunya.\",\"publisher\":{\"@id\":\"https:\\\/\\\/www.cavallcartro.cat\\\/#organization\"},\"potentialAction\":[{\"@type\":\"SearchAction\",\"target\":{\"@type\":\"EntryPoint\",\"urlTemplate\":\"https:\\\/\\\/www.cavallcartro.cat\\\/?s={search_term_string}\"},\"query-input\":{\"@type\":\"PropertyValueSpecification\",\"valueRequired\":true,\"valueName\":\"search_term_string\"}}],\"inLanguage\":\"es\"},{\"@type\":\"Organization\",\"@id\":\"https:\\\/\\\/www.cavallcartro.cat\\\/#organization\",\"name\":\"Cavall de Cartr\u00f3\",\"url\":\"https:\\\/\\\/www.cavallcartro.cat\\\/\",\"logo\":{\"@type\":\"ImageObject\",\"inLanguage\":\"es\",\"@id\":\"https:\\\/\\\/www.cavallcartro.cat\\\/#\\\/schema\\\/logo\\\/image\\\/\",\"url\":\"https:\\\/\\\/www.cavallcartro.cat\\\/wp-content\\\/uploads\\\/2020\\\/07\\\/Logo-Cavall-de-Cartr\u00f3-gesti\u00f3-escoles-bressol-i-menjadors-escolars-e1596129492304.png\",\"contentUrl\":\"https:\\\/\\\/www.cavallcartro.cat\\\/wp-content\\\/uploads\\\/2020\\\/07\\\/Logo-Cavall-de-Cartr\u00f3-gesti\u00f3-escoles-bressol-i-menjadors-escolars-e1596129492304.png\",\"width\":528,\"height\":274,\"caption\":\"Cavall de Cartr\u00f3\"},\"image\":{\"@id\":\"https:\\\/\\\/www.cavallcartro.cat\\\/#\\\/schema\\\/logo\\\/image\\\/\"},\"sameAs\":[\"https:\\\/\\\/www.facebook.com\\\/cavallcartroedu\",\"https:\\\/\\\/x.com\\\/cavallcartroedu\",\"https:\\\/\\\/www.instagram.com\\\/cavallcartroedu\\\/\",\"https:\\\/\\\/www.youtube.com\\\/@CavalldeCartro\"]},{\"@type\":\"Person\",\"@id\":\"https:\\\/\\\/www.cavallcartro.cat\\\/#\\\/schema\\\/person\\\/6747bc1660e32d545ab2b8e5927ea542\",\"name\":\"cgarcia\",\"image\":{\"@type\":\"ImageObject\",\"inLanguage\":\"es\",\"@id\":\"https:\\\/\\\/secure.gravatar.com\\\/avatar\\\/469990a84f48a39e93ee0d8243415a74ba5692f608ea41afee8cae0e81f99f77?s=96&d=mm&r=g\",\"url\":\"https:\\\/\\\/secure.gravatar.com\\\/avatar\\\/469990a84f48a39e93ee0d8243415a74ba5692f608ea41afee8cae0e81f99f77?s=96&d=mm&r=g\",\"contentUrl\":\"https:\\\/\\\/secure.gravatar.com\\\/avatar\\\/469990a84f48a39e93ee0d8243415a74ba5692f608ea41afee8cae0e81f99f77?s=96&d=mm&r=g\",\"caption\":\"cgarcia\"},\"url\":\"https:\\\/\\\/www.cavallcartro.cat\\\/es\\\/author\\\/cgarcia\"}]}<\/script>\n<!-- \/ Yoast SEO plugin. -->","yoast_head_json":{"title":"Representamos un musical de La Caperucita Roja en la escuela infantil","description":"Las educadoras de la LLIP Taitom del Ayuntamiento de Olesa han hecho un musical de La Caperucita Roja. Experimentamos con los alumnos de la escuela infantil","robots":{"index":"index","follow":"follow","max-snippet":"max-snippet:-1","max-image-preview":"max-image-preview:large","max-video-preview":"max-video-preview:-1"},"canonical":"https:\/\/www.cavallcartro.cat\/es\/representamos-musical-la-caperucita-roja-la-escuela-infantil","og_locale":"es_ES","og_type":"article","og_title":"Representamos un musical de La Caperucita Roja en la escuela infantil","og_description":"Las educadoras de la LLIP Taitom del Ayuntamiento de Olesa han hecho un musical de La Caperucita Roja. Experimentamos con los alumnos de la escuela infantil","og_url":"https:\/\/www.cavallcartro.cat\/es\/representamos-musical-la-caperucita-roja-la-escuela-infantil","og_site_name":"Cavall de Cartr\u00f3 - Serveis Educatius","article_publisher":"https:\/\/www.facebook.com\/cavallcartroedu","article_published_time":"2017-11-22T16:32:57+00:00","article_modified_time":"2018-01-18T16:49:32+00:00","og_image":[{"width":1200,"height":600,"url":"https:\/\/www.cavallcartro.cat\/wp-content\/uploads\/2017\/12\/Conte-La-Caputxeta-Vermella-escola-bressol-Taitom-Olesa.jpg","type":"image\/jpeg"}],"author":"cgarcia","twitter_card":"summary_large_image","twitter_creator":"@cavallcartroedu","twitter_site":"@cavallcartroedu","twitter_misc":{"Escrito por":"cgarcia","Tiempo de lectura":"1 minuto"},"schema":{"@context":"https:\/\/schema.org","@graph":[{"@type":"Article","@id":"https:\/\/www.cavallcartro.cat\/es\/representamos-musical-la-caperucita-roja-la-escuela-infantil#article","isPartOf":{"@id":"https:\/\/www.cavallcartro.cat\/es\/representamos-musical-la-caperucita-roja-la-escuela-infantil"},"author":{"name":"cgarcia","@id":"https:\/\/www.cavallcartro.cat\/#\/schema\/person\/6747bc1660e32d545ab2b8e5927ea542"},"headline":"Representamos un musical de La Caperucita Roja en la escuela infantil","datePublished":"2017-11-22T16:32:57+00:00","dateModified":"2018-01-18T16:49:32+00:00","mainEntityOfPage":{"@id":"https:\/\/www.cavallcartro.cat\/es\/representamos-musical-la-caperucita-roja-la-escuela-infantil"},"wordCount":289,"publisher":{"@id":"https:\/\/www.cavallcartro.cat\/#organization"},"image":{"@id":"https:\/\/www.cavallcartro.cat\/es\/representamos-musical-la-caperucita-roja-la-escuela-infantil#primaryimage"},"thumbnailUrl":"https:\/\/www.cavallcartro.cat\/wp-content\/uploads\/2017\/12\/Conte-La-Caputxeta-Vermella-escola-bressol-Taitom-Olesa.jpg","keywords":["Caperucita Roja","escuela infantil","ni\u00f1os","Olesa de Montserrat"],"articleSection":["Proyectos"],"inLanguage":"es"},{"@type":"WebPage","@id":"https:\/\/www.cavallcartro.cat\/es\/representamos-musical-la-caperucita-roja-la-escuela-infantil","url":"https:\/\/www.cavallcartro.cat\/es\/representamos-musical-la-caperucita-roja-la-escuela-infantil","name":"Representamos un musical de La Caperucita Roja en la escuela infantil","isPartOf":{"@id":"https:\/\/www.cavallcartro.cat\/#website"},"primaryImageOfPage":{"@id":"https:\/\/www.cavallcartro.cat\/es\/representamos-musical-la-caperucita-roja-la-escuela-infantil#primaryimage"},"image":{"@id":"https:\/\/www.cavallcartro.cat\/es\/representamos-musical-la-caperucita-roja-la-escuela-infantil#primaryimage"},"thumbnailUrl":"https:\/\/www.cavallcartro.cat\/wp-content\/uploads\/2017\/12\/Conte-La-Caputxeta-Vermella-escola-bressol-Taitom-Olesa.jpg","datePublished":"2017-11-22T16:32:57+00:00","dateModified":"2018-01-18T16:49:32+00:00","description":"Las educadoras de la LLIP Taitom del Ayuntamiento de Olesa han hecho un musical de La Caperucita Roja. Experimentamos con los alumnos de la escuela infantil","breadcrumb":{"@id":"https:\/\/www.cavallcartro.cat\/es\/representamos-musical-la-caperucita-roja-la-escuela-infantil#breadcrumb"},"inLanguage":"es","potentialAction":[{"@type":"ReadAction","target":["https:\/\/www.cavallcartro.cat\/es\/representamos-musical-la-caperucita-roja-la-escuela-infantil"]}]},{"@type":"ImageObject","inLanguage":"es","@id":"https:\/\/www.cavallcartro.cat\/es\/representamos-musical-la-caperucita-roja-la-escuela-infantil#primaryimage","url":"https:\/\/www.cavallcartro.cat\/wp-content\/uploads\/2017\/12\/Conte-La-Caputxeta-Vermella-escola-bressol-Taitom-Olesa.jpg","contentUrl":"https:\/\/www.cavallcartro.cat\/wp-content\/uploads\/2017\/12\/Conte-La-Caputxeta-Vermella-escola-bressol-Taitom-Olesa.jpg","width":1200,"height":600,"caption":"Conte La Caputxeta Vermella escola bressol Taitom Olesa"},{"@type":"BreadcrumbList","@id":"https:\/\/www.cavallcartro.cat\/es\/representamos-musical-la-caperucita-roja-la-escuela-infantil#breadcrumb","itemListElement":[{"@type":"ListItem","position":1,"name":"Portada","item":"https:\/\/www.cavallcartro.cat\/es"},{"@type":"ListItem","position":2,"name":"Representamos un musical de La Caperucita Roja en la escuela infantil"}]},{"@type":"WebSite","@id":"https:\/\/www.cavallcartro.cat\/#website","url":"https:\/\/www.cavallcartro.cat\/","name":"Cavall de Cartr\u00f3","description":"Gesti\u00f3 d&#039;escoles bressol i llars d&#039;infants municipals a Barcelona i tota Catalunya.","publisher":{"@id":"https:\/\/www.cavallcartro.cat\/#organization"},"potentialAction":[{"@type":"SearchAction","target":{"@type":"EntryPoint","urlTemplate":"https:\/\/www.cavallcartro.cat\/?s={search_term_string}"},"query-input":{"@type":"PropertyValueSpecification","valueRequired":true,"valueName":"search_term_string"}}],"inLanguage":"es"},{"@type":"Organization","@id":"https:\/\/www.cavallcartro.cat\/#organization","name":"Cavall de Cartr\u00f3","url":"https:\/\/www.cavallcartro.cat\/","logo":{"@type":"ImageObject","inLanguage":"es","@id":"https:\/\/www.cavallcartro.cat\/#\/schema\/logo\/image\/","url":"https:\/\/www.cavallcartro.cat\/wp-content\/uploads\/2020\/07\/Logo-Cavall-de-Cartr\u00f3-gesti\u00f3-escoles-bressol-i-menjadors-escolars-e1596129492304.png","contentUrl":"https:\/\/www.cavallcartro.cat\/wp-content\/uploads\/2020\/07\/Logo-Cavall-de-Cartr\u00f3-gesti\u00f3-escoles-bressol-i-menjadors-escolars-e1596129492304.png","width":528,"height":274,"caption":"Cavall de Cartr\u00f3"},"image":{"@id":"https:\/\/www.cavallcartro.cat\/#\/schema\/logo\/image\/"},"sameAs":["https:\/\/www.facebook.com\/cavallcartroedu","https:\/\/x.com\/cavallcartroedu","https:\/\/www.instagram.com\/cavallcartroedu\/","https:\/\/www.youtube.com\/@CavalldeCartro"]},{"@type":"Person","@id":"https:\/\/www.cavallcartro.cat\/#\/schema\/person\/6747bc1660e32d545ab2b8e5927ea542","name":"cgarcia","image":{"@type":"ImageObject","inLanguage":"es","@id":"https:\/\/secure.gravatar.com\/avatar\/469990a84f48a39e93ee0d8243415a74ba5692f608ea41afee8cae0e81f99f77?s=96&d=mm&r=g","url":"https:\/\/secure.gravatar.com\/avatar\/469990a84f48a39e93ee0d8243415a74ba5692f608ea41afee8cae0e81f99f77?s=96&d=mm&r=g","contentUrl":"https:\/\/secure.gravatar.com\/avatar\/469990a84f48a39e93ee0d8243415a74ba5692f608ea41afee8cae0e81f99f77?s=96&d=mm&r=g","caption":"cgarcia"},"url":"https:\/\/www.cavallcartro.cat\/es\/author\/cgarcia"}]}},"_links":{"self":[{"href":"https:\/\/www.cavallcartro.cat\/es\/wp-json\/wp\/v2\/posts\/3183","targetHints":{"allow":["GET"]}}],"collection":[{"href":"https:\/\/www.cavallcartro.cat\/es\/wp-json\/wp\/v2\/posts"}],"about":[{"href":"https:\/\/www.cavallcartro.cat\/es\/wp-json\/wp\/v2\/types\/post"}],"author":[{"embeddable":true,"href":"https:\/\/www.cavallcartro.cat\/es\/wp-json\/wp\/v2\/users\/1"}],"replies":[{"embeddable":true,"href":"https:\/\/www.cavallcartro.cat\/es\/wp-json\/wp\/v2\/comments?post=3183"}],"version-history":[{"count":4,"href":"https:\/\/www.cavallcartro.cat\/es\/wp-json\/wp\/v2\/posts\/3183\/revisions"}],"predecessor-version":[{"id":3187,"href":"https:\/\/www.cavallcartro.cat\/es\/wp-json\/wp\/v2\/posts\/3183\/revisions\/3187"}],"wp:featuredmedia":[{"embeddable":true,"href":"https:\/\/www.cavallcartro.cat\/es\/wp-json\/wp\/v2\/media\/3125"}],"wp:attachment":[{"href":"https:\/\/www.cavallcartro.cat\/es\/wp-json\/wp\/v2\/media?parent=3183"}],"wp:term":[{"taxonomy":"category","embeddable":true,"href":"https:\/\/www.cavallcartro.cat\/es\/wp-json\/wp\/v2\/categories?post=3183"},{"taxonomy":"post_tag","embeddable":true,"href":"https:\/\/www.cavallcartro.cat\/es\/wp-json\/wp\/v2\/tags?post=3183"}],"curies":[{"name":"wp","href":"https:\/\/api.w.org\/{rel}","templated":true}]}}