{"id":3173,"date":"2017-12-27T15:55:52","date_gmt":"2017-12-27T15:55:52","guid":{"rendered":"http:\/\/www.cavallcartro.cat?p=3173"},"modified":"2018-01-18T16:11:01","modified_gmt":"2018-01-18T16:11:01","slug":"pompas-jabon-solidarias-malgrat-mar","status":"publish","type":"post","link":"https:\/\/www.cavallcartro.cat\/es\/pompas-jabon-solidarias-malgrat-mar","title":{"rendered":"Pompas de jab\u00f3n solidarias en Malgrat de Mar"},"content":{"rendered":"<p><H3>Colaboramos con pompas de jab\u00f3n solidarias para investigar las inmunodeficiencias primarias (IDP).<\/H3><br \/>\nDesde la escuela infantil municipal <strong>Els Fesolets<\/strong>, del <a href=\"http:\/\/www.ajmalgrat.cat\/\" target=\"_blank\" rel=\"noopener noreferrer\">Ayuntamiento de Malgrat de Mar<\/a>, hemos querido participar en la campa\u00f1a <strong>\u00abBufa la bombolla\u00bb (Sopla la pompa de jab\u00f3n)<\/strong>, campa\u00f1a nacida en Malgrat de Mar y que colabora con la <a href=\"http: \/\/ www.pidfoundationbcn.org\/\">Barcelona PID Foundation<\/a>, fundaci\u00f3n que trabaja para la difusi\u00f3n, la investigaci\u00f3n y la investigaci\u00f3n de las <strong>inmunodeficiencias primarias (IDP).<\/strong><\/p>\n<p>Con esta iniciativa se hace difusi\u00f3n de las enfermedades derivadas de las IDP y se colabora en la <strong>investigaci\u00f3n y la b\u00fasqueda <\/strong>, recaudando dinero mediante la venta de botes de pompas de jab\u00f3n.<\/p>\n<p>La campa\u00f1a nace inspirada en una ni\u00f1a de siete a\u00f1os de edad que estuvo en nuestra escuela infantil, y a la que a los cuatro a\u00f1os <strong>se le diagnostic\u00f3 una inmunodeficiencia<\/strong>, que la llev\u00f3 a someterse a un trasplante de m\u00e9dula.<\/p>\n<p>Despu\u00e9s de dos a\u00f1os y medio, a\u00fan sufre las consecuencias del trasplante y de la enfermedad. Su sistema inmunol\u00f3gico no funciona con normalidad y debe vivir <strong>protegida de contagios y posibles infecciones.<\/strong><\/p>\n<p>Por ello, no puede ir a la escuela, ni viajar en transporte p\u00fablico ni estar en lugares con mucha gente. Debe ir a menudo al hospital donde le hacen el seguimiento y tratamientos que la protejan mientras su cuerpo no fabrique las defensas necesarias para hacer una vida normal.<\/p>\n<p>Desde la escuela infantil hemos querido poner nuestro granito de arena para <strong>ayudar a los ni\u00f1os que padecen esta enfermedad<\/strong>. Este ha sido el motivo por el que el Ti\u00f3 ha \u00abcagado\u00bb para todos los  peques de la guarder\u00eda botes de pompas de jab\u00f3n solidarias.<\/p>\n<p>&#038; Nbsp;<\/p>\n<p><Strong>La escuela infantil se ha llenado de pompas de jab\u00f3n dedicadas a estos ni\u00f1os.<\/ Strong><\/p>\n<p>&nbsp;<\/p>\n<p><em><strong>MARI CRUZ GARZ\u00d3N MEMBRIVES<\/strong><\/em><\/p>\n<p><strong>Directora de la LLIM ELS FESOLETS, de Malgrat de Mar<\/strong><\/p>\n<p><strong>Diciembre 2017<\/strong><\/p>\n<div id='gallery-1' class='gallery galleryid-3173 gallery-columns-3 gallery-size-full'><dl class='gallery-item'>\n\t\t\t<dt class='gallery-icon landscape'>\n\t\t\t\t<a title=\"Bufa la bombolla solid\u00e0ria a Malgrat per les IDP 2\" class=\"kidsworld_popup_gallery\" href='https:\/\/www.cavallcartro.cat\/wp-content\/uploads\/2017\/12\/Bufa-la-bombolla-solid\u00e0ria-a-Malgrat-per-les-IDP-2.jpg'><img loading=\"lazy\" decoding=\"async\" width=\"600\" height=\"450\" src=\"https:\/\/www.cavallcartro.cat\/wp-content\/uploads\/2017\/12\/Bufa-la-bombolla-solid\u00e0ria-a-Malgrat-per-les-IDP-2.jpg\" class=\"attachment-full size-full\" alt=\"Bufa la bombolla solid\u00e0ria a Malgrat per les IDP 2\" srcset=\"https:\/\/www.cavallcartro.cat\/wp-content\/uploads\/2017\/12\/Bufa-la-bombolla-solid\u00e0ria-a-Malgrat-per-les-IDP-2.jpg 600w, https:\/\/www.cavallcartro.cat\/wp-content\/uploads\/2017\/12\/Bufa-la-bombolla-solid\u00e0ria-a-Malgrat-per-les-IDP-2-300x225.jpg 300w, https:\/\/www.cavallcartro.cat\/wp-content\/uploads\/2017\/12\/Bufa-la-bombolla-solid\u00e0ria-a-Malgrat-per-les-IDP-2-100x75.jpg 100w\" sizes=\"auto, (max-width: 600px) 100vw, 600px\" \/><\/a>\n\t\t\t<\/dt><\/dl><dl class='gallery-item'>\n\t\t\t<dt class='gallery-icon landscape'>\n\t\t\t\t<a title=\"Bufa la bombolla solid\u00e0ria a Malgrat per les IDP 3\" class=\"kidsworld_popup_gallery\" href='https:\/\/www.cavallcartro.cat\/wp-content\/uploads\/2017\/12\/Bufa-la-bombolla-solid\u00e0ria-a-Malgrat-per-les-IDP-3.jpg'><img loading=\"lazy\" decoding=\"async\" width=\"600\" height=\"450\" src=\"https:\/\/www.cavallcartro.cat\/wp-content\/uploads\/2017\/12\/Bufa-la-bombolla-solid\u00e0ria-a-Malgrat-per-les-IDP-3.jpg\" class=\"attachment-full size-full\" alt=\"Bufa la bombolla solid\u00e0ria a Malgrat per les IDP 3\" srcset=\"https:\/\/www.cavallcartro.cat\/wp-content\/uploads\/2017\/12\/Bufa-la-bombolla-solid\u00e0ria-a-Malgrat-per-les-IDP-3.jpg 600w, https:\/\/www.cavallcartro.cat\/wp-content\/uploads\/2017\/12\/Bufa-la-bombolla-solid\u00e0ria-a-Malgrat-per-les-IDP-3-300x225.jpg 300w, https:\/\/www.cavallcartro.cat\/wp-content\/uploads\/2017\/12\/Bufa-la-bombolla-solid\u00e0ria-a-Malgrat-per-les-IDP-3-100x75.jpg 100w\" sizes=\"auto, (max-width: 600px) 100vw, 600px\" \/><\/a>\n\t\t\t<\/dt><\/dl><dl class='gallery-item'>\n\t\t\t<dt class='gallery-icon landscape'>\n\t\t\t\t<a title=\"Bufa la bombolla solid\u00e0ria a Malgrat per les IDP 4\" class=\"kidsworld_popup_gallery\" href='https:\/\/www.cavallcartro.cat\/wp-content\/uploads\/2017\/12\/Bufa-la-bombolla-solid\u00e0ria-a-Malgrat-per-les-IDP-4.jpg'><img loading=\"lazy\" decoding=\"async\" width=\"600\" height=\"451\" src=\"https:\/\/www.cavallcartro.cat\/wp-content\/uploads\/2017\/12\/Bufa-la-bombolla-solid\u00e0ria-a-Malgrat-per-les-IDP-4.jpg\" class=\"attachment-full size-full\" alt=\"Bufa la bombolla solid\u00e0ria a Malgrat per les IDP 4\" srcset=\"https:\/\/www.cavallcartro.cat\/wp-content\/uploads\/2017\/12\/Bufa-la-bombolla-solid\u00e0ria-a-Malgrat-per-les-IDP-4.jpg 600w, https:\/\/www.cavallcartro.cat\/wp-content\/uploads\/2017\/12\/Bufa-la-bombolla-solid\u00e0ria-a-Malgrat-per-les-IDP-4-300x226.jpg 300w, https:\/\/www.cavallcartro.cat\/wp-content\/uploads\/2017\/12\/Bufa-la-bombolla-solid\u00e0ria-a-Malgrat-per-les-IDP-4-100x75.jpg 100w\" sizes=\"auto, (max-width: 600px) 100vw, 600px\" \/><\/a>\n\t\t\t<\/dt><\/dl><br style=\"clear: both\" \/><dl class='gallery-item'>\n\t\t\t<dt class='gallery-icon landscape'>\n\t\t\t\t<a title=\"Bufa la bombolla solid\u00e0ria a Malgrat per les IDP 5\" class=\"kidsworld_popup_gallery\" href='https:\/\/www.cavallcartro.cat\/wp-content\/uploads\/2017\/12\/Bufa-la-bombolla-solid\u00e0ria-a-Malgrat-per-les-IDP-5.jpg'><img loading=\"lazy\" decoding=\"async\" width=\"600\" height=\"450\" src=\"https:\/\/www.cavallcartro.cat\/wp-content\/uploads\/2017\/12\/Bufa-la-bombolla-solid\u00e0ria-a-Malgrat-per-les-IDP-5.jpg\" class=\"attachment-full size-full\" alt=\"Bufa la bombolla solid\u00e0ria a Malgrat per les IDP 5\" srcset=\"https:\/\/www.cavallcartro.cat\/wp-content\/uploads\/2017\/12\/Bufa-la-bombolla-solid\u00e0ria-a-Malgrat-per-les-IDP-5.jpg 600w, https:\/\/www.cavallcartro.cat\/wp-content\/uploads\/2017\/12\/Bufa-la-bombolla-solid\u00e0ria-a-Malgrat-per-les-IDP-5-300x225.jpg 300w, https:\/\/www.cavallcartro.cat\/wp-content\/uploads\/2017\/12\/Bufa-la-bombolla-solid\u00e0ria-a-Malgrat-per-les-IDP-5-100x75.jpg 100w\" sizes=\"auto, (max-width: 600px) 100vw, 600px\" \/><\/a>\n\t\t\t<\/dt><\/dl><dl class='gallery-item'>\n\t\t\t<dt class='gallery-icon landscape'>\n\t\t\t\t<a title=\"Bufa la bombolla solid\u00e0ria a Malgrat per les IDP\" class=\"kidsworld_popup_gallery\" href='https:\/\/www.cavallcartro.cat\/wp-content\/uploads\/2017\/12\/Bufa-la-bombolla-solid\u00e0ria-a-Malgrat-per-les-IDP.jpg'><img loading=\"lazy\" decoding=\"async\" width=\"600\" height=\"450\" src=\"https:\/\/www.cavallcartro.cat\/wp-content\/uploads\/2017\/12\/Bufa-la-bombolla-solid\u00e0ria-a-Malgrat-per-les-IDP.jpg\" class=\"attachment-full size-full\" alt=\"Bufa la bombolla solid\u00e0ria a Malgrat per les IDP\" srcset=\"https:\/\/www.cavallcartro.cat\/wp-content\/uploads\/2017\/12\/Bufa-la-bombolla-solid\u00e0ria-a-Malgrat-per-les-IDP.jpg 600w, https:\/\/www.cavallcartro.cat\/wp-content\/uploads\/2017\/12\/Bufa-la-bombolla-solid\u00e0ria-a-Malgrat-per-les-IDP-300x225.jpg 300w, https:\/\/www.cavallcartro.cat\/wp-content\/uploads\/2017\/12\/Bufa-la-bombolla-solid\u00e0ria-a-Malgrat-per-les-IDP-100x75.jpg 100w\" sizes=\"auto, (max-width: 600px) 100vw, 600px\" \/><\/a>\n\t\t\t<\/dt><\/dl><dl class='gallery-item'>\n\t\t\t<dt class='gallery-icon landscape'>\n\t\t\t\t<a title=\"Ti\u00f3 solidari amb la campanya Bufa la Bombolla\" class=\"kidsworld_popup_gallery\" href='https:\/\/www.cavallcartro.cat\/wp-content\/uploads\/2017\/12\/Ti\u00f3-solidari-amb-la-campanya-Bufa-la-Bombolla.jpg'><img loading=\"lazy\" decoding=\"async\" width=\"600\" height=\"450\" src=\"https:\/\/www.cavallcartro.cat\/wp-content\/uploads\/2017\/12\/Ti\u00f3-solidari-amb-la-campanya-Bufa-la-Bombolla.jpg\" class=\"attachment-full size-full\" alt=\"Ti\u00f3 solidari amb la campanya Bufa la Bombolla\" srcset=\"https:\/\/www.cavallcartro.cat\/wp-content\/uploads\/2017\/12\/Ti\u00f3-solidari-amb-la-campanya-Bufa-la-Bombolla.jpg 600w, https:\/\/www.cavallcartro.cat\/wp-content\/uploads\/2017\/12\/Ti\u00f3-solidari-amb-la-campanya-Bufa-la-Bombolla-300x225.jpg 300w, https:\/\/www.cavallcartro.cat\/wp-content\/uploads\/2017\/12\/Ti\u00f3-solidari-amb-la-campanya-Bufa-la-Bombolla-100x75.jpg 100w\" sizes=\"auto, (max-width: 600px) 100vw, 600px\" \/><\/a>\n\t\t\t<\/dt><\/dl><br style=\"clear: both\" \/>\n\t\t<\/div>\n\n<iframe loading=\"lazy\" style=\"overflow: hidden; width: 1200px; height: 258px;\" src=\"\/\/www.facebook.com\/plugins\/likebox.php?href=http%3A%2F%2Fwww.facebook.com%2F354052831640272&amp;width=1200&amp;height=258&amp;show_faces=true&amp;colorscheme=light&amp;stream=false&amp;border_color=%23FFF&amp;header=false\" width=\"1200\" height=\"240\" frameborder=\"0\" scrolling=\"no\"><\/iframe><\/p>\n","protected":false},"excerpt":{"rendered":"<p>Colaboramos con pompas de jab\u00f3n solidarias para investigar las inmunodeficiencias primarias (IDP). desde la escuela infantil Els Fesolets de Malgrat de Mar.<\/p>\n","protected":false},"author":1,"featured_media":3131,"comment_status":"closed","ping_status":"closed","sticky":false,"template":"","format":"standard","meta":{"footnotes":""},"categories":[88],"tags":[225,223,226,224],"class_list":["post-3173","post","type-post","status-publish","format-standard","has-post-thumbnail","hentry","category-proyectos","tag-malgrat-de-mar-es","tag-pompas-de-jabon-solidarias","tag-solidaridad","tag-sopla-la-pompa-de-jabon"],"yoast_head":"<!-- This site is optimized with the Yoast SEO plugin v27.5 - https:\/\/yoast.com\/product\/yoast-seo-wordpress\/ -->\n<title>Pompas de jab\u00f3n solidarias en Malgrat de Mar<\/title>\n<meta name=\"description\" content=\"Colaboramos con pompas de jab\u00f3n solidarias para investigar las inmunodeficiencias primarias (IDP). desde la escuela infantil Els Fesolets de Malgrat de Mar.\" \/>\n<meta name=\"robots\" content=\"index, follow, max-snippet:-1, max-image-preview:large, max-video-preview:-1\" \/>\n<link rel=\"canonical\" href=\"https:\/\/www.cavallcartro.cat\/es\/pompas-jabon-solidarias-malgrat-mar\" \/>\n<meta property=\"og:locale\" content=\"es_ES\" \/>\n<meta property=\"og:type\" content=\"article\" \/>\n<meta property=\"og:title\" content=\"Pompas de jab\u00f3n solidarias en Malgrat de Mar\" \/>\n<meta property=\"og:description\" content=\"Colaboramos con pompas de jab\u00f3n solidarias para investigar las inmunodeficiencias primarias (IDP). desde la escuela infantil Els Fesolets de Malgrat de Mar.\" \/>\n<meta property=\"og:url\" content=\"https:\/\/www.cavallcartro.cat\/es\/pompas-jabon-solidarias-malgrat-mar\" \/>\n<meta property=\"og:site_name\" content=\"Cavall de Cartr\u00f3 - Serveis Educatius\" \/>\n<meta property=\"article:publisher\" content=\"https:\/\/www.facebook.com\/cavallcartroedu\" \/>\n<meta property=\"article:published_time\" content=\"2017-12-27T15:55:52+00:00\" \/>\n<meta property=\"article:modified_time\" content=\"2018-01-18T16:11:01+00:00\" \/>\n<meta property=\"og:image\" content=\"https:\/\/www.cavallcartro.cat\/wp-content\/uploads\/2017\/12\/Ti\u00f3-solidari-a-les-escoles-bressol.jpg\" \/>\n\t<meta property=\"og:image:width\" content=\"1200\" \/>\n\t<meta property=\"og:image:height\" content=\"600\" \/>\n\t<meta property=\"og:image:type\" content=\"image\/jpeg\" \/>\n<meta name=\"author\" content=\"cgarcia\" \/>\n<meta name=\"twitter:card\" content=\"summary_large_image\" \/>\n<meta name=\"twitter:creator\" content=\"@cavallcartroedu\" \/>\n<meta name=\"twitter:site\" content=\"@cavallcartroedu\" \/>\n<meta name=\"twitter:label1\" content=\"Escrito por\" \/>\n\t<meta name=\"twitter:data1\" content=\"cgarcia\" \/>\n\t<meta name=\"twitter:label2\" content=\"Tiempo de lectura\" \/>\n\t<meta name=\"twitter:data2\" content=\"2 minutos\" \/>\n<script type=\"application\/ld+json\" class=\"yoast-schema-graph\">{\"@context\":\"https:\\\/\\\/schema.org\",\"@graph\":[{\"@type\":\"Article\",\"@id\":\"https:\\\/\\\/www.cavallcartro.cat\\\/es\\\/pompas-jabon-solidarias-malgrat-mar#article\",\"isPartOf\":{\"@id\":\"https:\\\/\\\/www.cavallcartro.cat\\\/es\\\/pompas-jabon-solidarias-malgrat-mar\"},\"author\":{\"name\":\"cgarcia\",\"@id\":\"https:\\\/\\\/www.cavallcartro.cat\\\/#\\\/schema\\\/person\\\/6747bc1660e32d545ab2b8e5927ea542\"},\"headline\":\"Pompas de jab\u00f3n solidarias en Malgrat de Mar\",\"datePublished\":\"2017-12-27T15:55:52+00:00\",\"dateModified\":\"2018-01-18T16:11:01+00:00\",\"mainEntityOfPage\":{\"@id\":\"https:\\\/\\\/www.cavallcartro.cat\\\/es\\\/pompas-jabon-solidarias-malgrat-mar\"},\"wordCount\":343,\"publisher\":{\"@id\":\"https:\\\/\\\/www.cavallcartro.cat\\\/#organization\"},\"image\":{\"@id\":\"https:\\\/\\\/www.cavallcartro.cat\\\/es\\\/pompas-jabon-solidarias-malgrat-mar#primaryimage\"},\"thumbnailUrl\":\"https:\\\/\\\/www.cavallcartro.cat\\\/wp-content\\\/uploads\\\/2017\\\/12\\\/Ti\u00f3-solidari-a-les-escoles-bressol.jpg\",\"keywords\":[\"Malgrat de Mar\",\"pompas de jab\u00f3n solidarias\",\"solidaridad\",\"sopla la pompa de jab\u00f3n\"],\"articleSection\":[\"Proyectos\"],\"inLanguage\":\"es\"},{\"@type\":\"WebPage\",\"@id\":\"https:\\\/\\\/www.cavallcartro.cat\\\/es\\\/pompas-jabon-solidarias-malgrat-mar\",\"url\":\"https:\\\/\\\/www.cavallcartro.cat\\\/es\\\/pompas-jabon-solidarias-malgrat-mar\",\"name\":\"Pompas de jab\u00f3n solidarias en Malgrat de Mar\",\"isPartOf\":{\"@id\":\"https:\\\/\\\/www.cavallcartro.cat\\\/#website\"},\"primaryImageOfPage\":{\"@id\":\"https:\\\/\\\/www.cavallcartro.cat\\\/es\\\/pompas-jabon-solidarias-malgrat-mar#primaryimage\"},\"image\":{\"@id\":\"https:\\\/\\\/www.cavallcartro.cat\\\/es\\\/pompas-jabon-solidarias-malgrat-mar#primaryimage\"},\"thumbnailUrl\":\"https:\\\/\\\/www.cavallcartro.cat\\\/wp-content\\\/uploads\\\/2017\\\/12\\\/Ti\u00f3-solidari-a-les-escoles-bressol.jpg\",\"datePublished\":\"2017-12-27T15:55:52+00:00\",\"dateModified\":\"2018-01-18T16:11:01+00:00\",\"description\":\"Colaboramos con pompas de jab\u00f3n solidarias para investigar las inmunodeficiencias primarias (IDP). desde la escuela infantil Els Fesolets de Malgrat de Mar.\",\"breadcrumb\":{\"@id\":\"https:\\\/\\\/www.cavallcartro.cat\\\/es\\\/pompas-jabon-solidarias-malgrat-mar#breadcrumb\"},\"inLanguage\":\"es\",\"potentialAction\":[{\"@type\":\"ReadAction\",\"target\":[\"https:\\\/\\\/www.cavallcartro.cat\\\/es\\\/pompas-jabon-solidarias-malgrat-mar\"]}]},{\"@type\":\"ImageObject\",\"inLanguage\":\"es\",\"@id\":\"https:\\\/\\\/www.cavallcartro.cat\\\/es\\\/pompas-jabon-solidarias-malgrat-mar#primaryimage\",\"url\":\"https:\\\/\\\/www.cavallcartro.cat\\\/wp-content\\\/uploads\\\/2017\\\/12\\\/Ti\u00f3-solidari-a-les-escoles-bressol.jpg\",\"contentUrl\":\"https:\\\/\\\/www.cavallcartro.cat\\\/wp-content\\\/uploads\\\/2017\\\/12\\\/Ti\u00f3-solidari-a-les-escoles-bressol.jpg\",\"width\":1200,\"height\":600,\"caption\":\"Ti\u00f3 solidari a les escoles bressol\"},{\"@type\":\"BreadcrumbList\",\"@id\":\"https:\\\/\\\/www.cavallcartro.cat\\\/es\\\/pompas-jabon-solidarias-malgrat-mar#breadcrumb\",\"itemListElement\":[{\"@type\":\"ListItem\",\"position\":1,\"name\":\"Portada\",\"item\":\"https:\\\/\\\/www.cavallcartro.cat\\\/es\"},{\"@type\":\"ListItem\",\"position\":2,\"name\":\"Pompas de jab\u00f3n solidarias en Malgrat de Mar\"}]},{\"@type\":\"WebSite\",\"@id\":\"https:\\\/\\\/www.cavallcartro.cat\\\/#website\",\"url\":\"https:\\\/\\\/www.cavallcartro.cat\\\/\",\"name\":\"Cavall de Cartr\u00f3\",\"description\":\"Gesti\u00f3 d&#039;escoles bressol i llars d&#039;infants municipals a Barcelona i tota Catalunya.\",\"publisher\":{\"@id\":\"https:\\\/\\\/www.cavallcartro.cat\\\/#organization\"},\"potentialAction\":[{\"@type\":\"SearchAction\",\"target\":{\"@type\":\"EntryPoint\",\"urlTemplate\":\"https:\\\/\\\/www.cavallcartro.cat\\\/?s={search_term_string}\"},\"query-input\":{\"@type\":\"PropertyValueSpecification\",\"valueRequired\":true,\"valueName\":\"search_term_string\"}}],\"inLanguage\":\"es\"},{\"@type\":\"Organization\",\"@id\":\"https:\\\/\\\/www.cavallcartro.cat\\\/#organization\",\"name\":\"Cavall de Cartr\u00f3\",\"url\":\"https:\\\/\\\/www.cavallcartro.cat\\\/\",\"logo\":{\"@type\":\"ImageObject\",\"inLanguage\":\"es\",\"@id\":\"https:\\\/\\\/www.cavallcartro.cat\\\/#\\\/schema\\\/logo\\\/image\\\/\",\"url\":\"https:\\\/\\\/www.cavallcartro.cat\\\/wp-content\\\/uploads\\\/2020\\\/07\\\/Logo-Cavall-de-Cartr\u00f3-gesti\u00f3-escoles-bressol-i-menjadors-escolars-e1596129492304.png\",\"contentUrl\":\"https:\\\/\\\/www.cavallcartro.cat\\\/wp-content\\\/uploads\\\/2020\\\/07\\\/Logo-Cavall-de-Cartr\u00f3-gesti\u00f3-escoles-bressol-i-menjadors-escolars-e1596129492304.png\",\"width\":528,\"height\":274,\"caption\":\"Cavall de Cartr\u00f3\"},\"image\":{\"@id\":\"https:\\\/\\\/www.cavallcartro.cat\\\/#\\\/schema\\\/logo\\\/image\\\/\"},\"sameAs\":[\"https:\\\/\\\/www.facebook.com\\\/cavallcartroedu\",\"https:\\\/\\\/x.com\\\/cavallcartroedu\",\"https:\\\/\\\/www.instagram.com\\\/cavallcartroedu\\\/\",\"https:\\\/\\\/www.youtube.com\\\/@CavalldeCartro\"]},{\"@type\":\"Person\",\"@id\":\"https:\\\/\\\/www.cavallcartro.cat\\\/#\\\/schema\\\/person\\\/6747bc1660e32d545ab2b8e5927ea542\",\"name\":\"cgarcia\",\"image\":{\"@type\":\"ImageObject\",\"inLanguage\":\"es\",\"@id\":\"https:\\\/\\\/secure.gravatar.com\\\/avatar\\\/469990a84f48a39e93ee0d8243415a74ba5692f608ea41afee8cae0e81f99f77?s=96&d=mm&r=g\",\"url\":\"https:\\\/\\\/secure.gravatar.com\\\/avatar\\\/469990a84f48a39e93ee0d8243415a74ba5692f608ea41afee8cae0e81f99f77?s=96&d=mm&r=g\",\"contentUrl\":\"https:\\\/\\\/secure.gravatar.com\\\/avatar\\\/469990a84f48a39e93ee0d8243415a74ba5692f608ea41afee8cae0e81f99f77?s=96&d=mm&r=g\",\"caption\":\"cgarcia\"},\"url\":\"https:\\\/\\\/www.cavallcartro.cat\\\/es\\\/author\\\/cgarcia\"}]}<\/script>\n<!-- \/ Yoast SEO plugin. -->","yoast_head_json":{"title":"Pompas de jab\u00f3n solidarias en Malgrat de Mar","description":"Colaboramos con pompas de jab\u00f3n solidarias para investigar las inmunodeficiencias primarias (IDP). desde la escuela infantil Els Fesolets de Malgrat de Mar.","robots":{"index":"index","follow":"follow","max-snippet":"max-snippet:-1","max-image-preview":"max-image-preview:large","max-video-preview":"max-video-preview:-1"},"canonical":"https:\/\/www.cavallcartro.cat\/es\/pompas-jabon-solidarias-malgrat-mar","og_locale":"es_ES","og_type":"article","og_title":"Pompas de jab\u00f3n solidarias en Malgrat de Mar","og_description":"Colaboramos con pompas de jab\u00f3n solidarias para investigar las inmunodeficiencias primarias (IDP). desde la escuela infantil Els Fesolets de Malgrat de Mar.","og_url":"https:\/\/www.cavallcartro.cat\/es\/pompas-jabon-solidarias-malgrat-mar","og_site_name":"Cavall de Cartr\u00f3 - Serveis Educatius","article_publisher":"https:\/\/www.facebook.com\/cavallcartroedu","article_published_time":"2017-12-27T15:55:52+00:00","article_modified_time":"2018-01-18T16:11:01+00:00","og_image":[{"width":1200,"height":600,"url":"https:\/\/www.cavallcartro.cat\/wp-content\/uploads\/2017\/12\/Ti\u00f3-solidari-a-les-escoles-bressol.jpg","type":"image\/jpeg"}],"author":"cgarcia","twitter_card":"summary_large_image","twitter_creator":"@cavallcartroedu","twitter_site":"@cavallcartroedu","twitter_misc":{"Escrito por":"cgarcia","Tiempo de lectura":"2 minutos"},"schema":{"@context":"https:\/\/schema.org","@graph":[{"@type":"Article","@id":"https:\/\/www.cavallcartro.cat\/es\/pompas-jabon-solidarias-malgrat-mar#article","isPartOf":{"@id":"https:\/\/www.cavallcartro.cat\/es\/pompas-jabon-solidarias-malgrat-mar"},"author":{"name":"cgarcia","@id":"https:\/\/www.cavallcartro.cat\/#\/schema\/person\/6747bc1660e32d545ab2b8e5927ea542"},"headline":"Pompas de jab\u00f3n solidarias en Malgrat de Mar","datePublished":"2017-12-27T15:55:52+00:00","dateModified":"2018-01-18T16:11:01+00:00","mainEntityOfPage":{"@id":"https:\/\/www.cavallcartro.cat\/es\/pompas-jabon-solidarias-malgrat-mar"},"wordCount":343,"publisher":{"@id":"https:\/\/www.cavallcartro.cat\/#organization"},"image":{"@id":"https:\/\/www.cavallcartro.cat\/es\/pompas-jabon-solidarias-malgrat-mar#primaryimage"},"thumbnailUrl":"https:\/\/www.cavallcartro.cat\/wp-content\/uploads\/2017\/12\/Ti\u00f3-solidari-a-les-escoles-bressol.jpg","keywords":["Malgrat de Mar","pompas de jab\u00f3n solidarias","solidaridad","sopla la pompa de jab\u00f3n"],"articleSection":["Proyectos"],"inLanguage":"es"},{"@type":"WebPage","@id":"https:\/\/www.cavallcartro.cat\/es\/pompas-jabon-solidarias-malgrat-mar","url":"https:\/\/www.cavallcartro.cat\/es\/pompas-jabon-solidarias-malgrat-mar","name":"Pompas de jab\u00f3n solidarias en Malgrat de Mar","isPartOf":{"@id":"https:\/\/www.cavallcartro.cat\/#website"},"primaryImageOfPage":{"@id":"https:\/\/www.cavallcartro.cat\/es\/pompas-jabon-solidarias-malgrat-mar#primaryimage"},"image":{"@id":"https:\/\/www.cavallcartro.cat\/es\/pompas-jabon-solidarias-malgrat-mar#primaryimage"},"thumbnailUrl":"https:\/\/www.cavallcartro.cat\/wp-content\/uploads\/2017\/12\/Ti\u00f3-solidari-a-les-escoles-bressol.jpg","datePublished":"2017-12-27T15:55:52+00:00","dateModified":"2018-01-18T16:11:01+00:00","description":"Colaboramos con pompas de jab\u00f3n solidarias para investigar las inmunodeficiencias primarias (IDP). desde la escuela infantil Els Fesolets de Malgrat de Mar.","breadcrumb":{"@id":"https:\/\/www.cavallcartro.cat\/es\/pompas-jabon-solidarias-malgrat-mar#breadcrumb"},"inLanguage":"es","potentialAction":[{"@type":"ReadAction","target":["https:\/\/www.cavallcartro.cat\/es\/pompas-jabon-solidarias-malgrat-mar"]}]},{"@type":"ImageObject","inLanguage":"es","@id":"https:\/\/www.cavallcartro.cat\/es\/pompas-jabon-solidarias-malgrat-mar#primaryimage","url":"https:\/\/www.cavallcartro.cat\/wp-content\/uploads\/2017\/12\/Ti\u00f3-solidari-a-les-escoles-bressol.jpg","contentUrl":"https:\/\/www.cavallcartro.cat\/wp-content\/uploads\/2017\/12\/Ti\u00f3-solidari-a-les-escoles-bressol.jpg","width":1200,"height":600,"caption":"Ti\u00f3 solidari a les escoles bressol"},{"@type":"BreadcrumbList","@id":"https:\/\/www.cavallcartro.cat\/es\/pompas-jabon-solidarias-malgrat-mar#breadcrumb","itemListElement":[{"@type":"ListItem","position":1,"name":"Portada","item":"https:\/\/www.cavallcartro.cat\/es"},{"@type":"ListItem","position":2,"name":"Pompas de jab\u00f3n solidarias en Malgrat de Mar"}]},{"@type":"WebSite","@id":"https:\/\/www.cavallcartro.cat\/#website","url":"https:\/\/www.cavallcartro.cat\/","name":"Cavall de Cartr\u00f3","description":"Gesti\u00f3 d&#039;escoles bressol i llars d&#039;infants municipals a Barcelona i tota Catalunya.","publisher":{"@id":"https:\/\/www.cavallcartro.cat\/#organization"},"potentialAction":[{"@type":"SearchAction","target":{"@type":"EntryPoint","urlTemplate":"https:\/\/www.cavallcartro.cat\/?s={search_term_string}"},"query-input":{"@type":"PropertyValueSpecification","valueRequired":true,"valueName":"search_term_string"}}],"inLanguage":"es"},{"@type":"Organization","@id":"https:\/\/www.cavallcartro.cat\/#organization","name":"Cavall de Cartr\u00f3","url":"https:\/\/www.cavallcartro.cat\/","logo":{"@type":"ImageObject","inLanguage":"es","@id":"https:\/\/www.cavallcartro.cat\/#\/schema\/logo\/image\/","url":"https:\/\/www.cavallcartro.cat\/wp-content\/uploads\/2020\/07\/Logo-Cavall-de-Cartr\u00f3-gesti\u00f3-escoles-bressol-i-menjadors-escolars-e1596129492304.png","contentUrl":"https:\/\/www.cavallcartro.cat\/wp-content\/uploads\/2020\/07\/Logo-Cavall-de-Cartr\u00f3-gesti\u00f3-escoles-bressol-i-menjadors-escolars-e1596129492304.png","width":528,"height":274,"caption":"Cavall de Cartr\u00f3"},"image":{"@id":"https:\/\/www.cavallcartro.cat\/#\/schema\/logo\/image\/"},"sameAs":["https:\/\/www.facebook.com\/cavallcartroedu","https:\/\/x.com\/cavallcartroedu","https:\/\/www.instagram.com\/cavallcartroedu\/","https:\/\/www.youtube.com\/@CavalldeCartro"]},{"@type":"Person","@id":"https:\/\/www.cavallcartro.cat\/#\/schema\/person\/6747bc1660e32d545ab2b8e5927ea542","name":"cgarcia","image":{"@type":"ImageObject","inLanguage":"es","@id":"https:\/\/secure.gravatar.com\/avatar\/469990a84f48a39e93ee0d8243415a74ba5692f608ea41afee8cae0e81f99f77?s=96&d=mm&r=g","url":"https:\/\/secure.gravatar.com\/avatar\/469990a84f48a39e93ee0d8243415a74ba5692f608ea41afee8cae0e81f99f77?s=96&d=mm&r=g","contentUrl":"https:\/\/secure.gravatar.com\/avatar\/469990a84f48a39e93ee0d8243415a74ba5692f608ea41afee8cae0e81f99f77?s=96&d=mm&r=g","caption":"cgarcia"},"url":"https:\/\/www.cavallcartro.cat\/es\/author\/cgarcia"}]}},"_links":{"self":[{"href":"https:\/\/www.cavallcartro.cat\/es\/wp-json\/wp\/v2\/posts\/3173","targetHints":{"allow":["GET"]}}],"collection":[{"href":"https:\/\/www.cavallcartro.cat\/es\/wp-json\/wp\/v2\/posts"}],"about":[{"href":"https:\/\/www.cavallcartro.cat\/es\/wp-json\/wp\/v2\/types\/post"}],"author":[{"embeddable":true,"href":"https:\/\/www.cavallcartro.cat\/es\/wp-json\/wp\/v2\/users\/1"}],"replies":[{"embeddable":true,"href":"https:\/\/www.cavallcartro.cat\/es\/wp-json\/wp\/v2\/comments?post=3173"}],"version-history":[{"count":5,"href":"https:\/\/www.cavallcartro.cat\/es\/wp-json\/wp\/v2\/posts\/3173\/revisions"}],"predecessor-version":[{"id":3178,"href":"https:\/\/www.cavallcartro.cat\/es\/wp-json\/wp\/v2\/posts\/3173\/revisions\/3178"}],"wp:featuredmedia":[{"embeddable":true,"href":"https:\/\/www.cavallcartro.cat\/es\/wp-json\/wp\/v2\/media\/3131"}],"wp:attachment":[{"href":"https:\/\/www.cavallcartro.cat\/es\/wp-json\/wp\/v2\/media?parent=3173"}],"wp:term":[{"taxonomy":"category","embeddable":true,"href":"https:\/\/www.cavallcartro.cat\/es\/wp-json\/wp\/v2\/categories?post=3173"},{"taxonomy":"post_tag","embeddable":true,"href":"https:\/\/www.cavallcartro.cat\/es\/wp-json\/wp\/v2\/tags?post=3173"}],"curies":[{"name":"wp","href":"https:\/\/api.w.org\/{rel}","templated":true}]}}